{"id":15257,"date":"2023-07-27T13:49:52","date_gmt":"2023-07-27T13:49:52","guid":{"rendered":"https:\/\/dosterraswinegarden.com\/?p=15257"},"modified":"2024-03-21T15:42:18","modified_gmt":"2024-03-21T15:42:18","slug":"boda-nuria-edu","status":"publish","type":"post","link":"https:\/\/dosterraswinegarden.com\/es\/news\/boda-nuria-edu\/","title":{"rendered":"BODA N\u00daRIA &amp; EDU"},"content":{"rendered":"\t\t<div data-elementor-type=\"wp-post\" data-elementor-id=\"15257\" class=\"elementor elementor-15257 elementor-15255\">\n\t\t\t\t\t\t<section class=\"elementor-section elementor-top-section elementor-element elementor-element-68c34bf3 elementor-section-boxed elementor-section-height-default elementor-section-height-default qodef-elementor-content-no\" data-id=\"68c34bf3\" data-element_type=\"section\" data-e-type=\"section\">\n\t\t\t\t\t\t<div class=\"elementor-container elementor-column-gap-default\">\n\t\t\t\t\t<div class=\"elementor-column elementor-col-100 elementor-top-column elementor-element elementor-element-10b31ada\" data-id=\"10b31ada\" data-element_type=\"column\" data-e-type=\"column\">\n\t\t\t<div class=\"elementor-widget-wrap elementor-element-populated\">\n\t\t\t\t\t\t<div class=\"elementor-element elementor-element-d60505f elementor-widget elementor-widget-text-editor\" data-id=\"d60505f\" data-element_type=\"widget\" data-e-type=\"widget\" data-widget_type=\"text-editor.default\">\n\t\t\t\t<div class=\"elementor-widget-container\">\n\t\t\t\t\t\t\t\t\t<p>En un c\u00e1lido 15 de julio, N\u00faria y Edu celebraron su uni\u00f3n en un evento extraordinario en nuestro Wine Garden. Ese d\u00eda, cargado de amor y felicidad, se convirti\u00f3 con una experiencia inolvidable: ellos se casaron rodeados de la gente que aman y nosotros nos estrenamos con nuestra primera boda.<\/p>\n\t\t\t\t\t\t\t\t<\/div>\n\t\t\t\t<\/div>\n\t\t\t\t\t<\/div>\n\t\t<\/div>\n\t\t\t\t\t<\/div>\n\t\t<\/section>\n\t\t\t\t<section class=\"elementor-section elementor-top-section elementor-element elementor-element-0a57ec0 elementor-section-boxed elementor-section-height-default elementor-section-height-default qodef-elementor-content-no\" data-id=\"0a57ec0\" data-element_type=\"section\" data-e-type=\"section\">\n\t\t\t\t\t\t<div class=\"elementor-container elementor-column-gap-default\">\n\t\t\t\t\t<div class=\"elementor-column elementor-col-100 elementor-top-column elementor-element elementor-element-25a39d8\" data-id=\"25a39d8\" data-element_type=\"column\" data-e-type=\"column\">\n\t\t\t<div class=\"elementor-widget-wrap elementor-element-populated\">\n\t\t\t\t\t\t<div class=\"elementor-element elementor-element-d4d7c15 elementor-widget elementor-widget-image\" data-id=\"d4d7c15\" data-element_type=\"widget\" data-e-type=\"widget\" data-widget_type=\"image.default\">\n\t\t\t\t<div class=\"elementor-widget-container\">\n\t\t\t\t\t\t\t\t\t\t\t\t\t\t\t<img fetchpriority=\"high\" decoding=\"async\" width=\"1024\" height=\"684\" src=\"https:\/\/dosterraswinegarden.com\/wp-content\/uploads\/2023\/08\/\u00a9EstudiTardet_DWG26-1024x684.jpg\" class=\"attachment-large size-large wp-image-14424\" alt=\"\" srcset=\"https:\/\/dosterraswinegarden.com\/wp-content\/uploads\/2023\/08\/\u00a9EstudiTardet_DWG26-1024x684.jpg 1024w, https:\/\/dosterraswinegarden.com\/wp-content\/uploads\/2023\/08\/\u00a9EstudiTardet_DWG26-300x200.jpg 300w, https:\/\/dosterraswinegarden.com\/wp-content\/uploads\/2023\/08\/\u00a9EstudiTardet_DWG26-768x513.jpg 768w, https:\/\/dosterraswinegarden.com\/wp-content\/uploads\/2023\/08\/\u00a9EstudiTardet_DWG26-1536x1025.jpg 1536w, https:\/\/dosterraswinegarden.com\/wp-content\/uploads\/2023\/08\/\u00a9EstudiTardet_DWG26-2048x1367.jpg 2048w\" sizes=\"(max-width: 1024px) 100vw, 1024px\" \/>\t\t\t\t\t\t\t\t\t\t\t\t\t\t\t<\/div>\n\t\t\t\t<\/div>\n\t\t\t\t\t<\/div>\n\t\t<\/div>\n\t\t\t\t\t<\/div>\n\t\t<\/section>\n\t\t\t\t<section class=\"elementor-section elementor-top-section elementor-element elementor-element-c23bf77 elementor-section-boxed elementor-section-height-default elementor-section-height-default qodef-elementor-content-no\" data-id=\"c23bf77\" data-element_type=\"section\" data-e-type=\"section\">\n\t\t\t\t\t\t<div class=\"elementor-container elementor-column-gap-default\">\n\t\t\t\t\t<div class=\"elementor-column elementor-col-100 elementor-top-column elementor-element elementor-element-f1f0204\" data-id=\"f1f0204\" data-element_type=\"column\" data-e-type=\"column\">\n\t\t\t<div class=\"elementor-widget-wrap elementor-element-populated\">\n\t\t\t\t\t\t<div class=\"elementor-element elementor-element-d44d04a elementor-widget elementor-widget-text-editor\" data-id=\"d44d04a\" data-element_type=\"widget\" data-e-type=\"widget\" data-widget_type=\"text-editor.default\">\n\t\t\t\t<div class=\"elementor-widget-container\">\n\t\t\t\t\t\t\t\t\t<p>La ceremonia tuvo lugar junto a la piscina, con la majestuosa monta\u00f1a de La Mola como fondo, creando un entorno verdaderamente id\u00edlico para el intercambio de votos. La brisa suave y el sol de la tarde crearon una atm\u00f3sfera m\u00e1gica que envolvi\u00f3 a los novios y todos los presentes.<\/p>\n<p><\/p>\t\t\t\t\t\t\t\t<\/div>\n\t\t\t\t<\/div>\n\t\t\t\t\t<\/div>\n\t\t<\/div>\n\t\t\t\t\t<\/div>\n\t\t<\/section>\n\t\t\t\t<section class=\"elementor-section elementor-top-section elementor-element elementor-element-eb9a712 elementor-section-boxed elementor-section-height-default elementor-section-height-default qodef-elementor-content-no\" data-id=\"eb9a712\" data-element_type=\"section\" data-e-type=\"section\">\n\t\t\t\t\t\t<div class=\"elementor-container elementor-column-gap-default\">\n\t\t\t\t\t<div class=\"elementor-column elementor-col-50 elementor-top-column elementor-element elementor-element-ba83215\" data-id=\"ba83215\" data-element_type=\"column\" data-e-type=\"column\">\n\t\t\t<div class=\"elementor-widget-wrap elementor-element-populated\">\n\t\t\t\t\t\t<div class=\"elementor-element elementor-element-09d4961 elementor-widget elementor-widget-image\" data-id=\"09d4961\" data-element_type=\"widget\" data-e-type=\"widget\" data-widget_type=\"image.default\">\n\t\t\t\t<div class=\"elementor-widget-container\">\n\t\t\t\t\t\t\t\t\t\t\t\t\t\t\t<img decoding=\"async\" width=\"1024\" height=\"683\" src=\"https:\/\/dosterraswinegarden.com\/wp-content\/uploads\/2023\/10\/nye_ceremonia-118-1024x683.jpg\" class=\"attachment-large size-large wp-image-15286\" alt=\"\" srcset=\"https:\/\/dosterraswinegarden.com\/wp-content\/uploads\/2023\/10\/nye_ceremonia-118-1024x683.jpg 1024w, https:\/\/dosterraswinegarden.com\/wp-content\/uploads\/2023\/10\/nye_ceremonia-118-300x200.jpg 300w, https:\/\/dosterraswinegarden.com\/wp-content\/uploads\/2023\/10\/nye_ceremonia-118-768x512.jpg 768w, https:\/\/dosterraswinegarden.com\/wp-content\/uploads\/2023\/10\/nye_ceremonia-118-1536x1024.jpg 1536w, https:\/\/dosterraswinegarden.com\/wp-content\/uploads\/2023\/10\/nye_ceremonia-118-2048x1365.jpg 2048w\" sizes=\"(max-width: 1024px) 100vw, 1024px\" \/>\t\t\t\t\t\t\t\t\t\t\t\t\t\t\t<\/div>\n\t\t\t\t<\/div>\n\t\t\t\t\t<\/div>\n\t\t<\/div>\n\t\t\t\t<div class=\"elementor-column elementor-col-50 elementor-top-column elementor-element elementor-element-3266626\" data-id=\"3266626\" data-element_type=\"column\" data-e-type=\"column\">\n\t\t\t<div class=\"elementor-widget-wrap elementor-element-populated\">\n\t\t\t\t\t\t<div class=\"elementor-element elementor-element-ba952b8 elementor-widget elementor-widget-image\" data-id=\"ba952b8\" data-element_type=\"widget\" data-e-type=\"widget\" data-widget_type=\"image.default\">\n\t\t\t\t<div class=\"elementor-widget-container\">\n\t\t\t\t\t\t\t\t\t\t\t\t\t\t\t<img decoding=\"async\" width=\"1024\" height=\"683\" src=\"https:\/\/dosterraswinegarden.com\/wp-content\/uploads\/2023\/10\/nye_ceremonia-167-1024x683.jpg\" class=\"attachment-large size-large wp-image-15289\" alt=\"\" srcset=\"https:\/\/dosterraswinegarden.com\/wp-content\/uploads\/2023\/10\/nye_ceremonia-167-1024x683.jpg 1024w, https:\/\/dosterraswinegarden.com\/wp-content\/uploads\/2023\/10\/nye_ceremonia-167-300x200.jpg 300w, https:\/\/dosterraswinegarden.com\/wp-content\/uploads\/2023\/10\/nye_ceremonia-167-768x512.jpg 768w, https:\/\/dosterraswinegarden.com\/wp-content\/uploads\/2023\/10\/nye_ceremonia-167-1536x1024.jpg 1536w, https:\/\/dosterraswinegarden.com\/wp-content\/uploads\/2023\/10\/nye_ceremonia-167-2048x1365.jpg 2048w\" sizes=\"(max-width: 1024px) 100vw, 1024px\" \/>\t\t\t\t\t\t\t\t\t\t\t\t\t\t\t<\/div>\n\t\t\t\t<\/div>\n\t\t\t\t\t<\/div>\n\t\t<\/div>\n\t\t\t\t\t<\/div>\n\t\t<\/section>\n\t\t\t\t<section class=\"elementor-section elementor-top-section elementor-element elementor-element-f18818e elementor-section-boxed elementor-section-height-default elementor-section-height-default qodef-elementor-content-no\" data-id=\"f18818e\" data-element_type=\"section\" data-e-type=\"section\">\n\t\t\t\t\t\t<div class=\"elementor-container elementor-column-gap-default\">\n\t\t\t\t\t<div class=\"elementor-column elementor-col-100 elementor-top-column elementor-element elementor-element-2ba3785\" data-id=\"2ba3785\" data-element_type=\"column\" data-e-type=\"column\">\n\t\t\t<div class=\"elementor-widget-wrap elementor-element-populated\">\n\t\t\t\t\t\t<div class=\"elementor-element elementor-element-671c6ad elementor-widget elementor-widget-text-editor\" data-id=\"671c6ad\" data-element_type=\"widget\" data-e-type=\"widget\" data-widget_type=\"text-editor.default\">\n\t\t\t\t<div class=\"elementor-widget-container\">\n\t\t\t\t\t\t\t\t\t<p>La recepci\u00f3n y el banquete se llevaron a cabo al aire libre, con mesas y sillas dispuestas de forma elegante y sencilla. El servicio de catering corri\u00f3 a cargo de los expertos de Cal Blay, que deleitaron a los invitados con una selecci\u00f3n de deliciosos platos.<\/p>\n\t\t\t\t\t\t\t\t<\/div>\n\t\t\t\t<\/div>\n\t\t\t\t\t<\/div>\n\t\t<\/div>\n\t\t\t\t\t<\/div>\n\t\t<\/section>\n\t\t\t\t<section class=\"elementor-section elementor-top-section elementor-element elementor-element-e0adee5 elementor-section-boxed elementor-section-height-default elementor-section-height-default qodef-elementor-content-no\" data-id=\"e0adee5\" data-element_type=\"section\" data-e-type=\"section\">\n\t\t\t\t\t\t<div class=\"elementor-container elementor-column-gap-default\">\n\t\t\t\t\t<div class=\"elementor-column elementor-col-100 elementor-top-column elementor-element elementor-element-f75f04d\" data-id=\"f75f04d\" data-element_type=\"column\" data-e-type=\"column\">\n\t\t\t<div class=\"elementor-widget-wrap elementor-element-populated\">\n\t\t\t\t\t\t<div class=\"elementor-element elementor-element-cc134ce elementor-arrows-position-inside elementor-pagination-position-outside elementor-widget elementor-widget-image-carousel\" data-id=\"cc134ce\" data-element_type=\"widget\" data-e-type=\"widget\" data-settings=\"{&quot;slides_to_show&quot;:&quot;1&quot;,&quot;navigation&quot;:&quot;both&quot;,&quot;autoplay&quot;:&quot;yes&quot;,&quot;pause_on_hover&quot;:&quot;yes&quot;,&quot;pause_on_interaction&quot;:&quot;yes&quot;,&quot;autoplay_speed&quot;:5000,&quot;infinite&quot;:&quot;yes&quot;,&quot;effect&quot;:&quot;slide&quot;,&quot;speed&quot;:500}\" data-widget_type=\"image-carousel.default\">\n\t\t\t\t<div class=\"elementor-widget-container\">\n\t\t\t\t\t\t\t<div class=\"elementor-image-carousel-wrapper swiper\" role=\"region\" aria-roledescription=\"carousel\" aria-label=\"Carrusel de im\u00e1genes\" dir=\"ltr\">\n\t\t\t<div class=\"elementor-image-carousel swiper-wrapper\" aria-live=\"off\">\n\t\t\t\t\t\t\t\t<div class=\"swiper-slide\" role=\"group\" aria-roledescription=\"slide\" aria-label=\"1 de 5\"><figure class=\"swiper-slide-inner\"><img decoding=\"async\" class=\"swiper-slide-image\" src=\"https:\/\/dosterraswinegarden.com\/wp-content\/uploads\/2023\/10\/nye_coctel-10-scaled.jpg\" alt=\"Taula\" \/><figcaption class=\"elementor-image-carousel-caption\">Taula<\/figcaption><\/figure><\/div><div class=\"swiper-slide\" role=\"group\" aria-roledescription=\"slide\" aria-label=\"2 de 5\"><figure class=\"swiper-slide-inner\"><img decoding=\"async\" class=\"swiper-slide-image\" src=\"https:\/\/dosterraswinegarden.com\/wp-content\/uploads\/2023\/08\/\u00a9EstudiTardet_DWG49-scaled.jpg\" alt=\"Espai de catering\" \/><figcaption class=\"elementor-image-carousel-caption\">Espai de catering<\/figcaption><\/figure><\/div><div class=\"swiper-slide\" role=\"group\" aria-roledescription=\"slide\" aria-label=\"3 de 5\"><figure class=\"swiper-slide-inner\"><img decoding=\"async\" class=\"swiper-slide-image\" src=\"https:\/\/dosterraswinegarden.com\/wp-content\/uploads\/2023\/08\/\u00a9EstudiTardet_DWG37-1-scaled.jpg\" alt=\"Catering\" \/><figcaption class=\"elementor-image-carousel-caption\">Catering<\/figcaption><\/figure><\/div><div class=\"swiper-slide\" role=\"group\" aria-roledescription=\"slide\" aria-label=\"4 de 5\"><figure class=\"swiper-slide-inner\"><img decoding=\"async\" class=\"swiper-slide-image\" src=\"https:\/\/dosterraswinegarden.com\/wp-content\/uploads\/2023\/10\/nye_coctel-144-scaled.jpg\" alt=\"C\u00f3ctel\" \/><figcaption class=\"elementor-image-carousel-caption\">C\u00f3ctel<\/figcaption><\/figure><\/div><div class=\"swiper-slide\" role=\"group\" aria-roledescription=\"slide\" aria-label=\"5 de 5\"><figure class=\"swiper-slide-inner\"><img decoding=\"async\" class=\"swiper-slide-image\" src=\"https:\/\/dosterraswinegarden.com\/wp-content\/uploads\/2023\/08\/\u00a9EstudiTardet_DWG90-scaled-1.jpg\" alt=\"\u00a9EstudiTardet_DWG90-scaled.jpg\" \/><\/figure><\/div>\t\t\t<\/div>\n\t\t\t\t\t\t\t\t\t\t\t\t<div class=\"elementor-swiper-button elementor-swiper-button-prev\" role=\"button\" tabindex=\"0\">\n\t\t\t\t\t\t<i aria-hidden=\"true\" class=\"eicon-chevron-left\"><\/i>\t\t\t\t\t<\/div>\n\t\t\t\t\t<div class=\"elementor-swiper-button elementor-swiper-button-next\" role=\"button\" tabindex=\"0\">\n\t\t\t\t\t\t<i aria-hidden=\"true\" class=\"eicon-chevron-right\"><\/i>\t\t\t\t\t<\/div>\n\t\t\t\t\n\t\t\t\t\t\t\t\t\t<div class=\"swiper-pagination\"><\/div>\n\t\t\t\t\t\t\t\t\t<\/div>\n\t\t\t\t\t\t<\/div>\n\t\t\t\t<\/div>\n\t\t\t\t\t<\/div>\n\t\t<\/div>\n\t\t\t\t\t<\/div>\n\t\t<\/section>\n\t\t\t\t<section class=\"elementor-section elementor-top-section elementor-element elementor-element-9302407 elementor-section-boxed elementor-section-height-default elementor-section-height-default qodef-elementor-content-no\" data-id=\"9302407\" data-element_type=\"section\" data-e-type=\"section\">\n\t\t\t\t\t\t<div class=\"elementor-container elementor-column-gap-default\">\n\t\t\t\t\t<div class=\"elementor-column elementor-col-100 elementor-top-column elementor-element elementor-element-078d6c9\" data-id=\"078d6c9\" data-element_type=\"column\" data-e-type=\"column\">\n\t\t\t<div class=\"elementor-widget-wrap elementor-element-populated\">\n\t\t\t\t\t\t<div class=\"elementor-element elementor-element-8ef319c elementor-widget elementor-widget-text-editor\" data-id=\"8ef319c\" data-element_type=\"widget\" data-e-type=\"widget\" data-widget_type=\"text-editor.default\">\n\t\t\t\t<div class=\"elementor-widget-container\">\n\t\t\t\t\t\t\t\t\t<p>Y, por supuesto, \u00bfqu\u00e9 ser\u00eda de una boda sin una fiesta inolvidable? Los invitados se trasladaron a Fusta i Foc, donde la celebraci\u00f3n continu\u00f3 hasta altas horas de la madrugada. La pista de baile estuvo llena de risas, bailes y momentos especiales que los novios y sus seres queridos atesorar\u00e1n para siempre. <span style=\"color: var( --e-global-color-text ); font-family: var( --e-global-typography-text-font-family ), Sans-serif; font-weight: var( --e-global-typography-text-font-weight ); background-color: #ffffff;\"><span style=\"color: var( --e-global-color-text ); font-family: var( --e-global-typography-text-font-family ), Sans-serif; font-weight: var( --e-global-typography-text-font-weight );\">Felicitamos a la feliz pareja y estamos encantados de haber sido parte de esta ocasi\u00f3n tan especial en sus vidas. <\/span><\/span><\/p><\/p>\n\t\t\t\t\t\t\t\t<\/div>\n\t\t\t\t<\/div>\n\t\t\t\t\t<\/div>\n\t\t<\/div>\n\t\t\t\t\t<\/div>\n\t\t<\/section>\n\t\t\t\t<section class=\"elementor-section elementor-top-section elementor-element elementor-element-3ead4a7 elementor-section-boxed elementor-section-height-default elementor-section-height-default qodef-elementor-content-no\" data-id=\"3ead4a7\" data-element_type=\"section\" data-e-type=\"section\">\n\t\t\t\t\t\t<div class=\"elementor-container elementor-column-gap-default\">\n\t\t\t\t\t<div class=\"elementor-column elementor-col-50 elementor-top-column elementor-element elementor-element-d81b662\" data-id=\"d81b662\" data-element_type=\"column\" data-e-type=\"column\">\n\t\t\t<div class=\"elementor-widget-wrap elementor-element-populated\">\n\t\t\t\t\t\t<div class=\"elementor-element elementor-element-deef941 elementor-widget elementor-widget-image\" data-id=\"deef941\" data-element_type=\"widget\" data-e-type=\"widget\" data-widget_type=\"image.default\">\n\t\t\t\t<div class=\"elementor-widget-container\">\n\t\t\t\t\t\t\t\t\t\t\t\t\t\t\t<img loading=\"lazy\" decoding=\"async\" width=\"1024\" height=\"683\" src=\"https:\/\/dosterraswinegarden.com\/wp-content\/uploads\/2023\/10\/nye_fiesta-93-1024x683.jpg\" class=\"attachment-large size-large wp-image-15280\" alt=\"\" srcset=\"https:\/\/dosterraswinegarden.com\/wp-content\/uploads\/2023\/10\/nye_fiesta-93-1024x683.jpg 1024w, https:\/\/dosterraswinegarden.com\/wp-content\/uploads\/2023\/10\/nye_fiesta-93-300x200.jpg 300w, https:\/\/dosterraswinegarden.com\/wp-content\/uploads\/2023\/10\/nye_fiesta-93-768x512.jpg 768w, https:\/\/dosterraswinegarden.com\/wp-content\/uploads\/2023\/10\/nye_fiesta-93-1536x1024.jpg 1536w, https:\/\/dosterraswinegarden.com\/wp-content\/uploads\/2023\/10\/nye_fiesta-93-2048x1365.jpg 2048w\" sizes=\"(max-width: 1024px) 100vw, 1024px\" \/>\t\t\t\t\t\t\t\t\t\t\t\t\t\t\t<\/div>\n\t\t\t\t<\/div>\n\t\t\t\t\t<\/div>\n\t\t<\/div>\n\t\t\t\t<div class=\"elementor-column elementor-col-50 elementor-top-column elementor-element elementor-element-40bd825\" data-id=\"40bd825\" data-element_type=\"column\" data-e-type=\"column\">\n\t\t\t<div class=\"elementor-widget-wrap elementor-element-populated\">\n\t\t\t\t\t\t<div class=\"elementor-element elementor-element-e65e0fa elementor-widget elementor-widget-image\" data-id=\"e65e0fa\" data-element_type=\"widget\" data-e-type=\"widget\" data-widget_type=\"image.default\">\n\t\t\t\t<div class=\"elementor-widget-container\">\n\t\t\t\t\t\t\t\t\t\t\t\t\t\t\t<img loading=\"lazy\" decoding=\"async\" width=\"1024\" height=\"683\" src=\"https:\/\/dosterraswinegarden.com\/wp-content\/uploads\/2023\/10\/nye_fiesta-1-1024x683.jpg\" class=\"attachment-large size-large wp-image-15283\" alt=\"\" srcset=\"https:\/\/dosterraswinegarden.com\/wp-content\/uploads\/2023\/10\/nye_fiesta-1-1024x683.jpg 1024w, https:\/\/dosterraswinegarden.com\/wp-content\/uploads\/2023\/10\/nye_fiesta-1-300x200.jpg 300w, https:\/\/dosterraswinegarden.com\/wp-content\/uploads\/2023\/10\/nye_fiesta-1-768x512.jpg 768w, https:\/\/dosterraswinegarden.com\/wp-content\/uploads\/2023\/10\/nye_fiesta-1-1536x1024.jpg 1536w, https:\/\/dosterraswinegarden.com\/wp-content\/uploads\/2023\/10\/nye_fiesta-1-2048x1365.jpg 2048w\" sizes=\"(max-width: 1024px) 100vw, 1024px\" \/>\t\t\t\t\t\t\t\t\t\t\t\t\t\t\t<\/div>\n\t\t\t\t<\/div>\n\t\t\t\t\t<\/div>\n\t\t<\/div>\n\t\t\t\t\t<\/div>\n\t\t<\/section>\n\t\t\t\t<section class=\"elementor-section elementor-top-section elementor-element elementor-element-a7c8640 elementor-section-boxed elementor-section-height-default elementor-section-height-default qodef-elementor-content-no\" data-id=\"a7c8640\" data-element_type=\"section\" data-e-type=\"section\">\n\t\t\t\t\t\t<div class=\"elementor-container elementor-column-gap-default\">\n\t\t\t\t\t<div class=\"elementor-column elementor-col-100 elementor-top-column elementor-element elementor-element-e48fb2e\" data-id=\"e48fb2e\" data-element_type=\"column\" data-e-type=\"column\">\n\t\t\t<div class=\"elementor-widget-wrap elementor-element-populated\">\n\t\t\t\t\t\t<div class=\"elementor-element elementor-element-880eda2 elementor-widget elementor-widget-text-editor\" data-id=\"880eda2\" data-element_type=\"widget\" data-e-type=\"widget\" data-widget_type=\"text-editor.default\">\n\t\t\t\t<div class=\"elementor-widget-container\">\n\t\t\t\t\t\t\t\t\t<p><em style=\"color: var( --e-global-color-text ); font-family: var( --e-global-typography-text-font-family ), Sans-serif; font-weight: var( --e-global-typography-text-font-weight );\"><b>Si est\u00e1s planeando tu propia boda: cont\u00e1ctanos para obtener m\u00e1s informaci\u00f3n y hacer que tu boda sea tan m\u00e1gica como la de N\u00faria y Edu!<\/b><\/em><\/p>\n\t\t\t\t\t\t\t\t<\/div>\n\t\t\t\t<\/div>\n\t\t\t\t\t<\/div>\n\t\t<\/div>\n\t\t\t\t\t<\/div>\n\t\t<\/section>\n\t\t\t\t<\/div>\n\t\t","protected":false},"excerpt":{"rendered":"<p>En un c\u00e1lido 15 de julio, N\u00faria y Edu celebraron su uni\u00f3n en un evento extraordinario en nuestro Wine Garden. Ese d\u00eda, cargado de amor y felicidad, se convirti\u00f3 con [&hellip;]<\/p>\n","protected":false},"author":3,"featured_media":15289,"comment_status":"closed","ping_status":"closed","sticky":false,"template":"","format":"standard","meta":{"_themeisle_gutenberg_block_has_review":false,"_joinchat":[],"footnotes":""},"categories":[136,127],"tags":[],"class_list":["post-15257","post","type-post","status-publish","format-standard","has-post-thumbnail","hentry","category-bodas","category-novios"],"yoast_head":"<!-- This site is optimized with the Yoast SEO plugin v27.5 - https:\/\/yoast.com\/product\/yoast-seo-wordpress\/ -->\n<title>BODA N\u00daRIA &amp; EDU - Dosterras Wine Garden<\/title>\n<meta name=\"robots\" content=\"index, follow, max-snippet:-1, max-image-preview:large, max-video-preview:-1\" \/>\n<link rel=\"canonical\" href=\"https:\/\/dosterraswinegarden.com\/es\/news\/boda-nuria-edu\/\" \/>\n<meta property=\"og:locale\" content=\"es_ES\" \/>\n<meta property=\"og:type\" content=\"article\" \/>\n<meta property=\"og:title\" content=\"BODA N\u00daRIA &amp; EDU - Dosterras Wine Garden\" \/>\n<meta property=\"og:description\" content=\"En un c\u00e1lido 15 de julio, N\u00faria y Edu celebraron su uni\u00f3n en un evento extraordinario en nuestro Wine Garden. Ese d\u00eda, cargado de amor y felicidad, se convirti\u00f3 con [&hellip;]\" \/>\n<meta property=\"og:url\" content=\"https:\/\/dosterraswinegarden.com\/es\/news\/boda-nuria-edu\/\" \/>\n<meta property=\"og:site_name\" content=\"Dosterras Wine Garden\" \/>\n<meta property=\"article:published_time\" content=\"2023-07-27T13:49:52+00:00\" \/>\n<meta property=\"article:modified_time\" content=\"2024-03-21T15:42:18+00:00\" \/>\n<meta property=\"og:image\" content=\"https:\/\/dosterraswinegarden.com\/wp-content\/uploads\/2023\/10\/nye_ceremonia-167-scaled.jpg\" \/>\n\t<meta property=\"og:image:width\" content=\"2560\" \/>\n\t<meta property=\"og:image:height\" content=\"1707\" \/>\n\t<meta property=\"og:image:type\" content=\"image\/jpeg\" \/>\n<meta name=\"author\" content=\"Cl\u00e0udia Grosche\" \/>\n<meta name=\"twitter:card\" content=\"summary_large_image\" \/>\n<meta name=\"twitter:label1\" content=\"Escrito por\" \/>\n\t<meta name=\"twitter:data1\" content=\"Cl\u00e0udia Grosche\" \/>\n\t<meta name=\"twitter:label2\" content=\"Tiempo de lectura\" \/>\n\t<meta name=\"twitter:data2\" content=\"4 minutos\" \/>\n<script type=\"application\/ld+json\" class=\"yoast-schema-graph\">{\"@context\":\"https:\\\/\\\/schema.org\",\"@graph\":[{\"@type\":\"Article\",\"@id\":\"https:\\\/\\\/dosterraswinegarden.com\\\/es\\\/news\\\/boda-nuria-edu\\\/#article\",\"isPartOf\":{\"@id\":\"https:\\\/\\\/dosterraswinegarden.com\\\/es\\\/news\\\/boda-nuria-edu\\\/\"},\"author\":{\"name\":\"Cl\u00e0udia Grosche\",\"@id\":\"https:\\\/\\\/dosterraswinegarden.com\\\/#\\\/schema\\\/person\\\/9b0db6716433cba1467004352bb5d610\"},\"headline\":\"BODA N\u00daRIA &amp; EDU\",\"datePublished\":\"2023-07-27T13:49:52+00:00\",\"dateModified\":\"2024-03-21T15:42:18+00:00\",\"mainEntityOfPage\":{\"@id\":\"https:\\\/\\\/dosterraswinegarden.com\\\/es\\\/news\\\/boda-nuria-edu\\\/\"},\"wordCount\":275,\"image\":{\"@id\":\"https:\\\/\\\/dosterraswinegarden.com\\\/es\\\/news\\\/boda-nuria-edu\\\/#primaryimage\"},\"thumbnailUrl\":\"https:\\\/\\\/dosterraswinegarden.com\\\/wp-content\\\/uploads\\\/2023\\\/10\\\/nye_ceremonia-167-scaled.jpg\",\"articleSection\":[\"Bodas\",\"Novios DWG\"],\"inLanguage\":\"es\"},{\"@type\":\"WebPage\",\"@id\":\"https:\\\/\\\/dosterraswinegarden.com\\\/es\\\/news\\\/boda-nuria-edu\\\/\",\"url\":\"https:\\\/\\\/dosterraswinegarden.com\\\/es\\\/news\\\/boda-nuria-edu\\\/\",\"name\":\"BODA N\u00daRIA &amp; EDU - Dosterras Wine Garden\",\"isPartOf\":{\"@id\":\"https:\\\/\\\/dosterraswinegarden.com\\\/#website\"},\"primaryImageOfPage\":{\"@id\":\"https:\\\/\\\/dosterraswinegarden.com\\\/es\\\/news\\\/boda-nuria-edu\\\/#primaryimage\"},\"image\":{\"@id\":\"https:\\\/\\\/dosterraswinegarden.com\\\/es\\\/news\\\/boda-nuria-edu\\\/#primaryimage\"},\"thumbnailUrl\":\"https:\\\/\\\/dosterraswinegarden.com\\\/wp-content\\\/uploads\\\/2023\\\/10\\\/nye_ceremonia-167-scaled.jpg\",\"datePublished\":\"2023-07-27T13:49:52+00:00\",\"dateModified\":\"2024-03-21T15:42:18+00:00\",\"author\":{\"@id\":\"https:\\\/\\\/dosterraswinegarden.com\\\/#\\\/schema\\\/person\\\/9b0db6716433cba1467004352bb5d610\"},\"breadcrumb\":{\"@id\":\"https:\\\/\\\/dosterraswinegarden.com\\\/es\\\/news\\\/boda-nuria-edu\\\/#breadcrumb\"},\"inLanguage\":\"es\",\"potentialAction\":[{\"@type\":\"ReadAction\",\"target\":[\"https:\\\/\\\/dosterraswinegarden.com\\\/es\\\/news\\\/boda-nuria-edu\\\/\"]}]},{\"@type\":\"ImageObject\",\"inLanguage\":\"es\",\"@id\":\"https:\\\/\\\/dosterraswinegarden.com\\\/es\\\/news\\\/boda-nuria-edu\\\/#primaryimage\",\"url\":\"https:\\\/\\\/dosterraswinegarden.com\\\/wp-content\\\/uploads\\\/2023\\\/10\\\/nye_ceremonia-167-scaled.jpg\",\"contentUrl\":\"https:\\\/\\\/dosterraswinegarden.com\\\/wp-content\\\/uploads\\\/2023\\\/10\\\/nye_ceremonia-167-scaled.jpg\",\"width\":2560,\"height\":1707},{\"@type\":\"BreadcrumbList\",\"@id\":\"https:\\\/\\\/dosterraswinegarden.com\\\/es\\\/news\\\/boda-nuria-edu\\\/#breadcrumb\",\"itemListElement\":[{\"@type\":\"ListItem\",\"position\":1,\"name\":\"Inici\",\"item\":\"https:\\\/\\\/dosterraswinegarden.com\\\/es\\\/\"},{\"@type\":\"ListItem\",\"position\":2,\"name\":\"BODA N\u00daRIA &amp; EDU\"}]},{\"@type\":\"WebSite\",\"@id\":\"https:\\\/\\\/dosterraswinegarden.com\\\/#website\",\"url\":\"https:\\\/\\\/dosterraswinegarden.com\\\/\",\"name\":\"Dosterras Wine Garden\",\"description\":\"Bodes, events i vins al Priorat\",\"potentialAction\":[{\"@type\":\"SearchAction\",\"target\":{\"@type\":\"EntryPoint\",\"urlTemplate\":\"https:\\\/\\\/dosterraswinegarden.com\\\/?s={search_term_string}\"},\"query-input\":{\"@type\":\"PropertyValueSpecification\",\"valueRequired\":true,\"valueName\":\"search_term_string\"}}],\"inLanguage\":\"es\"},{\"@type\":\"Person\",\"@id\":\"https:\\\/\\\/dosterraswinegarden.com\\\/#\\\/schema\\\/person\\\/9b0db6716433cba1467004352bb5d610\",\"name\":\"Cl\u00e0udia Grosche\",\"image\":{\"@type\":\"ImageObject\",\"inLanguage\":\"es\",\"@id\":\"https:\\\/\\\/secure.gravatar.com\\\/avatar\\\/36f488403653d8cfee612053ff51945be7e4de4d9a63f92a4a400e47456c2217?s=96&d=blank&r=g\",\"url\":\"https:\\\/\\\/secure.gravatar.com\\\/avatar\\\/36f488403653d8cfee612053ff51945be7e4de4d9a63f92a4a400e47456c2217?s=96&d=blank&r=g\",\"contentUrl\":\"https:\\\/\\\/secure.gravatar.com\\\/avatar\\\/36f488403653d8cfee612053ff51945be7e4de4d9a63f92a4a400e47456c2217?s=96&d=blank&r=g\",\"caption\":\"Cl\u00e0udia Grosche\"},\"url\":\"https:\\\/\\\/dosterraswinegarden.com\\\/es\\\/news\\\/author\\\/claudiagrosche\\\/\"}]}<\/script>\n<!-- \/ Yoast SEO plugin. -->","yoast_head_json":{"title":"BODA N\u00daRIA &amp; EDU - Dosterras Wine Garden","robots":{"index":"index","follow":"follow","max-snippet":"max-snippet:-1","max-image-preview":"max-image-preview:large","max-video-preview":"max-video-preview:-1"},"canonical":"https:\/\/dosterraswinegarden.com\/es\/news\/boda-nuria-edu\/","og_locale":"es_ES","og_type":"article","og_title":"BODA N\u00daRIA &amp; EDU - Dosterras Wine Garden","og_description":"En un c\u00e1lido 15 de julio, N\u00faria y Edu celebraron su uni\u00f3n en un evento extraordinario en nuestro Wine Garden. Ese d\u00eda, cargado de amor y felicidad, se convirti\u00f3 con [&hellip;]","og_url":"https:\/\/dosterraswinegarden.com\/es\/news\/boda-nuria-edu\/","og_site_name":"Dosterras Wine Garden","article_published_time":"2023-07-27T13:49:52+00:00","article_modified_time":"2024-03-21T15:42:18+00:00","og_image":[{"width":2560,"height":1707,"url":"https:\/\/dosterraswinegarden.com\/wp-content\/uploads\/2023\/10\/nye_ceremonia-167-scaled.jpg","type":"image\/jpeg"}],"author":"Cl\u00e0udia Grosche","twitter_card":"summary_large_image","twitter_misc":{"Escrito por":"Cl\u00e0udia Grosche","Tiempo de lectura":"4 minutos"},"schema":{"@context":"https:\/\/schema.org","@graph":[{"@type":"Article","@id":"https:\/\/dosterraswinegarden.com\/es\/news\/boda-nuria-edu\/#article","isPartOf":{"@id":"https:\/\/dosterraswinegarden.com\/es\/news\/boda-nuria-edu\/"},"author":{"name":"Cl\u00e0udia Grosche","@id":"https:\/\/dosterraswinegarden.com\/#\/schema\/person\/9b0db6716433cba1467004352bb5d610"},"headline":"BODA N\u00daRIA &amp; EDU","datePublished":"2023-07-27T13:49:52+00:00","dateModified":"2024-03-21T15:42:18+00:00","mainEntityOfPage":{"@id":"https:\/\/dosterraswinegarden.com\/es\/news\/boda-nuria-edu\/"},"wordCount":275,"image":{"@id":"https:\/\/dosterraswinegarden.com\/es\/news\/boda-nuria-edu\/#primaryimage"},"thumbnailUrl":"https:\/\/dosterraswinegarden.com\/wp-content\/uploads\/2023\/10\/nye_ceremonia-167-scaled.jpg","articleSection":["Bodas","Novios DWG"],"inLanguage":"es"},{"@type":"WebPage","@id":"https:\/\/dosterraswinegarden.com\/es\/news\/boda-nuria-edu\/","url":"https:\/\/dosterraswinegarden.com\/es\/news\/boda-nuria-edu\/","name":"BODA N\u00daRIA &amp; EDU - Dosterras Wine Garden","isPartOf":{"@id":"https:\/\/dosterraswinegarden.com\/#website"},"primaryImageOfPage":{"@id":"https:\/\/dosterraswinegarden.com\/es\/news\/boda-nuria-edu\/#primaryimage"},"image":{"@id":"https:\/\/dosterraswinegarden.com\/es\/news\/boda-nuria-edu\/#primaryimage"},"thumbnailUrl":"https:\/\/dosterraswinegarden.com\/wp-content\/uploads\/2023\/10\/nye_ceremonia-167-scaled.jpg","datePublished":"2023-07-27T13:49:52+00:00","dateModified":"2024-03-21T15:42:18+00:00","author":{"@id":"https:\/\/dosterraswinegarden.com\/#\/schema\/person\/9b0db6716433cba1467004352bb5d610"},"breadcrumb":{"@id":"https:\/\/dosterraswinegarden.com\/es\/news\/boda-nuria-edu\/#breadcrumb"},"inLanguage":"es","potentialAction":[{"@type":"ReadAction","target":["https:\/\/dosterraswinegarden.com\/es\/news\/boda-nuria-edu\/"]}]},{"@type":"ImageObject","inLanguage":"es","@id":"https:\/\/dosterraswinegarden.com\/es\/news\/boda-nuria-edu\/#primaryimage","url":"https:\/\/dosterraswinegarden.com\/wp-content\/uploads\/2023\/10\/nye_ceremonia-167-scaled.jpg","contentUrl":"https:\/\/dosterraswinegarden.com\/wp-content\/uploads\/2023\/10\/nye_ceremonia-167-scaled.jpg","width":2560,"height":1707},{"@type":"BreadcrumbList","@id":"https:\/\/dosterraswinegarden.com\/es\/news\/boda-nuria-edu\/#breadcrumb","itemListElement":[{"@type":"ListItem","position":1,"name":"Inici","item":"https:\/\/dosterraswinegarden.com\/es\/"},{"@type":"ListItem","position":2,"name":"BODA N\u00daRIA &amp; EDU"}]},{"@type":"WebSite","@id":"https:\/\/dosterraswinegarden.com\/#website","url":"https:\/\/dosterraswinegarden.com\/","name":"Dosterras Wine Garden","description":"Bodes, events i vins al Priorat","potentialAction":[{"@type":"SearchAction","target":{"@type":"EntryPoint","urlTemplate":"https:\/\/dosterraswinegarden.com\/?s={search_term_string}"},"query-input":{"@type":"PropertyValueSpecification","valueRequired":true,"valueName":"search_term_string"}}],"inLanguage":"es"},{"@type":"Person","@id":"https:\/\/dosterraswinegarden.com\/#\/schema\/person\/9b0db6716433cba1467004352bb5d610","name":"Cl\u00e0udia Grosche","image":{"@type":"ImageObject","inLanguage":"es","@id":"https:\/\/secure.gravatar.com\/avatar\/36f488403653d8cfee612053ff51945be7e4de4d9a63f92a4a400e47456c2217?s=96&d=blank&r=g","url":"https:\/\/secure.gravatar.com\/avatar\/36f488403653d8cfee612053ff51945be7e4de4d9a63f92a4a400e47456c2217?s=96&d=blank&r=g","contentUrl":"https:\/\/secure.gravatar.com\/avatar\/36f488403653d8cfee612053ff51945be7e4de4d9a63f92a4a400e47456c2217?s=96&d=blank&r=g","caption":"Cl\u00e0udia Grosche"},"url":"https:\/\/dosterraswinegarden.com\/es\/news\/author\/claudiagrosche\/"}]}},"_links":{"self":[{"href":"https:\/\/dosterraswinegarden.com\/es\/wp-json\/wp\/v2\/posts\/15257","targetHints":{"allow":["GET"]}}],"collection":[{"href":"https:\/\/dosterraswinegarden.com\/es\/wp-json\/wp\/v2\/posts"}],"about":[{"href":"https:\/\/dosterraswinegarden.com\/es\/wp-json\/wp\/v2\/types\/post"}],"author":[{"embeddable":true,"href":"https:\/\/dosterraswinegarden.com\/es\/wp-json\/wp\/v2\/users\/3"}],"replies":[{"embeddable":true,"href":"https:\/\/dosterraswinegarden.com\/es\/wp-json\/wp\/v2\/comments?post=15257"}],"version-history":[{"count":5,"href":"https:\/\/dosterraswinegarden.com\/es\/wp-json\/wp\/v2\/posts\/15257\/revisions"}],"predecessor-version":[{"id":15357,"href":"https:\/\/dosterraswinegarden.com\/es\/wp-json\/wp\/v2\/posts\/15257\/revisions\/15357"}],"wp:featuredmedia":[{"embeddable":true,"href":"https:\/\/dosterraswinegarden.com\/es\/wp-json\/wp\/v2\/media\/15289"}],"wp:attachment":[{"href":"https:\/\/dosterraswinegarden.com\/es\/wp-json\/wp\/v2\/media?parent=15257"}],"wp:term":[{"taxonomy":"category","embeddable":true,"href":"https:\/\/dosterraswinegarden.com\/es\/wp-json\/wp\/v2\/categories?post=15257"},{"taxonomy":"post_tag","embeddable":true,"href":"https:\/\/dosterraswinegarden.com\/es\/wp-json\/wp\/v2\/tags?post=15257"}],"curies":[{"name":"wp","href":"https:\/\/api.w.org\/{rel}","templated":true}]}}