{"id":15889,"date":"2024-04-12T11:35:57","date_gmt":"2024-04-12T11:35:57","guid":{"rendered":"https:\/\/dosterraswinegarden.com\/?p=15889"},"modified":"2024-04-17T11:38:03","modified_gmt":"2024-04-17T11:38:03","slug":"los-mejores-momentos-para-venir-a-hacer-enoturismo-en-el-priorat","status":"publish","type":"post","link":"https:\/\/dosterraswinegarden.com\/es\/news\/los-mejores-momentos-para-venir-a-hacer-enoturismo-en-el-priorat\/","title":{"rendered":"Los mejores momentos para venir a hacer enoturismo en el Priorat"},"content":{"rendered":"\t\t<div data-elementor-type=\"wp-post\" data-elementor-id=\"15889\" class=\"elementor elementor-15889 elementor-15887\">\n\t\t\t\t\t\t<section class=\"elementor-section elementor-top-section elementor-element elementor-element-ab2f973 elementor-section-boxed elementor-section-height-default elementor-section-height-default qodef-elementor-content-no\" data-id=\"ab2f973\" data-element_type=\"section\" data-e-type=\"section\">\n\t\t\t\t\t\t<div class=\"elementor-container elementor-column-gap-default\">\n\t\t\t\t\t<div class=\"elementor-column elementor-col-100 elementor-top-column elementor-element elementor-element-3c6fbd5\" data-id=\"3c6fbd5\" data-element_type=\"column\" data-e-type=\"column\">\n\t\t\t<div class=\"elementor-widget-wrap elementor-element-populated\">\n\t\t\t\t\t\t<div class=\"elementor-element elementor-element-a9205a8 elementor-widget elementor-widget-text-editor\" data-id=\"a9205a8\" data-element_type=\"widget\" data-e-type=\"widget\" data-widget_type=\"text-editor.default\">\n\t\t\t\t<div class=\"elementor-widget-container\">\n\t\t\t\t\t\t\t\t\t<p>El Priorat es una de las regiones vitivin\u00edcolas m\u00e1s espectaculares y reconocidas de Catalu\u00f1a y de todo el mundo. Puedes encontrar paisajes impresionantes, vi\u00f1edos centenarios y, sobre todo, vinos de alta calidad, todo esto y m\u00e1s convierten al Priorat en un destino perfecto para los amantes del vino y la naturaleza. Pero, \u00bfcu\u00e1les son los mejores momentos del a\u00f1o para visitarlo y disfrutar de una experiencia de enoturismo? A continuaci\u00f3n, te queremos explicar qu\u00e9 encontrar\u00e1s en cada estaci\u00f3n del a\u00f1o y cu\u00e1l es el mejor momento para venir a hacer enoturismo en el Priorat.<\/p>\n\t\t\t\t\t\t\t\t<\/div>\n\t\t\t\t<\/div>\n\t\t\t\t\t<\/div>\n\t\t<\/div>\n\t\t\t\t\t<\/div>\n\t\t<\/section>\n\t\t\t\t<section class=\"elementor-section elementor-top-section elementor-element elementor-element-094e7aa elementor-section-boxed elementor-section-height-default elementor-section-height-default qodef-elementor-content-no\" data-id=\"094e7aa\" data-element_type=\"section\" data-e-type=\"section\">\n\t\t\t\t\t\t<div class=\"elementor-container elementor-column-gap-default\">\n\t\t\t\t\t<div class=\"elementor-column elementor-col-100 elementor-top-column elementor-element elementor-element-321672d\" data-id=\"321672d\" data-element_type=\"column\" data-e-type=\"column\">\n\t\t\t<div class=\"elementor-widget-wrap elementor-element-populated\">\n\t\t\t\t\t\t<div class=\"elementor-element elementor-element-ca8b55c elementor-widget elementor-widget-heading\" data-id=\"ca8b55c\" data-element_type=\"widget\" data-e-type=\"widget\" data-widget_type=\"heading.default\">\n\t\t\t\t<div class=\"elementor-widget-container\">\n\t\t\t\t\t<h2 class=\"elementor-heading-title elementor-size-default\">Primavera: Flores y la Feria del Vino de Falset<\/h2>\t\t\t\t<\/div>\n\t\t\t\t<\/div>\n\t\t\t\t<div class=\"elementor-element elementor-element-fea9838 elementor-widget elementor-widget-text-editor\" data-id=\"fea9838\" data-element_type=\"widget\" data-e-type=\"widget\" data-widget_type=\"text-editor.default\">\n\t\t\t\t<div class=\"elementor-widget-container\">\n\t\t\t\t\t\t\t\t\t<p>La primavera es una \u00e9poca m\u00e1gica en el Priorat, las vi\u00f1as se despiertan del invierno y comienzan a florecer. Adem\u00e1s, muchas bodegas ofrecen visitas al aire libre que te permiten perderte entre vi\u00f1edos y disfrutar del paisaje. Por otro lado, en primavera tiene lugar la <span class=\"notion-enable-hover\" data-token-index=\"1\">Feria del Vino de Falset<\/span>, un evento donde puedes degustar vinos de la <a href=\"https:\/\/www.domontsant.com\/\">DO Montsant<\/a> y la <a href=\"https:\/\/www.doqpriorat.org\/\">DOQ Priorat <\/a> y hacer actividades relacionadas con el mundo del vino.<\/p>\n\t\t\t\t\t\t\t\t<\/div>\n\t\t\t\t<\/div>\n\t\t\t\t<div class=\"elementor-element elementor-element-1078dba elementor-widget elementor-widget-image\" data-id=\"1078dba\" data-element_type=\"widget\" data-e-type=\"widget\" data-widget_type=\"image.default\">\n\t\t\t\t<div class=\"elementor-widget-container\">\n\t\t\t\t\t\t\t\t\t\t\t\t\t\t\t<img fetchpriority=\"high\" decoding=\"async\" width=\"1024\" height=\"684\" src=\"https:\/\/dosterraswinegarden.com\/wp-content\/uploads\/2024\/04\/154DissabteFiraVi-1024x684.jpg\" class=\"attachment-large size-large wp-image-15915\" alt=\"\" srcset=\"https:\/\/dosterraswinegarden.com\/wp-content\/uploads\/2024\/04\/154DissabteFiraVi-1024x684.jpg 1024w, https:\/\/dosterraswinegarden.com\/wp-content\/uploads\/2024\/04\/154DissabteFiraVi-300x200.jpg 300w, https:\/\/dosterraswinegarden.com\/wp-content\/uploads\/2024\/04\/154DissabteFiraVi-768x513.jpg 768w, https:\/\/dosterraswinegarden.com\/wp-content\/uploads\/2024\/04\/154DissabteFiraVi-1536x1025.jpg 1536w, https:\/\/dosterraswinegarden.com\/wp-content\/uploads\/2024\/04\/154DissabteFiraVi-2048x1367.jpg 2048w\" sizes=\"(max-width: 1024px) 100vw, 1024px\" \/>\t\t\t\t\t\t\t\t\t\t\t\t\t\t\t<\/div>\n\t\t\t\t<\/div>\n\t\t\t\t\t<\/div>\n\t\t<\/div>\n\t\t\t\t\t<\/div>\n\t\t<\/section>\n\t\t\t\t<section class=\"elementor-section elementor-top-section elementor-element elementor-element-d29be9d elementor-section-boxed elementor-section-height-default elementor-section-height-default qodef-elementor-content-no\" data-id=\"d29be9d\" data-element_type=\"section\" data-e-type=\"section\">\n\t\t\t\t\t\t<div class=\"elementor-container elementor-column-gap-default\">\n\t\t\t\t\t<div class=\"elementor-column elementor-col-100 elementor-top-column elementor-element elementor-element-da16aed\" data-id=\"da16aed\" data-element_type=\"column\" data-e-type=\"column\">\n\t\t\t<div class=\"elementor-widget-wrap elementor-element-populated\">\n\t\t\t\t\t\t<div class=\"elementor-element elementor-element-7bae00e elementor-widget elementor-widget-heading\" data-id=\"7bae00e\" data-element_type=\"widget\" data-e-type=\"widget\" data-widget_type=\"heading.default\">\n\t\t\t\t<div class=\"elementor-widget-container\">\n\t\t\t\t\t<h3 class=\"elementor-heading-title elementor-size-default\">Verano: Tranquilidad y vendimia.<\/h3>\t\t\t\t<\/div>\n\t\t\t\t<\/div>\n\t\t\t\t<div class=\"elementor-element elementor-element-bfab4b9 elementor-widget elementor-widget-text-editor\" data-id=\"bfab4b9\" data-element_type=\"widget\" data-e-type=\"widget\" data-widget_type=\"text-editor.default\">\n\t\t\t\t<div class=\"elementor-widget-container\">\n\t\t\t\t\t\t\t\t\t<p>Las vacaciones de verano son uno de los mejores momentos para escaparte al Priorat, sobre todo, si buscas <strong>alejarte de la multitud.<\/strong> Venir a hacer enoturismo en verano es una opci\u00f3n ideal por muchos motivos, entre ellos: no sufrir\u00e1s calor, aprender\u00e1s sobre el vino, la cultura y la historia y, tambi\u00e9n, podr\u00e1s disfrutar de actividades que se realizan solo en verano. Tambi\u00e9n, <strong><span class=\"notion-enable-hover\" data-token-index=\"1\">empieza el <a href=\"https:\/\/www.terrer.cat\/\">Festival Terrer Priorat<\/a>,<\/span><\/strong> un evento muy especial que combina m\u00fasica y vino. Adem\u00e1s, si vienes a finales de agosto, <span class=\"notion-enable-hover\" data-token-index=\"3\">podr\u00e1s <strong> vivir la vendimia<\/strong><\/span>, ver\u00e1s c\u00f3mo los pueblos se llenan de movimiento e incluso tendr\u00e1s la oportunidad de recoger uva.<\/p>\n\t\t\t\t\t\t\t\t<\/div>\n\t\t\t\t<\/div>\n\t\t\t\t<section class=\"elementor-section elementor-inner-section elementor-element elementor-element-7ef9a8b elementor-section-boxed elementor-section-height-default elementor-section-height-default qodef-elementor-content-no\" data-id=\"7ef9a8b\" data-element_type=\"section\" data-e-type=\"section\">\n\t\t\t\t\t\t<div class=\"elementor-container elementor-column-gap-default\">\n\t\t\t\t\t<div class=\"elementor-column elementor-col-50 elementor-inner-column elementor-element elementor-element-43f8ae2\" data-id=\"43f8ae2\" data-element_type=\"column\" data-e-type=\"column\">\n\t\t\t<div class=\"elementor-widget-wrap elementor-element-populated\">\n\t\t\t\t\t\t<div class=\"elementor-element elementor-element-d77bb13 elementor-widget elementor-widget-image\" data-id=\"d77bb13\" data-element_type=\"widget\" data-e-type=\"widget\" data-widget_type=\"image.default\">\n\t\t\t\t<div class=\"elementor-widget-container\">\n\t\t\t\t\t\t\t\t\t\t\t\t\t\t\t<img decoding=\"async\" width=\"1024\" height=\"684\" src=\"https:\/\/dosterraswinegarden.com\/wp-content\/uploads\/2024\/04\/\u00a9Glaudia-Grosche.-Porrera.-Terrer-202226-1024x684.jpg\" class=\"attachment-large size-large wp-image-15918\" alt=\"\" srcset=\"https:\/\/dosterraswinegarden.com\/wp-content\/uploads\/2024\/04\/\u00a9Glaudia-Grosche.-Porrera.-Terrer-202226-1024x684.jpg 1024w, https:\/\/dosterraswinegarden.com\/wp-content\/uploads\/2024\/04\/\u00a9Glaudia-Grosche.-Porrera.-Terrer-202226-300x200.jpg 300w, https:\/\/dosterraswinegarden.com\/wp-content\/uploads\/2024\/04\/\u00a9Glaudia-Grosche.-Porrera.-Terrer-202226-768x513.jpg 768w, https:\/\/dosterraswinegarden.com\/wp-content\/uploads\/2024\/04\/\u00a9Glaudia-Grosche.-Porrera.-Terrer-202226-1536x1025.jpg 1536w, https:\/\/dosterraswinegarden.com\/wp-content\/uploads\/2024\/04\/\u00a9Glaudia-Grosche.-Porrera.-Terrer-202226-2048x1367.jpg 2048w\" sizes=\"(max-width: 1024px) 100vw, 1024px\" \/>\t\t\t\t\t\t\t\t\t\t\t\t\t\t\t<\/div>\n\t\t\t\t<\/div>\n\t\t\t\t\t<\/div>\n\t\t<\/div>\n\t\t\t\t<div class=\"elementor-column elementor-col-50 elementor-inner-column elementor-element elementor-element-e2bf10f\" data-id=\"e2bf10f\" data-element_type=\"column\" data-e-type=\"column\">\n\t\t\t<div class=\"elementor-widget-wrap elementor-element-populated\">\n\t\t\t\t\t\t<div class=\"elementor-element elementor-element-cd0a320 elementor-widget elementor-widget-image\" data-id=\"cd0a320\" data-element_type=\"widget\" data-e-type=\"widget\" data-widget_type=\"image.default\">\n\t\t\t\t<div class=\"elementor-widget-container\">\n\t\t\t\t\t\t\t\t\t\t\t\t\t\t\t<img decoding=\"async\" width=\"1024\" height=\"684\" src=\"https:\/\/dosterraswinegarden.com\/wp-content\/uploads\/2024\/04\/FestivalTerrer79-1024x684.jpg\" class=\"attachment-large size-large wp-image-15924\" alt=\"que fer al priorat a la tardor - festival terrer\" srcset=\"https:\/\/dosterraswinegarden.com\/wp-content\/uploads\/2024\/04\/FestivalTerrer79-1024x684.jpg 1024w, https:\/\/dosterraswinegarden.com\/wp-content\/uploads\/2024\/04\/FestivalTerrer79-300x200.jpg 300w, https:\/\/dosterraswinegarden.com\/wp-content\/uploads\/2024\/04\/FestivalTerrer79-768x513.jpg 768w, https:\/\/dosterraswinegarden.com\/wp-content\/uploads\/2024\/04\/FestivalTerrer79-1536x1025.jpg 1536w, https:\/\/dosterraswinegarden.com\/wp-content\/uploads\/2024\/04\/FestivalTerrer79-2048x1367.jpg 2048w\" sizes=\"(max-width: 1024px) 100vw, 1024px\" \/>\t\t\t\t\t\t\t\t\t\t\t\t\t\t\t<\/div>\n\t\t\t\t<\/div>\n\t\t\t\t\t<\/div>\n\t\t<\/div>\n\t\t\t\t\t<\/div>\n\t\t<\/section>\n\t\t\t\t\t<\/div>\n\t\t<\/div>\n\t\t\t\t\t<\/div>\n\t\t<\/section>\n\t\t\t\t<section class=\"elementor-section elementor-top-section elementor-element elementor-element-ac297b8 elementor-section-boxed elementor-section-height-default elementor-section-height-default qodef-elementor-content-no\" data-id=\"ac297b8\" data-element_type=\"section\" data-e-type=\"section\">\n\t\t\t\t\t\t<div class=\"elementor-container elementor-column-gap-default\">\n\t\t\t\t\t<div class=\"elementor-column elementor-col-100 elementor-top-column elementor-element elementor-element-cefd290\" data-id=\"cefd290\" data-element_type=\"column\" data-e-type=\"column\">\n\t\t\t<div class=\"elementor-widget-wrap elementor-element-populated\">\n\t\t\t\t\t\t<div class=\"elementor-element elementor-element-0ce4c84 elementor-widget elementor-widget-heading\" data-id=\"0ce4c84\" data-element_type=\"widget\" data-e-type=\"widget\" data-widget_type=\"heading.default\">\n\t\t\t\t<div class=\"elementor-widget-container\">\n\t\t\t\t\t<h3 class=\"elementor-heading-title elementor-size-default\">Oto\u00f1o: Catas de vinos, cultura y actividades.<\/h3>\t\t\t\t<\/div>\n\t\t\t\t<\/div>\n\t\t\t\t<div class=\"elementor-element elementor-element-2123b99 elementor-widget elementor-widget-text-editor\" data-id=\"2123b99\" data-element_type=\"widget\" data-e-type=\"widget\" data-widget_type=\"text-editor.default\">\n\t\t\t\t<div class=\"elementor-widget-container\">\n\t\t\t\t\t\t\t\t\t<p>Visitar el Priorat en oto\u00f1o es el momento perfecto para disfrutar de un paisaje lleno de colores. Como todav\u00eda no hace fr\u00edo del todo, es un momento perfecto para pasear entre vi\u00f1edos y hacer excursiones. Asimismo, en oto\u00f1o se celebra <span class=\"notion-enable-hover\" data-token-index=\"1\">la <strong> Cata de oto\u00f1o en Scala Dei<\/strong>, el <strong>Tasta de Porrera<\/strong>, la <strong>Feria de Sant Andreu a Falset<\/strong>, <\/span>donde se realiza la cata de vinos rancios<span class=\"notion-enable-hover\" data-token-index=\"3\">, el <strong>Festival Terrer Priorat.<\/strong><\/span>Incluso, podr\u00e1s disfrutar de la<strong> <span class=\"notion-enable-hover\" data-token-index=\"5\">fiesta del nuevo aceite <\/span><\/strong>en diferentes pueblos de la comarca. Como puedes ver, en oto\u00f1o, hay actividades de todo tipo para disfrutar del vino y de la cultura del Priorat.<\/p>\n\t\t\t\t\t\t\t\t<\/div>\n\t\t\t\t<\/div>\n\t\t\t\t<div class=\"elementor-element elementor-element-cd004e4 elementor-widget elementor-widget-image\" data-id=\"cd004e4\" data-element_type=\"widget\" data-e-type=\"widget\" data-widget_type=\"image.default\">\n\t\t\t\t<div class=\"elementor-widget-container\">\n\t\t\t\t\t\t\t\t\t\t\t\t\t\t\t<img loading=\"lazy\" decoding=\"async\" width=\"1024\" height=\"684\" src=\"https:\/\/dosterraswinegarden.com\/wp-content\/uploads\/2024\/04\/\u00a9EstudiTardet_Dosterras2-1024x684.jpg\" class=\"attachment-large size-large wp-image-15909\" alt=\"\" srcset=\"https:\/\/dosterraswinegarden.com\/wp-content\/uploads\/2024\/04\/\u00a9EstudiTardet_Dosterras2-1024x684.jpg 1024w, https:\/\/dosterraswinegarden.com\/wp-content\/uploads\/2024\/04\/\u00a9EstudiTardet_Dosterras2-300x200.jpg 300w, https:\/\/dosterraswinegarden.com\/wp-content\/uploads\/2024\/04\/\u00a9EstudiTardet_Dosterras2-768x513.jpg 768w, https:\/\/dosterraswinegarden.com\/wp-content\/uploads\/2024\/04\/\u00a9EstudiTardet_Dosterras2-1536x1025.jpg 1536w, https:\/\/dosterraswinegarden.com\/wp-content\/uploads\/2024\/04\/\u00a9EstudiTardet_Dosterras2-2048x1367.jpg 2048w\" sizes=\"(max-width: 1024px) 100vw, 1024px\" \/>\t\t\t\t\t\t\t\t\t\t\t\t\t\t\t<\/div>\n\t\t\t\t<\/div>\n\t\t\t\t\t<\/div>\n\t\t<\/div>\n\t\t\t\t\t<\/div>\n\t\t<\/section>\n\t\t\t\t<section class=\"elementor-section elementor-top-section elementor-element elementor-element-0475746 elementor-section-boxed elementor-section-height-default elementor-section-height-default qodef-elementor-content-no\" data-id=\"0475746\" data-element_type=\"section\" data-e-type=\"section\">\n\t\t\t\t\t\t<div class=\"elementor-container elementor-column-gap-default\">\n\t\t\t\t\t<div class=\"elementor-column elementor-col-100 elementor-top-column elementor-element elementor-element-28406b2\" data-id=\"28406b2\" data-element_type=\"column\" data-e-type=\"column\">\n\t\t\t<div class=\"elementor-widget-wrap elementor-element-populated\">\n\t\t\t\t\t\t<div class=\"elementor-element elementor-element-66f2f49 elementor-widget elementor-widget-heading\" data-id=\"66f2f49\" data-element_type=\"widget\" data-e-type=\"widget\" data-widget_type=\"heading.default\">\n\t\t\t\t<div class=\"elementor-widget-container\">\n\t\t\t\t\t<h3 class=\"elementor-heading-title elementor-size-default\">Invierno: Resgu\u00e1rdate del fr\u00edo y disfruta de la Encamisada de Falset.<\/h3>\t\t\t\t<\/div>\n\t\t\t\t<\/div>\n\t\t\t\t<div class=\"elementor-element elementor-element-8d748f8 elementor-widget elementor-widget-text-editor\" data-id=\"8d748f8\" data-element_type=\"widget\" data-e-type=\"widget\" data-widget_type=\"text-editor.default\">\n\t\t\t\t<div class=\"elementor-widget-container\">\n\t\t\t\t\t\t\t\t\t<p>Aunque el invierno pueda parecer una \u00e9poca menos popular para visitar el Priorat, es un momento ideal para quienes buscan paz, tranquilidad y resguardarse del fr\u00edo visitando bodegas. Adem\u00e1s, en enero tiene lugar <strong><span class=\"notion-enable-hover\" data-token-index=\"1\">la <a href=\"https:\/\/www.falset.org\/festes-i-fires\/lencamisada\">Encamisada de Falset<\/a><\/span><\/strong>, una fiesta tradicional en la que los habitantes de Falset, vestidos con la ropa tradicional, desfilan por la ciudad acompa\u00f1ados de carros con animales. Tambi\u00e9n, es la estaci\u00f3n del a\u00f1o perfecta para disfrutar de la gastronom\u00eda de la zona y refugiarse con un buen plato de escudella en los restaurantes acogedores que ofrecen toda clase de vinos de la DOQ Priorat y la DO Montsant. <\/p>\n\t\t\t\t\t\t\t\t<\/div>\n\t\t\t\t<\/div>\n\t\t\t\t<section class=\"elementor-section elementor-inner-section elementor-element elementor-element-17ac75c elementor-section-boxed elementor-section-height-default elementor-section-height-default qodef-elementor-content-no\" data-id=\"17ac75c\" data-element_type=\"section\" data-e-type=\"section\">\n\t\t\t\t\t\t<div class=\"elementor-container elementor-column-gap-default\">\n\t\t\t\t\t<div class=\"elementor-column elementor-col-50 elementor-inner-column elementor-element elementor-element-c75d9f2\" data-id=\"c75d9f2\" data-element_type=\"column\" data-e-type=\"column\">\n\t\t\t<div class=\"elementor-widget-wrap elementor-element-populated\">\n\t\t\t\t\t\t<div class=\"elementor-element elementor-element-067390e elementor-widget elementor-widget-image\" data-id=\"067390e\" data-element_type=\"widget\" data-e-type=\"widget\" data-widget_type=\"image.default\">\n\t\t\t\t<div class=\"elementor-widget-container\">\n\t\t\t\t\t\t\t\t\t\t\t\t\t\t\t<img loading=\"lazy\" decoding=\"async\" width=\"1024\" height=\"684\" src=\"https:\/\/dosterraswinegarden.com\/wp-content\/uploads\/2022\/11\/Boniato-home-1024x684.jpg\" class=\"attachment-large size-large wp-image-13241\" alt=\"\" srcset=\"https:\/\/dosterraswinegarden.com\/wp-content\/uploads\/2022\/11\/Boniato-home-1024x684.jpg 1024w, https:\/\/dosterraswinegarden.com\/wp-content\/uploads\/2022\/11\/Boniato-home-300x200.jpg 300w, https:\/\/dosterraswinegarden.com\/wp-content\/uploads\/2022\/11\/Boniato-home-768x513.jpg 768w, https:\/\/dosterraswinegarden.com\/wp-content\/uploads\/2022\/11\/Boniato-home-1536x1025.jpg 1536w, https:\/\/dosterraswinegarden.com\/wp-content\/uploads\/2022\/11\/Boniato-home.jpg 2048w\" sizes=\"(max-width: 1024px) 100vw, 1024px\" \/>\t\t\t\t\t\t\t\t\t\t\t\t\t\t\t<\/div>\n\t\t\t\t<\/div>\n\t\t\t\t\t<\/div>\n\t\t<\/div>\n\t\t\t\t<div class=\"elementor-column elementor-col-50 elementor-inner-column elementor-element elementor-element-001837c\" data-id=\"001837c\" data-element_type=\"column\" data-e-type=\"column\">\n\t\t\t<div class=\"elementor-widget-wrap elementor-element-populated\">\n\t\t\t\t\t\t<div class=\"elementor-element elementor-element-53af58e elementor-widget elementor-widget-image\" data-id=\"53af58e\" data-element_type=\"widget\" data-e-type=\"widget\" data-widget_type=\"image.default\">\n\t\t\t\t<div class=\"elementor-widget-container\">\n\t\t\t\t\t\t\t\t\t\t\t\t\t\t\t<img decoding=\"async\" width=\"1024\" height=\"684\" src=\"https:\/\/dosterraswinegarden.com\/wp-content\/uploads\/2024\/04\/FestivalTerrer79-1024x684.jpg\" class=\"attachment-large size-large wp-image-15924\" alt=\"que fer al priorat a la tardor - festival terrer\" srcset=\"https:\/\/dosterraswinegarden.com\/wp-content\/uploads\/2024\/04\/FestivalTerrer79-1024x684.jpg 1024w, https:\/\/dosterraswinegarden.com\/wp-content\/uploads\/2024\/04\/FestivalTerrer79-300x200.jpg 300w, https:\/\/dosterraswinegarden.com\/wp-content\/uploads\/2024\/04\/FestivalTerrer79-768x513.jpg 768w, https:\/\/dosterraswinegarden.com\/wp-content\/uploads\/2024\/04\/FestivalTerrer79-1536x1025.jpg 1536w, https:\/\/dosterraswinegarden.com\/wp-content\/uploads\/2024\/04\/FestivalTerrer79-2048x1367.jpg 2048w\" sizes=\"(max-width: 1024px) 100vw, 1024px\" \/>\t\t\t\t\t\t\t\t\t\t\t\t\t\t\t<\/div>\n\t\t\t\t<\/div>\n\t\t\t\t\t<\/div>\n\t\t<\/div>\n\t\t\t\t\t<\/div>\n\t\t<\/section>\n\t\t\t\t\t<\/div>\n\t\t<\/div>\n\t\t\t\t\t<\/div>\n\t\t<\/section>\n\t\t\t\t<section class=\"elementor-section elementor-top-section elementor-element elementor-element-4a00d84 elementor-section-boxed elementor-section-height-default elementor-section-height-default qodef-elementor-content-no\" data-id=\"4a00d84\" data-element_type=\"section\" data-e-type=\"section\">\n\t\t\t\t\t\t<div class=\"elementor-container elementor-column-gap-default\">\n\t\t\t\t\t<div class=\"elementor-column elementor-col-100 elementor-top-column elementor-element elementor-element-e5d4616\" data-id=\"e5d4616\" data-element_type=\"column\" data-e-type=\"column\">\n\t\t\t<div class=\"elementor-widget-wrap elementor-element-populated\">\n\t\t\t\t\t\t<div class=\"elementor-element elementor-element-061fc61 elementor-widget elementor-widget-heading\" data-id=\"061fc61\" data-element_type=\"widget\" data-e-type=\"widget\" data-widget_type=\"heading.default\">\n\t\t\t\t<div class=\"elementor-widget-container\">\n\t\t\t\t\t<h3 class=\"elementor-heading-title elementor-size-default\">Ven a conocer nuestra bodega<\/h3>\t\t\t\t<\/div>\n\t\t\t\t<\/div>\n\t\t\t\t<div class=\"elementor-element elementor-element-8e28249 elementor-widget elementor-widget-text-editor\" data-id=\"8e28249\" data-element_type=\"widget\" data-e-type=\"widget\" data-widget_type=\"text-editor.default\">\n\t\t\t\t<div class=\"elementor-widget-container\">\n\t\t\t\t\t\t\t\t\t<p>Venir a visitar el Priorat y adentrarse a\u00fan m\u00e1s en el mundo del vino es una escapada ideal en cualquier \u00e9poca del a\u00f1o, as\u00ed que esperamos que estas recomendaciones te animen a venir a descubrir nuestra comarca, disfrutar del paisaje, de los vinos y de la gastronom\u00eda de la zona. Adem\u00e1s, si quieres <strong>venir a visitar nuestro <a href=\"https:\/\/dosterras.com\/ca\/\">celler Dosterras<\/a><\/strong>, te garantizamos una experiencia enotur\u00edstica \u00fanica, con visitas guiadas, catas de vinos, maridajes y actividades diversas y especiales en nuestro <a href=\"https:\/\/dosterraswinegarden.com\/es\/espacios-2\/\">espacio Dosterras Wine Garden<\/a> durante todo el a\u00f1o.<\/p>\n<p><em><strong>\u00a1Descubre el Priorat y enam\u00f3rate!<\/strong><\/em><\/p>\n\t\t\t\t\t\t\t\t<\/div>\n\t\t\t\t<\/div>\n\t\t\t\t\t<\/div>\n\t\t<\/div>\n\t\t\t\t\t<\/div>\n\t\t<\/section>\n\t\t\t\t<\/div>\n\t\t","protected":false},"excerpt":{"rendered":"<p>El Priorat es el destino perfecto para los amantes del vino y la naturaleza, donde podr\u00e1s descubrir vinos de la mejor calidad y paisajes impresionantes. En este art\u00edculo te explicamos qu\u00e9 puedes encontrar en cada \u00e9poca y cu\u00e1les son los mejores momentos para hacer enoturismo en el Priorat.<\/p>\n","protected":false},"author":5,"featured_media":16232,"comment_status":"closed","ping_status":"closed","sticky":false,"template":"","format":"standard","meta":{"_themeisle_gutenberg_block_has_review":false,"_joinchat":[],"footnotes":""},"categories":[66],"tags":[],"class_list":["post-15889","post","type-post","status-publish","format-standard","has-post-thumbnail","hentry","category-sin-categorizar"],"yoast_head":"<!-- This site is optimized with the Yoast SEO plugin v27.5 - https:\/\/yoast.com\/product\/yoast-seo-wordpress\/ -->\n<title>Los mejores momentos para venir a hacer enoturismo en el Priorat - Dosterras Wine Garden<\/title>\n<meta name=\"description\" content=\"El Priorat es el destino perfecto para los amantes del vino y la naturaleza, donde podr\u00e1s descubrir vinos de la mejor calidad y paisajes impresionantes. En este art\u00edculo te explicamos qu\u00e9 puedes encontrar en cada \u00e9poca y cu\u00e1les son los mejores momentos para hacer enoturismo en el Priorat.\" \/>\n<meta name=\"robots\" content=\"index, follow, max-snippet:-1, max-image-preview:large, max-video-preview:-1\" \/>\n<link rel=\"canonical\" href=\"https:\/\/dosterraswinegarden.com\/es\/news\/los-mejores-momentos-para-venir-a-hacer-enoturismo-en-el-priorat\/\" \/>\n<meta property=\"og:locale\" content=\"es_ES\" \/>\n<meta property=\"og:type\" content=\"article\" \/>\n<meta property=\"og:title\" content=\"Los mejores momentos para venir a hacer enoturismo en el Priorat - Dosterras Wine Garden\" \/>\n<meta property=\"og:description\" content=\"El Priorat es el destino perfecto para los amantes del vino y la naturaleza, donde podr\u00e1s descubrir vinos de la mejor calidad y paisajes impresionantes. En este art\u00edculo te explicamos qu\u00e9 puedes encontrar en cada \u00e9poca y cu\u00e1les son los mejores momentos para hacer enoturismo en el Priorat.\" \/>\n<meta property=\"og:url\" content=\"https:\/\/dosterraswinegarden.com\/es\/news\/los-mejores-momentos-para-venir-a-hacer-enoturismo-en-el-priorat\/\" \/>\n<meta property=\"og:site_name\" content=\"Dosterras Wine Garden\" \/>\n<meta property=\"article:published_time\" content=\"2024-04-12T11:35:57+00:00\" \/>\n<meta property=\"article:modified_time\" content=\"2024-04-17T11:38:03+00:00\" \/>\n<meta property=\"og:image\" content=\"https:\/\/dosterraswinegarden.com\/wp-content\/uploads\/2024\/04\/Sin-titulo-2560-x-1707-px-15.jpg\" \/>\n\t<meta property=\"og:image:width\" content=\"2560\" \/>\n\t<meta property=\"og:image:height\" content=\"1707\" \/>\n\t<meta property=\"og:image:type\" content=\"image\/jpeg\" \/>\n<meta name=\"author\" content=\"Mariona Pellicer\" \/>\n<meta name=\"twitter:card\" content=\"summary_large_image\" \/>\n<meta name=\"twitter:label1\" content=\"Escrito por\" \/>\n\t<meta name=\"twitter:data1\" content=\"Mariona Pellicer\" \/>\n\t<meta name=\"twitter:label2\" content=\"Tiempo de lectura\" \/>\n\t<meta name=\"twitter:data2\" content=\"5 minutos\" \/>\n<script type=\"application\/ld+json\" class=\"yoast-schema-graph\">{\"@context\":\"https:\\\/\\\/schema.org\",\"@graph\":[{\"@type\":\"Article\",\"@id\":\"https:\\\/\\\/dosterraswinegarden.com\\\/es\\\/news\\\/los-mejores-momentos-para-venir-a-hacer-enoturismo-en-el-priorat\\\/#article\",\"isPartOf\":{\"@id\":\"https:\\\/\\\/dosterraswinegarden.com\\\/es\\\/news\\\/los-mejores-momentos-para-venir-a-hacer-enoturismo-en-el-priorat\\\/\"},\"author\":{\"name\":\"Mariona Pellicer\",\"@id\":\"https:\\\/\\\/dosterraswinegarden.com\\\/#\\\/schema\\\/person\\\/5e4e86b4ab204eaefe917301e52e06d3\"},\"headline\":\"Los mejores momentos para venir a hacer enoturismo en el Priorat\",\"datePublished\":\"2024-04-12T11:35:57+00:00\",\"dateModified\":\"2024-04-17T11:38:03+00:00\",\"mainEntityOfPage\":{\"@id\":\"https:\\\/\\\/dosterraswinegarden.com\\\/es\\\/news\\\/los-mejores-momentos-para-venir-a-hacer-enoturismo-en-el-priorat\\\/\"},\"wordCount\":670,\"image\":{\"@id\":\"https:\\\/\\\/dosterraswinegarden.com\\\/es\\\/news\\\/los-mejores-momentos-para-venir-a-hacer-enoturismo-en-el-priorat\\\/#primaryimage\"},\"thumbnailUrl\":\"https:\\\/\\\/dosterraswinegarden.com\\\/wp-content\\\/uploads\\\/2024\\\/04\\\/Sin-titulo-2560-x-1707-px-15.jpg\",\"articleSection\":[\"Sin categorizar\"],\"inLanguage\":\"es\"},{\"@type\":\"WebPage\",\"@id\":\"https:\\\/\\\/dosterraswinegarden.com\\\/es\\\/news\\\/los-mejores-momentos-para-venir-a-hacer-enoturismo-en-el-priorat\\\/\",\"url\":\"https:\\\/\\\/dosterraswinegarden.com\\\/es\\\/news\\\/los-mejores-momentos-para-venir-a-hacer-enoturismo-en-el-priorat\\\/\",\"name\":\"Los mejores momentos para venir a hacer enoturismo en el Priorat - Dosterras Wine Garden\",\"isPartOf\":{\"@id\":\"https:\\\/\\\/dosterraswinegarden.com\\\/#website\"},\"primaryImageOfPage\":{\"@id\":\"https:\\\/\\\/dosterraswinegarden.com\\\/es\\\/news\\\/los-mejores-momentos-para-venir-a-hacer-enoturismo-en-el-priorat\\\/#primaryimage\"},\"image\":{\"@id\":\"https:\\\/\\\/dosterraswinegarden.com\\\/es\\\/news\\\/los-mejores-momentos-para-venir-a-hacer-enoturismo-en-el-priorat\\\/#primaryimage\"},\"thumbnailUrl\":\"https:\\\/\\\/dosterraswinegarden.com\\\/wp-content\\\/uploads\\\/2024\\\/04\\\/Sin-titulo-2560-x-1707-px-15.jpg\",\"datePublished\":\"2024-04-12T11:35:57+00:00\",\"dateModified\":\"2024-04-17T11:38:03+00:00\",\"author\":{\"@id\":\"https:\\\/\\\/dosterraswinegarden.com\\\/#\\\/schema\\\/person\\\/5e4e86b4ab204eaefe917301e52e06d3\"},\"description\":\"El Priorat es el destino perfecto para los amantes del vino y la naturaleza, donde podr\u00e1s descubrir vinos de la mejor calidad y paisajes impresionantes. En este art\u00edculo te explicamos qu\u00e9 puedes encontrar en cada \u00e9poca y cu\u00e1les son los mejores momentos para hacer enoturismo en el Priorat.\",\"breadcrumb\":{\"@id\":\"https:\\\/\\\/dosterraswinegarden.com\\\/es\\\/news\\\/los-mejores-momentos-para-venir-a-hacer-enoturismo-en-el-priorat\\\/#breadcrumb\"},\"inLanguage\":\"es\",\"potentialAction\":[{\"@type\":\"ReadAction\",\"target\":[\"https:\\\/\\\/dosterraswinegarden.com\\\/es\\\/news\\\/los-mejores-momentos-para-venir-a-hacer-enoturismo-en-el-priorat\\\/\"]}]},{\"@type\":\"ImageObject\",\"inLanguage\":\"es\",\"@id\":\"https:\\\/\\\/dosterraswinegarden.com\\\/es\\\/news\\\/los-mejores-momentos-para-venir-a-hacer-enoturismo-en-el-priorat\\\/#primaryimage\",\"url\":\"https:\\\/\\\/dosterraswinegarden.com\\\/wp-content\\\/uploads\\\/2024\\\/04\\\/Sin-titulo-2560-x-1707-px-15.jpg\",\"contentUrl\":\"https:\\\/\\\/dosterraswinegarden.com\\\/wp-content\\\/uploads\\\/2024\\\/04\\\/Sin-titulo-2560-x-1707-px-15.jpg\",\"width\":2560,\"height\":1707},{\"@type\":\"BreadcrumbList\",\"@id\":\"https:\\\/\\\/dosterraswinegarden.com\\\/es\\\/news\\\/los-mejores-momentos-para-venir-a-hacer-enoturismo-en-el-priorat\\\/#breadcrumb\",\"itemListElement\":[{\"@type\":\"ListItem\",\"position\":1,\"name\":\"Inici\",\"item\":\"https:\\\/\\\/dosterraswinegarden.com\\\/es\\\/\"},{\"@type\":\"ListItem\",\"position\":2,\"name\":\"Los mejores momentos para venir a hacer enoturismo en el Priorat\"}]},{\"@type\":\"WebSite\",\"@id\":\"https:\\\/\\\/dosterraswinegarden.com\\\/#website\",\"url\":\"https:\\\/\\\/dosterraswinegarden.com\\\/\",\"name\":\"Dosterras Wine Garden\",\"description\":\"Bodes, events i vins al Priorat\",\"potentialAction\":[{\"@type\":\"SearchAction\",\"target\":{\"@type\":\"EntryPoint\",\"urlTemplate\":\"https:\\\/\\\/dosterraswinegarden.com\\\/?s={search_term_string}\"},\"query-input\":{\"@type\":\"PropertyValueSpecification\",\"valueRequired\":true,\"valueName\":\"search_term_string\"}}],\"inLanguage\":\"es\"},{\"@type\":\"Person\",\"@id\":\"https:\\\/\\\/dosterraswinegarden.com\\\/#\\\/schema\\\/person\\\/5e4e86b4ab204eaefe917301e52e06d3\",\"name\":\"Mariona Pellicer\",\"image\":{\"@type\":\"ImageObject\",\"inLanguage\":\"es\",\"@id\":\"https:\\\/\\\/secure.gravatar.com\\\/avatar\\\/ac957e29a1e14e0bf3566a873be24a7254c7abaa12137fad6da725f42d683d48?s=96&d=blank&r=g\",\"url\":\"https:\\\/\\\/secure.gravatar.com\\\/avatar\\\/ac957e29a1e14e0bf3566a873be24a7254c7abaa12137fad6da725f42d683d48?s=96&d=blank&r=g\",\"contentUrl\":\"https:\\\/\\\/secure.gravatar.com\\\/avatar\\\/ac957e29a1e14e0bf3566a873be24a7254c7abaa12137fad6da725f42d683d48?s=96&d=blank&r=g\",\"caption\":\"Mariona Pellicer\"},\"url\":\"https:\\\/\\\/dosterraswinegarden.com\\\/es\\\/news\\\/author\\\/mariona\\\/\"}]}<\/script>\n<!-- \/ Yoast SEO plugin. -->","yoast_head_json":{"title":"Los mejores momentos para venir a hacer enoturismo en el Priorat - Dosterras Wine Garden","description":"El Priorat es el destino perfecto para los amantes del vino y la naturaleza, donde podr\u00e1s descubrir vinos de la mejor calidad y paisajes impresionantes. En este art\u00edculo te explicamos qu\u00e9 puedes encontrar en cada \u00e9poca y cu\u00e1les son los mejores momentos para hacer enoturismo en el Priorat.","robots":{"index":"index","follow":"follow","max-snippet":"max-snippet:-1","max-image-preview":"max-image-preview:large","max-video-preview":"max-video-preview:-1"},"canonical":"https:\/\/dosterraswinegarden.com\/es\/news\/los-mejores-momentos-para-venir-a-hacer-enoturismo-en-el-priorat\/","og_locale":"es_ES","og_type":"article","og_title":"Los mejores momentos para venir a hacer enoturismo en el Priorat - Dosterras Wine Garden","og_description":"El Priorat es el destino perfecto para los amantes del vino y la naturaleza, donde podr\u00e1s descubrir vinos de la mejor calidad y paisajes impresionantes. En este art\u00edculo te explicamos qu\u00e9 puedes encontrar en cada \u00e9poca y cu\u00e1les son los mejores momentos para hacer enoturismo en el Priorat.","og_url":"https:\/\/dosterraswinegarden.com\/es\/news\/los-mejores-momentos-para-venir-a-hacer-enoturismo-en-el-priorat\/","og_site_name":"Dosterras Wine Garden","article_published_time":"2024-04-12T11:35:57+00:00","article_modified_time":"2024-04-17T11:38:03+00:00","og_image":[{"width":2560,"height":1707,"url":"https:\/\/dosterraswinegarden.com\/wp-content\/uploads\/2024\/04\/Sin-titulo-2560-x-1707-px-15.jpg","type":"image\/jpeg"}],"author":"Mariona Pellicer","twitter_card":"summary_large_image","twitter_misc":{"Escrito por":"Mariona Pellicer","Tiempo de lectura":"5 minutos"},"schema":{"@context":"https:\/\/schema.org","@graph":[{"@type":"Article","@id":"https:\/\/dosterraswinegarden.com\/es\/news\/los-mejores-momentos-para-venir-a-hacer-enoturismo-en-el-priorat\/#article","isPartOf":{"@id":"https:\/\/dosterraswinegarden.com\/es\/news\/los-mejores-momentos-para-venir-a-hacer-enoturismo-en-el-priorat\/"},"author":{"name":"Mariona Pellicer","@id":"https:\/\/dosterraswinegarden.com\/#\/schema\/person\/5e4e86b4ab204eaefe917301e52e06d3"},"headline":"Los mejores momentos para venir a hacer enoturismo en el Priorat","datePublished":"2024-04-12T11:35:57+00:00","dateModified":"2024-04-17T11:38:03+00:00","mainEntityOfPage":{"@id":"https:\/\/dosterraswinegarden.com\/es\/news\/los-mejores-momentos-para-venir-a-hacer-enoturismo-en-el-priorat\/"},"wordCount":670,"image":{"@id":"https:\/\/dosterraswinegarden.com\/es\/news\/los-mejores-momentos-para-venir-a-hacer-enoturismo-en-el-priorat\/#primaryimage"},"thumbnailUrl":"https:\/\/dosterraswinegarden.com\/wp-content\/uploads\/2024\/04\/Sin-titulo-2560-x-1707-px-15.jpg","articleSection":["Sin categorizar"],"inLanguage":"es"},{"@type":"WebPage","@id":"https:\/\/dosterraswinegarden.com\/es\/news\/los-mejores-momentos-para-venir-a-hacer-enoturismo-en-el-priorat\/","url":"https:\/\/dosterraswinegarden.com\/es\/news\/los-mejores-momentos-para-venir-a-hacer-enoturismo-en-el-priorat\/","name":"Los mejores momentos para venir a hacer enoturismo en el Priorat - Dosterras Wine Garden","isPartOf":{"@id":"https:\/\/dosterraswinegarden.com\/#website"},"primaryImageOfPage":{"@id":"https:\/\/dosterraswinegarden.com\/es\/news\/los-mejores-momentos-para-venir-a-hacer-enoturismo-en-el-priorat\/#primaryimage"},"image":{"@id":"https:\/\/dosterraswinegarden.com\/es\/news\/los-mejores-momentos-para-venir-a-hacer-enoturismo-en-el-priorat\/#primaryimage"},"thumbnailUrl":"https:\/\/dosterraswinegarden.com\/wp-content\/uploads\/2024\/04\/Sin-titulo-2560-x-1707-px-15.jpg","datePublished":"2024-04-12T11:35:57+00:00","dateModified":"2024-04-17T11:38:03+00:00","author":{"@id":"https:\/\/dosterraswinegarden.com\/#\/schema\/person\/5e4e86b4ab204eaefe917301e52e06d3"},"description":"El Priorat es el destino perfecto para los amantes del vino y la naturaleza, donde podr\u00e1s descubrir vinos de la mejor calidad y paisajes impresionantes. En este art\u00edculo te explicamos qu\u00e9 puedes encontrar en cada \u00e9poca y cu\u00e1les son los mejores momentos para hacer enoturismo en el Priorat.","breadcrumb":{"@id":"https:\/\/dosterraswinegarden.com\/es\/news\/los-mejores-momentos-para-venir-a-hacer-enoturismo-en-el-priorat\/#breadcrumb"},"inLanguage":"es","potentialAction":[{"@type":"ReadAction","target":["https:\/\/dosterraswinegarden.com\/es\/news\/los-mejores-momentos-para-venir-a-hacer-enoturismo-en-el-priorat\/"]}]},{"@type":"ImageObject","inLanguage":"es","@id":"https:\/\/dosterraswinegarden.com\/es\/news\/los-mejores-momentos-para-venir-a-hacer-enoturismo-en-el-priorat\/#primaryimage","url":"https:\/\/dosterraswinegarden.com\/wp-content\/uploads\/2024\/04\/Sin-titulo-2560-x-1707-px-15.jpg","contentUrl":"https:\/\/dosterraswinegarden.com\/wp-content\/uploads\/2024\/04\/Sin-titulo-2560-x-1707-px-15.jpg","width":2560,"height":1707},{"@type":"BreadcrumbList","@id":"https:\/\/dosterraswinegarden.com\/es\/news\/los-mejores-momentos-para-venir-a-hacer-enoturismo-en-el-priorat\/#breadcrumb","itemListElement":[{"@type":"ListItem","position":1,"name":"Inici","item":"https:\/\/dosterraswinegarden.com\/es\/"},{"@type":"ListItem","position":2,"name":"Los mejores momentos para venir a hacer enoturismo en el Priorat"}]},{"@type":"WebSite","@id":"https:\/\/dosterraswinegarden.com\/#website","url":"https:\/\/dosterraswinegarden.com\/","name":"Dosterras Wine Garden","description":"Bodes, events i vins al Priorat","potentialAction":[{"@type":"SearchAction","target":{"@type":"EntryPoint","urlTemplate":"https:\/\/dosterraswinegarden.com\/?s={search_term_string}"},"query-input":{"@type":"PropertyValueSpecification","valueRequired":true,"valueName":"search_term_string"}}],"inLanguage":"es"},{"@type":"Person","@id":"https:\/\/dosterraswinegarden.com\/#\/schema\/person\/5e4e86b4ab204eaefe917301e52e06d3","name":"Mariona Pellicer","image":{"@type":"ImageObject","inLanguage":"es","@id":"https:\/\/secure.gravatar.com\/avatar\/ac957e29a1e14e0bf3566a873be24a7254c7abaa12137fad6da725f42d683d48?s=96&d=blank&r=g","url":"https:\/\/secure.gravatar.com\/avatar\/ac957e29a1e14e0bf3566a873be24a7254c7abaa12137fad6da725f42d683d48?s=96&d=blank&r=g","contentUrl":"https:\/\/secure.gravatar.com\/avatar\/ac957e29a1e14e0bf3566a873be24a7254c7abaa12137fad6da725f42d683d48?s=96&d=blank&r=g","caption":"Mariona Pellicer"},"url":"https:\/\/dosterraswinegarden.com\/es\/news\/author\/mariona\/"}]}},"_links":{"self":[{"href":"https:\/\/dosterraswinegarden.com\/es\/wp-json\/wp\/v2\/posts\/15889","targetHints":{"allow":["GET"]}}],"collection":[{"href":"https:\/\/dosterraswinegarden.com\/es\/wp-json\/wp\/v2\/posts"}],"about":[{"href":"https:\/\/dosterraswinegarden.com\/es\/wp-json\/wp\/v2\/types\/post"}],"author":[{"embeddable":true,"href":"https:\/\/dosterraswinegarden.com\/es\/wp-json\/wp\/v2\/users\/5"}],"replies":[{"embeddable":true,"href":"https:\/\/dosterraswinegarden.com\/es\/wp-json\/wp\/v2\/comments?post=15889"}],"version-history":[{"count":5,"href":"https:\/\/dosterraswinegarden.com\/es\/wp-json\/wp\/v2\/posts\/15889\/revisions"}],"predecessor-version":[{"id":15932,"href":"https:\/\/dosterraswinegarden.com\/es\/wp-json\/wp\/v2\/posts\/15889\/revisions\/15932"}],"wp:featuredmedia":[{"embeddable":true,"href":"https:\/\/dosterraswinegarden.com\/es\/wp-json\/wp\/v2\/media\/16232"}],"wp:attachment":[{"href":"https:\/\/dosterraswinegarden.com\/es\/wp-json\/wp\/v2\/media?parent=15889"}],"wp:term":[{"taxonomy":"category","embeddable":true,"href":"https:\/\/dosterraswinegarden.com\/es\/wp-json\/wp\/v2\/categories?post=15889"},{"taxonomy":"post_tag","embeddable":true,"href":"https:\/\/dosterraswinegarden.com\/es\/wp-json\/wp\/v2\/tags?post=15889"}],"curies":[{"name":"wp","href":"https:\/\/api.w.org\/{rel}","templated":true}]}}