{"id":16093,"date":"2024-05-13T09:31:02","date_gmt":"2024-05-13T09:31:02","guid":{"rendered":"https:\/\/dosterraswinegarden.com\/?p=16093"},"modified":"2024-05-13T09:53:50","modified_gmt":"2024-05-13T09:53:50","slug":"como-organizar-el-retiro-de-yoga-perfecto","status":"publish","type":"post","link":"https:\/\/dosterraswinegarden.com\/es\/news\/como-organizar-el-retiro-de-yoga-perfecto\/","title":{"rendered":"C\u00f3mo organizar el retiro de yoga perfecto"},"content":{"rendered":"\t\t<div data-elementor-type=\"wp-post\" data-elementor-id=\"16093\" class=\"elementor elementor-16093 elementor-16091\">\n\t\t\t\t\t\t<section class=\"elementor-section elementor-top-section elementor-element elementor-element-ab2f973 elementor-section-boxed elementor-section-height-default elementor-section-height-default qodef-elementor-content-no\" data-id=\"ab2f973\" data-element_type=\"section\" data-e-type=\"section\">\n\t\t\t\t\t\t<div class=\"elementor-container elementor-column-gap-default\">\n\t\t\t\t\t<div class=\"elementor-column elementor-col-100 elementor-top-column elementor-element elementor-element-3c6fbd5\" data-id=\"3c6fbd5\" data-element_type=\"column\" data-e-type=\"column\">\n\t\t\t<div class=\"elementor-widget-wrap elementor-element-populated\">\n\t\t\t\t\t\t<div class=\"elementor-element elementor-element-a9205a8 elementor-widget elementor-widget-text-editor\" data-id=\"a9205a8\" data-element_type=\"widget\" data-e-type=\"widget\" data-widget_type=\"text-editor.default\">\n\t\t\t\t<div class=\"elementor-widget-container\">\n\t\t\t\t\t\t\t\t\t<p>El yoga es uno de los deportes m\u00e1s populares en nuestros tiempos y cada vez son m\u00e1s las personas que desean disfrutar de los beneficios del yoga y escaparse a un retiro. Por eso, si est\u00e1s pensando en organizar el tuyo, queremos ayudarte a prepararlo. En este art\u00edculo te explicamos los seis pasos imprescindibles para que sepas c\u00f3mo organizar el retiro de yoga perfecto en Dosterras Wine Garden y disfrutes de una experiencia \u00fanica.<\/p>\n\t\t\t\t\t\t\t\t<\/div>\n\t\t\t\t<\/div>\n\t\t\t\t\t<\/div>\n\t\t<\/div>\n\t\t\t\t\t<\/div>\n\t\t<\/section>\n\t\t\t\t<section class=\"elementor-section elementor-top-section elementor-element elementor-element-094e7aa elementor-section-boxed elementor-section-height-default elementor-section-height-default qodef-elementor-content-no\" data-id=\"094e7aa\" data-element_type=\"section\" data-e-type=\"section\">\n\t\t\t\t\t\t<div class=\"elementor-container elementor-column-gap-default\">\n\t\t\t\t\t<div class=\"elementor-column elementor-col-100 elementor-top-column elementor-element elementor-element-321672d\" data-id=\"321672d\" data-element_type=\"column\" data-e-type=\"column\">\n\t\t\t<div class=\"elementor-widget-wrap elementor-element-populated\">\n\t\t\t\t\t\t<div class=\"elementor-element elementor-element-ca8b55c elementor-widget elementor-widget-heading\" data-id=\"ca8b55c\" data-element_type=\"widget\" data-e-type=\"widget\" data-widget_type=\"heading.default\">\n\t\t\t\t<div class=\"elementor-widget-container\">\n\t\t\t\t\t<h2 class=\"elementor-heading-title elementor-size-default\">1. Define tu visi\u00f3n<\/h2>\t\t\t\t<\/div>\n\t\t\t\t<\/div>\n\t\t\t\t<div class=\"elementor-element elementor-element-fea9838 elementor-widget elementor-widget-text-editor\" data-id=\"fea9838\" data-element_type=\"widget\" data-e-type=\"widget\" data-widget_type=\"text-editor.default\">\n\t\t\t\t<div class=\"elementor-widget-container\">\n\t\t\t\t\t\t\t\t\t<p>Antes de empezar a planificarlo, t\u00f3mate un momento para reflexionar sobre qu\u00e9 es lo que quieres ofrecer en tu retiro de yoga. Para preparar un programa completo, hazte preguntas como estas: \u00bfQu\u00e9 tipo de experiencia quieres ofrecer a tus participantes? \u00bfQuieres centrarte en la pr\u00e1ctica intensiva del yoga o incluir tambi\u00e9n actividades complementarias como meditaci\u00f3n, senderismo o cata de vinos?<\/p>\n<p>Una vez hayas respondido a estas preguntas, es momento de <strong>elegir la fecha, la duraci\u00f3n y el lugar.<\/strong><\/p><\/p>\n\t\t\t\t\t\t\t\t<\/div>\n\t\t\t\t<\/div>\n\t\t\t\t<div class=\"elementor-element elementor-element-bbd788f elementor-widget elementor-widget-image\" data-id=\"bbd788f\" data-element_type=\"widget\" data-e-type=\"widget\" data-widget_type=\"image.default\">\n\t\t\t\t<div class=\"elementor-widget-container\">\n\t\t\t\t\t\t\t\t\t\t\t\t\t\t\t<img fetchpriority=\"high\" decoding=\"async\" width=\"1024\" height=\"683\" src=\"https:\/\/dosterraswinegarden.com\/wp-content\/uploads\/2024\/05\/Sin-titulo-2560-x-1707-px-3-1024x683.jpg\" class=\"attachment-large size-large wp-image-16103\" alt=\"\" srcset=\"https:\/\/dosterraswinegarden.com\/wp-content\/uploads\/2024\/05\/Sin-titulo-2560-x-1707-px-3-1024x683.jpg 1024w, https:\/\/dosterraswinegarden.com\/wp-content\/uploads\/2024\/05\/Sin-titulo-2560-x-1707-px-3-300x200.jpg 300w, https:\/\/dosterraswinegarden.com\/wp-content\/uploads\/2024\/05\/Sin-titulo-2560-x-1707-px-3-768x512.jpg 768w, https:\/\/dosterraswinegarden.com\/wp-content\/uploads\/2024\/05\/Sin-titulo-2560-x-1707-px-3-1536x1024.jpg 1536w, https:\/\/dosterraswinegarden.com\/wp-content\/uploads\/2024\/05\/Sin-titulo-2560-x-1707-px-3-2048x1366.jpg 2048w\" sizes=\"(max-width: 1024px) 100vw, 1024px\" \/>\t\t\t\t\t\t\t\t\t\t\t\t\t\t\t<\/div>\n\t\t\t\t<\/div>\n\t\t\t\t\t<\/div>\n\t\t<\/div>\n\t\t\t\t\t<\/div>\n\t\t<\/section>\n\t\t\t\t<section class=\"elementor-section elementor-top-section elementor-element elementor-element-d29be9d elementor-section-boxed elementor-section-height-default elementor-section-height-default qodef-elementor-content-no\" data-id=\"d29be9d\" data-element_type=\"section\" data-e-type=\"section\">\n\t\t\t\t\t\t<div class=\"elementor-container elementor-column-gap-default\">\n\t\t\t\t\t<div class=\"elementor-column elementor-col-100 elementor-top-column elementor-element elementor-element-da16aed\" data-id=\"da16aed\" data-element_type=\"column\" data-e-type=\"column\">\n\t\t\t<div class=\"elementor-widget-wrap elementor-element-populated\">\n\t\t\t\t\t\t<div class=\"elementor-element elementor-element-7bae00e elementor-widget elementor-widget-heading\" data-id=\"7bae00e\" data-element_type=\"widget\" data-e-type=\"widget\" data-widget_type=\"heading.default\">\n\t\t\t\t<div class=\"elementor-widget-container\">\n\t\t\t\t\t<h3 class=\"elementor-heading-title elementor-size-default\">2. Elige el entorno perfecto<\/h3>\t\t\t\t<\/div>\n\t\t\t\t<\/div>\n\t\t\t\t<div class=\"elementor-element elementor-element-bfab4b9 elementor-widget elementor-widget-text-editor\" data-id=\"bfab4b9\" data-element_type=\"widget\" data-e-type=\"widget\" data-widget_type=\"text-editor.default\">\n\t\t\t\t<div class=\"elementor-widget-container\">\n\t\t\t\t\t\t\t\t\t<p>Este paso es clave para la experiencia de tu retiro de yoga. En este paso, te podemos ayudar ofreci\u00e9ndote nuestro espacio. Dosterras Wine Garden es un lugar id\u00edlico en el coraz\u00f3n del Priorat, donde encontrar\u00e1s un ambiente tranquilo entre vi\u00f1edos para disfrutar de las sesiones de yoga y muchas actividades m\u00e1s. Podr\u00e1s aprovechar todo el espacio al aire libre y, adem\u00e1s, <strong><span class=\"notion-enable-hover\" data-token-index=\"1\">os podr\u00e9is quedar a pasar la noche en nuestra casa se\u00f1orial del siglo XIX y disfrutar de la gastronom\u00eda local en nuestro bar y grill.<\/span><\/strong> <\/p>\n\t\t\t\t\t\t\t\t<\/div>\n\t\t\t\t<\/div>\n\t\t\t\t<section class=\"elementor-section elementor-inner-section elementor-element elementor-element-1c05233 elementor-section-boxed elementor-section-height-default elementor-section-height-default qodef-elementor-content-no\" data-id=\"1c05233\" data-element_type=\"section\" data-e-type=\"section\">\n\t\t\t\t\t\t<div class=\"elementor-container elementor-column-gap-default\">\n\t\t\t\t\t<div class=\"elementor-column elementor-col-50 elementor-inner-column elementor-element elementor-element-35b861a\" data-id=\"35b861a\" data-element_type=\"column\" data-e-type=\"column\">\n\t\t\t<div class=\"elementor-widget-wrap elementor-element-populated\">\n\t\t\t\t\t\t<div class=\"elementor-element elementor-element-84fc5b5 elementor-widget elementor-widget-image\" data-id=\"84fc5b5\" data-element_type=\"widget\" data-e-type=\"widget\" data-widget_type=\"image.default\">\n\t\t\t\t<div class=\"elementor-widget-container\">\n\t\t\t\t\t\t\t\t\t\t\t\t\t\t\t<img decoding=\"async\" width=\"1024\" height=\"684\" src=\"https:\/\/dosterraswinegarden.com\/wp-content\/uploads\/2023\/06\/\u00a9EstudiTardet_Terrer_7-1024x684.jpg\" class=\"attachment-large size-large wp-image-13899\" alt=\"\" srcset=\"https:\/\/dosterraswinegarden.com\/wp-content\/uploads\/2023\/06\/\u00a9EstudiTardet_Terrer_7-1024x684.jpg 1024w, https:\/\/dosterraswinegarden.com\/wp-content\/uploads\/2023\/06\/\u00a9EstudiTardet_Terrer_7-300x200.jpg 300w, https:\/\/dosterraswinegarden.com\/wp-content\/uploads\/2023\/06\/\u00a9EstudiTardet_Terrer_7-768x513.jpg 768w, https:\/\/dosterraswinegarden.com\/wp-content\/uploads\/2023\/06\/\u00a9EstudiTardet_Terrer_7-1536x1025.jpg 1536w, https:\/\/dosterraswinegarden.com\/wp-content\/uploads\/2023\/06\/\u00a9EstudiTardet_Terrer_7-2048x1367.jpg 2048w\" sizes=\"(max-width: 1024px) 100vw, 1024px\" \/>\t\t\t\t\t\t\t\t\t\t\t\t\t\t\t<\/div>\n\t\t\t\t<\/div>\n\t\t\t\t\t<\/div>\n\t\t<\/div>\n\t\t\t\t<div class=\"elementor-column elementor-col-50 elementor-inner-column elementor-element elementor-element-7806ed9\" data-id=\"7806ed9\" data-element_type=\"column\" data-e-type=\"column\">\n\t\t\t<div class=\"elementor-widget-wrap elementor-element-populated\">\n\t\t\t\t\t\t<div class=\"elementor-element elementor-element-62197d3 elementor-widget elementor-widget-image\" data-id=\"62197d3\" data-element_type=\"widget\" data-e-type=\"widget\" data-widget_type=\"image.default\">\n\t\t\t\t<div class=\"elementor-widget-container\">\n\t\t\t\t\t\t\t\t\t\t\t\t\t\t\t<img decoding=\"async\" width=\"1024\" height=\"684\" src=\"https:\/\/dosterraswinegarden.com\/wp-content\/uploads\/2023\/06\/\u00a9EstudiTardet_Terrer_16-1024x684.jpg\" class=\"attachment-large size-large wp-image-13875\" alt=\"\" srcset=\"https:\/\/dosterraswinegarden.com\/wp-content\/uploads\/2023\/06\/\u00a9EstudiTardet_Terrer_16-1024x684.jpg 1024w, https:\/\/dosterraswinegarden.com\/wp-content\/uploads\/2023\/06\/\u00a9EstudiTardet_Terrer_16-300x200.jpg 300w, https:\/\/dosterraswinegarden.com\/wp-content\/uploads\/2023\/06\/\u00a9EstudiTardet_Terrer_16-768x513.jpg 768w, https:\/\/dosterraswinegarden.com\/wp-content\/uploads\/2023\/06\/\u00a9EstudiTardet_Terrer_16-1536x1025.jpg 1536w, https:\/\/dosterraswinegarden.com\/wp-content\/uploads\/2023\/06\/\u00a9EstudiTardet_Terrer_16-2048x1367.jpg 2048w\" sizes=\"(max-width: 1024px) 100vw, 1024px\" \/>\t\t\t\t\t\t\t\t\t\t\t\t\t\t\t<\/div>\n\t\t\t\t<\/div>\n\t\t\t\t\t<\/div>\n\t\t<\/div>\n\t\t\t\t\t<\/div>\n\t\t<\/section>\n\t\t\t\t\t<\/div>\n\t\t<\/div>\n\t\t\t\t\t<\/div>\n\t\t<\/section>\n\t\t\t\t<section class=\"elementor-section elementor-top-section elementor-element elementor-element-ac297b8 elementor-section-boxed elementor-section-height-default elementor-section-height-default qodef-elementor-content-no\" data-id=\"ac297b8\" data-element_type=\"section\" data-e-type=\"section\">\n\t\t\t\t\t\t<div class=\"elementor-container elementor-column-gap-default\">\n\t\t\t\t\t<div class=\"elementor-column elementor-col-100 elementor-top-column elementor-element elementor-element-cefd290\" data-id=\"cefd290\" data-element_type=\"column\" data-e-type=\"column\">\n\t\t\t<div class=\"elementor-widget-wrap elementor-element-populated\">\n\t\t\t\t\t\t<div class=\"elementor-element elementor-element-0ce4c84 elementor-widget elementor-widget-heading\" data-id=\"0ce4c84\" data-element_type=\"widget\" data-e-type=\"widget\" data-widget_type=\"heading.default\">\n\t\t\t\t<div class=\"elementor-widget-container\">\n\t\t\t\t\t<h3 class=\"elementor-heading-title elementor-size-default\">3. Planifica las sesiones de yoga<\/h3>\t\t\t\t<\/div>\n\t\t\t\t<\/div>\n\t\t\t\t<div class=\"elementor-element elementor-element-2123b99 elementor-widget elementor-widget-text-editor\" data-id=\"2123b99\" data-element_type=\"widget\" data-e-type=\"widget\" data-widget_type=\"text-editor.default\">\n\t\t\t\t<div class=\"elementor-widget-container\">\n\t\t\t\t\t\t\t\t\t<p>La parte m\u00e1s importante del retiro es organizar las sesiones de yoga. Si t\u00fa no eres profesional del yoga, colabora con instructores de yoga cualificados para dise\u00f1ar un programa de sesiones adaptado a los niveles de los participantes. Puedes programar, por ejemplo, sesiones de yoga por la ma\u00f1ana para despertar el cuerpo y la mente, y sesiones vespertinas para relajarse y estirarse. <\/p>\n\t\t\t\t\t\t\t\t<\/div>\n\t\t\t\t<\/div>\n\t\t\t\t\t<\/div>\n\t\t<\/div>\n\t\t\t\t\t<\/div>\n\t\t<\/section>\n\t\t\t\t<section class=\"elementor-section elementor-top-section elementor-element elementor-element-0475746 elementor-section-boxed elementor-section-height-default elementor-section-height-default qodef-elementor-content-no\" data-id=\"0475746\" data-element_type=\"section\" data-e-type=\"section\">\n\t\t\t\t\t\t<div class=\"elementor-container elementor-column-gap-default\">\n\t\t\t\t\t<div class=\"elementor-column elementor-col-100 elementor-top-column elementor-element elementor-element-28406b2\" data-id=\"28406b2\" data-element_type=\"column\" data-e-type=\"column\">\n\t\t\t<div class=\"elementor-widget-wrap elementor-element-populated\">\n\t\t\t\t\t\t<div class=\"elementor-element elementor-element-66f2f49 elementor-widget elementor-widget-heading\" data-id=\"66f2f49\" data-element_type=\"widget\" data-e-type=\"widget\" data-widget_type=\"heading.default\">\n\t\t\t\t<div class=\"elementor-widget-container\">\n\t\t\t\t\t<h3 class=\"elementor-heading-title elementor-size-default\">4. Incorpora actividades complementarias<\/h3>\t\t\t\t<\/div>\n\t\t\t\t<\/div>\n\t\t\t\t<div class=\"elementor-element elementor-element-8d748f8 elementor-widget elementor-widget-text-editor\" data-id=\"8d748f8\" data-element_type=\"widget\" data-e-type=\"widget\" data-widget_type=\"text-editor.default\">\n\t\t\t\t<div class=\"elementor-widget-container\">\n\t\t\t\t\t\t\t\t\t<p>En un retiro como este, el yoga es lo principal, pero para hacerlo m\u00e1s atractivo, es interesante que valores incorporar otros tipos de actividades. Como por ejemplo, organizar meditaciones guiadas, excursiones de senderismo para disfrutar del paisaje del Priorat e, incluso, una cata de vinos con maridaje de la <a href=\"https:\/\/dosterras.com\">bodega Dosterras.<\/a> El hecho de a\u00f1adir actividades adicionales te ayudar\u00e1 a ofrecer una experiencia a\u00fan m\u00e1s enriquecedora y original.<\/p>\n\t\t\t\t\t\t\t\t<\/div>\n\t\t\t\t<\/div>\n\t\t\t\t<section class=\"elementor-section elementor-inner-section elementor-element elementor-element-49ca232 elementor-section-boxed elementor-section-height-default elementor-section-height-default qodef-elementor-content-no\" data-id=\"49ca232\" data-element_type=\"section\" data-e-type=\"section\">\n\t\t\t\t\t\t<div class=\"elementor-container elementor-column-gap-default\">\n\t\t\t\t\t<div class=\"elementor-column elementor-col-50 elementor-inner-column elementor-element elementor-element-ba55c8c\" data-id=\"ba55c8c\" data-element_type=\"column\" data-e-type=\"column\">\n\t\t\t<div class=\"elementor-widget-wrap elementor-element-populated\">\n\t\t\t\t\t\t<div class=\"elementor-element elementor-element-c0f3586 elementor-widget elementor-widget-image\" data-id=\"c0f3586\" data-element_type=\"widget\" data-e-type=\"widget\" data-widget_type=\"image.default\">\n\t\t\t\t<div class=\"elementor-widget-container\">\n\t\t\t\t\t\t\t\t\t\t\t\t\t\t\t<img loading=\"lazy\" decoding=\"async\" width=\"1024\" height=\"683\" src=\"https:\/\/dosterraswinegarden.com\/wp-content\/uploads\/2024\/05\/Sin-titulo-2560-x-1707-px-4-1024x683.jpg\" class=\"attachment-large size-large wp-image-16107\" alt=\"\" srcset=\"https:\/\/dosterraswinegarden.com\/wp-content\/uploads\/2024\/05\/Sin-titulo-2560-x-1707-px-4-1024x683.jpg 1024w, https:\/\/dosterraswinegarden.com\/wp-content\/uploads\/2024\/05\/Sin-titulo-2560-x-1707-px-4-300x200.jpg 300w, https:\/\/dosterraswinegarden.com\/wp-content\/uploads\/2024\/05\/Sin-titulo-2560-x-1707-px-4-768x512.jpg 768w, https:\/\/dosterraswinegarden.com\/wp-content\/uploads\/2024\/05\/Sin-titulo-2560-x-1707-px-4-1536x1024.jpg 1536w, https:\/\/dosterraswinegarden.com\/wp-content\/uploads\/2024\/05\/Sin-titulo-2560-x-1707-px-4-2048x1366.jpg 2048w\" sizes=\"(max-width: 1024px) 100vw, 1024px\" \/>\t\t\t\t\t\t\t\t\t\t\t\t\t\t\t<\/div>\n\t\t\t\t<\/div>\n\t\t\t\t\t<\/div>\n\t\t<\/div>\n\t\t\t\t<div class=\"elementor-column elementor-col-50 elementor-inner-column elementor-element elementor-element-e4a0053\" data-id=\"e4a0053\" data-element_type=\"column\" data-e-type=\"column\">\n\t\t\t<div class=\"elementor-widget-wrap elementor-element-populated\">\n\t\t\t\t\t\t<div class=\"elementor-element elementor-element-d7e03fe elementor-widget elementor-widget-image\" data-id=\"d7e03fe\" data-element_type=\"widget\" data-e-type=\"widget\" data-widget_type=\"image.default\">\n\t\t\t\t<div class=\"elementor-widget-container\">\n\t\t\t\t\t\t\t\t\t\t\t\t\t\t\t<img loading=\"lazy\" decoding=\"async\" width=\"1024\" height=\"684\" src=\"https:\/\/dosterraswinegarden.com\/wp-content\/uploads\/2023\/08\/\u00a9EstudiTardet_DWG74-1024x684.jpg\" class=\"attachment-large size-large wp-image-14471\" alt=\"\" srcset=\"https:\/\/dosterraswinegarden.com\/wp-content\/uploads\/2023\/08\/\u00a9EstudiTardet_DWG74-1024x684.jpg 1024w, https:\/\/dosterraswinegarden.com\/wp-content\/uploads\/2023\/08\/\u00a9EstudiTardet_DWG74-300x200.jpg 300w, https:\/\/dosterraswinegarden.com\/wp-content\/uploads\/2023\/08\/\u00a9EstudiTardet_DWG74-768x513.jpg 768w, https:\/\/dosterraswinegarden.com\/wp-content\/uploads\/2023\/08\/\u00a9EstudiTardet_DWG74-1536x1025.jpg 1536w, https:\/\/dosterraswinegarden.com\/wp-content\/uploads\/2023\/08\/\u00a9EstudiTardet_DWG74-2048x1367.jpg 2048w\" sizes=\"(max-width: 1024px) 100vw, 1024px\" \/>\t\t\t\t\t\t\t\t\t\t\t\t\t\t\t<\/div>\n\t\t\t\t<\/div>\n\t\t\t\t\t<\/div>\n\t\t<\/div>\n\t\t\t\t\t<\/div>\n\t\t<\/section>\n\t\t\t\t\t<\/div>\n\t\t<\/div>\n\t\t\t\t\t<\/div>\n\t\t<\/section>\n\t\t\t\t<section class=\"elementor-section elementor-top-section elementor-element elementor-element-8903db0 elementor-section-boxed elementor-section-height-default elementor-section-height-default qodef-elementor-content-no\" data-id=\"8903db0\" data-element_type=\"section\" data-e-type=\"section\">\n\t\t\t\t\t\t<div class=\"elementor-container elementor-column-gap-default\">\n\t\t\t\t\t<div class=\"elementor-column elementor-col-100 elementor-top-column elementor-element elementor-element-cc5d026\" data-id=\"cc5d026\" data-element_type=\"column\" data-e-type=\"column\">\n\t\t\t<div class=\"elementor-widget-wrap elementor-element-populated\">\n\t\t\t\t\t\t<div class=\"elementor-element elementor-element-4c8d7a1 elementor-widget elementor-widget-heading\" data-id=\"4c8d7a1\" data-element_type=\"widget\" data-e-type=\"widget\" data-widget_type=\"heading.default\">\n\t\t\t\t<div class=\"elementor-widget-container\">\n\t\t\t\t\t<h3 class=\"elementor-heading-title elementor-size-default\">5. Fomenta la comunidad y la conexi\u00f3n<\/h3>\t\t\t\t<\/div>\n\t\t\t\t<\/div>\n\t\t\t\t<div class=\"elementor-element elementor-element-9468be2 elementor-widget elementor-widget-text-editor\" data-id=\"9468be2\" data-element_type=\"widget\" data-e-type=\"widget\" data-widget_type=\"text-editor.default\">\n\t\t\t\t<div class=\"elementor-widget-container\">\n\t\t\t\t\t\t\t\t\t<p>Este es otro punto importante. Es importante crear un ambiente acogedor e inclusivo donde los participantes se sientan a gusto. Organiza actividades sociales como cenas al aire libre, sesiones de reflexi\u00f3n y gratitud o fogatas nocturnas para fomentar la conexi\u00f3n entre los participantes. De esta manera conseguir\u00e1s crear un grupo unido y cohesionado y, as\u00ed tu retiro de yoga en Dosterras Wine Garden se convertir\u00e1 en una experiencia inolvidable para todos los que participen.<\/p>\n\t\t\t\t\t\t\t\t<\/div>\n\t\t\t\t<\/div>\n\t\t\t\t<div class=\"elementor-element elementor-element-b25d359 elementor-widget elementor-widget-image\" data-id=\"b25d359\" data-element_type=\"widget\" data-e-type=\"widget\" data-widget_type=\"image.default\">\n\t\t\t\t<div class=\"elementor-widget-container\">\n\t\t\t\t\t\t\t\t\t\t\t\t\t\t\t<img loading=\"lazy\" decoding=\"async\" width=\"684\" height=\"1024\" src=\"https:\/\/dosterraswinegarden.com\/wp-content\/uploads\/2022\/08\/FustaiFoc4-684x1024.jpg\" class=\"attachment-large size-large wp-image-10875\" alt=\"\" srcset=\"https:\/\/dosterraswinegarden.com\/wp-content\/uploads\/2022\/08\/FustaiFoc4-684x1024.jpg 684w, https:\/\/dosterraswinegarden.com\/wp-content\/uploads\/2022\/08\/FustaiFoc4-200x300.jpg 200w, https:\/\/dosterraswinegarden.com\/wp-content\/uploads\/2022\/08\/FustaiFoc4-768x1150.jpg 768w, https:\/\/dosterraswinegarden.com\/wp-content\/uploads\/2022\/08\/FustaiFoc4-1025x1536.jpg 1025w, https:\/\/dosterraswinegarden.com\/wp-content\/uploads\/2022\/08\/FustaiFoc4-1367x2048.jpg 1367w, https:\/\/dosterraswinegarden.com\/wp-content\/uploads\/2022\/08\/FustaiFoc4-600x899.jpg 600w, https:\/\/dosterraswinegarden.com\/wp-content\/uploads\/2022\/08\/FustaiFoc4-scaled.jpg 1709w\" sizes=\"(max-width: 684px) 100vw, 684px\" \/>\t\t\t\t\t\t\t\t\t\t\t\t\t\t\t<\/div>\n\t\t\t\t<\/div>\n\t\t\t\t\t<\/div>\n\t\t<\/div>\n\t\t\t\t\t<\/div>\n\t\t<\/section>\n\t\t\t\t<section class=\"elementor-section elementor-top-section elementor-element elementor-element-615f0e0 elementor-section-boxed elementor-section-height-default elementor-section-height-default qodef-elementor-content-no\" data-id=\"615f0e0\" data-element_type=\"section\" data-e-type=\"section\">\n\t\t\t\t\t\t<div class=\"elementor-container elementor-column-gap-default\">\n\t\t\t\t\t<div class=\"elementor-column elementor-col-100 elementor-top-column elementor-element elementor-element-2609437\" data-id=\"2609437\" data-element_type=\"column\" data-e-type=\"column\">\n\t\t\t<div class=\"elementor-widget-wrap elementor-element-populated\">\n\t\t\t\t\t\t<div class=\"elementor-element elementor-element-06ebe68 elementor-widget elementor-widget-heading\" data-id=\"06ebe68\" data-element_type=\"widget\" data-e-type=\"widget\" data-widget_type=\"heading.default\">\n\t\t\t\t<div class=\"elementor-widget-container\">\n\t\t\t\t\t<h3 class=\"elementor-heading-title elementor-size-default\">6. Promociona tu retiro de yoga<\/h3>\t\t\t\t<\/div>\n\t\t\t\t<\/div>\n\t\t\t\t<div class=\"elementor-element elementor-element-d567ede elementor-widget elementor-widget-text-editor\" data-id=\"d567ede\" data-element_type=\"widget\" data-e-type=\"widget\" data-widget_type=\"text-editor.default\">\n\t\t\t\t<div class=\"elementor-widget-container\">\n\t\t\t\t\t\t\t\t\t<p>Una vez lo tienes todo planeado, es momento de darlo a conocer. Una buena manera de hacerlo es a trav\u00e9s de las redes sociales, donde puedes colgar v\u00eddeos e im\u00e1genes para despertar el inter\u00e9s y mostrar los beneficios de venir a disfrutar de esta experiencia. Tambi\u00e9n puedes decirlo a tus amigos y conocidos y que, estos, lo compartan. <\/p>\n\t\t\t\t\t\t\t\t<\/div>\n\t\t\t\t<\/div>\n\t\t\t\t\t<\/div>\n\t\t<\/div>\n\t\t\t\t\t<\/div>\n\t\t<\/section>\n\t\t\t\t<section class=\"elementor-section elementor-top-section elementor-element elementor-element-4a00d84 elementor-section-boxed elementor-section-height-default elementor-section-height-default qodef-elementor-content-no\" data-id=\"4a00d84\" data-element_type=\"section\" data-e-type=\"section\">\n\t\t\t\t\t\t<div class=\"elementor-container elementor-column-gap-default\">\n\t\t\t\t\t<div class=\"elementor-column elementor-col-100 elementor-top-column elementor-element elementor-element-e5d4616\" data-id=\"e5d4616\" data-element_type=\"column\" data-e-type=\"column\">\n\t\t\t<div class=\"elementor-widget-wrap elementor-element-populated\">\n\t\t\t\t\t\t<div class=\"elementor-element elementor-element-8e28249 elementor-widget elementor-widget-text-editor\" data-id=\"8e28249\" data-element_type=\"widget\" data-e-type=\"widget\" data-widget_type=\"text-editor.default\">\n\t\t\t\t<div class=\"elementor-widget-container\">\n\t\t\t\t\t\t\t\t\t<p>Teniendo en cuenta estos seis pasos, podr\u00e1s organizar tu retiro de yoga perfecto en Dosterras Wine Garden. T\u00fa organ\u00edzalo y nosotros ponemos el espacio ideal para conectar con tu cuerpo, mente y la naturaleza que te ofrece este magn\u00edfico paraje del Priorat.<\/p>\n<p><a href=\"https:\/\/dosterraswinegarden.com\/es\/contacto\/\"><strong>Contacta con nosotros<\/strong><\/a> y empecemos a organizar tu retiro de yoga.<\/p>\n\t\t\t\t\t\t\t\t<\/div>\n\t\t\t\t<\/div>\n\t\t\t\t\t<\/div>\n\t\t<\/div>\n\t\t\t\t\t<\/div>\n\t\t<\/section>\n\t\t\t\t<\/div>\n\t\t","protected":false},"excerpt":{"rendered":"<p>\u00bfQuieres organizar el retiro de yoga perfecto? \u00a1Te ayudamos! En este art\u00edculo te explicamos los seis pasos para que sea todo un \u00e9xito.<\/p>\n","protected":false},"author":5,"featured_media":16099,"comment_status":"closed","ping_status":"closed","sticky":false,"template":"","format":"standard","meta":{"_themeisle_gutenberg_block_has_review":false,"_joinchat":[],"footnotes":""},"categories":[137,66],"tags":[],"class_list":["post-16093","post","type-post","status-publish","format-standard","has-post-thumbnail","hentry","category-eventos","category-sin-categorizar"],"yoast_head":"<!-- This site is optimized with the Yoast SEO plugin v27.5 - https:\/\/yoast.com\/product\/yoast-seo-wordpress\/ -->\n<title>C\u00f3mo organizar el retiro de yoga perfecto- Dosterras Wine Garden<\/title>\n<meta name=\"description\" content=\"\u00bfQuieres saber c\u00f3mo organizar el retiro de yoga perfecto? \u00a1Te ayudamos! En este art\u00edculo te explicamos los seis pasos imprescindibles para que sea una experiencia \u00fanica.\" \/>\n<meta name=\"robots\" content=\"index, follow, max-snippet:-1, max-image-preview:large, max-video-preview:-1\" \/>\n<link rel=\"canonical\" href=\"https:\/\/dosterraswinegarden.com\/es\/news\/como-organizar-el-retiro-de-yoga-perfecto\/\" \/>\n<meta property=\"og:locale\" content=\"es_ES\" \/>\n<meta property=\"og:type\" content=\"article\" \/>\n<meta property=\"og:title\" content=\"C\u00f3mo organizar el retiro de yoga perfecto- Dosterras Wine Garden\" \/>\n<meta property=\"og:description\" content=\"\u00bfQuieres saber c\u00f3mo organizar el retiro de yoga perfecto? \u00a1Te ayudamos! En este art\u00edculo te explicamos los seis pasos imprescindibles para que sea una experiencia \u00fanica.\" \/>\n<meta property=\"og:url\" content=\"https:\/\/dosterraswinegarden.com\/es\/news\/como-organizar-el-retiro-de-yoga-perfecto\/\" \/>\n<meta property=\"og:site_name\" content=\"Dosterras Wine Garden\" \/>\n<meta property=\"article:published_time\" content=\"2024-05-13T09:31:02+00:00\" \/>\n<meta property=\"article:modified_time\" content=\"2024-05-13T09:53:50+00:00\" \/>\n<meta property=\"og:image\" content=\"https:\/\/dosterraswinegarden.com\/wp-content\/uploads\/2024\/05\/Sin-titulo-2560-x-1707-px-2.jpg\" \/>\n\t<meta property=\"og:image:width\" content=\"2560\" \/>\n\t<meta property=\"og:image:height\" content=\"1707\" \/>\n\t<meta property=\"og:image:type\" content=\"image\/jpeg\" \/>\n<meta name=\"author\" content=\"Mariona Pellicer\" \/>\n<meta name=\"twitter:card\" content=\"summary_large_image\" \/>\n<meta name=\"twitter:label1\" content=\"Escrito por\" \/>\n\t<meta name=\"twitter:data1\" content=\"Mariona Pellicer\" \/>\n\t<meta name=\"twitter:label2\" content=\"Tiempo de lectura\" \/>\n\t<meta name=\"twitter:data2\" content=\"5 minutos\" \/>\n<script type=\"application\/ld+json\" class=\"yoast-schema-graph\">{\"@context\":\"https:\\\/\\\/schema.org\",\"@graph\":[{\"@type\":\"Article\",\"@id\":\"https:\\\/\\\/dosterraswinegarden.com\\\/es\\\/news\\\/como-organizar-el-retiro-de-yoga-perfecto\\\/#article\",\"isPartOf\":{\"@id\":\"https:\\\/\\\/dosterraswinegarden.com\\\/es\\\/news\\\/como-organizar-el-retiro-de-yoga-perfecto\\\/\"},\"author\":{\"name\":\"Mariona Pellicer\",\"@id\":\"https:\\\/\\\/dosterraswinegarden.com\\\/#\\\/schema\\\/person\\\/5e4e86b4ab204eaefe917301e52e06d3\"},\"headline\":\"C\u00f3mo organizar el retiro de yoga perfecto\",\"datePublished\":\"2024-05-13T09:31:02+00:00\",\"dateModified\":\"2024-05-13T09:53:50+00:00\",\"mainEntityOfPage\":{\"@id\":\"https:\\\/\\\/dosterraswinegarden.com\\\/es\\\/news\\\/como-organizar-el-retiro-de-yoga-perfecto\\\/\"},\"wordCount\":628,\"image\":{\"@id\":\"https:\\\/\\\/dosterraswinegarden.com\\\/es\\\/news\\\/como-organizar-el-retiro-de-yoga-perfecto\\\/#primaryimage\"},\"thumbnailUrl\":\"https:\\\/\\\/dosterraswinegarden.com\\\/wp-content\\\/uploads\\\/2024\\\/05\\\/Sin-titulo-2560-x-1707-px-2.jpg\",\"articleSection\":[\"Eventos\",\"Sin categorizar\"],\"inLanguage\":\"es\"},{\"@type\":\"WebPage\",\"@id\":\"https:\\\/\\\/dosterraswinegarden.com\\\/es\\\/news\\\/como-organizar-el-retiro-de-yoga-perfecto\\\/\",\"url\":\"https:\\\/\\\/dosterraswinegarden.com\\\/es\\\/news\\\/como-organizar-el-retiro-de-yoga-perfecto\\\/\",\"name\":\"C\u00f3mo organizar el retiro de yoga perfecto- Dosterras Wine Garden\",\"isPartOf\":{\"@id\":\"https:\\\/\\\/dosterraswinegarden.com\\\/#website\"},\"primaryImageOfPage\":{\"@id\":\"https:\\\/\\\/dosterraswinegarden.com\\\/es\\\/news\\\/como-organizar-el-retiro-de-yoga-perfecto\\\/#primaryimage\"},\"image\":{\"@id\":\"https:\\\/\\\/dosterraswinegarden.com\\\/es\\\/news\\\/como-organizar-el-retiro-de-yoga-perfecto\\\/#primaryimage\"},\"thumbnailUrl\":\"https:\\\/\\\/dosterraswinegarden.com\\\/wp-content\\\/uploads\\\/2024\\\/05\\\/Sin-titulo-2560-x-1707-px-2.jpg\",\"datePublished\":\"2024-05-13T09:31:02+00:00\",\"dateModified\":\"2024-05-13T09:53:50+00:00\",\"author\":{\"@id\":\"https:\\\/\\\/dosterraswinegarden.com\\\/#\\\/schema\\\/person\\\/5e4e86b4ab204eaefe917301e52e06d3\"},\"description\":\"\u00bfQuieres saber c\u00f3mo organizar el retiro de yoga perfecto? \u00a1Te ayudamos! En este art\u00edculo te explicamos los seis pasos imprescindibles para que sea una experiencia \u00fanica.\",\"breadcrumb\":{\"@id\":\"https:\\\/\\\/dosterraswinegarden.com\\\/es\\\/news\\\/como-organizar-el-retiro-de-yoga-perfecto\\\/#breadcrumb\"},\"inLanguage\":\"es\",\"potentialAction\":[{\"@type\":\"ReadAction\",\"target\":[\"https:\\\/\\\/dosterraswinegarden.com\\\/es\\\/news\\\/como-organizar-el-retiro-de-yoga-perfecto\\\/\"]}]},{\"@type\":\"ImageObject\",\"inLanguage\":\"es\",\"@id\":\"https:\\\/\\\/dosterraswinegarden.com\\\/es\\\/news\\\/como-organizar-el-retiro-de-yoga-perfecto\\\/#primaryimage\",\"url\":\"https:\\\/\\\/dosterraswinegarden.com\\\/wp-content\\\/uploads\\\/2024\\\/05\\\/Sin-titulo-2560-x-1707-px-2.jpg\",\"contentUrl\":\"https:\\\/\\\/dosterraswinegarden.com\\\/wp-content\\\/uploads\\\/2024\\\/05\\\/Sin-titulo-2560-x-1707-px-2.jpg\",\"width\":2560,\"height\":1707,\"caption\":\"com organitzar el retir de ioga perfecte\"},{\"@type\":\"BreadcrumbList\",\"@id\":\"https:\\\/\\\/dosterraswinegarden.com\\\/es\\\/news\\\/como-organizar-el-retiro-de-yoga-perfecto\\\/#breadcrumb\",\"itemListElement\":[{\"@type\":\"ListItem\",\"position\":1,\"name\":\"Inici\",\"item\":\"https:\\\/\\\/dosterraswinegarden.com\\\/es\\\/\"},{\"@type\":\"ListItem\",\"position\":2,\"name\":\"C\u00f3mo organizar el retiro de yoga perfecto\"}]},{\"@type\":\"WebSite\",\"@id\":\"https:\\\/\\\/dosterraswinegarden.com\\\/#website\",\"url\":\"https:\\\/\\\/dosterraswinegarden.com\\\/\",\"name\":\"Dosterras Wine Garden\",\"description\":\"Bodes, events i vins al Priorat\",\"potentialAction\":[{\"@type\":\"SearchAction\",\"target\":{\"@type\":\"EntryPoint\",\"urlTemplate\":\"https:\\\/\\\/dosterraswinegarden.com\\\/?s={search_term_string}\"},\"query-input\":{\"@type\":\"PropertyValueSpecification\",\"valueRequired\":true,\"valueName\":\"search_term_string\"}}],\"inLanguage\":\"es\"},{\"@type\":\"Person\",\"@id\":\"https:\\\/\\\/dosterraswinegarden.com\\\/#\\\/schema\\\/person\\\/5e4e86b4ab204eaefe917301e52e06d3\",\"name\":\"Mariona Pellicer\",\"image\":{\"@type\":\"ImageObject\",\"inLanguage\":\"es\",\"@id\":\"https:\\\/\\\/secure.gravatar.com\\\/avatar\\\/ac957e29a1e14e0bf3566a873be24a7254c7abaa12137fad6da725f42d683d48?s=96&d=blank&r=g\",\"url\":\"https:\\\/\\\/secure.gravatar.com\\\/avatar\\\/ac957e29a1e14e0bf3566a873be24a7254c7abaa12137fad6da725f42d683d48?s=96&d=blank&r=g\",\"contentUrl\":\"https:\\\/\\\/secure.gravatar.com\\\/avatar\\\/ac957e29a1e14e0bf3566a873be24a7254c7abaa12137fad6da725f42d683d48?s=96&d=blank&r=g\",\"caption\":\"Mariona Pellicer\"},\"url\":\"https:\\\/\\\/dosterraswinegarden.com\\\/es\\\/news\\\/author\\\/mariona\\\/\"}]}<\/script>\n<!-- \/ Yoast SEO plugin. -->","yoast_head_json":{"title":"C\u00f3mo organizar el retiro de yoga perfecto- Dosterras Wine Garden","description":"\u00bfQuieres saber c\u00f3mo organizar el retiro de yoga perfecto? \u00a1Te ayudamos! En este art\u00edculo te explicamos los seis pasos imprescindibles para que sea una experiencia \u00fanica.","robots":{"index":"index","follow":"follow","max-snippet":"max-snippet:-1","max-image-preview":"max-image-preview:large","max-video-preview":"max-video-preview:-1"},"canonical":"https:\/\/dosterraswinegarden.com\/es\/news\/como-organizar-el-retiro-de-yoga-perfecto\/","og_locale":"es_ES","og_type":"article","og_title":"C\u00f3mo organizar el retiro de yoga perfecto- Dosterras Wine Garden","og_description":"\u00bfQuieres saber c\u00f3mo organizar el retiro de yoga perfecto? \u00a1Te ayudamos! En este art\u00edculo te explicamos los seis pasos imprescindibles para que sea una experiencia \u00fanica.","og_url":"https:\/\/dosterraswinegarden.com\/es\/news\/como-organizar-el-retiro-de-yoga-perfecto\/","og_site_name":"Dosterras Wine Garden","article_published_time":"2024-05-13T09:31:02+00:00","article_modified_time":"2024-05-13T09:53:50+00:00","og_image":[{"width":2560,"height":1707,"url":"https:\/\/dosterraswinegarden.com\/wp-content\/uploads\/2024\/05\/Sin-titulo-2560-x-1707-px-2.jpg","type":"image\/jpeg"}],"author":"Mariona Pellicer","twitter_card":"summary_large_image","twitter_misc":{"Escrito por":"Mariona Pellicer","Tiempo de lectura":"5 minutos"},"schema":{"@context":"https:\/\/schema.org","@graph":[{"@type":"Article","@id":"https:\/\/dosterraswinegarden.com\/es\/news\/como-organizar-el-retiro-de-yoga-perfecto\/#article","isPartOf":{"@id":"https:\/\/dosterraswinegarden.com\/es\/news\/como-organizar-el-retiro-de-yoga-perfecto\/"},"author":{"name":"Mariona Pellicer","@id":"https:\/\/dosterraswinegarden.com\/#\/schema\/person\/5e4e86b4ab204eaefe917301e52e06d3"},"headline":"C\u00f3mo organizar el retiro de yoga perfecto","datePublished":"2024-05-13T09:31:02+00:00","dateModified":"2024-05-13T09:53:50+00:00","mainEntityOfPage":{"@id":"https:\/\/dosterraswinegarden.com\/es\/news\/como-organizar-el-retiro-de-yoga-perfecto\/"},"wordCount":628,"image":{"@id":"https:\/\/dosterraswinegarden.com\/es\/news\/como-organizar-el-retiro-de-yoga-perfecto\/#primaryimage"},"thumbnailUrl":"https:\/\/dosterraswinegarden.com\/wp-content\/uploads\/2024\/05\/Sin-titulo-2560-x-1707-px-2.jpg","articleSection":["Eventos","Sin categorizar"],"inLanguage":"es"},{"@type":"WebPage","@id":"https:\/\/dosterraswinegarden.com\/es\/news\/como-organizar-el-retiro-de-yoga-perfecto\/","url":"https:\/\/dosterraswinegarden.com\/es\/news\/como-organizar-el-retiro-de-yoga-perfecto\/","name":"C\u00f3mo organizar el retiro de yoga perfecto- Dosterras Wine Garden","isPartOf":{"@id":"https:\/\/dosterraswinegarden.com\/#website"},"primaryImageOfPage":{"@id":"https:\/\/dosterraswinegarden.com\/es\/news\/como-organizar-el-retiro-de-yoga-perfecto\/#primaryimage"},"image":{"@id":"https:\/\/dosterraswinegarden.com\/es\/news\/como-organizar-el-retiro-de-yoga-perfecto\/#primaryimage"},"thumbnailUrl":"https:\/\/dosterraswinegarden.com\/wp-content\/uploads\/2024\/05\/Sin-titulo-2560-x-1707-px-2.jpg","datePublished":"2024-05-13T09:31:02+00:00","dateModified":"2024-05-13T09:53:50+00:00","author":{"@id":"https:\/\/dosterraswinegarden.com\/#\/schema\/person\/5e4e86b4ab204eaefe917301e52e06d3"},"description":"\u00bfQuieres saber c\u00f3mo organizar el retiro de yoga perfecto? \u00a1Te ayudamos! En este art\u00edculo te explicamos los seis pasos imprescindibles para que sea una experiencia \u00fanica.","breadcrumb":{"@id":"https:\/\/dosterraswinegarden.com\/es\/news\/como-organizar-el-retiro-de-yoga-perfecto\/#breadcrumb"},"inLanguage":"es","potentialAction":[{"@type":"ReadAction","target":["https:\/\/dosterraswinegarden.com\/es\/news\/como-organizar-el-retiro-de-yoga-perfecto\/"]}]},{"@type":"ImageObject","inLanguage":"es","@id":"https:\/\/dosterraswinegarden.com\/es\/news\/como-organizar-el-retiro-de-yoga-perfecto\/#primaryimage","url":"https:\/\/dosterraswinegarden.com\/wp-content\/uploads\/2024\/05\/Sin-titulo-2560-x-1707-px-2.jpg","contentUrl":"https:\/\/dosterraswinegarden.com\/wp-content\/uploads\/2024\/05\/Sin-titulo-2560-x-1707-px-2.jpg","width":2560,"height":1707,"caption":"com organitzar el retir de ioga perfecte"},{"@type":"BreadcrumbList","@id":"https:\/\/dosterraswinegarden.com\/es\/news\/como-organizar-el-retiro-de-yoga-perfecto\/#breadcrumb","itemListElement":[{"@type":"ListItem","position":1,"name":"Inici","item":"https:\/\/dosterraswinegarden.com\/es\/"},{"@type":"ListItem","position":2,"name":"C\u00f3mo organizar el retiro de yoga perfecto"}]},{"@type":"WebSite","@id":"https:\/\/dosterraswinegarden.com\/#website","url":"https:\/\/dosterraswinegarden.com\/","name":"Dosterras Wine Garden","description":"Bodes, events i vins al Priorat","potentialAction":[{"@type":"SearchAction","target":{"@type":"EntryPoint","urlTemplate":"https:\/\/dosterraswinegarden.com\/?s={search_term_string}"},"query-input":{"@type":"PropertyValueSpecification","valueRequired":true,"valueName":"search_term_string"}}],"inLanguage":"es"},{"@type":"Person","@id":"https:\/\/dosterraswinegarden.com\/#\/schema\/person\/5e4e86b4ab204eaefe917301e52e06d3","name":"Mariona Pellicer","image":{"@type":"ImageObject","inLanguage":"es","@id":"https:\/\/secure.gravatar.com\/avatar\/ac957e29a1e14e0bf3566a873be24a7254c7abaa12137fad6da725f42d683d48?s=96&d=blank&r=g","url":"https:\/\/secure.gravatar.com\/avatar\/ac957e29a1e14e0bf3566a873be24a7254c7abaa12137fad6da725f42d683d48?s=96&d=blank&r=g","contentUrl":"https:\/\/secure.gravatar.com\/avatar\/ac957e29a1e14e0bf3566a873be24a7254c7abaa12137fad6da725f42d683d48?s=96&d=blank&r=g","caption":"Mariona Pellicer"},"url":"https:\/\/dosterraswinegarden.com\/es\/news\/author\/mariona\/"}]}},"_links":{"self":[{"href":"https:\/\/dosterraswinegarden.com\/es\/wp-json\/wp\/v2\/posts\/16093","targetHints":{"allow":["GET"]}}],"collection":[{"href":"https:\/\/dosterraswinegarden.com\/es\/wp-json\/wp\/v2\/posts"}],"about":[{"href":"https:\/\/dosterraswinegarden.com\/es\/wp-json\/wp\/v2\/types\/post"}],"author":[{"embeddable":true,"href":"https:\/\/dosterraswinegarden.com\/es\/wp-json\/wp\/v2\/users\/5"}],"replies":[{"embeddable":true,"href":"https:\/\/dosterraswinegarden.com\/es\/wp-json\/wp\/v2\/comments?post=16093"}],"version-history":[{"count":5,"href":"https:\/\/dosterraswinegarden.com\/es\/wp-json\/wp\/v2\/posts\/16093\/revisions"}],"predecessor-version":[{"id":16117,"href":"https:\/\/dosterraswinegarden.com\/es\/wp-json\/wp\/v2\/posts\/16093\/revisions\/16117"}],"wp:featuredmedia":[{"embeddable":true,"href":"https:\/\/dosterraswinegarden.com\/es\/wp-json\/wp\/v2\/media\/16099"}],"wp:attachment":[{"href":"https:\/\/dosterraswinegarden.com\/es\/wp-json\/wp\/v2\/media?parent=16093"}],"wp:term":[{"taxonomy":"category","embeddable":true,"href":"https:\/\/dosterraswinegarden.com\/es\/wp-json\/wp\/v2\/categories?post=16093"},{"taxonomy":"post_tag","embeddable":true,"href":"https:\/\/dosterraswinegarden.com\/es\/wp-json\/wp\/v2\/tags?post=16093"}],"curies":[{"name":"wp","href":"https:\/\/api.w.org\/{rel}","templated":true}]}}