{"id":16526,"date":"2024-06-18T13:09:00","date_gmt":"2024-06-18T13:09:00","guid":{"rendered":"https:\/\/dosterraswinegarden.com\/?p=16526"},"modified":"2024-09-26T11:24:40","modified_gmt":"2024-09-26T11:24:40","slug":"diseno-de-espacios-en-eventos-corporativos","status":"publish","type":"post","link":"https:\/\/dosterraswinegarden.com\/es\/news\/diseno-de-espacios-en-eventos-corporativos\/","title":{"rendered":"Dise\u00f1o de espacios en eventos corporativos"},"content":{"rendered":"\t\t<div data-elementor-type=\"wp-post\" data-elementor-id=\"16526\" class=\"elementor elementor-16526 elementor-16524\">\n\t\t\t\t\t\t<section class=\"elementor-section elementor-top-section elementor-element elementor-element-ab2f973 elementor-section-boxed elementor-section-height-default elementor-section-height-default qodef-elementor-content-no\" data-id=\"ab2f973\" data-element_type=\"section\" data-e-type=\"section\">\n\t\t\t\t\t\t<div class=\"elementor-container elementor-column-gap-default\">\n\t\t\t\t\t<div class=\"elementor-column elementor-col-100 elementor-top-column elementor-element elementor-element-3c6fbd5\" data-id=\"3c6fbd5\" data-element_type=\"column\" data-e-type=\"column\">\n\t\t\t<div class=\"elementor-widget-wrap elementor-element-populated\">\n\t\t\t\t\t\t<div class=\"elementor-element elementor-element-a9205a8 elementor-widget elementor-widget-text-editor\" data-id=\"a9205a8\" data-element_type=\"widget\" data-e-type=\"widget\" data-widget_type=\"text-editor.default\">\n\t\t\t\t<div class=\"elementor-widget-container\">\n\t\t\t\t\t\t\t\t\t<p>Organizar un evento corporativo exitoso depende de muchas cosas. Por eso, el dise\u00f1o de espacios en eventos corporativos es un elemento clave para garantizar que los asistentes se sientan c\u00f3modos, inspirados y preparados para interactuar y aprender. En este art\u00edculo, te explicamos c\u00f3mo crear ambientes que cumplan con estos objetivos.<\/p>\n\t\t\t\t\t\t\t\t<\/div>\n\t\t\t\t<\/div>\n\t\t\t\t\t<\/div>\n\t\t<\/div>\n\t\t\t\t\t<\/div>\n\t\t<\/section>\n\t\t\t\t<section class=\"elementor-section elementor-top-section elementor-element elementor-element-094e7aa elementor-section-boxed elementor-section-height-default elementor-section-height-default qodef-elementor-content-no\" data-id=\"094e7aa\" data-element_type=\"section\" data-e-type=\"section\">\n\t\t\t\t\t\t<div class=\"elementor-container elementor-column-gap-default\">\n\t\t\t\t\t<div class=\"elementor-column elementor-col-100 elementor-top-column elementor-element elementor-element-321672d\" data-id=\"321672d\" data-element_type=\"column\" data-e-type=\"column\">\n\t\t\t<div class=\"elementor-widget-wrap elementor-element-populated\">\n\t\t\t\t\t\t<div class=\"elementor-element elementor-element-ca8b55c elementor-widget elementor-widget-heading\" data-id=\"ca8b55c\" data-element_type=\"widget\" data-e-type=\"widget\" data-widget_type=\"heading.default\">\n\t\t\t\t<div class=\"elementor-widget-container\">\n\t\t\t\t\t<h2 class=\"elementor-heading-title elementor-size-default\">La importancia del dise\u00f1o de espacios en eventos corporativos<\/h2>\t\t\t\t<\/div>\n\t\t\t\t<\/div>\n\t\t\t\t<div class=\"elementor-element elementor-element-fea9838 elementor-widget elementor-widget-text-editor\" data-id=\"fea9838\" data-element_type=\"widget\" data-e-type=\"widget\" data-widget_type=\"text-editor.default\">\n\t\t\t\t<div class=\"elementor-widget-container\">\n\t\t\t\t\t\t\t\t\t<p>Un buen dise\u00f1o de espacios puede transformar completamente la experiencia de los participantes en un evento. Por ejemplo, si durante los primeros minutos de llegada del participante, el espacio crea una impresi\u00f3n positiva, esto marcar\u00e1 el \u00e9xito del evento.<\/p>\n<p>Por otro lado, la organizaci\u00f3n y distribuci\u00f3n del espacio pueden facilitar el flujo de asistentes, reduciendo congestiones y asegurando que todas las actividades se desarrollen sin problemas.<\/p>\n<p>Adem\u00e1s, un ambiente inspirador puede fomentar la creatividad y la colaboraci\u00f3n entre los participantes, aspectos clave en muchos eventos corporativos.<\/p><\/p>\n\t\t\t\t\t\t\t\t<\/div>\n\t\t\t\t<\/div>\n\t\t\t\t\t<\/div>\n\t\t<\/div>\n\t\t\t\t\t<\/div>\n\t\t<\/section>\n\t\t\t\t<section class=\"elementor-section elementor-top-section elementor-element elementor-element-d29be9d elementor-section-boxed elementor-section-height-default elementor-section-height-default qodef-elementor-content-no\" data-id=\"d29be9d\" data-element_type=\"section\" data-e-type=\"section\">\n\t\t\t\t\t\t<div class=\"elementor-container elementor-column-gap-default\">\n\t\t\t\t\t<div class=\"elementor-column elementor-col-100 elementor-top-column elementor-element elementor-element-da16aed\" data-id=\"da16aed\" data-element_type=\"column\" data-e-type=\"column\">\n\t\t\t<div class=\"elementor-widget-wrap elementor-element-populated\">\n\t\t\t\t\t\t<div class=\"elementor-element elementor-element-7bae00e elementor-widget elementor-widget-heading\" data-id=\"7bae00e\" data-element_type=\"widget\" data-e-type=\"widget\" data-widget_type=\"heading.default\">\n\t\t\t\t<div class=\"elementor-widget-container\">\n\t\t\t\t\t<h3 class=\"elementor-heading-title elementor-size-default\">Pasos para crear un espacio inspirador y funcional<\/h3>\t\t\t\t<\/div>\n\t\t\t\t<\/div>\n\t\t\t\t<div class=\"elementor-element elementor-element-daac545 elementor-widget elementor-widget-heading\" data-id=\"daac545\" data-element_type=\"widget\" data-e-type=\"widget\" data-widget_type=\"heading.default\">\n\t\t\t\t<div class=\"elementor-widget-container\">\n\t\t\t\t\t<h3 class=\"elementor-heading-title elementor-size-default\">1. Define los objetivos del evento<\/h3>\t\t\t\t<\/div>\n\t\t\t\t<\/div>\n\t\t\t\t<div class=\"elementor-element elementor-element-bfab4b9 elementor-widget elementor-widget-text-editor\" data-id=\"bfab4b9\" data-element_type=\"widget\" data-e-type=\"widget\" data-widget_type=\"text-editor.default\">\n\t\t\t\t<div class=\"elementor-widget-container\">\n\t\t\t\t\t\t\t\t\t<p>Antes de comenzar a dise\u00f1ar el espacio, es fundamental tener claro cu\u00e1les son los objetivos del evento. \u00bfSe trata de una conferencia, un taller, una reuni\u00f3n de networking o una combinaci\u00f3n de varios tipos de eventos? Cada tipo de evento requiere un dise\u00f1o de espacio diferente.<\/p>\n\t\t\t\t\t\t\t\t<\/div>\n\t\t\t\t<\/div>\n\t\t\t\t\t<\/div>\n\t\t<\/div>\n\t\t\t\t\t<\/div>\n\t\t<\/section>\n\t\t\t\t<section class=\"elementor-section elementor-top-section elementor-element elementor-element-ac297b8 elementor-section-boxed elementor-section-height-default elementor-section-height-default qodef-elementor-content-no\" data-id=\"ac297b8\" data-element_type=\"section\" data-e-type=\"section\">\n\t\t\t\t\t\t<div class=\"elementor-container elementor-column-gap-default\">\n\t\t\t\t\t<div class=\"elementor-column elementor-col-100 elementor-top-column elementor-element elementor-element-cefd290\" data-id=\"cefd290\" data-element_type=\"column\" data-e-type=\"column\">\n\t\t\t<div class=\"elementor-widget-wrap elementor-element-populated\">\n\t\t\t\t\t\t<div class=\"elementor-element elementor-element-0ce4c84 elementor-widget elementor-widget-heading\" data-id=\"0ce4c84\" data-element_type=\"widget\" data-e-type=\"widget\" data-widget_type=\"heading.default\">\n\t\t\t\t<div class=\"elementor-widget-container\">\n\t\t\t\t\t<h3 class=\"elementor-heading-title elementor-size-default\">2. Escoge el sitio<\/h3>\t\t\t\t<\/div>\n\t\t\t\t<\/div>\n\t\t\t\t<div class=\"elementor-element elementor-element-2123b99 elementor-widget elementor-widget-text-editor\" data-id=\"2123b99\" data-element_type=\"widget\" data-e-type=\"widget\" data-widget_type=\"text-editor.default\">\n\t\t\t\t<div class=\"elementor-widget-container\">\n\t\t\t\t\t\t\t\t\t<p>La selecci\u00f3n del lugar es uno de los primeros pasos y m\u00e1s importantes. En Dosterras Wine Garden, por ejemplo, ofrecemos una combinaci\u00f3n de espacios interiores y exteriores que pueden adaptarse a diferentes necesidades. Lugares como el nuestro proporcionan una flexibilidad que permite ajustarse a cambios de planes y necesidades espec\u00edficas del evento.<\/p>\n\t\t\t\t\t\t\t\t<\/div>\n\t\t\t\t<\/div>\n\t\t\t\t<div class=\"elementor-element elementor-element-73e3f92 elementor-widget elementor-widget-image\" data-id=\"73e3f92\" data-element_type=\"widget\" data-e-type=\"widget\" data-widget_type=\"image.default\">\n\t\t\t\t<div class=\"elementor-widget-container\">\n\t\t\t\t\t\t\t\t\t\t\t\t\t\t\t<img fetchpriority=\"high\" decoding=\"async\" width=\"1024\" height=\"683\" src=\"https:\/\/dosterraswinegarden.com\/wp-content\/uploads\/2024\/06\/Sin-titulo-2560-x-1707-px-22-1024x683.jpg\" class=\"attachment-large size-large wp-image-16533\" alt=\"\" srcset=\"https:\/\/dosterraswinegarden.com\/wp-content\/uploads\/2024\/06\/Sin-titulo-2560-x-1707-px-22-1024x683.jpg 1024w, https:\/\/dosterraswinegarden.com\/wp-content\/uploads\/2024\/06\/Sin-titulo-2560-x-1707-px-22-300x200.jpg 300w, https:\/\/dosterraswinegarden.com\/wp-content\/uploads\/2024\/06\/Sin-titulo-2560-x-1707-px-22-768x512.jpg 768w, https:\/\/dosterraswinegarden.com\/wp-content\/uploads\/2024\/06\/Sin-titulo-2560-x-1707-px-22-1536x1024.jpg 1536w, https:\/\/dosterraswinegarden.com\/wp-content\/uploads\/2024\/06\/Sin-titulo-2560-x-1707-px-22-2048x1366.jpg 2048w\" sizes=\"(max-width: 1024px) 100vw, 1024px\" \/>\t\t\t\t\t\t\t\t\t\t\t\t\t\t\t<\/div>\n\t\t\t\t<\/div>\n\t\t\t\t\t<\/div>\n\t\t<\/div>\n\t\t\t\t\t<\/div>\n\t\t<\/section>\n\t\t\t\t<section class=\"elementor-section elementor-top-section elementor-element elementor-element-0475746 elementor-section-boxed elementor-section-height-default elementor-section-height-default qodef-elementor-content-no\" data-id=\"0475746\" data-element_type=\"section\" data-e-type=\"section\">\n\t\t\t\t\t\t<div class=\"elementor-container elementor-column-gap-default\">\n\t\t\t\t\t<div class=\"elementor-column elementor-col-100 elementor-top-column elementor-element elementor-element-28406b2\" data-id=\"28406b2\" data-element_type=\"column\" data-e-type=\"column\">\n\t\t\t<div class=\"elementor-widget-wrap elementor-element-populated\">\n\t\t\t\t\t\t<div class=\"elementor-element elementor-element-66f2f49 elementor-widget elementor-widget-heading\" data-id=\"66f2f49\" data-element_type=\"widget\" data-e-type=\"widget\" data-widget_type=\"heading.default\">\n\t\t\t\t<div class=\"elementor-widget-container\">\n\t\t\t\t\t<h3 class=\"elementor-heading-title elementor-size-default\">3. Divisi\u00f3n del espacio<\/h3>\t\t\t\t<\/div>\n\t\t\t\t<\/div>\n\t\t\t\t<div class=\"elementor-element elementor-element-8d748f8 elementor-widget elementor-widget-text-editor\" data-id=\"8d748f8\" data-element_type=\"widget\" data-e-type=\"widget\" data-widget_type=\"text-editor.default\">\n\t\t\t\t<div class=\"elementor-widget-container\">\n\t\t\t\t\t\t\t\t\t<p>Una vez elegido el lugar, es hora de planificar c\u00f3mo dividir\u00e1s el espacio. Esta divisi\u00f3n debe estar pensada seg\u00fan las actividades programadas:<\/p>\n<ul>\n<li><strong>\u00c1reas de conferencia<\/strong>: Elige un espacio con buena visibilidad para los ponentes, equipamiento audiovisual adecuado y asientos c\u00f3modos.<\/li>\n<li><strong>Zonas de Networking: <\/strong> Dedica un espacio m\u00e1s relajado con asientos informales, donde los asistentes puedan socializar y hacer contactos.<\/li>\n<li><strong>\u00c1reas de taller:<\/strong> Crea un espacio din\u00e1mico que permita el movimiento y la colaboraci\u00f3n, con mesas y sillas m\u00f3viles.<\/li>\n<li><strong>Zonas para relajarse: <\/strong> Destina un espacio tranquilo donde los asistentes puedan descansar y desconectar durante los descansos.<\/li>\n<\/ul>\n\t\t\t\t\t\t\t\t<\/div>\n\t\t\t\t<\/div>\n\t\t\t\t<div class=\"elementor-element elementor-element-c0f3586 elementor-widget elementor-widget-image\" data-id=\"c0f3586\" data-element_type=\"widget\" data-e-type=\"widget\" data-widget_type=\"image.default\">\n\t\t\t\t<div class=\"elementor-widget-container\">\n\t\t\t\t\t\t\t\t\t\t\t\t\t\t\t<img decoding=\"async\" width=\"1024\" height=\"683\" src=\"https:\/\/dosterraswinegarden.com\/wp-content\/uploads\/2024\/06\/Sin-titulo-2560-x-1707-px-20-1024x683.jpg\" class=\"attachment-large size-large wp-image-16537\" alt=\"disseny d&#039;espais per esdeveniments corporatius\" srcset=\"https:\/\/dosterraswinegarden.com\/wp-content\/uploads\/2024\/06\/Sin-titulo-2560-x-1707-px-20-1024x683.jpg 1024w, https:\/\/dosterraswinegarden.com\/wp-content\/uploads\/2024\/06\/Sin-titulo-2560-x-1707-px-20-300x200.jpg 300w, https:\/\/dosterraswinegarden.com\/wp-content\/uploads\/2024\/06\/Sin-titulo-2560-x-1707-px-20-768x512.jpg 768w, https:\/\/dosterraswinegarden.com\/wp-content\/uploads\/2024\/06\/Sin-titulo-2560-x-1707-px-20-1536x1024.jpg 1536w, https:\/\/dosterraswinegarden.com\/wp-content\/uploads\/2024\/06\/Sin-titulo-2560-x-1707-px-20-2048x1366.jpg 2048w\" sizes=\"(max-width: 1024px) 100vw, 1024px\" \/>\t\t\t\t\t\t\t\t\t\t\t\t\t\t\t<\/div>\n\t\t\t\t<\/div>\n\t\t\t\t\t<\/div>\n\t\t<\/div>\n\t\t\t\t\t<\/div>\n\t\t<\/section>\n\t\t\t\t<section class=\"elementor-section elementor-top-section elementor-element elementor-element-615f0e0 elementor-section-boxed elementor-section-height-default elementor-section-height-default qodef-elementor-content-no\" data-id=\"615f0e0\" data-element_type=\"section\" data-e-type=\"section\">\n\t\t\t\t\t\t<div class=\"elementor-container elementor-column-gap-default\">\n\t\t\t\t\t<div class=\"elementor-column elementor-col-100 elementor-top-column elementor-element elementor-element-2609437\" data-id=\"2609437\" data-element_type=\"column\" data-e-type=\"column\">\n\t\t\t<div class=\"elementor-widget-wrap elementor-element-populated\">\n\t\t\t\t\t\t<div class=\"elementor-element elementor-element-06ebe68 elementor-widget elementor-widget-heading\" data-id=\"06ebe68\" data-element_type=\"widget\" data-e-type=\"widget\" data-widget_type=\"heading.default\">\n\t\t\t\t<div class=\"elementor-widget-container\">\n\t\t\t\t\t<h3 class=\"elementor-heading-title elementor-size-default\">4. Decoraci\u00f3n y ambientaci\u00f3n<\/h3>\t\t\t\t<\/div>\n\t\t\t\t<\/div>\n\t\t\t\t<div class=\"elementor-element elementor-element-d567ede elementor-widget elementor-widget-text-editor\" data-id=\"d567ede\" data-element_type=\"widget\" data-e-type=\"widget\" data-widget_type=\"text-editor.default\">\n\t\t\t\t<div class=\"elementor-widget-container\">\n\t\t\t\t\t\t\t\t\t<p>La decoraci\u00f3n te ayudar\u00e1 a darle personalidad a tu evento corporativo. Puedes incluir <strong>plantas y flores<\/strong> para hacerlo m\u00e1s acogedor y agradable, e incluso algunas obras de arte para que sea m\u00e1s sofisticado. Tambi\u00e9n es interesante que a\u00f1adas <strong>detalles personalizados seg\u00fan la tem\u00e1tica<\/strong> del evento.<\/p>\n\t\t\t\t\t\t\t\t<\/div>\n\t\t\t\t<\/div>\n\t\t\t\t<section class=\"elementor-section elementor-inner-section elementor-element elementor-element-2763901 elementor-section-boxed elementor-section-height-default elementor-section-height-default qodef-elementor-content-no\" data-id=\"2763901\" data-element_type=\"section\" data-e-type=\"section\">\n\t\t\t\t\t\t<div class=\"elementor-container elementor-column-gap-default\">\n\t\t\t\t\t<div class=\"elementor-column elementor-col-50 elementor-inner-column elementor-element elementor-element-6a22bbb\" data-id=\"6a22bbb\" data-element_type=\"column\" data-e-type=\"column\">\n\t\t\t<div class=\"elementor-widget-wrap elementor-element-populated\">\n\t\t\t\t\t\t<div class=\"elementor-element elementor-element-9ad2eba elementor-widget elementor-widget-image\" data-id=\"9ad2eba\" data-element_type=\"widget\" data-e-type=\"widget\" data-widget_type=\"image.default\">\n\t\t\t\t<div class=\"elementor-widget-container\">\n\t\t\t\t\t\t\t\t\t\t\t\t\t\t\t<img decoding=\"async\" width=\"1024\" height=\"683\" src=\"https:\/\/dosterraswinegarden.com\/wp-content\/uploads\/2024\/06\/Sin-titulo-2560-x-1707-px-23-1024x683.jpg\" class=\"attachment-large size-large wp-image-16540\" alt=\"disseny d&#039;espais per esdeveniments corporatius\" srcset=\"https:\/\/dosterraswinegarden.com\/wp-content\/uploads\/2024\/06\/Sin-titulo-2560-x-1707-px-23-1024x683.jpg 1024w, https:\/\/dosterraswinegarden.com\/wp-content\/uploads\/2024\/06\/Sin-titulo-2560-x-1707-px-23-300x200.jpg 300w, https:\/\/dosterraswinegarden.com\/wp-content\/uploads\/2024\/06\/Sin-titulo-2560-x-1707-px-23-768x512.jpg 768w, https:\/\/dosterraswinegarden.com\/wp-content\/uploads\/2024\/06\/Sin-titulo-2560-x-1707-px-23-1536x1024.jpg 1536w, https:\/\/dosterraswinegarden.com\/wp-content\/uploads\/2024\/06\/Sin-titulo-2560-x-1707-px-23-2048x1366.jpg 2048w\" sizes=\"(max-width: 1024px) 100vw, 1024px\" \/>\t\t\t\t\t\t\t\t\t\t\t\t\t\t\t<\/div>\n\t\t\t\t<\/div>\n\t\t\t\t\t<\/div>\n\t\t<\/div>\n\t\t\t\t<div class=\"elementor-column elementor-col-50 elementor-inner-column elementor-element elementor-element-cb93e47\" data-id=\"cb93e47\" data-element_type=\"column\" data-e-type=\"column\">\n\t\t\t<div class=\"elementor-widget-wrap elementor-element-populated\">\n\t\t\t\t\t\t<div class=\"elementor-element elementor-element-856563a elementor-widget elementor-widget-image\" data-id=\"856563a\" data-element_type=\"widget\" data-e-type=\"widget\" data-widget_type=\"image.default\">\n\t\t\t\t<div class=\"elementor-widget-container\">\n\t\t\t\t\t\t\t\t\t\t\t\t\t\t\t<img loading=\"lazy\" decoding=\"async\" width=\"1024\" height=\"683\" src=\"https:\/\/dosterraswinegarden.com\/wp-content\/uploads\/2024\/06\/Sin-titulo-2560-x-1707-px-21-1024x683.jpg\" class=\"attachment-large size-large wp-image-16543\" alt=\"disseny espai\" srcset=\"https:\/\/dosterraswinegarden.com\/wp-content\/uploads\/2024\/06\/Sin-titulo-2560-x-1707-px-21-1024x683.jpg 1024w, https:\/\/dosterraswinegarden.com\/wp-content\/uploads\/2024\/06\/Sin-titulo-2560-x-1707-px-21-300x200.jpg 300w, https:\/\/dosterraswinegarden.com\/wp-content\/uploads\/2024\/06\/Sin-titulo-2560-x-1707-px-21-768x512.jpg 768w, https:\/\/dosterraswinegarden.com\/wp-content\/uploads\/2024\/06\/Sin-titulo-2560-x-1707-px-21-1536x1024.jpg 1536w, https:\/\/dosterraswinegarden.com\/wp-content\/uploads\/2024\/06\/Sin-titulo-2560-x-1707-px-21-2048x1366.jpg 2048w\" sizes=\"(max-width: 1024px) 100vw, 1024px\" \/>\t\t\t\t\t\t\t\t\t\t\t\t\t\t\t<\/div>\n\t\t\t\t<\/div>\n\t\t\t\t\t<\/div>\n\t\t<\/div>\n\t\t\t\t\t<\/div>\n\t\t<\/section>\n\t\t\t\t\t<\/div>\n\t\t<\/div>\n\t\t\t\t\t<\/div>\n\t\t<\/section>\n\t\t\t\t<section class=\"elementor-section elementor-top-section elementor-element elementor-element-8903db0 elementor-section-boxed elementor-section-height-default elementor-section-height-default qodef-elementor-content-no\" data-id=\"8903db0\" data-element_type=\"section\" data-e-type=\"section\">\n\t\t\t\t\t\t<div class=\"elementor-container elementor-column-gap-default\">\n\t\t\t\t\t<div class=\"elementor-column elementor-col-100 elementor-top-column elementor-element elementor-element-cc5d026\" data-id=\"cc5d026\" data-element_type=\"column\" data-e-type=\"column\">\n\t\t\t<div class=\"elementor-widget-wrap elementor-element-populated\">\n\t\t\t\t\t\t<div class=\"elementor-element elementor-element-4c8d7a1 elementor-widget elementor-widget-heading\" data-id=\"4c8d7a1\" data-element_type=\"widget\" data-e-type=\"widget\" data-widget_type=\"heading.default\">\n\t\t\t\t<div class=\"elementor-widget-container\">\n\t\t\t\t\t<h3 class=\"elementor-heading-title elementor-size-default\">5. Zonas de comida y bebida<\/h3>\t\t\t\t<\/div>\n\t\t\t\t<\/div>\n\t\t\t\t<div class=\"elementor-element elementor-element-9468be2 elementor-widget elementor-widget-text-editor\" data-id=\"9468be2\" data-element_type=\"widget\" data-e-type=\"widget\" data-widget_type=\"text-editor.default\">\n\t\t\t\t<div class=\"elementor-widget-container\">\n\t\t\t\t\t\t\t\t\t<p>Les \u00e1reas de comida y bebida son fundamentales para el bienestar de los participantes. Dedica un espacio para el buf\u00e9 y las barras, que est\u00e9n bien distribuidos para evitar aglomeraciones. <\/p>\n<p>Es importante que pienses en opciones de comida saludables para mantener a los asistentes con energ\u00eda y, adem\u00e1s, dar\u00e1 un toque <em>healthy<\/em> al evento. Finalmente, disp\u00f3n de agua o de otras bebidas en diferentes puntos.<\/p>\n\t\t\t\t\t\t\t\t<\/div>\n\t\t\t\t<\/div>\n\t\t\t\t<section class=\"elementor-section elementor-inner-section elementor-element elementor-element-f31b388 elementor-section-boxed elementor-section-height-default elementor-section-height-default qodef-elementor-content-no\" data-id=\"f31b388\" data-element_type=\"section\" data-e-type=\"section\">\n\t\t\t\t\t\t<div class=\"elementor-container elementor-column-gap-default\">\n\t\t\t\t\t<div class=\"elementor-column elementor-col-50 elementor-inner-column elementor-element elementor-element-f8082d5\" data-id=\"f8082d5\" data-element_type=\"column\" data-e-type=\"column\">\n\t\t\t<div class=\"elementor-widget-wrap elementor-element-populated\">\n\t\t\t\t\t\t<div class=\"elementor-element elementor-element-5ff95ca elementor-widget elementor-widget-image\" data-id=\"5ff95ca\" data-element_type=\"widget\" data-e-type=\"widget\" data-widget_type=\"image.default\">\n\t\t\t\t<div class=\"elementor-widget-container\">\n\t\t\t\t\t\t\t\t\t\t\t\t\t\t\t<img loading=\"lazy\" decoding=\"async\" width=\"1024\" height=\"683\" src=\"https:\/\/dosterraswinegarden.com\/wp-content\/uploads\/2024\/06\/Sin-titulo-2560-x-1707-px-19-1024x683.jpg\" class=\"attachment-large size-large wp-image-16549\" alt=\"opcions gastron\u00f2miques esdeveniment corporatiu\" srcset=\"https:\/\/dosterraswinegarden.com\/wp-content\/uploads\/2024\/06\/Sin-titulo-2560-x-1707-px-19-1024x683.jpg 1024w, https:\/\/dosterraswinegarden.com\/wp-content\/uploads\/2024\/06\/Sin-titulo-2560-x-1707-px-19-300x200.jpg 300w, https:\/\/dosterraswinegarden.com\/wp-content\/uploads\/2024\/06\/Sin-titulo-2560-x-1707-px-19-768x512.jpg 768w, https:\/\/dosterraswinegarden.com\/wp-content\/uploads\/2024\/06\/Sin-titulo-2560-x-1707-px-19-1536x1024.jpg 1536w, https:\/\/dosterraswinegarden.com\/wp-content\/uploads\/2024\/06\/Sin-titulo-2560-x-1707-px-19-2048x1366.jpg 2048w\" sizes=\"(max-width: 1024px) 100vw, 1024px\" \/>\t\t\t\t\t\t\t\t\t\t\t\t\t\t\t<\/div>\n\t\t\t\t<\/div>\n\t\t\t\t\t<\/div>\n\t\t<\/div>\n\t\t\t\t<div class=\"elementor-column elementor-col-50 elementor-inner-column elementor-element elementor-element-ae5f621\" data-id=\"ae5f621\" data-element_type=\"column\" data-e-type=\"column\">\n\t\t\t<div class=\"elementor-widget-wrap elementor-element-populated\">\n\t\t\t\t\t\t<div class=\"elementor-element elementor-element-d58c364 elementor-widget elementor-widget-image\" data-id=\"d58c364\" data-element_type=\"widget\" data-e-type=\"widget\" data-widget_type=\"image.default\">\n\t\t\t\t<div class=\"elementor-widget-container\">\n\t\t\t\t\t\t\t\t\t\t\t\t\t\t\t<img loading=\"lazy\" decoding=\"async\" width=\"1024\" height=\"683\" src=\"https:\/\/dosterraswinegarden.com\/wp-content\/uploads\/2024\/06\/Sin-titulo-2560-x-1707-px-17-1024x683.jpg\" class=\"attachment-large size-large wp-image-16546\" alt=\"buffet esdeveniment corporatiu\" srcset=\"https:\/\/dosterraswinegarden.com\/wp-content\/uploads\/2024\/06\/Sin-titulo-2560-x-1707-px-17-1024x683.jpg 1024w, https:\/\/dosterraswinegarden.com\/wp-content\/uploads\/2024\/06\/Sin-titulo-2560-x-1707-px-17-300x200.jpg 300w, https:\/\/dosterraswinegarden.com\/wp-content\/uploads\/2024\/06\/Sin-titulo-2560-x-1707-px-17-768x512.jpg 768w, https:\/\/dosterraswinegarden.com\/wp-content\/uploads\/2024\/06\/Sin-titulo-2560-x-1707-px-17-1536x1024.jpg 1536w, https:\/\/dosterraswinegarden.com\/wp-content\/uploads\/2024\/06\/Sin-titulo-2560-x-1707-px-17-2048x1366.jpg 2048w\" sizes=\"(max-width: 1024px) 100vw, 1024px\" \/>\t\t\t\t\t\t\t\t\t\t\t\t\t\t\t<\/div>\n\t\t\t\t<\/div>\n\t\t\t\t\t<\/div>\n\t\t<\/div>\n\t\t\t\t\t<\/div>\n\t\t<\/section>\n\t\t\t\t\t<\/div>\n\t\t<\/div>\n\t\t\t\t\t<\/div>\n\t\t<\/section>\n\t\t\t\t<section class=\"elementor-section elementor-top-section elementor-element elementor-element-4a00d84 elementor-section-boxed elementor-section-height-default elementor-section-height-default qodef-elementor-content-no\" data-id=\"4a00d84\" data-element_type=\"section\" data-e-type=\"section\">\n\t\t\t\t\t\t<div class=\"elementor-container elementor-column-gap-default\">\n\t\t\t\t\t<div class=\"elementor-column elementor-col-100 elementor-top-column elementor-element elementor-element-e5d4616\" data-id=\"e5d4616\" data-element_type=\"column\" data-e-type=\"column\">\n\t\t\t<div class=\"elementor-widget-wrap elementor-element-populated\">\n\t\t\t\t\t\t<div class=\"elementor-element elementor-element-8e28249 elementor-widget elementor-widget-text-editor\" data-id=\"8e28249\" data-element_type=\"widget\" data-e-type=\"widget\" data-widget_type=\"text-editor.default\">\n\t\t\t\t<div class=\"elementor-widget-container\">\n\t\t\t\t\t\t\t\t\t<p>El dise\u00f1o de espacios en eventos corporativos no solo busca ser funcional, sino tambi\u00e9n inspirador. Creando ambiente que favorezcan la interacci\u00f3n, la creatividad y el bienestar, asegurar\u00e1s que el evento sea memorable y productivo. El uso de elementos naturales, la iluminaci\u00f3n adecuada, un mobiliario c\u00f3modo y una distribuci\u00f3n inteligente del espacio son claves para conseguirlo. <a href=\"https:\/\/dosterraswinegarden.com\/es\/eventos\/\">Dosterras Wine Garden<\/a>, con su combinaci\u00f3n \u00fanica de paisajes e instalaciones, te ofrece un entorno ideal para conseguir estos objetivos.<\/p>\n\t\t\t\t\t\t\t\t<\/div>\n\t\t\t\t<\/div>\n\t\t\t\t\t<\/div>\n\t\t<\/div>\n\t\t\t\t\t<\/div>\n\t\t<\/section>\n\t\t\t\t<\/div>\n\t\t","protected":false},"excerpt":{"rendered":"<p>\u00bfTienes pensado celebrar un evento de empresa? En este art\u00edculo te explicamos c\u00f3mo el dise\u00f1o de espacios en eventos corporativos puede ayudarte a tener \u00e9xito. <\/p>\n","protected":false},"author":5,"featured_media":12628,"comment_status":"closed","ping_status":"closed","sticky":false,"template":"","format":"standard","meta":{"_themeisle_gutenberg_block_has_review":false,"_joinchat":[],"footnotes":""},"categories":[140],"tags":[],"class_list":["post-16526","post","type-post","status-publish","format-standard","has-post-thumbnail","hentry","category-eventos-es"],"yoast_head":"<!-- This site is optimized with the Yoast SEO plugin v27.5 - https:\/\/yoast.com\/product\/yoast-seo-wordpress\/ -->\n<title>Dise\u00f1o de espacios en eventos corporativos - Dosterras Wine Garden<\/title>\n<meta name=\"description\" content=\"\u00bfTienes pensado celebrar un evento de empresa? En este art\u00edculo te explicamos c\u00f3mo el dise\u00f1o de espacios en eventos corporativos puede ayudarte a tener \u00e9xito.\" \/>\n<meta name=\"robots\" content=\"index, follow, max-snippet:-1, max-image-preview:large, max-video-preview:-1\" \/>\n<link rel=\"canonical\" href=\"https:\/\/dosterraswinegarden.com\/es\/news\/diseno-de-espacios-en-eventos-corporativos\/\" \/>\n<meta property=\"og:locale\" content=\"es_ES\" \/>\n<meta property=\"og:type\" content=\"article\" \/>\n<meta property=\"og:title\" content=\"Dise\u00f1o de espacios en eventos corporativos - Dosterras Wine Garden\" \/>\n<meta property=\"og:description\" content=\"\u00bfTienes pensado celebrar un evento de empresa? En este art\u00edculo te explicamos c\u00f3mo el dise\u00f1o de espacios en eventos corporativos puede ayudarte a tener \u00e9xito.\" \/>\n<meta property=\"og:url\" content=\"https:\/\/dosterraswinegarden.com\/es\/news\/diseno-de-espacios-en-eventos-corporativos\/\" \/>\n<meta property=\"og:site_name\" content=\"Dosterras Wine Garden\" \/>\n<meta property=\"article:published_time\" content=\"2024-06-18T13:09:00+00:00\" \/>\n<meta property=\"article:modified_time\" content=\"2024-09-26T11:24:40+00:00\" \/>\n<meta property=\"og:image\" content=\"https:\/\/dosterraswinegarden.com\/wp-content\/uploads\/2022\/10\/\u00a9Tardet_FustaiFocEvent28-scaled.jpg\" \/>\n\t<meta property=\"og:image:width\" content=\"2560\" \/>\n\t<meta property=\"og:image:height\" content=\"1709\" \/>\n\t<meta property=\"og:image:type\" content=\"image\/jpeg\" \/>\n<meta name=\"author\" content=\"Mariona Pellicer\" \/>\n<meta name=\"twitter:card\" content=\"summary_large_image\" \/>\n<meta name=\"twitter:label1\" content=\"Escrito por\" \/>\n\t<meta name=\"twitter:data1\" content=\"Mariona Pellicer\" \/>\n\t<meta name=\"twitter:label2\" content=\"Tiempo de lectura\" \/>\n\t<meta name=\"twitter:data2\" content=\"5 minutos\" \/>\n<script type=\"application\/ld+json\" class=\"yoast-schema-graph\">{\"@context\":\"https:\\\/\\\/schema.org\",\"@graph\":[{\"@type\":\"Article\",\"@id\":\"https:\\\/\\\/dosterraswinegarden.com\\\/es\\\/news\\\/diseno-de-espacios-en-eventos-corporativos\\\/#article\",\"isPartOf\":{\"@id\":\"https:\\\/\\\/dosterraswinegarden.com\\\/es\\\/news\\\/diseno-de-espacios-en-eventos-corporativos\\\/\"},\"author\":{\"name\":\"Mariona Pellicer\",\"@id\":\"https:\\\/\\\/dosterraswinegarden.com\\\/#\\\/schema\\\/person\\\/5e4e86b4ab204eaefe917301e52e06d3\"},\"headline\":\"Dise\u00f1o de espacios en eventos corporativos\",\"datePublished\":\"2024-06-18T13:09:00+00:00\",\"dateModified\":\"2024-09-26T11:24:40+00:00\",\"mainEntityOfPage\":{\"@id\":\"https:\\\/\\\/dosterraswinegarden.com\\\/es\\\/news\\\/diseno-de-espacios-en-eventos-corporativos\\\/\"},\"wordCount\":608,\"image\":{\"@id\":\"https:\\\/\\\/dosterraswinegarden.com\\\/es\\\/news\\\/diseno-de-espacios-en-eventos-corporativos\\\/#primaryimage\"},\"thumbnailUrl\":\"https:\\\/\\\/dosterraswinegarden.com\\\/wp-content\\\/uploads\\\/2022\\\/10\\\/\u00a9Tardet_FustaiFocEvent28-scaled.jpg\",\"articleSection\":[\"Eventos\"],\"inLanguage\":\"es\"},{\"@type\":\"WebPage\",\"@id\":\"https:\\\/\\\/dosterraswinegarden.com\\\/es\\\/news\\\/diseno-de-espacios-en-eventos-corporativos\\\/\",\"url\":\"https:\\\/\\\/dosterraswinegarden.com\\\/es\\\/news\\\/diseno-de-espacios-en-eventos-corporativos\\\/\",\"name\":\"Dise\u00f1o de espacios en eventos corporativos - Dosterras Wine Garden\",\"isPartOf\":{\"@id\":\"https:\\\/\\\/dosterraswinegarden.com\\\/#website\"},\"primaryImageOfPage\":{\"@id\":\"https:\\\/\\\/dosterraswinegarden.com\\\/es\\\/news\\\/diseno-de-espacios-en-eventos-corporativos\\\/#primaryimage\"},\"image\":{\"@id\":\"https:\\\/\\\/dosterraswinegarden.com\\\/es\\\/news\\\/diseno-de-espacios-en-eventos-corporativos\\\/#primaryimage\"},\"thumbnailUrl\":\"https:\\\/\\\/dosterraswinegarden.com\\\/wp-content\\\/uploads\\\/2022\\\/10\\\/\u00a9Tardet_FustaiFocEvent28-scaled.jpg\",\"datePublished\":\"2024-06-18T13:09:00+00:00\",\"dateModified\":\"2024-09-26T11:24:40+00:00\",\"author\":{\"@id\":\"https:\\\/\\\/dosterraswinegarden.com\\\/#\\\/schema\\\/person\\\/5e4e86b4ab204eaefe917301e52e06d3\"},\"description\":\"\u00bfTienes pensado celebrar un evento de empresa? En este art\u00edculo te explicamos c\u00f3mo el dise\u00f1o de espacios en eventos corporativos puede ayudarte a tener \u00e9xito.\",\"breadcrumb\":{\"@id\":\"https:\\\/\\\/dosterraswinegarden.com\\\/es\\\/news\\\/diseno-de-espacios-en-eventos-corporativos\\\/#breadcrumb\"},\"inLanguage\":\"es\",\"potentialAction\":[{\"@type\":\"ReadAction\",\"target\":[\"https:\\\/\\\/dosterraswinegarden.com\\\/es\\\/news\\\/diseno-de-espacios-en-eventos-corporativos\\\/\"]}]},{\"@type\":\"ImageObject\",\"inLanguage\":\"es\",\"@id\":\"https:\\\/\\\/dosterraswinegarden.com\\\/es\\\/news\\\/diseno-de-espacios-en-eventos-corporativos\\\/#primaryimage\",\"url\":\"https:\\\/\\\/dosterraswinegarden.com\\\/wp-content\\\/uploads\\\/2022\\\/10\\\/\u00a9Tardet_FustaiFocEvent28-scaled.jpg\",\"contentUrl\":\"https:\\\/\\\/dosterraswinegarden.com\\\/wp-content\\\/uploads\\\/2022\\\/10\\\/\u00a9Tardet_FustaiFocEvent28-scaled.jpg\",\"width\":2560,\"height\":1709},{\"@type\":\"BreadcrumbList\",\"@id\":\"https:\\\/\\\/dosterraswinegarden.com\\\/es\\\/news\\\/diseno-de-espacios-en-eventos-corporativos\\\/#breadcrumb\",\"itemListElement\":[{\"@type\":\"ListItem\",\"position\":1,\"name\":\"Inici\",\"item\":\"https:\\\/\\\/dosterraswinegarden.com\\\/es\\\/\"},{\"@type\":\"ListItem\",\"position\":2,\"name\":\"Dise\u00f1o de espacios en eventos corporativos\"}]},{\"@type\":\"WebSite\",\"@id\":\"https:\\\/\\\/dosterraswinegarden.com\\\/#website\",\"url\":\"https:\\\/\\\/dosterraswinegarden.com\\\/\",\"name\":\"Dosterras Wine Garden\",\"description\":\"Bodes, events i vins al Priorat\",\"potentialAction\":[{\"@type\":\"SearchAction\",\"target\":{\"@type\":\"EntryPoint\",\"urlTemplate\":\"https:\\\/\\\/dosterraswinegarden.com\\\/?s={search_term_string}\"},\"query-input\":{\"@type\":\"PropertyValueSpecification\",\"valueRequired\":true,\"valueName\":\"search_term_string\"}}],\"inLanguage\":\"es\"},{\"@type\":\"Person\",\"@id\":\"https:\\\/\\\/dosterraswinegarden.com\\\/#\\\/schema\\\/person\\\/5e4e86b4ab204eaefe917301e52e06d3\",\"name\":\"Mariona Pellicer\",\"image\":{\"@type\":\"ImageObject\",\"inLanguage\":\"es\",\"@id\":\"https:\\\/\\\/secure.gravatar.com\\\/avatar\\\/ac957e29a1e14e0bf3566a873be24a7254c7abaa12137fad6da725f42d683d48?s=96&d=blank&r=g\",\"url\":\"https:\\\/\\\/secure.gravatar.com\\\/avatar\\\/ac957e29a1e14e0bf3566a873be24a7254c7abaa12137fad6da725f42d683d48?s=96&d=blank&r=g\",\"contentUrl\":\"https:\\\/\\\/secure.gravatar.com\\\/avatar\\\/ac957e29a1e14e0bf3566a873be24a7254c7abaa12137fad6da725f42d683d48?s=96&d=blank&r=g\",\"caption\":\"Mariona Pellicer\"},\"url\":\"https:\\\/\\\/dosterraswinegarden.com\\\/es\\\/news\\\/author\\\/mariona\\\/\"}]}<\/script>\n<!-- \/ Yoast SEO plugin. -->","yoast_head_json":{"title":"Dise\u00f1o de espacios en eventos corporativos - Dosterras Wine Garden","description":"\u00bfTienes pensado celebrar un evento de empresa? En este art\u00edculo te explicamos c\u00f3mo el dise\u00f1o de espacios en eventos corporativos puede ayudarte a tener \u00e9xito.","robots":{"index":"index","follow":"follow","max-snippet":"max-snippet:-1","max-image-preview":"max-image-preview:large","max-video-preview":"max-video-preview:-1"},"canonical":"https:\/\/dosterraswinegarden.com\/es\/news\/diseno-de-espacios-en-eventos-corporativos\/","og_locale":"es_ES","og_type":"article","og_title":"Dise\u00f1o de espacios en eventos corporativos - Dosterras Wine Garden","og_description":"\u00bfTienes pensado celebrar un evento de empresa? En este art\u00edculo te explicamos c\u00f3mo el dise\u00f1o de espacios en eventos corporativos puede ayudarte a tener \u00e9xito.","og_url":"https:\/\/dosterraswinegarden.com\/es\/news\/diseno-de-espacios-en-eventos-corporativos\/","og_site_name":"Dosterras Wine Garden","article_published_time":"2024-06-18T13:09:00+00:00","article_modified_time":"2024-09-26T11:24:40+00:00","og_image":[{"width":2560,"height":1709,"url":"https:\/\/dosterraswinegarden.com\/wp-content\/uploads\/2022\/10\/\u00a9Tardet_FustaiFocEvent28-scaled.jpg","type":"image\/jpeg"}],"author":"Mariona Pellicer","twitter_card":"summary_large_image","twitter_misc":{"Escrito por":"Mariona Pellicer","Tiempo de lectura":"5 minutos"},"schema":{"@context":"https:\/\/schema.org","@graph":[{"@type":"Article","@id":"https:\/\/dosterraswinegarden.com\/es\/news\/diseno-de-espacios-en-eventos-corporativos\/#article","isPartOf":{"@id":"https:\/\/dosterraswinegarden.com\/es\/news\/diseno-de-espacios-en-eventos-corporativos\/"},"author":{"name":"Mariona Pellicer","@id":"https:\/\/dosterraswinegarden.com\/#\/schema\/person\/5e4e86b4ab204eaefe917301e52e06d3"},"headline":"Dise\u00f1o de espacios en eventos corporativos","datePublished":"2024-06-18T13:09:00+00:00","dateModified":"2024-09-26T11:24:40+00:00","mainEntityOfPage":{"@id":"https:\/\/dosterraswinegarden.com\/es\/news\/diseno-de-espacios-en-eventos-corporativos\/"},"wordCount":608,"image":{"@id":"https:\/\/dosterraswinegarden.com\/es\/news\/diseno-de-espacios-en-eventos-corporativos\/#primaryimage"},"thumbnailUrl":"https:\/\/dosterraswinegarden.com\/wp-content\/uploads\/2022\/10\/\u00a9Tardet_FustaiFocEvent28-scaled.jpg","articleSection":["Eventos"],"inLanguage":"es"},{"@type":"WebPage","@id":"https:\/\/dosterraswinegarden.com\/es\/news\/diseno-de-espacios-en-eventos-corporativos\/","url":"https:\/\/dosterraswinegarden.com\/es\/news\/diseno-de-espacios-en-eventos-corporativos\/","name":"Dise\u00f1o de espacios en eventos corporativos - Dosterras Wine Garden","isPartOf":{"@id":"https:\/\/dosterraswinegarden.com\/#website"},"primaryImageOfPage":{"@id":"https:\/\/dosterraswinegarden.com\/es\/news\/diseno-de-espacios-en-eventos-corporativos\/#primaryimage"},"image":{"@id":"https:\/\/dosterraswinegarden.com\/es\/news\/diseno-de-espacios-en-eventos-corporativos\/#primaryimage"},"thumbnailUrl":"https:\/\/dosterraswinegarden.com\/wp-content\/uploads\/2022\/10\/\u00a9Tardet_FustaiFocEvent28-scaled.jpg","datePublished":"2024-06-18T13:09:00+00:00","dateModified":"2024-09-26T11:24:40+00:00","author":{"@id":"https:\/\/dosterraswinegarden.com\/#\/schema\/person\/5e4e86b4ab204eaefe917301e52e06d3"},"description":"\u00bfTienes pensado celebrar un evento de empresa? En este art\u00edculo te explicamos c\u00f3mo el dise\u00f1o de espacios en eventos corporativos puede ayudarte a tener \u00e9xito.","breadcrumb":{"@id":"https:\/\/dosterraswinegarden.com\/es\/news\/diseno-de-espacios-en-eventos-corporativos\/#breadcrumb"},"inLanguage":"es","potentialAction":[{"@type":"ReadAction","target":["https:\/\/dosterraswinegarden.com\/es\/news\/diseno-de-espacios-en-eventos-corporativos\/"]}]},{"@type":"ImageObject","inLanguage":"es","@id":"https:\/\/dosterraswinegarden.com\/es\/news\/diseno-de-espacios-en-eventos-corporativos\/#primaryimage","url":"https:\/\/dosterraswinegarden.com\/wp-content\/uploads\/2022\/10\/\u00a9Tardet_FustaiFocEvent28-scaled.jpg","contentUrl":"https:\/\/dosterraswinegarden.com\/wp-content\/uploads\/2022\/10\/\u00a9Tardet_FustaiFocEvent28-scaled.jpg","width":2560,"height":1709},{"@type":"BreadcrumbList","@id":"https:\/\/dosterraswinegarden.com\/es\/news\/diseno-de-espacios-en-eventos-corporativos\/#breadcrumb","itemListElement":[{"@type":"ListItem","position":1,"name":"Inici","item":"https:\/\/dosterraswinegarden.com\/es\/"},{"@type":"ListItem","position":2,"name":"Dise\u00f1o de espacios en eventos corporativos"}]},{"@type":"WebSite","@id":"https:\/\/dosterraswinegarden.com\/#website","url":"https:\/\/dosterraswinegarden.com\/","name":"Dosterras Wine Garden","description":"Bodes, events i vins al Priorat","potentialAction":[{"@type":"SearchAction","target":{"@type":"EntryPoint","urlTemplate":"https:\/\/dosterraswinegarden.com\/?s={search_term_string}"},"query-input":{"@type":"PropertyValueSpecification","valueRequired":true,"valueName":"search_term_string"}}],"inLanguage":"es"},{"@type":"Person","@id":"https:\/\/dosterraswinegarden.com\/#\/schema\/person\/5e4e86b4ab204eaefe917301e52e06d3","name":"Mariona Pellicer","image":{"@type":"ImageObject","inLanguage":"es","@id":"https:\/\/secure.gravatar.com\/avatar\/ac957e29a1e14e0bf3566a873be24a7254c7abaa12137fad6da725f42d683d48?s=96&d=blank&r=g","url":"https:\/\/secure.gravatar.com\/avatar\/ac957e29a1e14e0bf3566a873be24a7254c7abaa12137fad6da725f42d683d48?s=96&d=blank&r=g","contentUrl":"https:\/\/secure.gravatar.com\/avatar\/ac957e29a1e14e0bf3566a873be24a7254c7abaa12137fad6da725f42d683d48?s=96&d=blank&r=g","caption":"Mariona Pellicer"},"url":"https:\/\/dosterraswinegarden.com\/es\/news\/author\/mariona\/"}]}},"_links":{"self":[{"href":"https:\/\/dosterraswinegarden.com\/es\/wp-json\/wp\/v2\/posts\/16526","targetHints":{"allow":["GET"]}}],"collection":[{"href":"https:\/\/dosterraswinegarden.com\/es\/wp-json\/wp\/v2\/posts"}],"about":[{"href":"https:\/\/dosterraswinegarden.com\/es\/wp-json\/wp\/v2\/types\/post"}],"author":[{"embeddable":true,"href":"https:\/\/dosterraswinegarden.com\/es\/wp-json\/wp\/v2\/users\/5"}],"replies":[{"embeddable":true,"href":"https:\/\/dosterraswinegarden.com\/es\/wp-json\/wp\/v2\/comments?post=16526"}],"version-history":[{"count":4,"href":"https:\/\/dosterraswinegarden.com\/es\/wp-json\/wp\/v2\/posts\/16526\/revisions"}],"predecessor-version":[{"id":16559,"href":"https:\/\/dosterraswinegarden.com\/es\/wp-json\/wp\/v2\/posts\/16526\/revisions\/16559"}],"wp:featuredmedia":[{"embeddable":true,"href":"https:\/\/dosterraswinegarden.com\/es\/wp-json\/wp\/v2\/media\/12628"}],"wp:attachment":[{"href":"https:\/\/dosterraswinegarden.com\/es\/wp-json\/wp\/v2\/media?parent=16526"}],"wp:term":[{"taxonomy":"category","embeddable":true,"href":"https:\/\/dosterraswinegarden.com\/es\/wp-json\/wp\/v2\/categories?post=16526"},{"taxonomy":"post_tag","embeddable":true,"href":"https:\/\/dosterraswinegarden.com\/es\/wp-json\/wp\/v2\/tags?post=16526"}],"curies":[{"name":"wp","href":"https:\/\/api.w.org\/{rel}","templated":true}]}}