{"id":16564,"date":"2024-06-12T15:35:41","date_gmt":"2024-06-12T15:35:41","guid":{"rendered":"https:\/\/dosterraswinegarden.com\/?p=16564"},"modified":"2024-09-26T11:25:12","modified_gmt":"2024-09-26T11:25:12","slug":"descubre-los-mejores-lugares-para-hacer-una-sesion-fotografica-de-boda-en-el-priorat","status":"publish","type":"post","link":"https:\/\/dosterraswinegarden.com\/es\/news\/descubre-los-mejores-lugares-para-hacer-una-sesion-fotografica-de-boda-en-el-priorat\/","title":{"rendered":"Descubre los mejores lugares para hacer una sesi\u00f3n fotogr\u00e1fica de boda en el Priorat."},"content":{"rendered":"\t\t<div data-elementor-type=\"wp-post\" data-elementor-id=\"16564\" class=\"elementor elementor-16564 elementor-16562\">\n\t\t\t\t\t\t<section class=\"elementor-section elementor-top-section elementor-element elementor-element-ab2f973 elementor-section-boxed elementor-section-height-default elementor-section-height-default qodef-elementor-content-no\" data-id=\"ab2f973\" data-element_type=\"section\" data-e-type=\"section\">\n\t\t\t\t\t\t<div class=\"elementor-container elementor-column-gap-default\">\n\t\t\t\t\t<div class=\"elementor-column elementor-col-100 elementor-top-column elementor-element elementor-element-3c6fbd5\" data-id=\"3c6fbd5\" data-element_type=\"column\" data-e-type=\"column\">\n\t\t\t<div class=\"elementor-widget-wrap elementor-element-populated\">\n\t\t\t\t\t\t<div class=\"elementor-element elementor-element-a9205a8 elementor-widget elementor-widget-text-editor\" data-id=\"a9205a8\" data-element_type=\"widget\" data-e-type=\"widget\" data-widget_type=\"text-editor.default\">\n\t\t\t\t<div class=\"elementor-widget-container\">\n\t\t\t\t\t\t\t\t\t<p>Si est\u00e1s pensando en celebrar tu boda en el Priorat y est\u00e1s buscando los mejores lugares para hacer una sesi\u00f3n fotogr\u00e1fica de boda en el Priorat, este art\u00edculo es para ti. El Priorat, con sus paisajes id\u00edlicos, los pueblos pintorescos rodeados de vi\u00f1edos, es un escenario perfecto para inmortalizar tu gran d\u00eda. A continuaci\u00f3n, te mencionamos 5 rincones de esta comarca para hacer tu sesi\u00f3n fotogr\u00e1fica. <\/p>\n\t\t\t\t\t\t\t\t<\/div>\n\t\t\t\t<\/div>\n\t\t\t\t\t<\/div>\n\t\t<\/div>\n\t\t\t\t\t<\/div>\n\t\t<\/section>\n\t\t\t\t<section class=\"elementor-section elementor-top-section elementor-element elementor-element-094e7aa elementor-section-boxed elementor-section-height-default elementor-section-height-default qodef-elementor-content-no\" data-id=\"094e7aa\" data-element_type=\"section\" data-e-type=\"section\">\n\t\t\t\t\t\t<div class=\"elementor-container elementor-column-gap-default\">\n\t\t\t\t\t<div class=\"elementor-column elementor-col-100 elementor-top-column elementor-element elementor-element-321672d\" data-id=\"321672d\" data-element_type=\"column\" data-e-type=\"column\">\n\t\t\t<div class=\"elementor-widget-wrap elementor-element-populated\">\n\t\t\t\t\t\t<div class=\"elementor-element elementor-element-ca8b55c elementor-widget elementor-widget-heading\" data-id=\"ca8b55c\" data-element_type=\"widget\" data-e-type=\"widget\" data-widget_type=\"heading.default\">\n\t\t\t\t<div class=\"elementor-widget-container\">\n\t\t\t\t\t<h2 class=\"elementor-heading-title elementor-size-default\">1. Entre vi\u00f1edos<\/h2>\t\t\t\t<\/div>\n\t\t\t\t<\/div>\n\t\t\t\t<div class=\"elementor-element elementor-element-fea9838 elementor-widget elementor-widget-text-editor\" data-id=\"fea9838\" data-element_type=\"widget\" data-e-type=\"widget\" data-widget_type=\"text-editor.default\">\n\t\t\t\t<div class=\"elementor-widget-container\">\n\t\t\t\t\t\t\t\t\t<p>Si hay algo que caracteriza al Priorat es su paisaje rodeado de vi\u00f1edos. Por eso, un lugar perfecto para hacer tu sesi\u00f3n de fotos es entre un campo de vi\u00f1edos. Los mejores momentos para hacerla son en oto\u00f1o, cuando las hojas de las vides tienen colores amarillos y naranjas que le dan un toque \u00fanico al paisaje, y tambi\u00e9n en primavera-verano, cuando ya han florecido.<\/p>\n<p>Si celebras tu boda en Dosterras Wine Garden, podr\u00e1s realizar parte de tu sesi\u00f3n fotogr\u00e1fica en los vi\u00f1edos de nuestra bodega Dosterras.<\/p>\n\t\t\t\t\t\t\t\t<\/div>\n\t\t\t\t<\/div>\n\t\t\t\t<section class=\"elementor-section elementor-inner-section elementor-element elementor-element-512a845 elementor-section-boxed elementor-section-height-default elementor-section-height-default qodef-elementor-content-no\" data-id=\"512a845\" data-element_type=\"section\" data-e-type=\"section\">\n\t\t\t\t\t\t<div class=\"elementor-container elementor-column-gap-default\">\n\t\t\t\t\t<div class=\"elementor-column elementor-col-50 elementor-inner-column elementor-element elementor-element-89797d6\" data-id=\"89797d6\" data-element_type=\"column\" data-e-type=\"column\">\n\t\t\t<div class=\"elementor-widget-wrap elementor-element-populated\">\n\t\t\t\t\t\t<div class=\"elementor-element elementor-element-6ef0ea7 elementor-widget elementor-widget-image\" data-id=\"6ef0ea7\" data-element_type=\"widget\" data-e-type=\"widget\" data-widget_type=\"image.default\">\n\t\t\t\t<div class=\"elementor-widget-container\">\n\t\t\t\t\t\t\t\t\t\t\t\t\t\t\t<img fetchpriority=\"high\" decoding=\"async\" width=\"1024\" height=\"683\" src=\"https:\/\/dosterraswinegarden.com\/wp-content\/uploads\/2024\/06\/Sin-titulo-2560-x-1707-px-25-1-1024x683.jpg\" class=\"attachment-large size-large wp-image-16573\" alt=\"\" srcset=\"https:\/\/dosterraswinegarden.com\/wp-content\/uploads\/2024\/06\/Sin-titulo-2560-x-1707-px-25-1-1024x683.jpg 1024w, https:\/\/dosterraswinegarden.com\/wp-content\/uploads\/2024\/06\/Sin-titulo-2560-x-1707-px-25-1-300x200.jpg 300w, https:\/\/dosterraswinegarden.com\/wp-content\/uploads\/2024\/06\/Sin-titulo-2560-x-1707-px-25-1-768x512.jpg 768w, https:\/\/dosterraswinegarden.com\/wp-content\/uploads\/2024\/06\/Sin-titulo-2560-x-1707-px-25-1-1536x1024.jpg 1536w, https:\/\/dosterraswinegarden.com\/wp-content\/uploads\/2024\/06\/Sin-titulo-2560-x-1707-px-25-1-2048x1366.jpg 2048w\" sizes=\"(max-width: 1024px) 100vw, 1024px\" \/>\t\t\t\t\t\t\t\t\t\t\t\t\t\t\t<\/div>\n\t\t\t\t<\/div>\n\t\t\t\t\t<\/div>\n\t\t<\/div>\n\t\t\t\t<div class=\"elementor-column elementor-col-50 elementor-inner-column elementor-element elementor-element-5528f05\" data-id=\"5528f05\" data-element_type=\"column\" data-e-type=\"column\">\n\t\t\t<div class=\"elementor-widget-wrap elementor-element-populated\">\n\t\t\t\t\t\t<div class=\"elementor-element elementor-element-beb4c61 elementor-widget elementor-widget-image\" data-id=\"beb4c61\" data-element_type=\"widget\" data-e-type=\"widget\" data-widget_type=\"image.default\">\n\t\t\t\t<div class=\"elementor-widget-container\">\n\t\t\t\t\t\t\t\t\t\t\t\t\t\t\t<img decoding=\"async\" width=\"1024\" height=\"683\" src=\"https:\/\/dosterraswinegarden.com\/wp-content\/uploads\/2024\/06\/Sin-titulo-2560-x-1707-px-24-1024x683.jpg\" class=\"attachment-large size-large wp-image-16570\" alt=\"\" srcset=\"https:\/\/dosterraswinegarden.com\/wp-content\/uploads\/2024\/06\/Sin-titulo-2560-x-1707-px-24-1024x683.jpg 1024w, https:\/\/dosterraswinegarden.com\/wp-content\/uploads\/2024\/06\/Sin-titulo-2560-x-1707-px-24-300x200.jpg 300w, https:\/\/dosterraswinegarden.com\/wp-content\/uploads\/2024\/06\/Sin-titulo-2560-x-1707-px-24-768x512.jpg 768w, https:\/\/dosterraswinegarden.com\/wp-content\/uploads\/2024\/06\/Sin-titulo-2560-x-1707-px-24-1536x1024.jpg 1536w, https:\/\/dosterraswinegarden.com\/wp-content\/uploads\/2024\/06\/Sin-titulo-2560-x-1707-px-24-2048x1366.jpg 2048w\" sizes=\"(max-width: 1024px) 100vw, 1024px\" \/>\t\t\t\t\t\t\t\t\t\t\t\t\t\t\t<\/div>\n\t\t\t\t<\/div>\n\t\t\t\t\t<\/div>\n\t\t<\/div>\n\t\t\t\t\t<\/div>\n\t\t<\/section>\n\t\t\t\t\t<\/div>\n\t\t<\/div>\n\t\t\t\t\t<\/div>\n\t\t<\/section>\n\t\t\t\t<section class=\"elementor-section elementor-top-section elementor-element elementor-element-d29be9d elementor-section-boxed elementor-section-height-default elementor-section-height-default qodef-elementor-content-no\" data-id=\"d29be9d\" data-element_type=\"section\" data-e-type=\"section\">\n\t\t\t\t\t\t<div class=\"elementor-container elementor-column-gap-default\">\n\t\t\t\t\t<div class=\"elementor-column elementor-col-100 elementor-top-column elementor-element elementor-element-da16aed\" data-id=\"da16aed\" data-element_type=\"column\" data-e-type=\"column\">\n\t\t\t<div class=\"elementor-widget-wrap elementor-element-populated\">\n\t\t\t\t\t\t<div class=\"elementor-element elementor-element-7bae00e elementor-widget elementor-widget-heading\" data-id=\"7bae00e\" data-element_type=\"widget\" data-e-type=\"widget\" data-widget_type=\"heading.default\">\n\t\t\t\t<div class=\"elementor-widget-container\">\n\t\t\t\t\t<h3 class=\"elementor-heading-title elementor-size-default\">2. Siurana<\/h3>\t\t\t\t<\/div>\n\t\t\t\t<\/div>\n\t\t\t\t<div class=\"elementor-element elementor-element-bfab4b9 elementor-widget elementor-widget-text-editor\" data-id=\"bfab4b9\" data-element_type=\"widget\" data-e-type=\"widget\" data-widget_type=\"text-editor.default\">\n\t\t\t\t<div class=\"elementor-widget-container\">\n\t\t\t\t\t\t\t\t\t<p>Siurana es uno de los pueblos m\u00e1s impresionantes del Priorat, situado en un acantilado de roca calc\u00e1rea con unas vistas panor\u00e1micas espectaculares. Este peque\u00f1o pueblo medieval todav\u00eda conserva sus huellas hist\u00f3ricas, como los restos del castillo \u00e1rabe y la iglesia rom\u00e1nica de Santa Mar\u00eda. Sus calles empedradas y sus casas de piedra ofrecen un escenario encantador para las fotos de boda. <\/p>\n\t\t\t\t\t\t\t\t<\/div>\n\t\t\t\t<\/div>\n\t\t\t\t<div class=\"elementor-element elementor-element-06e5f83 elementor-widget elementor-widget-image\" data-id=\"06e5f83\" data-element_type=\"widget\" data-e-type=\"widget\" data-widget_type=\"image.default\">\n\t\t\t\t<div class=\"elementor-widget-container\">\n\t\t\t\t\t\t\t\t\t\t\t\t\t\t\t<img decoding=\"async\" width=\"1024\" height=\"683\" src=\"https:\/\/dosterraswinegarden.com\/wp-content\/uploads\/2024\/06\/Sin-titulo-2560-x-1707-px-26-1024x683.jpg\" class=\"attachment-large size-large wp-image-16577\" alt=\"millors llocs per fer una sessio\" srcset=\"https:\/\/dosterraswinegarden.com\/wp-content\/uploads\/2024\/06\/Sin-titulo-2560-x-1707-px-26-1024x683.jpg 1024w, https:\/\/dosterraswinegarden.com\/wp-content\/uploads\/2024\/06\/Sin-titulo-2560-x-1707-px-26-300x200.jpg 300w, https:\/\/dosterraswinegarden.com\/wp-content\/uploads\/2024\/06\/Sin-titulo-2560-x-1707-px-26-768x512.jpg 768w, https:\/\/dosterraswinegarden.com\/wp-content\/uploads\/2024\/06\/Sin-titulo-2560-x-1707-px-26-1536x1024.jpg 1536w, https:\/\/dosterraswinegarden.com\/wp-content\/uploads\/2024\/06\/Sin-titulo-2560-x-1707-px-26-2048x1366.jpg 2048w\" sizes=\"(max-width: 1024px) 100vw, 1024px\" \/>\t\t\t\t\t\t\t\t\t\t\t\t\t\t\t<\/div>\n\t\t\t\t<\/div>\n\t\t\t\t\t<\/div>\n\t\t<\/div>\n\t\t\t\t\t<\/div>\n\t\t<\/section>\n\t\t\t\t<section class=\"elementor-section elementor-top-section elementor-element elementor-element-ac297b8 elementor-section-boxed elementor-section-height-default elementor-section-height-default qodef-elementor-content-no\" data-id=\"ac297b8\" data-element_type=\"section\" data-e-type=\"section\">\n\t\t\t\t\t\t<div class=\"elementor-container elementor-column-gap-default\">\n\t\t\t\t\t<div class=\"elementor-column elementor-col-100 elementor-top-column elementor-element elementor-element-cefd290\" data-id=\"cefd290\" data-element_type=\"column\" data-e-type=\"column\">\n\t\t\t<div class=\"elementor-widget-wrap elementor-element-populated\">\n\t\t\t\t\t\t<div class=\"elementor-element elementor-element-0ce4c84 elementor-widget elementor-widget-heading\" data-id=\"0ce4c84\" data-element_type=\"widget\" data-e-type=\"widget\" data-widget_type=\"heading.default\">\n\t\t\t\t<div class=\"elementor-widget-container\">\n\t\t\t\t\t<h3 class=\"elementor-heading-title elementor-size-default\">3. Ermita de Sant Gregori<\/h3>\t\t\t\t<\/div>\n\t\t\t\t<\/div>\n\t\t\t\t<div class=\"elementor-element elementor-element-2123b99 elementor-widget elementor-widget-text-editor\" data-id=\"2123b99\" data-element_type=\"widget\" data-e-type=\"widget\" data-widget_type=\"text-editor.default\">\n\t\t\t\t<div class=\"elementor-widget-container\">\n\t\t\t\t\t\t\t\t\t<p>Ubicada en Falset, la Ermita de Sant Gregori es un lugar con mucho encanto y una belleza natural impresionante. La ermita est\u00e1 rodeada de formaciones rocosas de color rojo intenso que contrastan con la vegetaci\u00f3n verde, creando un fondo \u00fanico y cautivador para tus fotos de boda. El ambiente tranquilo y sereno de la ermita lo convierte en un lugar perfecto para una sesi\u00f3n fotogr\u00e1fica \u00edntima y especial.<\/p>\n\t\t\t\t\t\t\t\t<\/div>\n\t\t\t\t<\/div>\n\t\t\t\t<section class=\"elementor-section elementor-inner-section elementor-element elementor-element-242fd91 elementor-section-boxed elementor-section-height-default elementor-section-height-default qodef-elementor-content-no\" data-id=\"242fd91\" data-element_type=\"section\" data-e-type=\"section\">\n\t\t\t\t\t\t<div class=\"elementor-container elementor-column-gap-default\">\n\t\t\t\t\t<div class=\"elementor-column elementor-col-50 elementor-inner-column elementor-element elementor-element-0090cb1\" data-id=\"0090cb1\" data-element_type=\"column\" data-e-type=\"column\">\n\t\t\t<div class=\"elementor-widget-wrap elementor-element-populated\">\n\t\t\t\t\t\t<div class=\"elementor-element elementor-element-c6d561c elementor-widget elementor-widget-image\" data-id=\"c6d561c\" data-element_type=\"widget\" data-e-type=\"widget\" data-widget_type=\"image.default\">\n\t\t\t\t<div class=\"elementor-widget-container\">\n\t\t\t\t\t\t\t\t\t\t\t\t\t\t\t<img loading=\"lazy\" decoding=\"async\" width=\"1024\" height=\"683\" src=\"https:\/\/dosterraswinegarden.com\/wp-content\/uploads\/2024\/06\/Sin-titulo-2560-x-1707-px-28-1024x683.jpg\" class=\"attachment-large size-large wp-image-16580\" alt=\"\" srcset=\"https:\/\/dosterraswinegarden.com\/wp-content\/uploads\/2024\/06\/Sin-titulo-2560-x-1707-px-28-1024x683.jpg 1024w, https:\/\/dosterraswinegarden.com\/wp-content\/uploads\/2024\/06\/Sin-titulo-2560-x-1707-px-28-300x200.jpg 300w, https:\/\/dosterraswinegarden.com\/wp-content\/uploads\/2024\/06\/Sin-titulo-2560-x-1707-px-28-768x512.jpg 768w, https:\/\/dosterraswinegarden.com\/wp-content\/uploads\/2024\/06\/Sin-titulo-2560-x-1707-px-28-1536x1024.jpg 1536w, https:\/\/dosterraswinegarden.com\/wp-content\/uploads\/2024\/06\/Sin-titulo-2560-x-1707-px-28-2048x1366.jpg 2048w\" sizes=\"(max-width: 1024px) 100vw, 1024px\" \/>\t\t\t\t\t\t\t\t\t\t\t\t\t\t\t<\/div>\n\t\t\t\t<\/div>\n\t\t\t\t<div class=\"elementor-element elementor-element-b0bab59 elementor-widget elementor-widget-text-editor\" data-id=\"b0bab59\" data-element_type=\"widget\" data-e-type=\"widget\" data-widget_type=\"text-editor.default\">\n\t\t\t\t<div class=\"elementor-widget-container\">\n\t\t\t\t\t\t\t\t\t<p>Fuente de la imagen Turismo Priorat.<\/p>\n\t\t\t\t\t\t\t\t<\/div>\n\t\t\t\t<\/div>\n\t\t\t\t\t<\/div>\n\t\t<\/div>\n\t\t\t\t<div class=\"elementor-column elementor-col-50 elementor-inner-column elementor-element elementor-element-8f13a89\" data-id=\"8f13a89\" data-element_type=\"column\" data-e-type=\"column\">\n\t\t\t<div class=\"elementor-widget-wrap elementor-element-populated\">\n\t\t\t\t\t\t<div class=\"elementor-element elementor-element-b36ebdf elementor-widget elementor-widget-image\" data-id=\"b36ebdf\" data-element_type=\"widget\" data-e-type=\"widget\" data-widget_type=\"image.default\">\n\t\t\t\t<div class=\"elementor-widget-container\">\n\t\t\t\t\t\t\t\t\t\t\t\t\t\t\t<img loading=\"lazy\" decoding=\"async\" width=\"1024\" height=\"683\" src=\"https:\/\/dosterraswinegarden.com\/wp-content\/uploads\/2024\/06\/Sin-titulo-2560-x-1707-px-29-1024x683.jpg\" class=\"attachment-large size-large wp-image-16583\" alt=\"\" srcset=\"https:\/\/dosterraswinegarden.com\/wp-content\/uploads\/2024\/06\/Sin-titulo-2560-x-1707-px-29-1024x683.jpg 1024w, https:\/\/dosterraswinegarden.com\/wp-content\/uploads\/2024\/06\/Sin-titulo-2560-x-1707-px-29-300x200.jpg 300w, https:\/\/dosterraswinegarden.com\/wp-content\/uploads\/2024\/06\/Sin-titulo-2560-x-1707-px-29-768x512.jpg 768w, https:\/\/dosterraswinegarden.com\/wp-content\/uploads\/2024\/06\/Sin-titulo-2560-x-1707-px-29-1536x1024.jpg 1536w, https:\/\/dosterraswinegarden.com\/wp-content\/uploads\/2024\/06\/Sin-titulo-2560-x-1707-px-29-2048x1366.jpg 2048w\" sizes=\"(max-width: 1024px) 100vw, 1024px\" \/>\t\t\t\t\t\t\t\t\t\t\t\t\t\t\t<\/div>\n\t\t\t\t<\/div>\n\t\t\t\t<div class=\"elementor-element elementor-element-62f3ef8 elementor-widget elementor-widget-text-editor\" data-id=\"62f3ef8\" data-element_type=\"widget\" data-e-type=\"widget\" data-widget_type=\"text-editor.default\">\n\t\t\t\t<div class=\"elementor-widget-container\">\n\t\t\t\t\t\t\t\t\t<p>Fuente de la imagen Rutas Mar &amp; Mon.<\/p>\n\t\t\t\t\t\t\t\t<\/div>\n\t\t\t\t<\/div>\n\t\t\t\t\t<\/div>\n\t\t<\/div>\n\t\t\t\t\t<\/div>\n\t\t<\/section>\n\t\t\t\t\t<\/div>\n\t\t<\/div>\n\t\t\t\t\t<\/div>\n\t\t<\/section>\n\t\t\t\t<section class=\"elementor-section elementor-top-section elementor-element elementor-element-c84a21d elementor-section-boxed elementor-section-height-default elementor-section-height-default qodef-elementor-content-no\" data-id=\"c84a21d\" data-element_type=\"section\" data-e-type=\"section\">\n\t\t\t\t\t\t<div class=\"elementor-container elementor-column-gap-default\">\n\t\t\t\t\t<div class=\"elementor-column elementor-col-100 elementor-top-column elementor-element elementor-element-64a1256\" data-id=\"64a1256\" data-element_type=\"column\" data-e-type=\"column\">\n\t\t\t<div class=\"elementor-widget-wrap elementor-element-populated\">\n\t\t\t\t\t\t<div class=\"elementor-element elementor-element-bfa0662 elementor-widget elementor-widget-heading\" data-id=\"bfa0662\" data-element_type=\"widget\" data-e-type=\"widget\" data-widget_type=\"heading.default\">\n\t\t\t\t<div class=\"elementor-widget-container\">\n\t\t\t\t\t<h3 class=\"elementor-heading-title elementor-size-default\">4. La Cartoixa d'Escaladei<\/h3>\t\t\t\t<\/div>\n\t\t\t\t<\/div>\n\t\t\t\t<div class=\"elementor-element elementor-element-e563ae7 elementor-widget elementor-widget-text-editor\" data-id=\"e563ae7\" data-element_type=\"widget\" data-e-type=\"widget\" data-widget_type=\"text-editor.default\">\n\t\t\t\t<div class=\"elementor-widget-container\">\n\t\t\t\t\t\t\t\t\t<p>La Cartoixa d&#8217;Escaladei es otro lugar emblem\u00e1tico del Priorat que ofrece un escenario impresionante. Este monasterio cartujo, fundado en el siglo XII, tuvo un papel clave en la introducci\u00f3n del cultivo de la vid en el Priorat. Las ruinas del monasterio, rodeadas de vi\u00f1edos y monta\u00f1as, proporcionan un ambiente tranquilidad y id\u00edlico. Sus muros antiguos y las ruinas bien conservadas ofrecen un contraste perfecto entre la historia y la naturaleza, creando un fondo inigualable para tu sesi\u00f3n fotogr\u00e1fica. Adem\u00e1s, la Cartoixa d&#8217;Escaladei es un lugar lleno de simbolismo y espiritualidad.<\/p>\n\t\t\t\t\t\t\t\t<\/div>\n\t\t\t\t<\/div>\n\t\t\t\t<section class=\"elementor-section elementor-inner-section elementor-element elementor-element-57d7241 elementor-section-boxed elementor-section-height-default elementor-section-height-default qodef-elementor-content-no\" data-id=\"57d7241\" data-element_type=\"section\" data-e-type=\"section\">\n\t\t\t\t\t\t<div class=\"elementor-container elementor-column-gap-default\">\n\t\t\t\t\t<div class=\"elementor-column elementor-col-50 elementor-inner-column elementor-element elementor-element-8860fc7\" data-id=\"8860fc7\" data-element_type=\"column\" data-e-type=\"column\">\n\t\t\t<div class=\"elementor-widget-wrap elementor-element-populated\">\n\t\t\t\t\t\t<div class=\"elementor-element elementor-element-398d23c elementor-widget elementor-widget-image\" data-id=\"398d23c\" data-element_type=\"widget\" data-e-type=\"widget\" data-widget_type=\"image.default\">\n\t\t\t\t<div class=\"elementor-widget-container\">\n\t\t\t\t\t\t\t\t\t\t\t\t\t\t\t<img loading=\"lazy\" decoding=\"async\" width=\"1024\" height=\"683\" src=\"https:\/\/dosterraswinegarden.com\/wp-content\/uploads\/2024\/06\/Sin-titulo-2560-x-1707-px-31-1024x683.jpg\" class=\"attachment-large size-large wp-image-16586\" alt=\"millors llocs per fer una sessio fotogr\u00e0fica al priorat\" srcset=\"https:\/\/dosterraswinegarden.com\/wp-content\/uploads\/2024\/06\/Sin-titulo-2560-x-1707-px-31-1024x683.jpg 1024w, https:\/\/dosterraswinegarden.com\/wp-content\/uploads\/2024\/06\/Sin-titulo-2560-x-1707-px-31-300x200.jpg 300w, https:\/\/dosterraswinegarden.com\/wp-content\/uploads\/2024\/06\/Sin-titulo-2560-x-1707-px-31-768x512.jpg 768w, https:\/\/dosterraswinegarden.com\/wp-content\/uploads\/2024\/06\/Sin-titulo-2560-x-1707-px-31-1536x1024.jpg 1536w, https:\/\/dosterraswinegarden.com\/wp-content\/uploads\/2024\/06\/Sin-titulo-2560-x-1707-px-31-2048x1366.jpg 2048w\" sizes=\"(max-width: 1024px) 100vw, 1024px\" \/>\t\t\t\t\t\t\t\t\t\t\t\t\t\t\t<\/div>\n\t\t\t\t<\/div>\n\t\t\t\t\t<\/div>\n\t\t<\/div>\n\t\t\t\t<div class=\"elementor-column elementor-col-50 elementor-inner-column elementor-element elementor-element-8150086\" data-id=\"8150086\" data-element_type=\"column\" data-e-type=\"column\">\n\t\t\t<div class=\"elementor-widget-wrap elementor-element-populated\">\n\t\t\t\t\t\t<div class=\"elementor-element elementor-element-0e1a556 elementor-widget elementor-widget-image\" data-id=\"0e1a556\" data-element_type=\"widget\" data-e-type=\"widget\" data-widget_type=\"image.default\">\n\t\t\t\t<div class=\"elementor-widget-container\">\n\t\t\t\t\t\t\t\t\t\t\t\t\t\t\t<img loading=\"lazy\" decoding=\"async\" width=\"1024\" height=\"683\" src=\"https:\/\/dosterraswinegarden.com\/wp-content\/uploads\/2024\/06\/Sin-titulo-2560-x-1707-px-30-1024x683.jpg\" class=\"attachment-large size-large wp-image-16589\" alt=\"cartoixa escaladei\" srcset=\"https:\/\/dosterraswinegarden.com\/wp-content\/uploads\/2024\/06\/Sin-titulo-2560-x-1707-px-30-1024x683.jpg 1024w, https:\/\/dosterraswinegarden.com\/wp-content\/uploads\/2024\/06\/Sin-titulo-2560-x-1707-px-30-300x200.jpg 300w, https:\/\/dosterraswinegarden.com\/wp-content\/uploads\/2024\/06\/Sin-titulo-2560-x-1707-px-30-768x512.jpg 768w, https:\/\/dosterraswinegarden.com\/wp-content\/uploads\/2024\/06\/Sin-titulo-2560-x-1707-px-30-1536x1024.jpg 1536w, https:\/\/dosterraswinegarden.com\/wp-content\/uploads\/2024\/06\/Sin-titulo-2560-x-1707-px-30-2048x1366.jpg 2048w\" sizes=\"(max-width: 1024px) 100vw, 1024px\" \/>\t\t\t\t\t\t\t\t\t\t\t\t\t\t\t<\/div>\n\t\t\t\t<\/div>\n\t\t\t\t\t<\/div>\n\t\t<\/div>\n\t\t\t\t\t<\/div>\n\t\t<\/section>\n\t\t\t\t\t<\/div>\n\t\t<\/div>\n\t\t\t\t\t<\/div>\n\t\t<\/section>\n\t\t\t\t<section class=\"elementor-section elementor-top-section elementor-element elementor-element-30d84b3 elementor-section-boxed elementor-section-height-default elementor-section-height-default qodef-elementor-content-no\" data-id=\"30d84b3\" data-element_type=\"section\" data-e-type=\"section\">\n\t\t\t\t\t\t<div class=\"elementor-container elementor-column-gap-default\">\n\t\t\t\t\t<div class=\"elementor-column elementor-col-100 elementor-top-column elementor-element elementor-element-f99a528\" data-id=\"f99a528\" data-element_type=\"column\" data-e-type=\"column\">\n\t\t\t<div class=\"elementor-widget-wrap elementor-element-populated\">\n\t\t\t\t\t\t<div class=\"elementor-element elementor-element-d1d67d0 elementor-widget elementor-widget-heading\" data-id=\"d1d67d0\" data-element_type=\"widget\" data-e-type=\"widget\" data-widget_type=\"heading.default\">\n\t\t\t\t<div class=\"elementor-widget-container\">\n\t\t\t\t\t<h3 class=\"elementor-heading-title elementor-size-default\">5. Ermita de Sant Antoni de Porrera<\/h3>\t\t\t\t<\/div>\n\t\t\t\t<\/div>\n\t\t\t\t<div class=\"elementor-element elementor-element-45dfb43 elementor-widget elementor-widget-text-editor\" data-id=\"45dfb43\" data-element_type=\"widget\" data-e-type=\"widget\" data-widget_type=\"text-editor.default\">\n\t\t\t\t<div class=\"elementor-widget-container\">\n\t\t\t\t\t\t\t\t\t<p>Ubicada cerca del pueblo de Porrera, la Ermita de Sant Antoni es otro lugar magn\u00edfico para una sesi\u00f3n fotogr\u00e1fica de boda. Esta ermita se encuentra en un entorno natural privilegiado, rodeada de monta\u00f1as llenas de vi\u00f1edos y con unas vistas espectaculares del pueblo de Porrera. La ermita en s\u00ed es un edificio sencillo pero encantador, y sus alrededores esconden rincones con mucho encanto donde capturar momentos especiales. Las rutas de senderismo que rodean la ermita permiten acceder a varios puntos panor\u00e1micos desde donde se pueden capturar fotos espectaculares con vistas impresionantes.<\/p>\n\t\t\t\t\t\t\t\t<\/div>\n\t\t\t\t<\/div>\n\t\t\t\t<div class=\"elementor-element elementor-element-45819a8 elementor-widget elementor-widget-image\" data-id=\"45819a8\" data-element_type=\"widget\" data-e-type=\"widget\" data-widget_type=\"image.default\">\n\t\t\t\t<div class=\"elementor-widget-container\">\n\t\t\t\t\t\t\t\t\t\t\t\t\t\t\t<img loading=\"lazy\" decoding=\"async\" width=\"1024\" height=\"683\" src=\"https:\/\/dosterraswinegarden.com\/wp-content\/uploads\/2024\/06\/Sin-titulo-2560-x-1707-px-32-1024x683.jpg\" class=\"attachment-large size-large wp-image-16592\" alt=\"\" srcset=\"https:\/\/dosterraswinegarden.com\/wp-content\/uploads\/2024\/06\/Sin-titulo-2560-x-1707-px-32-1024x683.jpg 1024w, https:\/\/dosterraswinegarden.com\/wp-content\/uploads\/2024\/06\/Sin-titulo-2560-x-1707-px-32-300x200.jpg 300w, https:\/\/dosterraswinegarden.com\/wp-content\/uploads\/2024\/06\/Sin-titulo-2560-x-1707-px-32-768x512.jpg 768w, https:\/\/dosterraswinegarden.com\/wp-content\/uploads\/2024\/06\/Sin-titulo-2560-x-1707-px-32-1536x1024.jpg 1536w, https:\/\/dosterraswinegarden.com\/wp-content\/uploads\/2024\/06\/Sin-titulo-2560-x-1707-px-32-2048x1366.jpg 2048w\" sizes=\"(max-width: 1024px) 100vw, 1024px\" \/>\t\t\t\t\t\t\t\t\t\t\t\t\t\t\t<\/div>\n\t\t\t\t<\/div>\n\t\t\t\t<div class=\"elementor-element elementor-element-b7c9cd3 elementor-widget elementor-widget-text-editor\" data-id=\"b7c9cd3\" data-element_type=\"widget\" data-e-type=\"widget\" data-widget_type=\"text-editor.default\">\n\t\t\t\t<div class=\"elementor-widget-container\">\n\t\t\t\t\t\t\t\t\t<p>Fuente de la imagen CONTINGUT AMIC. <\/p>\n\t\t\t\t\t\t\t\t<\/div>\n\t\t\t\t<\/div>\n\t\t\t\t\t<\/div>\n\t\t<\/div>\n\t\t\t\t\t<\/div>\n\t\t<\/section>\n\t\t\t\t<section class=\"elementor-section elementor-top-section elementor-element elementor-element-4a00d84 elementor-section-boxed elementor-section-height-default elementor-section-height-default qodef-elementor-content-no\" data-id=\"4a00d84\" data-element_type=\"section\" data-e-type=\"section\">\n\t\t\t\t\t\t<div class=\"elementor-container elementor-column-gap-default\">\n\t\t\t\t\t<div class=\"elementor-column elementor-col-100 elementor-top-column elementor-element elementor-element-e5d4616\" data-id=\"e5d4616\" data-element_type=\"column\" data-e-type=\"column\">\n\t\t\t<div class=\"elementor-widget-wrap elementor-element-populated\">\n\t\t\t\t\t\t<div class=\"elementor-element elementor-element-8e28249 elementor-widget elementor-widget-text-editor\" data-id=\"8e28249\" data-element_type=\"widget\" data-e-type=\"widget\" data-widget_type=\"text-editor.default\">\n\t\t\t\t<div class=\"elementor-widget-container\">\n\t\t\t\t\t\t\t\t\t<p>Com ves, el Priorat ofrece una gran variedad de escenarios preciosos que har\u00e1n de tus fotos de boda un recuerdo inolvidable. Desde los vi\u00f1edos hasta los pueblos medievales, pasando por las ermitas y los monasterios hist\u00f3ricos, cada rinc\u00f3n de esta comarca tiene un encanto \u00fanico. As\u00ed que, celebra tu boda en <a href=\"https:\/\/dosterraswinegarden.com\/es\/eventos\/\">Dosterras Wine Garden<\/a> y esc\u00e1pate a hacer una sesi\u00f3n fotogr\u00e1fica por el Priorat. <\/p>\n\t\t\t\t\t\t\t\t<\/div>\n\t\t\t\t<\/div>\n\t\t\t\t\t<\/div>\n\t\t<\/div>\n\t\t\t\t\t<\/div>\n\t\t<\/section>\n\t\t\t\t<\/div>\n\t\t","protected":false},"excerpt":{"rendered":"<p>Casarte en el Priorat es una gran opci\u00f3n. Esta peque\u00f1a comarca en el interior de Catalu\u00f1a te ofrece toda clase de paisajes, as\u00ed que te diremos los mejores lugares para hacer una sesi\u00f3n fotogr\u00e1fica de boda en el Priorat.<\/p>\n","protected":false},"author":5,"featured_media":16602,"comment_status":"closed","ping_status":"closed","sticky":false,"template":"","format":"standard","meta":{"_themeisle_gutenberg_block_has_review":false,"_joinchat":[],"footnotes":""},"categories":[136],"tags":[],"class_list":["post-16564","post","type-post","status-publish","format-standard","has-post-thumbnail","hentry","category-bodas"],"yoast_head":"<!-- This site is optimized with the Yoast SEO plugin v27.5 - https:\/\/yoast.com\/product\/yoast-seo-wordpress\/ -->\n<title>Los mejores lugares para hacer una sesi\u00f3n fotogr\u00e1fica de boda en el Priorat - Dosterras Wine Garden<\/title>\n<meta name=\"description\" content=\"Casarte en el Priorat es una gran opci\u00f3n. Esta peque\u00f1a comarca en el interior de Catalu\u00f1a te ofrece toda clase de paisajes, as\u00ed que te diremos los mejores lugares para hacer una sesi\u00f3n fotogr\u00e1fica de boda en el Priorat.\" \/>\n<meta name=\"robots\" content=\"index, follow, max-snippet:-1, max-image-preview:large, max-video-preview:-1\" \/>\n<link rel=\"canonical\" href=\"https:\/\/dosterraswinegarden.com\/es\/news\/descubre-los-mejores-lugares-para-hacer-una-sesion-fotografica-de-boda-en-el-priorat\/\" \/>\n<meta property=\"og:locale\" content=\"es_ES\" \/>\n<meta property=\"og:type\" content=\"article\" \/>\n<meta property=\"og:title\" content=\"Los mejores lugares para hacer una sesi\u00f3n fotogr\u00e1fica de boda en el Priorat - Dosterras Wine Garden\" \/>\n<meta property=\"og:description\" content=\"Casarte en el Priorat es una gran opci\u00f3n. Esta peque\u00f1a comarca en el interior de Catalu\u00f1a te ofrece toda clase de paisajes, as\u00ed que te diremos los mejores lugares para hacer una sesi\u00f3n fotogr\u00e1fica de boda en el Priorat.\" \/>\n<meta property=\"og:url\" content=\"https:\/\/dosterraswinegarden.com\/es\/news\/descubre-los-mejores-lugares-para-hacer-una-sesion-fotografica-de-boda-en-el-priorat\/\" \/>\n<meta property=\"og:site_name\" content=\"Dosterras Wine Garden\" \/>\n<meta property=\"article:published_time\" content=\"2024-06-12T15:35:41+00:00\" \/>\n<meta property=\"article:modified_time\" content=\"2024-09-26T11:25:12+00:00\" \/>\n<meta property=\"og:image\" content=\"https:\/\/dosterraswinegarden.com\/wp-content\/uploads\/2024\/06\/Sin-titulo-2560-x-1707-px-34.jpg\" \/>\n\t<meta property=\"og:image:width\" content=\"2560\" \/>\n\t<meta property=\"og:image:height\" content=\"1707\" \/>\n\t<meta property=\"og:image:type\" content=\"image\/jpeg\" \/>\n<meta name=\"author\" content=\"Mariona Pellicer\" \/>\n<meta name=\"twitter:card\" content=\"summary_large_image\" \/>\n<meta name=\"twitter:label1\" content=\"Escrito por\" \/>\n\t<meta name=\"twitter:data1\" content=\"Mariona Pellicer\" \/>\n\t<meta name=\"twitter:label2\" content=\"Tiempo de lectura\" \/>\n\t<meta name=\"twitter:data2\" content=\"5 minutos\" \/>\n<script type=\"application\/ld+json\" class=\"yoast-schema-graph\">{\"@context\":\"https:\\\/\\\/schema.org\",\"@graph\":[{\"@type\":\"Article\",\"@id\":\"https:\\\/\\\/dosterraswinegarden.com\\\/es\\\/news\\\/descubre-los-mejores-lugares-para-hacer-una-sesion-fotografica-de-boda-en-el-priorat\\\/#article\",\"isPartOf\":{\"@id\":\"https:\\\/\\\/dosterraswinegarden.com\\\/es\\\/news\\\/descubre-los-mejores-lugares-para-hacer-una-sesion-fotografica-de-boda-en-el-priorat\\\/\"},\"author\":{\"name\":\"Mariona Pellicer\",\"@id\":\"https:\\\/\\\/dosterraswinegarden.com\\\/#\\\/schema\\\/person\\\/5e4e86b4ab204eaefe917301e52e06d3\"},\"headline\":\"Descubre los mejores lugares para hacer una sesi\u00f3n fotogr\u00e1fica de boda en el Priorat.\",\"datePublished\":\"2024-06-12T15:35:41+00:00\",\"dateModified\":\"2024-09-26T11:25:12+00:00\",\"mainEntityOfPage\":{\"@id\":\"https:\\\/\\\/dosterraswinegarden.com\\\/es\\\/news\\\/descubre-los-mejores-lugares-para-hacer-una-sesion-fotografica-de-boda-en-el-priorat\\\/\"},\"wordCount\":634,\"image\":{\"@id\":\"https:\\\/\\\/dosterraswinegarden.com\\\/es\\\/news\\\/descubre-los-mejores-lugares-para-hacer-una-sesion-fotografica-de-boda-en-el-priorat\\\/#primaryimage\"},\"thumbnailUrl\":\"https:\\\/\\\/dosterraswinegarden.com\\\/wp-content\\\/uploads\\\/2024\\\/06\\\/Sin-titulo-2560-x-1707-px-34.jpg\",\"articleSection\":[\"Bodas\"],\"inLanguage\":\"es\"},{\"@type\":\"WebPage\",\"@id\":\"https:\\\/\\\/dosterraswinegarden.com\\\/es\\\/news\\\/descubre-los-mejores-lugares-para-hacer-una-sesion-fotografica-de-boda-en-el-priorat\\\/\",\"url\":\"https:\\\/\\\/dosterraswinegarden.com\\\/es\\\/news\\\/descubre-los-mejores-lugares-para-hacer-una-sesion-fotografica-de-boda-en-el-priorat\\\/\",\"name\":\"Los mejores lugares para hacer una sesi\u00f3n fotogr\u00e1fica de boda en el Priorat - Dosterras Wine Garden\",\"isPartOf\":{\"@id\":\"https:\\\/\\\/dosterraswinegarden.com\\\/#website\"},\"primaryImageOfPage\":{\"@id\":\"https:\\\/\\\/dosterraswinegarden.com\\\/es\\\/news\\\/descubre-los-mejores-lugares-para-hacer-una-sesion-fotografica-de-boda-en-el-priorat\\\/#primaryimage\"},\"image\":{\"@id\":\"https:\\\/\\\/dosterraswinegarden.com\\\/es\\\/news\\\/descubre-los-mejores-lugares-para-hacer-una-sesion-fotografica-de-boda-en-el-priorat\\\/#primaryimage\"},\"thumbnailUrl\":\"https:\\\/\\\/dosterraswinegarden.com\\\/wp-content\\\/uploads\\\/2024\\\/06\\\/Sin-titulo-2560-x-1707-px-34.jpg\",\"datePublished\":\"2024-06-12T15:35:41+00:00\",\"dateModified\":\"2024-09-26T11:25:12+00:00\",\"author\":{\"@id\":\"https:\\\/\\\/dosterraswinegarden.com\\\/#\\\/schema\\\/person\\\/5e4e86b4ab204eaefe917301e52e06d3\"},\"description\":\"Casarte en el Priorat es una gran opci\u00f3n. Esta peque\u00f1a comarca en el interior de Catalu\u00f1a te ofrece toda clase de paisajes, as\u00ed que te diremos los mejores lugares para hacer una sesi\u00f3n fotogr\u00e1fica de boda en el Priorat.\",\"breadcrumb\":{\"@id\":\"https:\\\/\\\/dosterraswinegarden.com\\\/es\\\/news\\\/descubre-los-mejores-lugares-para-hacer-una-sesion-fotografica-de-boda-en-el-priorat\\\/#breadcrumb\"},\"inLanguage\":\"es\",\"potentialAction\":[{\"@type\":\"ReadAction\",\"target\":[\"https:\\\/\\\/dosterraswinegarden.com\\\/es\\\/news\\\/descubre-los-mejores-lugares-para-hacer-una-sesion-fotografica-de-boda-en-el-priorat\\\/\"]}]},{\"@type\":\"ImageObject\",\"inLanguage\":\"es\",\"@id\":\"https:\\\/\\\/dosterraswinegarden.com\\\/es\\\/news\\\/descubre-los-mejores-lugares-para-hacer-una-sesion-fotografica-de-boda-en-el-priorat\\\/#primaryimage\",\"url\":\"https:\\\/\\\/dosterraswinegarden.com\\\/wp-content\\\/uploads\\\/2024\\\/06\\\/Sin-titulo-2560-x-1707-px-34.jpg\",\"contentUrl\":\"https:\\\/\\\/dosterraswinegarden.com\\\/wp-content\\\/uploads\\\/2024\\\/06\\\/Sin-titulo-2560-x-1707-px-34.jpg\",\"width\":2560,\"height\":1707},{\"@type\":\"BreadcrumbList\",\"@id\":\"https:\\\/\\\/dosterraswinegarden.com\\\/es\\\/news\\\/descubre-los-mejores-lugares-para-hacer-una-sesion-fotografica-de-boda-en-el-priorat\\\/#breadcrumb\",\"itemListElement\":[{\"@type\":\"ListItem\",\"position\":1,\"name\":\"Inici\",\"item\":\"https:\\\/\\\/dosterraswinegarden.com\\\/es\\\/\"},{\"@type\":\"ListItem\",\"position\":2,\"name\":\"Descubre los mejores lugares para hacer una sesi\u00f3n fotogr\u00e1fica de boda en el Priorat.\"}]},{\"@type\":\"WebSite\",\"@id\":\"https:\\\/\\\/dosterraswinegarden.com\\\/#website\",\"url\":\"https:\\\/\\\/dosterraswinegarden.com\\\/\",\"name\":\"Dosterras Wine Garden\",\"description\":\"Bodes, events i vins al Priorat\",\"potentialAction\":[{\"@type\":\"SearchAction\",\"target\":{\"@type\":\"EntryPoint\",\"urlTemplate\":\"https:\\\/\\\/dosterraswinegarden.com\\\/?s={search_term_string}\"},\"query-input\":{\"@type\":\"PropertyValueSpecification\",\"valueRequired\":true,\"valueName\":\"search_term_string\"}}],\"inLanguage\":\"es\"},{\"@type\":\"Person\",\"@id\":\"https:\\\/\\\/dosterraswinegarden.com\\\/#\\\/schema\\\/person\\\/5e4e86b4ab204eaefe917301e52e06d3\",\"name\":\"Mariona Pellicer\",\"image\":{\"@type\":\"ImageObject\",\"inLanguage\":\"es\",\"@id\":\"https:\\\/\\\/secure.gravatar.com\\\/avatar\\\/ac957e29a1e14e0bf3566a873be24a7254c7abaa12137fad6da725f42d683d48?s=96&d=blank&r=g\",\"url\":\"https:\\\/\\\/secure.gravatar.com\\\/avatar\\\/ac957e29a1e14e0bf3566a873be24a7254c7abaa12137fad6da725f42d683d48?s=96&d=blank&r=g\",\"contentUrl\":\"https:\\\/\\\/secure.gravatar.com\\\/avatar\\\/ac957e29a1e14e0bf3566a873be24a7254c7abaa12137fad6da725f42d683d48?s=96&d=blank&r=g\",\"caption\":\"Mariona Pellicer\"},\"url\":\"https:\\\/\\\/dosterraswinegarden.com\\\/es\\\/news\\\/author\\\/mariona\\\/\"}]}<\/script>\n<!-- \/ Yoast SEO plugin. -->","yoast_head_json":{"title":"Los mejores lugares para hacer una sesi\u00f3n fotogr\u00e1fica de boda en el Priorat - Dosterras Wine Garden","description":"Casarte en el Priorat es una gran opci\u00f3n. Esta peque\u00f1a comarca en el interior de Catalu\u00f1a te ofrece toda clase de paisajes, as\u00ed que te diremos los mejores lugares para hacer una sesi\u00f3n fotogr\u00e1fica de boda en el Priorat.","robots":{"index":"index","follow":"follow","max-snippet":"max-snippet:-1","max-image-preview":"max-image-preview:large","max-video-preview":"max-video-preview:-1"},"canonical":"https:\/\/dosterraswinegarden.com\/es\/news\/descubre-los-mejores-lugares-para-hacer-una-sesion-fotografica-de-boda-en-el-priorat\/","og_locale":"es_ES","og_type":"article","og_title":"Los mejores lugares para hacer una sesi\u00f3n fotogr\u00e1fica de boda en el Priorat - Dosterras Wine Garden","og_description":"Casarte en el Priorat es una gran opci\u00f3n. Esta peque\u00f1a comarca en el interior de Catalu\u00f1a te ofrece toda clase de paisajes, as\u00ed que te diremos los mejores lugares para hacer una sesi\u00f3n fotogr\u00e1fica de boda en el Priorat.","og_url":"https:\/\/dosterraswinegarden.com\/es\/news\/descubre-los-mejores-lugares-para-hacer-una-sesion-fotografica-de-boda-en-el-priorat\/","og_site_name":"Dosterras Wine Garden","article_published_time":"2024-06-12T15:35:41+00:00","article_modified_time":"2024-09-26T11:25:12+00:00","og_image":[{"width":2560,"height":1707,"url":"https:\/\/dosterraswinegarden.com\/wp-content\/uploads\/2024\/06\/Sin-titulo-2560-x-1707-px-34.jpg","type":"image\/jpeg"}],"author":"Mariona Pellicer","twitter_card":"summary_large_image","twitter_misc":{"Escrito por":"Mariona Pellicer","Tiempo de lectura":"5 minutos"},"schema":{"@context":"https:\/\/schema.org","@graph":[{"@type":"Article","@id":"https:\/\/dosterraswinegarden.com\/es\/news\/descubre-los-mejores-lugares-para-hacer-una-sesion-fotografica-de-boda-en-el-priorat\/#article","isPartOf":{"@id":"https:\/\/dosterraswinegarden.com\/es\/news\/descubre-los-mejores-lugares-para-hacer-una-sesion-fotografica-de-boda-en-el-priorat\/"},"author":{"name":"Mariona Pellicer","@id":"https:\/\/dosterraswinegarden.com\/#\/schema\/person\/5e4e86b4ab204eaefe917301e52e06d3"},"headline":"Descubre los mejores lugares para hacer una sesi\u00f3n fotogr\u00e1fica de boda en el Priorat.","datePublished":"2024-06-12T15:35:41+00:00","dateModified":"2024-09-26T11:25:12+00:00","mainEntityOfPage":{"@id":"https:\/\/dosterraswinegarden.com\/es\/news\/descubre-los-mejores-lugares-para-hacer-una-sesion-fotografica-de-boda-en-el-priorat\/"},"wordCount":634,"image":{"@id":"https:\/\/dosterraswinegarden.com\/es\/news\/descubre-los-mejores-lugares-para-hacer-una-sesion-fotografica-de-boda-en-el-priorat\/#primaryimage"},"thumbnailUrl":"https:\/\/dosterraswinegarden.com\/wp-content\/uploads\/2024\/06\/Sin-titulo-2560-x-1707-px-34.jpg","articleSection":["Bodas"],"inLanguage":"es"},{"@type":"WebPage","@id":"https:\/\/dosterraswinegarden.com\/es\/news\/descubre-los-mejores-lugares-para-hacer-una-sesion-fotografica-de-boda-en-el-priorat\/","url":"https:\/\/dosterraswinegarden.com\/es\/news\/descubre-los-mejores-lugares-para-hacer-una-sesion-fotografica-de-boda-en-el-priorat\/","name":"Los mejores lugares para hacer una sesi\u00f3n fotogr\u00e1fica de boda en el Priorat - Dosterras Wine Garden","isPartOf":{"@id":"https:\/\/dosterraswinegarden.com\/#website"},"primaryImageOfPage":{"@id":"https:\/\/dosterraswinegarden.com\/es\/news\/descubre-los-mejores-lugares-para-hacer-una-sesion-fotografica-de-boda-en-el-priorat\/#primaryimage"},"image":{"@id":"https:\/\/dosterraswinegarden.com\/es\/news\/descubre-los-mejores-lugares-para-hacer-una-sesion-fotografica-de-boda-en-el-priorat\/#primaryimage"},"thumbnailUrl":"https:\/\/dosterraswinegarden.com\/wp-content\/uploads\/2024\/06\/Sin-titulo-2560-x-1707-px-34.jpg","datePublished":"2024-06-12T15:35:41+00:00","dateModified":"2024-09-26T11:25:12+00:00","author":{"@id":"https:\/\/dosterraswinegarden.com\/#\/schema\/person\/5e4e86b4ab204eaefe917301e52e06d3"},"description":"Casarte en el Priorat es una gran opci\u00f3n. Esta peque\u00f1a comarca en el interior de Catalu\u00f1a te ofrece toda clase de paisajes, as\u00ed que te diremos los mejores lugares para hacer una sesi\u00f3n fotogr\u00e1fica de boda en el Priorat.","breadcrumb":{"@id":"https:\/\/dosterraswinegarden.com\/es\/news\/descubre-los-mejores-lugares-para-hacer-una-sesion-fotografica-de-boda-en-el-priorat\/#breadcrumb"},"inLanguage":"es","potentialAction":[{"@type":"ReadAction","target":["https:\/\/dosterraswinegarden.com\/es\/news\/descubre-los-mejores-lugares-para-hacer-una-sesion-fotografica-de-boda-en-el-priorat\/"]}]},{"@type":"ImageObject","inLanguage":"es","@id":"https:\/\/dosterraswinegarden.com\/es\/news\/descubre-los-mejores-lugares-para-hacer-una-sesion-fotografica-de-boda-en-el-priorat\/#primaryimage","url":"https:\/\/dosterraswinegarden.com\/wp-content\/uploads\/2024\/06\/Sin-titulo-2560-x-1707-px-34.jpg","contentUrl":"https:\/\/dosterraswinegarden.com\/wp-content\/uploads\/2024\/06\/Sin-titulo-2560-x-1707-px-34.jpg","width":2560,"height":1707},{"@type":"BreadcrumbList","@id":"https:\/\/dosterraswinegarden.com\/es\/news\/descubre-los-mejores-lugares-para-hacer-una-sesion-fotografica-de-boda-en-el-priorat\/#breadcrumb","itemListElement":[{"@type":"ListItem","position":1,"name":"Inici","item":"https:\/\/dosterraswinegarden.com\/es\/"},{"@type":"ListItem","position":2,"name":"Descubre los mejores lugares para hacer una sesi\u00f3n fotogr\u00e1fica de boda en el Priorat."}]},{"@type":"WebSite","@id":"https:\/\/dosterraswinegarden.com\/#website","url":"https:\/\/dosterraswinegarden.com\/","name":"Dosterras Wine Garden","description":"Bodes, events i vins al Priorat","potentialAction":[{"@type":"SearchAction","target":{"@type":"EntryPoint","urlTemplate":"https:\/\/dosterraswinegarden.com\/?s={search_term_string}"},"query-input":{"@type":"PropertyValueSpecification","valueRequired":true,"valueName":"search_term_string"}}],"inLanguage":"es"},{"@type":"Person","@id":"https:\/\/dosterraswinegarden.com\/#\/schema\/person\/5e4e86b4ab204eaefe917301e52e06d3","name":"Mariona Pellicer","image":{"@type":"ImageObject","inLanguage":"es","@id":"https:\/\/secure.gravatar.com\/avatar\/ac957e29a1e14e0bf3566a873be24a7254c7abaa12137fad6da725f42d683d48?s=96&d=blank&r=g","url":"https:\/\/secure.gravatar.com\/avatar\/ac957e29a1e14e0bf3566a873be24a7254c7abaa12137fad6da725f42d683d48?s=96&d=blank&r=g","contentUrl":"https:\/\/secure.gravatar.com\/avatar\/ac957e29a1e14e0bf3566a873be24a7254c7abaa12137fad6da725f42d683d48?s=96&d=blank&r=g","caption":"Mariona Pellicer"},"url":"https:\/\/dosterraswinegarden.com\/es\/news\/author\/mariona\/"}]}},"_links":{"self":[{"href":"https:\/\/dosterraswinegarden.com\/es\/wp-json\/wp\/v2\/posts\/16564","targetHints":{"allow":["GET"]}}],"collection":[{"href":"https:\/\/dosterraswinegarden.com\/es\/wp-json\/wp\/v2\/posts"}],"about":[{"href":"https:\/\/dosterraswinegarden.com\/es\/wp-json\/wp\/v2\/types\/post"}],"author":[{"embeddable":true,"href":"https:\/\/dosterraswinegarden.com\/es\/wp-json\/wp\/v2\/users\/5"}],"replies":[{"embeddable":true,"href":"https:\/\/dosterraswinegarden.com\/es\/wp-json\/wp\/v2\/comments?post=16564"}],"version-history":[{"count":3,"href":"https:\/\/dosterraswinegarden.com\/es\/wp-json\/wp\/v2\/posts\/16564\/revisions"}],"predecessor-version":[{"id":16604,"href":"https:\/\/dosterraswinegarden.com\/es\/wp-json\/wp\/v2\/posts\/16564\/revisions\/16604"}],"wp:featuredmedia":[{"embeddable":true,"href":"https:\/\/dosterraswinegarden.com\/es\/wp-json\/wp\/v2\/media\/16602"}],"wp:attachment":[{"href":"https:\/\/dosterraswinegarden.com\/es\/wp-json\/wp\/v2\/media?parent=16564"}],"wp:term":[{"taxonomy":"category","embeddable":true,"href":"https:\/\/dosterraswinegarden.com\/es\/wp-json\/wp\/v2\/categories?post=16564"},{"taxonomy":"post_tag","embeddable":true,"href":"https:\/\/dosterraswinegarden.com\/es\/wp-json\/wp\/v2\/tags?post=16564"}],"curies":[{"name":"wp","href":"https:\/\/api.w.org\/{rel}","templated":true}]}}