{"id":16859,"date":"2024-07-09T21:36:00","date_gmt":"2024-07-09T21:36:00","guid":{"rendered":"https:\/\/dosterraswinegarden.com\/?p=16859"},"modified":"2024-09-26T11:25:03","modified_gmt":"2024-09-26T11:25:03","slug":"5-actividades-para-hacer-en-el-priorat-este-julio","status":"publish","type":"post","link":"https:\/\/dosterraswinegarden.com\/es\/news\/5-actividades-para-hacer-en-el-priorat-este-julio\/","title":{"rendered":"5 ACTIVIDADES para hacer en el PRIORAT este JULIO"},"content":{"rendered":"\t\t<div data-elementor-type=\"wp-post\" data-elementor-id=\"16859\" class=\"elementor elementor-16859 elementor-16857\">\n\t\t\t\t\t\t<section class=\"elementor-section elementor-top-section elementor-element elementor-element-ab2f973 elementor-section-boxed elementor-section-height-default elementor-section-height-default qodef-elementor-content-no\" data-id=\"ab2f973\" data-element_type=\"section\" data-e-type=\"section\">\n\t\t\t\t\t\t<div class=\"elementor-container elementor-column-gap-default\">\n\t\t\t\t\t<div class=\"elementor-column elementor-col-100 elementor-top-column elementor-element elementor-element-3c6fbd5\" data-id=\"3c6fbd5\" data-element_type=\"column\" data-e-type=\"column\">\n\t\t\t<div class=\"elementor-widget-wrap elementor-element-populated\">\n\t\t\t\t\t\t<div class=\"elementor-element elementor-element-a9205a8 elementor-widget elementor-widget-text-editor\" data-id=\"a9205a8\" data-element_type=\"widget\" data-e-type=\"widget\" data-widget_type=\"text-editor.default\">\n\t\t\t\t<div class=\"elementor-widget-container\">\n\t\t\t\t\t\t\t\t\t<p>Si est\u00e1s pensando en pasar julio en el Priorat, aqu\u00ed te damos algunas opciones para que disfrutes del territorio mientras te lo pasas bien. La comarca del Priorat ofrece m\u00faltiples actividades para disfrutar de sus paisajes, su cultura y su historia vitivin\u00edcola. A continuaci\u00f3n, te recomendamos 5 actividades para hacer en el Priorat este julio.<\/p>\n\t\t\t\t\t\t\t\t<\/div>\n\t\t\t\t<\/div>\n\t\t\t\t\t<\/div>\n\t\t<\/div>\n\t\t\t\t\t<\/div>\n\t\t<\/section>\n\t\t\t\t<section class=\"elementor-section elementor-top-section elementor-element elementor-element-d29be9d elementor-section-boxed elementor-section-height-default elementor-section-height-default qodef-elementor-content-no\" data-id=\"d29be9d\" data-element_type=\"section\" data-e-type=\"section\">\n\t\t\t\t\t\t<div class=\"elementor-container elementor-column-gap-default\">\n\t\t\t\t\t<div class=\"elementor-column elementor-col-100 elementor-top-column elementor-element elementor-element-da16aed\" data-id=\"da16aed\" data-element_type=\"column\" data-e-type=\"column\">\n\t\t\t<div class=\"elementor-widget-wrap elementor-element-populated\">\n\t\t\t\t\t\t<div class=\"elementor-element elementor-element-daac545 elementor-widget elementor-widget-heading\" data-id=\"daac545\" data-element_type=\"widget\" data-e-type=\"widget\" data-widget_type=\"heading.default\">\n\t\t\t\t<div class=\"elementor-widget-container\">\n\t\t\t\t\t<h2 class=\"elementor-heading-title elementor-size-default\">Descubre las actividades para hacer en el Priorat<\/h2>\t\t\t\t<\/div>\n\t\t\t\t<\/div>\n\t\t\t\t<div class=\"elementor-element elementor-element-46df0a4 elementor-widget elementor-widget-heading\" data-id=\"46df0a4\" data-element_type=\"widget\" data-e-type=\"widget\" data-widget_type=\"heading.default\">\n\t\t\t\t<div class=\"elementor-widget-container\">\n\t\t\t\t\t<h3 class=\"elementor-heading-title elementor-size-default\">1. El cielo nocturno del Montsant<\/h3>\t\t\t\t<\/div>\n\t\t\t\t<\/div>\n\t\t\t\t<div class=\"elementor-element elementor-element-bfab4b9 elementor-widget elementor-widget-text-editor\" data-id=\"bfab4b9\" data-element_type=\"widget\" data-e-type=\"widget\" data-widget_type=\"text-editor.default\">\n\t\t\t\t<div class=\"elementor-widget-container\">\n\t\t\t\t\t\t\t\t\t<p>Si te gusta disfrutar de un espacio natural y su tranquilidad, esta es tu actividad. Durante los meses de julio y agosto, el Parque Natural de la Sierra del Montsant organiza una serie de actividades de astronom\u00eda en la red de miradores que rodean la sierra. Durante una hora se realizar\u00e1 la observaci\u00f3n con telescopio y a simple vista de las constelaciones y objetos visibles de la noche con la ayuda de un gu\u00eda astron\u00f3mico.<\/p>\n<p>Actividad gratuita con preinscripci\u00f3n previa \u2013 23 de julio \u2013 La Morera del Montsant.<\/p>\n<p>Inf\u00f3rmate m\u00e1s <a href=\"https:\/\/www.agendapriorat.cat\/activitat\/el-cel-nocturn-de-montsant\">aqu\u00ed<\/a>.<\/p>\n\t\t\t\t\t\t\t\t<\/div>\n\t\t\t\t<\/div>\n\t\t\t\t<div class=\"elementor-element elementor-element-73e3f92 elementor-widget elementor-widget-image\" data-id=\"73e3f92\" data-element_type=\"widget\" data-e-type=\"widget\" data-widget_type=\"image.default\">\n\t\t\t\t<div class=\"elementor-widget-container\">\n\t\t\t\t\t\t\t\t\t\t\t\t\t\t\t<img fetchpriority=\"high\" decoding=\"async\" width=\"1024\" height=\"683\" src=\"https:\/\/dosterraswinegarden.com\/wp-content\/uploads\/2024\/07\/Diseno-sin-titulo-34-1024x683.png\" class=\"attachment-large size-large wp-image-16877\" alt=\"activitats per fer al priorat\" srcset=\"https:\/\/dosterraswinegarden.com\/wp-content\/uploads\/2024\/07\/Diseno-sin-titulo-34-1024x683.png 1024w, https:\/\/dosterraswinegarden.com\/wp-content\/uploads\/2024\/07\/Diseno-sin-titulo-34-300x200.png 300w, https:\/\/dosterraswinegarden.com\/wp-content\/uploads\/2024\/07\/Diseno-sin-titulo-34-768x512.png 768w, https:\/\/dosterraswinegarden.com\/wp-content\/uploads\/2024\/07\/Diseno-sin-titulo-34-1536x1024.png 1536w, https:\/\/dosterraswinegarden.com\/wp-content\/uploads\/2024\/07\/Diseno-sin-titulo-34-2048x1366.png 2048w\" sizes=\"(max-width: 1024px) 100vw, 1024px\" \/>\t\t\t\t\t\t\t\t\t\t\t\t\t\t\t<\/div>\n\t\t\t\t<\/div>\n\t\t\t\t\t<\/div>\n\t\t<\/div>\n\t\t\t\t\t<\/div>\n\t\t<\/section>\n\t\t\t\t<section class=\"elementor-section elementor-top-section elementor-element elementor-element-ac297b8 elementor-section-boxed elementor-section-height-default elementor-section-height-default qodef-elementor-content-no\" data-id=\"ac297b8\" data-element_type=\"section\" data-e-type=\"section\">\n\t\t\t\t\t\t<div class=\"elementor-container elementor-column-gap-default\">\n\t\t\t\t\t<div class=\"elementor-column elementor-col-100 elementor-top-column elementor-element elementor-element-cefd290\" data-id=\"cefd290\" data-element_type=\"column\" data-e-type=\"column\">\n\t\t\t<div class=\"elementor-widget-wrap elementor-element-populated\">\n\t\t\t\t\t\t<div class=\"elementor-element elementor-element-0ce4c84 elementor-widget elementor-widget-heading\" data-id=\"0ce4c84\" data-element_type=\"widget\" data-e-type=\"widget\" data-widget_type=\"heading.default\">\n\t\t\t\t<div class=\"elementor-widget-container\">\n\t\t\t\t\t<h3 class=\"elementor-heading-title elementor-size-default\">2. Concierto Escucha el Montsant - 20 de julio<\/h3>\t\t\t\t<\/div>\n\t\t\t\t<\/div>\n\t\t\t\t<div class=\"elementor-element elementor-element-2123b99 elementor-widget elementor-widget-text-editor\" data-id=\"2123b99\" data-element_type=\"widget\" data-e-type=\"widget\" data-widget_type=\"text-editor.default\">\n\t\t\t\t<div class=\"elementor-widget-container\">\n\t\t\t\t\t\t\t\t\t<p>Los conciertos al aire libre son un cl\u00e1sico del verano. Inspirada por las ermitas del Montsant, la pianista L\u00eddia Papi\u00f3 crea la obra \u00abBatecs de Montsant\u00bb y nos ofrece un concierto en plena naturaleza para conectar con el entorno y captar la espiritualidad del Montsant. D\u00e9jate seducir en esta velada mientras la m\u00fasica y la naturaleza confluyen en la magia de los paisajes prioratinos.<\/p>\n\t\t\t\t\t\t\t\t<\/div>\n\t\t\t\t<\/div>\n\t\t\t\t<div class=\"elementor-element elementor-element-84727d3 elementor-widget elementor-widget-image\" data-id=\"84727d3\" data-element_type=\"widget\" data-e-type=\"widget\" data-widget_type=\"image.default\">\n\t\t\t\t<div class=\"elementor-widget-container\">\n\t\t\t\t\t\t\t\t\t\t\t\t\t\t\t<img decoding=\"async\" width=\"1024\" height=\"683\" src=\"https:\/\/dosterraswinegarden.com\/wp-content\/uploads\/2024\/07\/Diseno-sin-titulo-10-1024x683.jpg\" class=\"attachment-large size-large wp-image-16880\" alt=\"activitats al priorat\" srcset=\"https:\/\/dosterraswinegarden.com\/wp-content\/uploads\/2024\/07\/Diseno-sin-titulo-10-1024x683.jpg 1024w, https:\/\/dosterraswinegarden.com\/wp-content\/uploads\/2024\/07\/Diseno-sin-titulo-10-300x200.jpg 300w, https:\/\/dosterraswinegarden.com\/wp-content\/uploads\/2024\/07\/Diseno-sin-titulo-10-768x512.jpg 768w, https:\/\/dosterraswinegarden.com\/wp-content\/uploads\/2024\/07\/Diseno-sin-titulo-10-1536x1024.jpg 1536w, https:\/\/dosterraswinegarden.com\/wp-content\/uploads\/2024\/07\/Diseno-sin-titulo-10-2048x1366.jpg 2048w\" sizes=\"(max-width: 1024px) 100vw, 1024px\" \/>\t\t\t\t\t\t\t\t\t\t\t\t\t\t\t<\/div>\n\t\t\t\t<\/div>\n\t\t\t\t\t<\/div>\n\t\t<\/div>\n\t\t\t\t\t<\/div>\n\t\t<\/section>\n\t\t\t\t<section class=\"elementor-section elementor-top-section elementor-element elementor-element-0475746 elementor-section-boxed elementor-section-height-default elementor-section-height-default qodef-elementor-content-no\" data-id=\"0475746\" data-element_type=\"section\" data-e-type=\"section\">\n\t\t\t\t\t\t<div class=\"elementor-container elementor-column-gap-default\">\n\t\t\t\t\t<div class=\"elementor-column elementor-col-100 elementor-top-column elementor-element elementor-element-28406b2\" data-id=\"28406b2\" data-element_type=\"column\" data-e-type=\"column\">\n\t\t\t<div class=\"elementor-widget-wrap elementor-element-populated\">\n\t\t\t\t\t\t<div class=\"elementor-element elementor-element-66f2f49 elementor-widget elementor-widget-heading\" data-id=\"66f2f49\" data-element_type=\"widget\" data-e-type=\"widget\" data-widget_type=\"heading.default\">\n\t\t\t\t<div class=\"elementor-widget-container\">\n\t\t\t\t\t<h3 class=\"elementor-heading-title elementor-size-default\">3. Viernes DiVinos - 19 de julio <\/h3>\t\t\t\t<\/div>\n\t\t\t\t<\/div>\n\t\t\t\t<div class=\"elementor-element elementor-element-8d748f8 elementor-widget elementor-widget-text-editor\" data-id=\"8d748f8\" data-element_type=\"widget\" data-e-type=\"widget\" data-widget_type=\"text-editor.default\">\n\t\t\t\t<div class=\"elementor-widget-container\">\n\t\t\t\t\t\t\t\t\t<p>El ciclo \u00abDivendres Divins\u00bb llega a su IX edici\u00f3n en los Guiamets, esta vez vinculado a la literatura y el patrimonio relacionados con los diferentes pueblos que forman parte de la denominaci\u00f3n Montsant. Roser Vernet, protagonista de la velada, abrir\u00e1 la noche recitando fragmentos de su obra literaria. El evento continuar\u00e1 con la actuaci\u00f3n musical del d\u00fao de rock catal\u00e1n \u00abRampaire\u00bb, y, como siempre, habr\u00e1 una selecci\u00f3n de vinos del Montsant para maridar.<\/p>\n\t\t\t\t\t\t\t\t<\/div>\n\t\t\t\t<\/div>\n\t\t\t\t<div class=\"elementor-element elementor-element-c0f3586 elementor-widget elementor-widget-image\" data-id=\"c0f3586\" data-element_type=\"widget\" data-e-type=\"widget\" data-widget_type=\"image.default\">\n\t\t\t\t<div class=\"elementor-widget-container\">\n\t\t\t\t\t\t\t\t\t\t\t\t\t\t\t<img decoding=\"async\" width=\"1024\" height=\"683\" src=\"https:\/\/dosterraswinegarden.com\/wp-content\/uploads\/2024\/07\/Diseno-sin-titulo-11-1024x683.jpg\" class=\"attachment-large size-large wp-image-16883\" alt=\"\" srcset=\"https:\/\/dosterraswinegarden.com\/wp-content\/uploads\/2024\/07\/Diseno-sin-titulo-11-1024x683.jpg 1024w, https:\/\/dosterraswinegarden.com\/wp-content\/uploads\/2024\/07\/Diseno-sin-titulo-11-300x200.jpg 300w, https:\/\/dosterraswinegarden.com\/wp-content\/uploads\/2024\/07\/Diseno-sin-titulo-11-768x512.jpg 768w, https:\/\/dosterraswinegarden.com\/wp-content\/uploads\/2024\/07\/Diseno-sin-titulo-11-1536x1024.jpg 1536w, https:\/\/dosterraswinegarden.com\/wp-content\/uploads\/2024\/07\/Diseno-sin-titulo-11-2048x1366.jpg 2048w\" sizes=\"(max-width: 1024px) 100vw, 1024px\" \/>\t\t\t\t\t\t\t\t\t\t\t\t\t\t\t<\/div>\n\t\t\t\t<\/div>\n\t\t\t\t\t<\/div>\n\t\t<\/div>\n\t\t\t\t\t<\/div>\n\t\t<\/section>\n\t\t\t\t<section class=\"elementor-section elementor-top-section elementor-element elementor-element-806e210 elementor-section-boxed elementor-section-height-default elementor-section-height-default qodef-elementor-content-no\" data-id=\"806e210\" data-element_type=\"section\" data-e-type=\"section\">\n\t\t\t\t\t\t<div class=\"elementor-container elementor-column-gap-default\">\n\t\t\t\t\t<div class=\"elementor-column elementor-col-100 elementor-top-column elementor-element elementor-element-085724e\" data-id=\"085724e\" data-element_type=\"column\" data-e-type=\"column\">\n\t\t\t<div class=\"elementor-widget-wrap elementor-element-populated\">\n\t\t\t\t\t\t<div class=\"elementor-element elementor-element-35fd9b7 elementor-widget elementor-widget-heading\" data-id=\"35fd9b7\" data-element_type=\"widget\" data-e-type=\"widget\" data-widget_type=\"heading.default\">\n\t\t\t\t<div class=\"elementor-widget-container\">\n\t\t\t\t\t<h3 class=\"elementor-heading-title elementor-size-default\">4. MARIDAJES COOPERATIVA FALSET MAR\u00c7\u00c0 \u2013 19 I 26 DE JULIO<\/h3>\t\t\t\t<\/div>\n\t\t\t\t<\/div>\n\t\t\t\t<div class=\"elementor-element elementor-element-3b41540 elementor-widget elementor-widget-text-editor\" data-id=\"3b41540\" data-element_type=\"widget\" data-e-type=\"widget\" data-widget_type=\"text-editor.default\">\n\t\t\t\t<div class=\"elementor-widget-container\">\n\t\t\t\t\t\t\t\t\t<p>Aprovecha para disfrutar del buen vino en buena compa\u00f1\u00eda y descubre los maridajes de la semana. Todos los viernes de julio a las 19h, la Cooperativa de Falset \u2013 Mar\u00e7\u00e0 organiza en su wine bar diversos maridajes con productores de la zona.<\/p>\n\t\t\t\t\t\t\t\t<\/div>\n\t\t\t\t<\/div>\n\t\t\t\t<div class=\"elementor-element elementor-element-661544d elementor-widget elementor-widget-image\" data-id=\"661544d\" data-element_type=\"widget\" data-e-type=\"widget\" data-widget_type=\"image.default\">\n\t\t\t\t<div class=\"elementor-widget-container\">\n\t\t\t\t\t\t\t\t\t\t\t\t\t\t\t<img loading=\"lazy\" decoding=\"async\" width=\"1024\" height=\"683\" src=\"https:\/\/dosterraswinegarden.com\/wp-content\/uploads\/2024\/07\/Diseno-sin-titulo-13-1024x683.jpg\" class=\"attachment-large size-large wp-image-16889\" alt=\"\" srcset=\"https:\/\/dosterraswinegarden.com\/wp-content\/uploads\/2024\/07\/Diseno-sin-titulo-13-1024x683.jpg 1024w, https:\/\/dosterraswinegarden.com\/wp-content\/uploads\/2024\/07\/Diseno-sin-titulo-13-300x200.jpg 300w, https:\/\/dosterraswinegarden.com\/wp-content\/uploads\/2024\/07\/Diseno-sin-titulo-13-768x512.jpg 768w, https:\/\/dosterraswinegarden.com\/wp-content\/uploads\/2024\/07\/Diseno-sin-titulo-13-1536x1024.jpg 1536w, https:\/\/dosterraswinegarden.com\/wp-content\/uploads\/2024\/07\/Diseno-sin-titulo-13-2048x1366.jpg 2048w\" sizes=\"(max-width: 1024px) 100vw, 1024px\" \/>\t\t\t\t\t\t\t\t\t\t\t\t\t\t\t<\/div>\n\t\t\t\t<\/div>\n\t\t\t\t\t<\/div>\n\t\t<\/div>\n\t\t\t\t\t<\/div>\n\t\t<\/section>\n\t\t\t\t<section class=\"elementor-section elementor-top-section elementor-element elementor-element-0462c82 elementor-section-boxed elementor-section-height-default elementor-section-height-default qodef-elementor-content-no\" data-id=\"0462c82\" data-element_type=\"section\" data-e-type=\"section\">\n\t\t\t\t\t\t<div class=\"elementor-container elementor-column-gap-default\">\n\t\t\t\t\t<div class=\"elementor-column elementor-col-100 elementor-top-column elementor-element elementor-element-839ccf0\" data-id=\"839ccf0\" data-element_type=\"column\" data-e-type=\"column\">\n\t\t\t<div class=\"elementor-widget-wrap elementor-element-populated\">\n\t\t\t\t\t\t<div class=\"elementor-element elementor-element-b6812e6 elementor-widget elementor-widget-heading\" data-id=\"b6812e6\" data-element_type=\"widget\" data-e-type=\"widget\" data-widget_type=\"heading.default\">\n\t\t\t\t<div class=\"elementor-widget-container\">\n\t\t\t\t\t<h3 class=\"elementor-heading-title elementor-size-default\">5. PRIORAT PINTADO CON VINO \u2013 EXPOSICI\u00d3N PERMANENTE<\/h3>\t\t\t\t<\/div>\n\t\t\t\t<\/div>\n\t\t\t\t<div class=\"elementor-element elementor-element-bf57cf1 elementor-widget elementor-widget-text-editor\" data-id=\"bf57cf1\" data-element_type=\"widget\" data-e-type=\"widget\" data-widget_type=\"text-editor.default\">\n\t\t\t\t<div class=\"elementor-widget-container\">\n\t\t\t\t\t\t\t\t\t<p>Exposici\u00f3n \u201cPriorat pintat amb vi\u201d. Es necesario concertar visita. Una actividad que captura la atenci\u00f3n de los m\u00e1s curiosos. Si te gusta el arte, el vino y el Priorat, \u00a1esta es tu actividad! Expuesta en el taller del mismo artista, en Cornudella del Montsant, podremos observar c\u00f3mo el vino y el territorio se fusionan para mostrar sus encantos y parte de la infancia y vida de la pintora prioratina Montserrat Adzerias.<\/p>\n\t\t\t\t\t\t\t\t<\/div>\n\t\t\t\t<\/div>\n\t\t\t\t<div class=\"elementor-element elementor-element-5b9a6ea elementor-widget elementor-widget-image\" data-id=\"5b9a6ea\" data-element_type=\"widget\" data-e-type=\"widget\" data-widget_type=\"image.default\">\n\t\t\t\t<div class=\"elementor-widget-container\">\n\t\t\t\t\t\t\t\t\t\t\t\t\t\t\t<img loading=\"lazy\" decoding=\"async\" width=\"1024\" height=\"683\" src=\"https:\/\/dosterraswinegarden.com\/wp-content\/uploads\/2024\/07\/Diseno-sin-titulo-14-1024x683.jpg\" class=\"attachment-large size-large wp-image-16892\" alt=\"exposicio al priorat\" srcset=\"https:\/\/dosterraswinegarden.com\/wp-content\/uploads\/2024\/07\/Diseno-sin-titulo-14-1024x683.jpg 1024w, https:\/\/dosterraswinegarden.com\/wp-content\/uploads\/2024\/07\/Diseno-sin-titulo-14-300x200.jpg 300w, https:\/\/dosterraswinegarden.com\/wp-content\/uploads\/2024\/07\/Diseno-sin-titulo-14-768x512.jpg 768w, https:\/\/dosterraswinegarden.com\/wp-content\/uploads\/2024\/07\/Diseno-sin-titulo-14-1536x1024.jpg 1536w, https:\/\/dosterraswinegarden.com\/wp-content\/uploads\/2024\/07\/Diseno-sin-titulo-14-2048x1366.jpg 2048w\" sizes=\"(max-width: 1024px) 100vw, 1024px\" \/>\t\t\t\t\t\t\t\t\t\t\t\t\t\t\t<\/div>\n\t\t\t\t<\/div>\n\t\t\t\t<div class=\"elementor-element elementor-element-1f2dcf9 elementor-widget elementor-widget-text-editor\" data-id=\"1f2dcf9\" data-element_type=\"widget\" data-e-type=\"widget\" data-widget_type=\"text-editor.default\">\n\t\t\t\t<div class=\"elementor-widget-container\">\n\t\t\t\t\t\t\t\t\t<p>Imagen extra\u00edda del sitio web <a href=\"https:\/\/raima.cat\/events\/exposicio-priorat-pintat-amb-vi\/\">raima.cat.<\/a><\/p>\n\t\t\t\t\t\t\t\t<\/div>\n\t\t\t\t<\/div>\n\t\t\t\t\t<\/div>\n\t\t<\/div>\n\t\t\t\t\t<\/div>\n\t\t<\/section>\n\t\t\t\t<section class=\"elementor-section elementor-top-section elementor-element elementor-element-4a00d84 elementor-section-boxed elementor-section-height-default elementor-section-height-default qodef-elementor-content-no\" data-id=\"4a00d84\" data-element_type=\"section\" data-e-type=\"section\">\n\t\t\t\t\t\t<div class=\"elementor-container elementor-column-gap-default\">\n\t\t\t\t\t<div class=\"elementor-column elementor-col-100 elementor-top-column elementor-element elementor-element-e5d4616\" data-id=\"e5d4616\" data-element_type=\"column\" data-e-type=\"column\">\n\t\t\t<div class=\"elementor-widget-wrap elementor-element-populated\">\n\t\t\t\t\t\t<div class=\"elementor-element elementor-element-8e28249 elementor-widget elementor-widget-text-editor\" data-id=\"8e28249\" data-element_type=\"widget\" data-e-type=\"widget\" data-widget_type=\"text-editor.default\">\n\t\t\t\t<div class=\"elementor-widget-container\">\n\t\t\t\t\t\t\t\t\t<p>El Priorat, con su amplia oferta cultural, ofrece una gran variedad de actividades para los amantes de la naturaleza, el vino y la cultura. \u00bfTe lo vas a perder?<\/p>\n<p>Te dejo un art\u00edculo para <a href=\"https:\/\/dosterraswinegarden.com\/es\/news\/descubre-7-pueblos-con-encanto-para-visitar-en-el-priorat\/\">descubrir pueblos con encanto en el Priorat.<\/a><\/p>\n\t\t\t\t\t\t\t\t<\/div>\n\t\t\t\t<\/div>\n\t\t\t\t\t<\/div>\n\t\t<\/div>\n\t\t\t\t\t<\/div>\n\t\t<\/section>\n\t\t\t\t<\/div>\n\t\t","protected":false},"excerpt":{"rendered":"<p>En verano es momento de salir y, por eso, en este art\u00edculo, te explicamos 5 actividades para hacer en el Priorat este julio.<\/p>\n","protected":false},"author":5,"featured_media":14720,"comment_status":"closed","ping_status":"closed","sticky":false,"template":"","format":"standard","meta":{"_themeisle_gutenberg_block_has_review":false,"_joinchat":[],"footnotes":""},"categories":[66],"tags":[],"class_list":["post-16859","post","type-post","status-publish","format-standard","has-post-thumbnail","hentry","category-sin-categorizar"],"yoast_head":"<!-- This site is optimized with the Yoast SEO plugin v27.5 - https:\/\/yoast.com\/product\/yoast-seo-wordpress\/ -->\n<title>5 actividades para hacer en el Priorat en julio - Dosterras Wine Garden<\/title>\n<meta name=\"description\" content=\"En verano es momento de salir y, por eso, en este art\u00edculo, te contamos 5 actividades para hacer en el Priorat este julio.\" \/>\n<meta name=\"robots\" content=\"index, follow, max-snippet:-1, max-image-preview:large, max-video-preview:-1\" \/>\n<link rel=\"canonical\" href=\"https:\/\/dosterraswinegarden.com\/es\/news\/5-actividades-para-hacer-en-el-priorat-este-julio\/\" \/>\n<meta property=\"og:locale\" content=\"es_ES\" \/>\n<meta property=\"og:type\" content=\"article\" \/>\n<meta property=\"og:title\" content=\"5 actividades para hacer en el Priorat en julio - Dosterras Wine Garden\" \/>\n<meta property=\"og:description\" content=\"En verano es momento de salir y, por eso, en este art\u00edculo, te contamos 5 actividades para hacer en el Priorat este julio.\" \/>\n<meta property=\"og:url\" content=\"https:\/\/dosterraswinegarden.com\/es\/news\/5-actividades-para-hacer-en-el-priorat-este-julio\/\" \/>\n<meta property=\"og:site_name\" content=\"Dosterras Wine Garden\" \/>\n<meta property=\"article:published_time\" content=\"2024-07-09T21:36:00+00:00\" \/>\n<meta property=\"article:modified_time\" content=\"2024-09-26T11:25:03+00:00\" \/>\n<meta property=\"og:image\" content=\"https:\/\/dosterraswinegarden.com\/wp-content\/uploads\/2023\/08\/130FustaiFoc.jpg\" \/>\n\t<meta property=\"og:image:width\" content=\"1920\" \/>\n\t<meta property=\"og:image:height\" content=\"1282\" \/>\n\t<meta property=\"og:image:type\" content=\"image\/jpeg\" \/>\n<meta name=\"author\" content=\"Mariona Pellicer\" \/>\n<meta name=\"twitter:card\" content=\"summary_large_image\" \/>\n<meta name=\"twitter:label1\" content=\"Escrito por\" \/>\n\t<meta name=\"twitter:data1\" content=\"Mariona Pellicer\" \/>\n\t<meta name=\"twitter:label2\" content=\"Tiempo de lectura\" \/>\n\t<meta name=\"twitter:data2\" content=\"4 minutos\" \/>\n<script type=\"application\/ld+json\" class=\"yoast-schema-graph\">{\"@context\":\"https:\\\/\\\/schema.org\",\"@graph\":[{\"@type\":\"Article\",\"@id\":\"https:\\\/\\\/dosterraswinegarden.com\\\/es\\\/news\\\/5-actividades-para-hacer-en-el-priorat-este-julio\\\/#article\",\"isPartOf\":{\"@id\":\"https:\\\/\\\/dosterraswinegarden.com\\\/es\\\/news\\\/5-actividades-para-hacer-en-el-priorat-este-julio\\\/\"},\"author\":{\"name\":\"Mariona Pellicer\",\"@id\":\"https:\\\/\\\/dosterraswinegarden.com\\\/#\\\/schema\\\/person\\\/5e4e86b4ab204eaefe917301e52e06d3\"},\"headline\":\"5 ACTIVIDADES para hacer en el PRIORAT este JULIO\",\"datePublished\":\"2024-07-09T21:36:00+00:00\",\"dateModified\":\"2024-09-26T11:25:03+00:00\",\"mainEntityOfPage\":{\"@id\":\"https:\\\/\\\/dosterraswinegarden.com\\\/es\\\/news\\\/5-actividades-para-hacer-en-el-priorat-este-julio\\\/\"},\"wordCount\":515,\"image\":{\"@id\":\"https:\\\/\\\/dosterraswinegarden.com\\\/es\\\/news\\\/5-actividades-para-hacer-en-el-priorat-este-julio\\\/#primaryimage\"},\"thumbnailUrl\":\"https:\\\/\\\/dosterraswinegarden.com\\\/wp-content\\\/uploads\\\/2023\\\/08\\\/130FustaiFoc.jpg\",\"articleSection\":[\"Sin categorizar\"],\"inLanguage\":\"es\"},{\"@type\":\"WebPage\",\"@id\":\"https:\\\/\\\/dosterraswinegarden.com\\\/es\\\/news\\\/5-actividades-para-hacer-en-el-priorat-este-julio\\\/\",\"url\":\"https:\\\/\\\/dosterraswinegarden.com\\\/es\\\/news\\\/5-actividades-para-hacer-en-el-priorat-este-julio\\\/\",\"name\":\"5 actividades para hacer en el Priorat en julio - Dosterras Wine Garden\",\"isPartOf\":{\"@id\":\"https:\\\/\\\/dosterraswinegarden.com\\\/#website\"},\"primaryImageOfPage\":{\"@id\":\"https:\\\/\\\/dosterraswinegarden.com\\\/es\\\/news\\\/5-actividades-para-hacer-en-el-priorat-este-julio\\\/#primaryimage\"},\"image\":{\"@id\":\"https:\\\/\\\/dosterraswinegarden.com\\\/es\\\/news\\\/5-actividades-para-hacer-en-el-priorat-este-julio\\\/#primaryimage\"},\"thumbnailUrl\":\"https:\\\/\\\/dosterraswinegarden.com\\\/wp-content\\\/uploads\\\/2023\\\/08\\\/130FustaiFoc.jpg\",\"datePublished\":\"2024-07-09T21:36:00+00:00\",\"dateModified\":\"2024-09-26T11:25:03+00:00\",\"author\":{\"@id\":\"https:\\\/\\\/dosterraswinegarden.com\\\/#\\\/schema\\\/person\\\/5e4e86b4ab204eaefe917301e52e06d3\"},\"description\":\"En verano es momento de salir y, por eso, en este art\u00edculo, te contamos 5 actividades para hacer en el Priorat este julio.\",\"breadcrumb\":{\"@id\":\"https:\\\/\\\/dosterraswinegarden.com\\\/es\\\/news\\\/5-actividades-para-hacer-en-el-priorat-este-julio\\\/#breadcrumb\"},\"inLanguage\":\"es\",\"potentialAction\":[{\"@type\":\"ReadAction\",\"target\":[\"https:\\\/\\\/dosterraswinegarden.com\\\/es\\\/news\\\/5-actividades-para-hacer-en-el-priorat-este-julio\\\/\"]}]},{\"@type\":\"ImageObject\",\"inLanguage\":\"es\",\"@id\":\"https:\\\/\\\/dosterraswinegarden.com\\\/es\\\/news\\\/5-actividades-para-hacer-en-el-priorat-este-julio\\\/#primaryimage\",\"url\":\"https:\\\/\\\/dosterraswinegarden.com\\\/wp-content\\\/uploads\\\/2023\\\/08\\\/130FustaiFoc.jpg\",\"contentUrl\":\"https:\\\/\\\/dosterraswinegarden.com\\\/wp-content\\\/uploads\\\/2023\\\/08\\\/130FustaiFoc.jpg\",\"width\":1920,\"height\":1282},{\"@type\":\"BreadcrumbList\",\"@id\":\"https:\\\/\\\/dosterraswinegarden.com\\\/es\\\/news\\\/5-actividades-para-hacer-en-el-priorat-este-julio\\\/#breadcrumb\",\"itemListElement\":[{\"@type\":\"ListItem\",\"position\":1,\"name\":\"Inici\",\"item\":\"https:\\\/\\\/dosterraswinegarden.com\\\/es\\\/\"},{\"@type\":\"ListItem\",\"position\":2,\"name\":\"5 ACTIVIDADES para hacer en el PRIORAT este JULIO\"}]},{\"@type\":\"WebSite\",\"@id\":\"https:\\\/\\\/dosterraswinegarden.com\\\/#website\",\"url\":\"https:\\\/\\\/dosterraswinegarden.com\\\/\",\"name\":\"Dosterras Wine Garden\",\"description\":\"Bodes, events i vins al Priorat\",\"potentialAction\":[{\"@type\":\"SearchAction\",\"target\":{\"@type\":\"EntryPoint\",\"urlTemplate\":\"https:\\\/\\\/dosterraswinegarden.com\\\/?s={search_term_string}\"},\"query-input\":{\"@type\":\"PropertyValueSpecification\",\"valueRequired\":true,\"valueName\":\"search_term_string\"}}],\"inLanguage\":\"es\"},{\"@type\":\"Person\",\"@id\":\"https:\\\/\\\/dosterraswinegarden.com\\\/#\\\/schema\\\/person\\\/5e4e86b4ab204eaefe917301e52e06d3\",\"name\":\"Mariona Pellicer\",\"image\":{\"@type\":\"ImageObject\",\"inLanguage\":\"es\",\"@id\":\"https:\\\/\\\/secure.gravatar.com\\\/avatar\\\/ac957e29a1e14e0bf3566a873be24a7254c7abaa12137fad6da725f42d683d48?s=96&d=blank&r=g\",\"url\":\"https:\\\/\\\/secure.gravatar.com\\\/avatar\\\/ac957e29a1e14e0bf3566a873be24a7254c7abaa12137fad6da725f42d683d48?s=96&d=blank&r=g\",\"contentUrl\":\"https:\\\/\\\/secure.gravatar.com\\\/avatar\\\/ac957e29a1e14e0bf3566a873be24a7254c7abaa12137fad6da725f42d683d48?s=96&d=blank&r=g\",\"caption\":\"Mariona Pellicer\"},\"url\":\"https:\\\/\\\/dosterraswinegarden.com\\\/es\\\/news\\\/author\\\/mariona\\\/\"}]}<\/script>\n<!-- \/ Yoast SEO plugin. -->","yoast_head_json":{"title":"5 actividades para hacer en el Priorat en julio - Dosterras Wine Garden","description":"En verano es momento de salir y, por eso, en este art\u00edculo, te contamos 5 actividades para hacer en el Priorat este julio.","robots":{"index":"index","follow":"follow","max-snippet":"max-snippet:-1","max-image-preview":"max-image-preview:large","max-video-preview":"max-video-preview:-1"},"canonical":"https:\/\/dosterraswinegarden.com\/es\/news\/5-actividades-para-hacer-en-el-priorat-este-julio\/","og_locale":"es_ES","og_type":"article","og_title":"5 actividades para hacer en el Priorat en julio - Dosterras Wine Garden","og_description":"En verano es momento de salir y, por eso, en este art\u00edculo, te contamos 5 actividades para hacer en el Priorat este julio.","og_url":"https:\/\/dosterraswinegarden.com\/es\/news\/5-actividades-para-hacer-en-el-priorat-este-julio\/","og_site_name":"Dosterras Wine Garden","article_published_time":"2024-07-09T21:36:00+00:00","article_modified_time":"2024-09-26T11:25:03+00:00","og_image":[{"width":1920,"height":1282,"url":"https:\/\/dosterraswinegarden.com\/wp-content\/uploads\/2023\/08\/130FustaiFoc.jpg","type":"image\/jpeg"}],"author":"Mariona Pellicer","twitter_card":"summary_large_image","twitter_misc":{"Escrito por":"Mariona Pellicer","Tiempo de lectura":"4 minutos"},"schema":{"@context":"https:\/\/schema.org","@graph":[{"@type":"Article","@id":"https:\/\/dosterraswinegarden.com\/es\/news\/5-actividades-para-hacer-en-el-priorat-este-julio\/#article","isPartOf":{"@id":"https:\/\/dosterraswinegarden.com\/es\/news\/5-actividades-para-hacer-en-el-priorat-este-julio\/"},"author":{"name":"Mariona Pellicer","@id":"https:\/\/dosterraswinegarden.com\/#\/schema\/person\/5e4e86b4ab204eaefe917301e52e06d3"},"headline":"5 ACTIVIDADES para hacer en el PRIORAT este JULIO","datePublished":"2024-07-09T21:36:00+00:00","dateModified":"2024-09-26T11:25:03+00:00","mainEntityOfPage":{"@id":"https:\/\/dosterraswinegarden.com\/es\/news\/5-actividades-para-hacer-en-el-priorat-este-julio\/"},"wordCount":515,"image":{"@id":"https:\/\/dosterraswinegarden.com\/es\/news\/5-actividades-para-hacer-en-el-priorat-este-julio\/#primaryimage"},"thumbnailUrl":"https:\/\/dosterraswinegarden.com\/wp-content\/uploads\/2023\/08\/130FustaiFoc.jpg","articleSection":["Sin categorizar"],"inLanguage":"es"},{"@type":"WebPage","@id":"https:\/\/dosterraswinegarden.com\/es\/news\/5-actividades-para-hacer-en-el-priorat-este-julio\/","url":"https:\/\/dosterraswinegarden.com\/es\/news\/5-actividades-para-hacer-en-el-priorat-este-julio\/","name":"5 actividades para hacer en el Priorat en julio - Dosterras Wine Garden","isPartOf":{"@id":"https:\/\/dosterraswinegarden.com\/#website"},"primaryImageOfPage":{"@id":"https:\/\/dosterraswinegarden.com\/es\/news\/5-actividades-para-hacer-en-el-priorat-este-julio\/#primaryimage"},"image":{"@id":"https:\/\/dosterraswinegarden.com\/es\/news\/5-actividades-para-hacer-en-el-priorat-este-julio\/#primaryimage"},"thumbnailUrl":"https:\/\/dosterraswinegarden.com\/wp-content\/uploads\/2023\/08\/130FustaiFoc.jpg","datePublished":"2024-07-09T21:36:00+00:00","dateModified":"2024-09-26T11:25:03+00:00","author":{"@id":"https:\/\/dosterraswinegarden.com\/#\/schema\/person\/5e4e86b4ab204eaefe917301e52e06d3"},"description":"En verano es momento de salir y, por eso, en este art\u00edculo, te contamos 5 actividades para hacer en el Priorat este julio.","breadcrumb":{"@id":"https:\/\/dosterraswinegarden.com\/es\/news\/5-actividades-para-hacer-en-el-priorat-este-julio\/#breadcrumb"},"inLanguage":"es","potentialAction":[{"@type":"ReadAction","target":["https:\/\/dosterraswinegarden.com\/es\/news\/5-actividades-para-hacer-en-el-priorat-este-julio\/"]}]},{"@type":"ImageObject","inLanguage":"es","@id":"https:\/\/dosterraswinegarden.com\/es\/news\/5-actividades-para-hacer-en-el-priorat-este-julio\/#primaryimage","url":"https:\/\/dosterraswinegarden.com\/wp-content\/uploads\/2023\/08\/130FustaiFoc.jpg","contentUrl":"https:\/\/dosterraswinegarden.com\/wp-content\/uploads\/2023\/08\/130FustaiFoc.jpg","width":1920,"height":1282},{"@type":"BreadcrumbList","@id":"https:\/\/dosterraswinegarden.com\/es\/news\/5-actividades-para-hacer-en-el-priorat-este-julio\/#breadcrumb","itemListElement":[{"@type":"ListItem","position":1,"name":"Inici","item":"https:\/\/dosterraswinegarden.com\/es\/"},{"@type":"ListItem","position":2,"name":"5 ACTIVIDADES para hacer en el PRIORAT este JULIO"}]},{"@type":"WebSite","@id":"https:\/\/dosterraswinegarden.com\/#website","url":"https:\/\/dosterraswinegarden.com\/","name":"Dosterras Wine Garden","description":"Bodes, events i vins al Priorat","potentialAction":[{"@type":"SearchAction","target":{"@type":"EntryPoint","urlTemplate":"https:\/\/dosterraswinegarden.com\/?s={search_term_string}"},"query-input":{"@type":"PropertyValueSpecification","valueRequired":true,"valueName":"search_term_string"}}],"inLanguage":"es"},{"@type":"Person","@id":"https:\/\/dosterraswinegarden.com\/#\/schema\/person\/5e4e86b4ab204eaefe917301e52e06d3","name":"Mariona Pellicer","image":{"@type":"ImageObject","inLanguage":"es","@id":"https:\/\/secure.gravatar.com\/avatar\/ac957e29a1e14e0bf3566a873be24a7254c7abaa12137fad6da725f42d683d48?s=96&d=blank&r=g","url":"https:\/\/secure.gravatar.com\/avatar\/ac957e29a1e14e0bf3566a873be24a7254c7abaa12137fad6da725f42d683d48?s=96&d=blank&r=g","contentUrl":"https:\/\/secure.gravatar.com\/avatar\/ac957e29a1e14e0bf3566a873be24a7254c7abaa12137fad6da725f42d683d48?s=96&d=blank&r=g","caption":"Mariona Pellicer"},"url":"https:\/\/dosterraswinegarden.com\/es\/news\/author\/mariona\/"}]}},"_links":{"self":[{"href":"https:\/\/dosterraswinegarden.com\/es\/wp-json\/wp\/v2\/posts\/16859","targetHints":{"allow":["GET"]}}],"collection":[{"href":"https:\/\/dosterraswinegarden.com\/es\/wp-json\/wp\/v2\/posts"}],"about":[{"href":"https:\/\/dosterraswinegarden.com\/es\/wp-json\/wp\/v2\/types\/post"}],"author":[{"embeddable":true,"href":"https:\/\/dosterraswinegarden.com\/es\/wp-json\/wp\/v2\/users\/5"}],"replies":[{"embeddable":true,"href":"https:\/\/dosterraswinegarden.com\/es\/wp-json\/wp\/v2\/comments?post=16859"}],"version-history":[{"count":5,"href":"https:\/\/dosterraswinegarden.com\/es\/wp-json\/wp\/v2\/posts\/16859\/revisions"}],"predecessor-version":[{"id":16905,"href":"https:\/\/dosterraswinegarden.com\/es\/wp-json\/wp\/v2\/posts\/16859\/revisions\/16905"}],"wp:featuredmedia":[{"embeddable":true,"href":"https:\/\/dosterraswinegarden.com\/es\/wp-json\/wp\/v2\/media\/14720"}],"wp:attachment":[{"href":"https:\/\/dosterraswinegarden.com\/es\/wp-json\/wp\/v2\/media?parent=16859"}],"wp:term":[{"taxonomy":"category","embeddable":true,"href":"https:\/\/dosterraswinegarden.com\/es\/wp-json\/wp\/v2\/categories?post=16859"},{"taxonomy":"post_tag","embeddable":true,"href":"https:\/\/dosterraswinegarden.com\/es\/wp-json\/wp\/v2\/tags?post=16859"}],"curies":[{"name":"wp","href":"https:\/\/api.w.org\/{rel}","templated":true}]}}