{"id":16936,"date":"2024-08-13T12:31:33","date_gmt":"2024-08-13T12:31:33","guid":{"rendered":"https:\/\/dosterraswinegarden.com\/?p=16936"},"modified":"2024-09-26T11:25:37","modified_gmt":"2024-09-26T11:25:37","slug":"rutas-por-el-montsant-para-hacer-con-ninos","status":"publish","type":"post","link":"https:\/\/dosterraswinegarden.com\/es\/news\/rutas-por-el-montsant-para-hacer-con-ninos\/","title":{"rendered":"rutas por el Montsant para hacer con ni\u00f1os"},"content":{"rendered":"\t\t<div data-elementor-type=\"wp-post\" data-elementor-id=\"16936\" class=\"elementor elementor-16936 elementor-16934\">\n\t\t\t\t\t\t<section class=\"elementor-section elementor-top-section elementor-element elementor-element-ab2f973 elementor-section-boxed elementor-section-height-default elementor-section-height-default qodef-elementor-content-no\" data-id=\"ab2f973\" data-element_type=\"section\" data-e-type=\"section\">\n\t\t\t\t\t\t<div class=\"elementor-container elementor-column-gap-default\">\n\t\t\t\t\t<div class=\"elementor-column elementor-col-100 elementor-top-column elementor-element elementor-element-3c6fbd5\" data-id=\"3c6fbd5\" data-element_type=\"column\" data-e-type=\"column\">\n\t\t\t<div class=\"elementor-widget-wrap elementor-element-populated\">\n\t\t\t\t\t\t<div class=\"elementor-element elementor-element-a9205a8 elementor-widget elementor-widget-text-editor\" data-id=\"a9205a8\" data-element_type=\"widget\" data-e-type=\"widget\" data-widget_type=\"text-editor.default\">\n\t\t\t\t<div class=\"elementor-widget-container\">\n\t\t\t\t\t\t\t\t\t<p>El Priorat es una comarca rural muy destacada por sus actividades enotur\u00edsticas, pero si quieres disfrutar del territorio y sus paisajes en familia y disfrutar de actividades al aire libre, aqu\u00ed te aconsejamos 5 rutas por el Montsant para hacer con ni\u00f1os que no te puedes perder.<\/p>\n\t\t\t\t\t\t\t\t<\/div>\n\t\t\t\t<\/div>\n\t\t\t\t\t<\/div>\n\t\t<\/div>\n\t\t\t\t\t<\/div>\n\t\t<\/section>\n\t\t\t\t<section class=\"elementor-section elementor-top-section elementor-element elementor-element-d29be9d elementor-section-boxed elementor-section-height-default elementor-section-height-default qodef-elementor-content-no\" data-id=\"d29be9d\" data-element_type=\"section\" data-e-type=\"section\">\n\t\t\t\t\t\t<div class=\"elementor-container elementor-column-gap-default\">\n\t\t\t\t\t<div class=\"elementor-column elementor-col-100 elementor-top-column elementor-element elementor-element-da16aed\" data-id=\"da16aed\" data-element_type=\"column\" data-e-type=\"column\">\n\t\t\t<div class=\"elementor-widget-wrap elementor-element-populated\">\n\t\t\t\t\t\t<div class=\"elementor-element elementor-element-daac545 elementor-widget elementor-widget-heading\" data-id=\"daac545\" data-element_type=\"widget\" data-e-type=\"widget\" data-widget_type=\"heading.default\">\n\t\t\t\t<div class=\"elementor-widget-container\">\n\t\t\t\t\t<h2 class=\"elementor-heading-title elementor-size-default\">5 rutas por el Montsant para hacer con ni\u00f1os<\/h2>\t\t\t\t<\/div>\n\t\t\t\t<\/div>\n\t\t\t\t<div class=\"elementor-element elementor-element-46df0a4 elementor-widget elementor-widget-heading\" data-id=\"46df0a4\" data-element_type=\"widget\" data-e-type=\"widget\" data-widget_type=\"heading.default\">\n\t\t\t\t<div class=\"elementor-widget-container\">\n\t\t\t\t\t<h3 class=\"elementor-heading-title elementor-size-default\">1. El sendero del Puig Roig y el Poblado Ib\u00e9rico<\/h3>\t\t\t\t<\/div>\n\t\t\t\t<\/div>\n\t\t\t\t<div class=\"elementor-element elementor-element-bfab4b9 elementor-widget elementor-widget-text-editor\" data-id=\"bfab4b9\" data-element_type=\"widget\" data-e-type=\"widget\" data-widget_type=\"text-editor.default\">\n\t\t\t\t<div class=\"elementor-widget-container\">\n\t\t\t\t\t\t\t\t\t<p>Una ruta f\u00e1cil que comienza en el pueblo prioratino de Masroig nos adentra por sus caminos y nos lleva a conocer la vida remota que miles de a\u00f1os atr\u00e1s tuvieron los primeros pobladores de la comarca. Siguiendo los caminos de tierra roja que caracterizan el paisaje y los m\u00e1rgenes de piedra seca, llegaremos a la ermita de les Pinyeres y, poco despu\u00e9s, caminando por el sendero, se llega al pie del Cerro del Puig Roig y al poblado ib\u00e9rico.<\/p>\n\t\t\t\t\t\t\t\t<\/div>\n\t\t\t\t<\/div>\n\t\t\t\t<section class=\"elementor-section elementor-inner-section elementor-element elementor-element-6013595 elementor-section-boxed elementor-section-height-default elementor-section-height-default qodef-elementor-content-no\" data-id=\"6013595\" data-element_type=\"section\" data-e-type=\"section\">\n\t\t\t\t\t\t<div class=\"elementor-container elementor-column-gap-default\">\n\t\t\t\t\t<div class=\"elementor-column elementor-col-50 elementor-inner-column elementor-element elementor-element-73f256f\" data-id=\"73f256f\" data-element_type=\"column\" data-e-type=\"column\">\n\t\t\t<div class=\"elementor-widget-wrap elementor-element-populated\">\n\t\t\t\t\t\t<div class=\"elementor-element elementor-element-84727d3 elementor-widget elementor-widget-image\" data-id=\"84727d3\" data-element_type=\"widget\" data-e-type=\"widget\" data-widget_type=\"image.default\">\n\t\t\t\t<div class=\"elementor-widget-container\">\n\t\t\t\t\t\t\t\t\t\t\t\t\t\t\t<img fetchpriority=\"high\" decoding=\"async\" width=\"1024\" height=\"683\" src=\"https:\/\/dosterraswinegarden.com\/wp-content\/uploads\/2024\/08\/poblat-iberic-montsant-1024x683.png\" class=\"attachment-large size-large wp-image-16976\" alt=\"rutes pel montsant\" srcset=\"https:\/\/dosterraswinegarden.com\/wp-content\/uploads\/2024\/08\/poblat-iberic-montsant-1024x683.png 1024w, https:\/\/dosterraswinegarden.com\/wp-content\/uploads\/2024\/08\/poblat-iberic-montsant-300x200.png 300w, https:\/\/dosterraswinegarden.com\/wp-content\/uploads\/2024\/08\/poblat-iberic-montsant-768x512.png 768w, https:\/\/dosterraswinegarden.com\/wp-content\/uploads\/2024\/08\/poblat-iberic-montsant-1536x1024.png 1536w, https:\/\/dosterraswinegarden.com\/wp-content\/uploads\/2024\/08\/poblat-iberic-montsant-2048x1366.png 2048w\" sizes=\"(max-width: 1024px) 100vw, 1024px\" \/>\t\t\t\t\t\t\t\t\t\t\t\t\t\t\t<\/div>\n\t\t\t\t<\/div>\n\t\t\t\t<div class=\"elementor-element elementor-element-3ed5f2e elementor-widget elementor-widget-text-editor\" data-id=\"3ed5f2e\" data-element_type=\"widget\" data-e-type=\"widget\" data-widget_type=\"text-editor.default\">\n\t\t\t\t<div class=\"elementor-widget-container\">\n\t\t\t\t\t\t\t\t\t<p>Fuente de la imagen Wikiloc<\/p>\n\t\t\t\t\t\t\t\t<\/div>\n\t\t\t\t<\/div>\n\t\t\t\t\t<\/div>\n\t\t<\/div>\n\t\t\t\t<div class=\"elementor-column elementor-col-50 elementor-inner-column elementor-element elementor-element-80ed869\" data-id=\"80ed869\" data-element_type=\"column\" data-e-type=\"column\">\n\t\t\t<div class=\"elementor-widget-wrap elementor-element-populated\">\n\t\t\t\t\t\t<div class=\"elementor-element elementor-element-bdd3bb8 elementor-widget elementor-widget-image\" data-id=\"bdd3bb8\" data-element_type=\"widget\" data-e-type=\"widget\" data-widget_type=\"image.default\">\n\t\t\t\t<div class=\"elementor-widget-container\">\n\t\t\t\t\t\t\t\t\t\t\t\t\t\t\t<img decoding=\"async\" width=\"1024\" height=\"683\" src=\"https:\/\/dosterraswinegarden.com\/wp-content\/uploads\/2024\/08\/poblat-iberic-montsant-1-1024x683.png\" class=\"attachment-large size-large wp-image-16973\" alt=\"\" srcset=\"https:\/\/dosterraswinegarden.com\/wp-content\/uploads\/2024\/08\/poblat-iberic-montsant-1-1024x683.png 1024w, https:\/\/dosterraswinegarden.com\/wp-content\/uploads\/2024\/08\/poblat-iberic-montsant-1-300x200.png 300w, https:\/\/dosterraswinegarden.com\/wp-content\/uploads\/2024\/08\/poblat-iberic-montsant-1-768x512.png 768w, https:\/\/dosterraswinegarden.com\/wp-content\/uploads\/2024\/08\/poblat-iberic-montsant-1-1536x1024.png 1536w, https:\/\/dosterraswinegarden.com\/wp-content\/uploads\/2024\/08\/poblat-iberic-montsant-1-2048x1366.png 2048w\" sizes=\"(max-width: 1024px) 100vw, 1024px\" \/>\t\t\t\t\t\t\t\t\t\t\t\t\t\t\t<\/div>\n\t\t\t\t<\/div>\n\t\t\t\t<div class=\"elementor-element elementor-element-39b01d5 elementor-widget elementor-widget-text-editor\" data-id=\"39b01d5\" data-element_type=\"widget\" data-e-type=\"widget\" data-widget_type=\"text-editor.default\">\n\t\t\t\t<div class=\"elementor-widget-container\">\n\t\t\t\t\t\t\t\t\t<p>Fuente de la imagen Wikiloc<\/p>\n\t\t\t\t\t\t\t\t<\/div>\n\t\t\t\t<\/div>\n\t\t\t\t\t<\/div>\n\t\t<\/div>\n\t\t\t\t\t<\/div>\n\t\t<\/section>\n\t\t\t\t\t<\/div>\n\t\t<\/div>\n\t\t\t\t\t<\/div>\n\t\t<\/section>\n\t\t\t\t<section class=\"elementor-section elementor-top-section elementor-element elementor-element-ac297b8 elementor-section-boxed elementor-section-height-default elementor-section-height-default qodef-elementor-content-no\" data-id=\"ac297b8\" data-element_type=\"section\" data-e-type=\"section\">\n\t\t\t\t\t\t<div class=\"elementor-container elementor-column-gap-default\">\n\t\t\t\t\t<div class=\"elementor-column elementor-col-100 elementor-top-column elementor-element elementor-element-cefd290\" data-id=\"cefd290\" data-element_type=\"column\" data-e-type=\"column\">\n\t\t\t<div class=\"elementor-widget-wrap elementor-element-populated\">\n\t\t\t\t\t\t<div class=\"elementor-element elementor-element-0ce4c84 elementor-widget elementor-widget-heading\" data-id=\"0ce4c84\" data-element_type=\"widget\" data-e-type=\"widget\" data-widget_type=\"heading.default\">\n\t\t\t\t<div class=\"elementor-widget-container\">\n\t\t\t\t\t<h3 class=\"elementor-heading-title elementor-size-default\">2. Escaladei<\/h3>\t\t\t\t<\/div>\n\t\t\t\t<\/div>\n\t\t\t\t<div class=\"elementor-element elementor-element-2123b99 elementor-widget elementor-widget-text-editor\" data-id=\"2123b99\" data-element_type=\"widget\" data-e-type=\"widget\" data-widget_type=\"text-editor.default\">\n\t\t\t\t<div class=\"elementor-widget-container\">\n\t\t\t\t\t\t\t\t\t<p>En el coraz\u00f3n del Montsant, entre las ruinas de los antiguos monjes que habitaban la Cartuja, encontramos varias rutas para adentrarnos en la naturaleza y poder observar los restos arquitect\u00f3nicos del monasterio de Escaladei. Una caminata por la historia de la comarca del Priorat encantar\u00e1 a los mayores y a los m\u00e1s peque\u00f1os, y no dejar\u00e1 decepcionado a nadie que pase por sus caminos.<\/p>\n\t\t\t\t\t\t\t\t<\/div>\n\t\t\t\t<\/div>\n\t\t\t\t<div class=\"elementor-element elementor-element-af0c2d9 elementor-widget elementor-widget-image\" data-id=\"af0c2d9\" data-element_type=\"widget\" data-e-type=\"widget\" data-widget_type=\"image.default\">\n\t\t\t\t<div class=\"elementor-widget-container\">\n\t\t\t\t\t\t\t\t\t\t\t\t\t\t\t<img decoding=\"async\" width=\"1024\" height=\"683\" src=\"https:\/\/dosterraswinegarden.com\/wp-content\/uploads\/2024\/08\/rutes-escaladei-1024x683.png\" class=\"attachment-large size-large wp-image-16979\" alt=\"rutes amb nens per escaladei\" srcset=\"https:\/\/dosterraswinegarden.com\/wp-content\/uploads\/2024\/08\/rutes-escaladei-1024x683.png 1024w, https:\/\/dosterraswinegarden.com\/wp-content\/uploads\/2024\/08\/rutes-escaladei-300x200.png 300w, https:\/\/dosterraswinegarden.com\/wp-content\/uploads\/2024\/08\/rutes-escaladei-768x512.png 768w, https:\/\/dosterraswinegarden.com\/wp-content\/uploads\/2024\/08\/rutes-escaladei-1536x1024.png 1536w, https:\/\/dosterraswinegarden.com\/wp-content\/uploads\/2024\/08\/rutes-escaladei-2048x1366.png 2048w\" sizes=\"(max-width: 1024px) 100vw, 1024px\" \/>\t\t\t\t\t\t\t\t\t\t\t\t\t\t\t<\/div>\n\t\t\t\t<\/div>\n\t\t\t\t\t<\/div>\n\t\t<\/div>\n\t\t\t\t\t<\/div>\n\t\t<\/section>\n\t\t\t\t<section class=\"elementor-section elementor-top-section elementor-element elementor-element-0475746 elementor-section-boxed elementor-section-height-default elementor-section-height-default qodef-elementor-content-no\" data-id=\"0475746\" data-element_type=\"section\" data-e-type=\"section\">\n\t\t\t\t\t\t<div class=\"elementor-container elementor-column-gap-default\">\n\t\t\t\t\t<div class=\"elementor-column elementor-col-100 elementor-top-column elementor-element elementor-element-28406b2\" data-id=\"28406b2\" data-element_type=\"column\" data-e-type=\"column\">\n\t\t\t<div class=\"elementor-widget-wrap elementor-element-populated\">\n\t\t\t\t\t\t<div class=\"elementor-element elementor-element-66f2f49 elementor-widget elementor-widget-heading\" data-id=\"66f2f49\" data-element_type=\"widget\" data-e-type=\"widget\" data-widget_type=\"heading.default\">\n\t\t\t\t<div class=\"elementor-widget-container\">\n\t\t\t\t\t<h3 class=\"elementor-heading-title elementor-size-default\">3. Ruta entre vi\u00f1edos por el Lloar<\/h3>\t\t\t\t<\/div>\n\t\t\t\t<\/div>\n\t\t\t\t<div class=\"elementor-element elementor-element-8d748f8 elementor-widget elementor-widget-text-editor\" data-id=\"8d748f8\" data-element_type=\"widget\" data-e-type=\"widget\" data-widget_type=\"text-editor.default\">\n\t\t\t\t<div class=\"elementor-widget-container\">\n\t\t\t\t\t\t\t\t\t<p>Comenzando en el coraz\u00f3n del pueblo de Lloar, el itinerario propone seguir las marcas amarillas y blancas del GR que nos indicar\u00e1n el camino por donde antiguamente pasaban carros llenos de vendimia tirados por mulas y burros. Es una ruta perfecta para hacer en familia y poder disfrutar de los paisajes que ofrecen los encantadores vi\u00f1edos del Priorat.<\/p>\n\t\t\t\t\t\t\t\t<\/div>\n\t\t\t\t<\/div>\n\t\t\t\t<div class=\"elementor-element elementor-element-c0f3586 elementor-widget elementor-widget-image\" data-id=\"c0f3586\" data-element_type=\"widget\" data-e-type=\"widget\" data-widget_type=\"image.default\">\n\t\t\t\t<div class=\"elementor-widget-container\">\n\t\t\t\t\t\t\t\t\t\t\t\t\t\t\t<img loading=\"lazy\" decoding=\"async\" width=\"1024\" height=\"683\" src=\"https:\/\/dosterraswinegarden.com\/wp-content\/uploads\/2024\/08\/4-1024x683.png\" class=\"attachment-large size-large wp-image-16989\" alt=\"\" srcset=\"https:\/\/dosterraswinegarden.com\/wp-content\/uploads\/2024\/08\/4-1024x683.png 1024w, https:\/\/dosterraswinegarden.com\/wp-content\/uploads\/2024\/08\/4-300x200.png 300w, https:\/\/dosterraswinegarden.com\/wp-content\/uploads\/2024\/08\/4-768x512.png 768w, https:\/\/dosterraswinegarden.com\/wp-content\/uploads\/2024\/08\/4-1536x1024.png 1536w, https:\/\/dosterraswinegarden.com\/wp-content\/uploads\/2024\/08\/4-2048x1366.png 2048w\" sizes=\"(max-width: 1024px) 100vw, 1024px\" \/>\t\t\t\t\t\t\t\t\t\t\t\t\t\t\t<\/div>\n\t\t\t\t<\/div>\n\t\t\t\t<div class=\"elementor-element elementor-element-b6689d2 elementor-widget elementor-widget-text-editor\" data-id=\"b6689d2\" data-element_type=\"widget\" data-e-type=\"widget\" data-widget_type=\"text-editor.default\">\n\t\t\t\t<div class=\"elementor-widget-container\">\n\t\t\t\t\t\t\t\t\t<p>Fuente de la imagen Wikiloc<\/p>\n\t\t\t\t\t\t\t\t<\/div>\n\t\t\t\t<\/div>\n\t\t\t\t\t<\/div>\n\t\t<\/div>\n\t\t\t\t\t<\/div>\n\t\t<\/section>\n\t\t\t\t<section class=\"elementor-section elementor-top-section elementor-element elementor-element-56393b5 elementor-section-boxed elementor-section-height-default elementor-section-height-default qodef-elementor-content-no\" data-id=\"56393b5\" data-element_type=\"section\" data-e-type=\"section\">\n\t\t\t\t\t\t<div class=\"elementor-container elementor-column-gap-default\">\n\t\t\t\t\t<div class=\"elementor-column elementor-col-100 elementor-top-column elementor-element elementor-element-951329d\" data-id=\"951329d\" data-element_type=\"column\" data-e-type=\"column\">\n\t\t\t<div class=\"elementor-widget-wrap elementor-element-populated\">\n\t\t\t\t\t\t<div class=\"elementor-element elementor-element-0778c58 elementor-widget elementor-widget-heading\" data-id=\"0778c58\" data-element_type=\"widget\" data-e-type=\"widget\" data-widget_type=\"heading.default\">\n\t\t\t\t<div class=\"elementor-widget-container\">\n\t\t\t\t\t<h3 class=\"elementor-heading-title elementor-size-default\">4. Ruta de la piedra seca de Cap\u00e7anes<\/h3>\t\t\t\t<\/div>\n\t\t\t\t<\/div>\n\t\t\t\t<div class=\"elementor-element elementor-element-3290c54 elementor-widget elementor-widget-text-editor\" data-id=\"3290c54\" data-element_type=\"widget\" data-e-type=\"widget\" data-widget_type=\"text-editor.default\">\n\t\t\t\t<div class=\"elementor-widget-container\">\n\t\t\t\t\t\t\t\t\t<p>Partiendo del pueblo de Cap\u00e7anes, nos adentraremos por su arroyo, que nos conducir\u00e1 a la primera construcci\u00f3n, el Coc\u00f3 de cal Ximo de Cama. A lo largo de la caminata se podr\u00e1n encontrar varias edificaciones en un espacio relativamente reducido, que denotar\u00e1n la riqueza patrimonial del municipio de Cap\u00e7anes y todo el legado bien conservado que tienen.<\/p>\n\t\t\t\t\t\t\t\t<\/div>\n\t\t\t\t<\/div>\n\t\t\t\t<div class=\"elementor-element elementor-element-0fa1187 elementor-widget elementor-widget-image\" data-id=\"0fa1187\" data-element_type=\"widget\" data-e-type=\"widget\" data-widget_type=\"image.default\">\n\t\t\t\t<div class=\"elementor-widget-container\">\n\t\t\t\t\t\t\t\t\t\t\t\t\t\t\t<img loading=\"lazy\" decoding=\"async\" width=\"1024\" height=\"683\" src=\"https:\/\/dosterraswinegarden.com\/wp-content\/uploads\/2024\/08\/ruta-pedra-seca-capcanes-1024x683.png\" class=\"attachment-large size-large wp-image-16998\" alt=\"ruta per fer amb nens per cap\u00e7anes\" srcset=\"https:\/\/dosterraswinegarden.com\/wp-content\/uploads\/2024\/08\/ruta-pedra-seca-capcanes-1024x683.png 1024w, https:\/\/dosterraswinegarden.com\/wp-content\/uploads\/2024\/08\/ruta-pedra-seca-capcanes-300x200.png 300w, https:\/\/dosterraswinegarden.com\/wp-content\/uploads\/2024\/08\/ruta-pedra-seca-capcanes-768x512.png 768w, https:\/\/dosterraswinegarden.com\/wp-content\/uploads\/2024\/08\/ruta-pedra-seca-capcanes-1536x1024.png 1536w, https:\/\/dosterraswinegarden.com\/wp-content\/uploads\/2024\/08\/ruta-pedra-seca-capcanes-2048x1366.png 2048w\" sizes=\"(max-width: 1024px) 100vw, 1024px\" \/>\t\t\t\t\t\t\t\t\t\t\t\t\t\t\t<\/div>\n\t\t\t\t<\/div>\n\t\t\t\t<div class=\"elementor-element elementor-element-d972ffe elementor-widget elementor-widget-text-editor\" data-id=\"d972ffe\" data-element_type=\"widget\" data-e-type=\"widget\" data-widget_type=\"text-editor.default\">\n\t\t\t\t<div class=\"elementor-widget-container\">\n\t\t\t\t\t\t\t\t\t<p>Fuente de la imagen <a href=\"https:\/\/www.turismepriorat.org\/ca\/que-fer\/ruta\/ruta-de-la-pedra-seca-capcanes\">Turisme Priorat<\/a><\/p>\n\t\t\t\t\t\t\t\t<\/div>\n\t\t\t\t<\/div>\n\t\t\t\t\t<\/div>\n\t\t<\/div>\n\t\t\t\t\t<\/div>\n\t\t<\/section>\n\t\t\t\t<section class=\"elementor-section elementor-top-section elementor-element elementor-element-439bf05 elementor-section-boxed elementor-section-height-default elementor-section-height-default qodef-elementor-content-no\" data-id=\"439bf05\" data-element_type=\"section\" data-e-type=\"section\">\n\t\t\t\t\t\t<div class=\"elementor-container elementor-column-gap-default\">\n\t\t\t\t\t<div class=\"elementor-column elementor-col-100 elementor-top-column elementor-element elementor-element-30da31d\" data-id=\"30da31d\" data-element_type=\"column\" data-e-type=\"column\">\n\t\t\t<div class=\"elementor-widget-wrap elementor-element-populated\">\n\t\t\t\t\t\t<div class=\"elementor-element elementor-element-3804f29 elementor-widget elementor-widget-heading\" data-id=\"3804f29\" data-element_type=\"widget\" data-e-type=\"widget\" data-widget_type=\"heading.default\">\n\t\t\t\t<div class=\"elementor-widget-container\">\n\t\t\t\t\t<h3 class=\"elementor-heading-title elementor-size-default\">5. Subida a la Miloquera<\/h3>\t\t\t\t<\/div>\n\t\t\t\t<\/div>\n\t\t\t\t<div class=\"elementor-element elementor-element-acc0d34 elementor-widget elementor-widget-text-editor\" data-id=\"acc0d34\" data-element_type=\"widget\" data-e-type=\"widget\" data-widget_type=\"text-editor.default\">\n\t\t\t\t<div class=\"elementor-widget-container\">\n\t\t\t\t\t\t\t\t\t<p>Si no queremos alejarnos de las instalaciones de <a href=\"https:\/\/dosterraswinegarden.com\/es\/\">Dosterras Wine Garden, <\/a>pero estamos interesados en hacer una peque\u00f1a excursi\u00f3n para disfrutar de un buen paisaje, podemos acercarnos a Mar\u00e7\u00e0, la villa que se encuentra justo al lado. Subiremos el pueblo para encontrar un sendero que nos llevar\u00e1 directamente a la cima de esta peque\u00f1a monta\u00f1a que caracteriza su pueblo. Desde arriba se puede disfrutar de unas vistas privilegiadas del entorno, con una panor\u00e1mica exclusiva del pueblo y sus alrededores.<\/p>\n\t\t\t\t\t\t\t\t<\/div>\n\t\t\t\t<\/div>\n\t\t\t\t<div class=\"elementor-element elementor-element-f5964ac elementor-widget elementor-widget-image\" data-id=\"f5964ac\" data-element_type=\"widget\" data-e-type=\"widget\" data-widget_type=\"image.default\">\n\t\t\t\t<div class=\"elementor-widget-container\">\n\t\t\t\t\t\t\t\t\t\t\t\t\t\t\t<img loading=\"lazy\" decoding=\"async\" width=\"1024\" height=\"683\" src=\"https:\/\/dosterraswinegarden.com\/wp-content\/uploads\/2024\/08\/ruta-pedra-seca-capcanes-1-1024x683.png\" class=\"attachment-large size-large wp-image-17001\" alt=\"pujada a la miloquera amb nens\" srcset=\"https:\/\/dosterraswinegarden.com\/wp-content\/uploads\/2024\/08\/ruta-pedra-seca-capcanes-1-1024x683.png 1024w, https:\/\/dosterraswinegarden.com\/wp-content\/uploads\/2024\/08\/ruta-pedra-seca-capcanes-1-300x200.png 300w, https:\/\/dosterraswinegarden.com\/wp-content\/uploads\/2024\/08\/ruta-pedra-seca-capcanes-1-768x512.png 768w, https:\/\/dosterraswinegarden.com\/wp-content\/uploads\/2024\/08\/ruta-pedra-seca-capcanes-1-1536x1024.png 1536w, https:\/\/dosterraswinegarden.com\/wp-content\/uploads\/2024\/08\/ruta-pedra-seca-capcanes-1-2048x1366.png 2048w\" sizes=\"(max-width: 1024px) 100vw, 1024px\" \/>\t\t\t\t\t\t\t\t\t\t\t\t\t\t\t<\/div>\n\t\t\t\t<\/div>\n\t\t\t\t<div class=\"elementor-element elementor-element-734a4e5 elementor-widget elementor-widget-text-editor\" data-id=\"734a4e5\" data-element_type=\"widget\" data-e-type=\"widget\" data-widget_type=\"text-editor.default\">\n\t\t\t\t<div class=\"elementor-widget-container\">\n\t\t\t\t\t\t\t\t\t<p>Fuente de la imagen <a href=\"https:\/\/senderismealpriorat.wordpress.com\/2018\/02\/24\/marca-la-miloquera-cingle-dels-portells-i-pallissa\/\">Senderisme Priorat<\/a><\/p>\n\t\t\t\t\t\t\t\t<\/div>\n\t\t\t\t<\/div>\n\t\t\t\t\t<\/div>\n\t\t<\/div>\n\t\t\t\t\t<\/div>\n\t\t<\/section>\n\t\t\t\t<section class=\"elementor-section elementor-top-section elementor-element elementor-element-4a00d84 elementor-section-boxed elementor-section-height-default elementor-section-height-default qodef-elementor-content-no\" data-id=\"4a00d84\" data-element_type=\"section\" data-e-type=\"section\">\n\t\t\t\t\t\t<div class=\"elementor-container elementor-column-gap-default\">\n\t\t\t\t\t<div class=\"elementor-column elementor-col-100 elementor-top-column elementor-element elementor-element-e5d4616\" data-id=\"e5d4616\" data-element_type=\"column\" data-e-type=\"column\">\n\t\t\t<div class=\"elementor-widget-wrap elementor-element-populated\">\n\t\t\t\t\t\t<div class=\"elementor-element elementor-element-8e28249 elementor-widget elementor-widget-text-editor\" data-id=\"8e28249\" data-element_type=\"widget\" data-e-type=\"widget\" data-widget_type=\"text-editor.default\">\n\t\t\t\t<div class=\"elementor-widget-container\">\n\t\t\t\t\t\t\t\t\t<p>Se recomienda ir con precauci\u00f3n y evitar hacer estas excursiones durante las horas cr\u00edticas de calor. Debemos asegurarnos de que la ruta elegida no est\u00e9 marcada como zona con peligro de incendio y cuidar el entorno, sin dejar basura.<\/p>\n\t\t\t\t\t\t\t\t<\/div>\n\t\t\t\t<\/div>\n\t\t\t\t\t<\/div>\n\t\t<\/div>\n\t\t\t\t\t<\/div>\n\t\t<\/section>\n\t\t\t\t<\/div>\n\t\t","protected":false},"excerpt":{"rendered":"<p>El Priorat es un lugar ideal para hacer senderismo. Podr\u00e1s encontrar todo tipo de rutas por el Montsant para hacer con ni\u00f1os o para cualquier edad.<\/p>\n","protected":false},"author":5,"featured_media":16943,"comment_status":"closed","ping_status":"closed","sticky":false,"template":"","format":"standard","meta":{"_themeisle_gutenberg_block_has_review":false,"_joinchat":[],"footnotes":""},"categories":[66],"tags":[],"class_list":["post-16936","post","type-post","status-publish","format-standard","has-post-thumbnail","hentry","category-sin-categorizar"],"yoast_head":"<!-- This site is optimized with the Yoast SEO plugin v27.5 - https:\/\/yoast.com\/product\/yoast-seo-wordpress\/ -->\n<title>Rutas por el Montsant para hacer con ni\u00f1os - Dosterras Wine Garden<\/title>\n<meta name=\"description\" content=\"El Priorat es un lugar ideal para hacer senderismo. Podr\u00e1s encontrar todo tipo de rutas por el Montsant para hacer con ni\u00f1os o para cualquier edad.\" \/>\n<meta name=\"robots\" content=\"index, follow, max-snippet:-1, max-image-preview:large, max-video-preview:-1\" \/>\n<link rel=\"canonical\" href=\"https:\/\/dosterraswinegarden.com\/es\/news\/rutas-por-el-montsant-para-hacer-con-ninos\/\" \/>\n<meta property=\"og:locale\" content=\"es_ES\" \/>\n<meta property=\"og:type\" content=\"article\" \/>\n<meta property=\"og:title\" content=\"Rutas por el Montsant para hacer con ni\u00f1os - Dosterras Wine Garden\" \/>\n<meta property=\"og:description\" content=\"El Priorat es un lugar ideal para hacer senderismo. Podr\u00e1s encontrar todo tipo de rutas por el Montsant para hacer con ni\u00f1os o para cualquier edad.\" \/>\n<meta property=\"og:url\" content=\"https:\/\/dosterraswinegarden.com\/es\/news\/rutas-por-el-montsant-para-hacer-con-ninos\/\" \/>\n<meta property=\"og:site_name\" content=\"Dosterras Wine Garden\" \/>\n<meta property=\"article:published_time\" content=\"2024-08-13T12:31:33+00:00\" \/>\n<meta property=\"article:modified_time\" content=\"2024-09-26T11:25:37+00:00\" \/>\n<meta property=\"og:image\" content=\"https:\/\/dosterraswinegarden.com\/wp-content\/uploads\/2024\/08\/Diseno-sin-titulo-34-1024x683.png\" \/>\n\t<meta property=\"og:image:width\" content=\"1024\" \/>\n\t<meta property=\"og:image:height\" content=\"683\" \/>\n\t<meta property=\"og:image:type\" content=\"image\/png\" \/>\n<meta name=\"author\" content=\"Mariona Pellicer\" \/>\n<meta name=\"twitter:card\" content=\"summary_large_image\" \/>\n<meta name=\"twitter:label1\" content=\"Escrito por\" \/>\n\t<meta name=\"twitter:data1\" content=\"Mariona Pellicer\" \/>\n\t<meta name=\"twitter:label2\" content=\"Tiempo de lectura\" \/>\n\t<meta name=\"twitter:data2\" content=\"5 minutos\" \/>\n<script type=\"application\/ld+json\" class=\"yoast-schema-graph\">{\"@context\":\"https:\\\/\\\/schema.org\",\"@graph\":[{\"@type\":\"Article\",\"@id\":\"https:\\\/\\\/dosterraswinegarden.com\\\/es\\\/news\\\/rutas-por-el-montsant-para-hacer-con-ninos\\\/#article\",\"isPartOf\":{\"@id\":\"https:\\\/\\\/dosterraswinegarden.com\\\/es\\\/news\\\/rutas-por-el-montsant-para-hacer-con-ninos\\\/\"},\"author\":{\"name\":\"Mariona Pellicer\",\"@id\":\"https:\\\/\\\/dosterraswinegarden.com\\\/#\\\/schema\\\/person\\\/5e4e86b4ab204eaefe917301e52e06d3\"},\"headline\":\"rutas por el Montsant para hacer con ni\u00f1os\",\"datePublished\":\"2024-08-13T12:31:33+00:00\",\"dateModified\":\"2024-09-26T11:25:37+00:00\",\"mainEntityOfPage\":{\"@id\":\"https:\\\/\\\/dosterraswinegarden.com\\\/es\\\/news\\\/rutas-por-el-montsant-para-hacer-con-ninos\\\/\"},\"wordCount\":524,\"image\":{\"@id\":\"https:\\\/\\\/dosterraswinegarden.com\\\/es\\\/news\\\/rutas-por-el-montsant-para-hacer-con-ninos\\\/#primaryimage\"},\"thumbnailUrl\":\"https:\\\/\\\/dosterraswinegarden.com\\\/wp-content\\\/uploads\\\/2024\\\/08\\\/Diseno-sin-titulo-34.png\",\"articleSection\":[\"Sin categorizar\"],\"inLanguage\":\"es\"},{\"@type\":\"WebPage\",\"@id\":\"https:\\\/\\\/dosterraswinegarden.com\\\/es\\\/news\\\/rutas-por-el-montsant-para-hacer-con-ninos\\\/\",\"url\":\"https:\\\/\\\/dosterraswinegarden.com\\\/es\\\/news\\\/rutas-por-el-montsant-para-hacer-con-ninos\\\/\",\"name\":\"Rutas por el Montsant para hacer con ni\u00f1os - Dosterras Wine Garden\",\"isPartOf\":{\"@id\":\"https:\\\/\\\/dosterraswinegarden.com\\\/#website\"},\"primaryImageOfPage\":{\"@id\":\"https:\\\/\\\/dosterraswinegarden.com\\\/es\\\/news\\\/rutas-por-el-montsant-para-hacer-con-ninos\\\/#primaryimage\"},\"image\":{\"@id\":\"https:\\\/\\\/dosterraswinegarden.com\\\/es\\\/news\\\/rutas-por-el-montsant-para-hacer-con-ninos\\\/#primaryimage\"},\"thumbnailUrl\":\"https:\\\/\\\/dosterraswinegarden.com\\\/wp-content\\\/uploads\\\/2024\\\/08\\\/Diseno-sin-titulo-34.png\",\"datePublished\":\"2024-08-13T12:31:33+00:00\",\"dateModified\":\"2024-09-26T11:25:37+00:00\",\"author\":{\"@id\":\"https:\\\/\\\/dosterraswinegarden.com\\\/#\\\/schema\\\/person\\\/5e4e86b4ab204eaefe917301e52e06d3\"},\"description\":\"El Priorat es un lugar ideal para hacer senderismo. Podr\u00e1s encontrar todo tipo de rutas por el Montsant para hacer con ni\u00f1os o para cualquier edad.\",\"breadcrumb\":{\"@id\":\"https:\\\/\\\/dosterraswinegarden.com\\\/es\\\/news\\\/rutas-por-el-montsant-para-hacer-con-ninos\\\/#breadcrumb\"},\"inLanguage\":\"es\",\"potentialAction\":[{\"@type\":\"ReadAction\",\"target\":[\"https:\\\/\\\/dosterraswinegarden.com\\\/es\\\/news\\\/rutas-por-el-montsant-para-hacer-con-ninos\\\/\"]}]},{\"@type\":\"ImageObject\",\"inLanguage\":\"es\",\"@id\":\"https:\\\/\\\/dosterraswinegarden.com\\\/es\\\/news\\\/rutas-por-el-montsant-para-hacer-con-ninos\\\/#primaryimage\",\"url\":\"https:\\\/\\\/dosterraswinegarden.com\\\/wp-content\\\/uploads\\\/2024\\\/08\\\/Diseno-sin-titulo-34.png\",\"contentUrl\":\"https:\\\/\\\/dosterraswinegarden.com\\\/wp-content\\\/uploads\\\/2024\\\/08\\\/Diseno-sin-titulo-34.png\",\"width\":2560,\"height\":1707,\"caption\":\"rutes pel montsant per fer amb nens\"},{\"@type\":\"BreadcrumbList\",\"@id\":\"https:\\\/\\\/dosterraswinegarden.com\\\/es\\\/news\\\/rutas-por-el-montsant-para-hacer-con-ninos\\\/#breadcrumb\",\"itemListElement\":[{\"@type\":\"ListItem\",\"position\":1,\"name\":\"Inici\",\"item\":\"https:\\\/\\\/dosterraswinegarden.com\\\/es\\\/\"},{\"@type\":\"ListItem\",\"position\":2,\"name\":\"rutas por el Montsant para hacer con ni\u00f1os\"}]},{\"@type\":\"WebSite\",\"@id\":\"https:\\\/\\\/dosterraswinegarden.com\\\/#website\",\"url\":\"https:\\\/\\\/dosterraswinegarden.com\\\/\",\"name\":\"Dosterras Wine Garden\",\"description\":\"Bodes, events i vins al Priorat\",\"potentialAction\":[{\"@type\":\"SearchAction\",\"target\":{\"@type\":\"EntryPoint\",\"urlTemplate\":\"https:\\\/\\\/dosterraswinegarden.com\\\/?s={search_term_string}\"},\"query-input\":{\"@type\":\"PropertyValueSpecification\",\"valueRequired\":true,\"valueName\":\"search_term_string\"}}],\"inLanguage\":\"es\"},{\"@type\":\"Person\",\"@id\":\"https:\\\/\\\/dosterraswinegarden.com\\\/#\\\/schema\\\/person\\\/5e4e86b4ab204eaefe917301e52e06d3\",\"name\":\"Mariona Pellicer\",\"image\":{\"@type\":\"ImageObject\",\"inLanguage\":\"es\",\"@id\":\"https:\\\/\\\/secure.gravatar.com\\\/avatar\\\/ac957e29a1e14e0bf3566a873be24a7254c7abaa12137fad6da725f42d683d48?s=96&d=blank&r=g\",\"url\":\"https:\\\/\\\/secure.gravatar.com\\\/avatar\\\/ac957e29a1e14e0bf3566a873be24a7254c7abaa12137fad6da725f42d683d48?s=96&d=blank&r=g\",\"contentUrl\":\"https:\\\/\\\/secure.gravatar.com\\\/avatar\\\/ac957e29a1e14e0bf3566a873be24a7254c7abaa12137fad6da725f42d683d48?s=96&d=blank&r=g\",\"caption\":\"Mariona Pellicer\"},\"url\":\"https:\\\/\\\/dosterraswinegarden.com\\\/es\\\/news\\\/author\\\/mariona\\\/\"}]}<\/script>\n<!-- \/ Yoast SEO plugin. -->","yoast_head_json":{"title":"Rutas por el Montsant para hacer con ni\u00f1os - Dosterras Wine Garden","description":"El Priorat es un lugar ideal para hacer senderismo. Podr\u00e1s encontrar todo tipo de rutas por el Montsant para hacer con ni\u00f1os o para cualquier edad.","robots":{"index":"index","follow":"follow","max-snippet":"max-snippet:-1","max-image-preview":"max-image-preview:large","max-video-preview":"max-video-preview:-1"},"canonical":"https:\/\/dosterraswinegarden.com\/es\/news\/rutas-por-el-montsant-para-hacer-con-ninos\/","og_locale":"es_ES","og_type":"article","og_title":"Rutas por el Montsant para hacer con ni\u00f1os - Dosterras Wine Garden","og_description":"El Priorat es un lugar ideal para hacer senderismo. Podr\u00e1s encontrar todo tipo de rutas por el Montsant para hacer con ni\u00f1os o para cualquier edad.","og_url":"https:\/\/dosterraswinegarden.com\/es\/news\/rutas-por-el-montsant-para-hacer-con-ninos\/","og_site_name":"Dosterras Wine Garden","article_published_time":"2024-08-13T12:31:33+00:00","article_modified_time":"2024-09-26T11:25:37+00:00","og_image":[{"width":1024,"height":683,"url":"https:\/\/dosterraswinegarden.com\/wp-content\/uploads\/2024\/08\/Diseno-sin-titulo-34-1024x683.png","type":"image\/png"}],"author":"Mariona Pellicer","twitter_card":"summary_large_image","twitter_misc":{"Escrito por":"Mariona Pellicer","Tiempo de lectura":"5 minutos"},"schema":{"@context":"https:\/\/schema.org","@graph":[{"@type":"Article","@id":"https:\/\/dosterraswinegarden.com\/es\/news\/rutas-por-el-montsant-para-hacer-con-ninos\/#article","isPartOf":{"@id":"https:\/\/dosterraswinegarden.com\/es\/news\/rutas-por-el-montsant-para-hacer-con-ninos\/"},"author":{"name":"Mariona Pellicer","@id":"https:\/\/dosterraswinegarden.com\/#\/schema\/person\/5e4e86b4ab204eaefe917301e52e06d3"},"headline":"rutas por el Montsant para hacer con ni\u00f1os","datePublished":"2024-08-13T12:31:33+00:00","dateModified":"2024-09-26T11:25:37+00:00","mainEntityOfPage":{"@id":"https:\/\/dosterraswinegarden.com\/es\/news\/rutas-por-el-montsant-para-hacer-con-ninos\/"},"wordCount":524,"image":{"@id":"https:\/\/dosterraswinegarden.com\/es\/news\/rutas-por-el-montsant-para-hacer-con-ninos\/#primaryimage"},"thumbnailUrl":"https:\/\/dosterraswinegarden.com\/wp-content\/uploads\/2024\/08\/Diseno-sin-titulo-34.png","articleSection":["Sin categorizar"],"inLanguage":"es"},{"@type":"WebPage","@id":"https:\/\/dosterraswinegarden.com\/es\/news\/rutas-por-el-montsant-para-hacer-con-ninos\/","url":"https:\/\/dosterraswinegarden.com\/es\/news\/rutas-por-el-montsant-para-hacer-con-ninos\/","name":"Rutas por el Montsant para hacer con ni\u00f1os - Dosterras Wine Garden","isPartOf":{"@id":"https:\/\/dosterraswinegarden.com\/#website"},"primaryImageOfPage":{"@id":"https:\/\/dosterraswinegarden.com\/es\/news\/rutas-por-el-montsant-para-hacer-con-ninos\/#primaryimage"},"image":{"@id":"https:\/\/dosterraswinegarden.com\/es\/news\/rutas-por-el-montsant-para-hacer-con-ninos\/#primaryimage"},"thumbnailUrl":"https:\/\/dosterraswinegarden.com\/wp-content\/uploads\/2024\/08\/Diseno-sin-titulo-34.png","datePublished":"2024-08-13T12:31:33+00:00","dateModified":"2024-09-26T11:25:37+00:00","author":{"@id":"https:\/\/dosterraswinegarden.com\/#\/schema\/person\/5e4e86b4ab204eaefe917301e52e06d3"},"description":"El Priorat es un lugar ideal para hacer senderismo. Podr\u00e1s encontrar todo tipo de rutas por el Montsant para hacer con ni\u00f1os o para cualquier edad.","breadcrumb":{"@id":"https:\/\/dosterraswinegarden.com\/es\/news\/rutas-por-el-montsant-para-hacer-con-ninos\/#breadcrumb"},"inLanguage":"es","potentialAction":[{"@type":"ReadAction","target":["https:\/\/dosterraswinegarden.com\/es\/news\/rutas-por-el-montsant-para-hacer-con-ninos\/"]}]},{"@type":"ImageObject","inLanguage":"es","@id":"https:\/\/dosterraswinegarden.com\/es\/news\/rutas-por-el-montsant-para-hacer-con-ninos\/#primaryimage","url":"https:\/\/dosterraswinegarden.com\/wp-content\/uploads\/2024\/08\/Diseno-sin-titulo-34.png","contentUrl":"https:\/\/dosterraswinegarden.com\/wp-content\/uploads\/2024\/08\/Diseno-sin-titulo-34.png","width":2560,"height":1707,"caption":"rutes pel montsant per fer amb nens"},{"@type":"BreadcrumbList","@id":"https:\/\/dosterraswinegarden.com\/es\/news\/rutas-por-el-montsant-para-hacer-con-ninos\/#breadcrumb","itemListElement":[{"@type":"ListItem","position":1,"name":"Inici","item":"https:\/\/dosterraswinegarden.com\/es\/"},{"@type":"ListItem","position":2,"name":"rutas por el Montsant para hacer con ni\u00f1os"}]},{"@type":"WebSite","@id":"https:\/\/dosterraswinegarden.com\/#website","url":"https:\/\/dosterraswinegarden.com\/","name":"Dosterras Wine Garden","description":"Bodes, events i vins al Priorat","potentialAction":[{"@type":"SearchAction","target":{"@type":"EntryPoint","urlTemplate":"https:\/\/dosterraswinegarden.com\/?s={search_term_string}"},"query-input":{"@type":"PropertyValueSpecification","valueRequired":true,"valueName":"search_term_string"}}],"inLanguage":"es"},{"@type":"Person","@id":"https:\/\/dosterraswinegarden.com\/#\/schema\/person\/5e4e86b4ab204eaefe917301e52e06d3","name":"Mariona Pellicer","image":{"@type":"ImageObject","inLanguage":"es","@id":"https:\/\/secure.gravatar.com\/avatar\/ac957e29a1e14e0bf3566a873be24a7254c7abaa12137fad6da725f42d683d48?s=96&d=blank&r=g","url":"https:\/\/secure.gravatar.com\/avatar\/ac957e29a1e14e0bf3566a873be24a7254c7abaa12137fad6da725f42d683d48?s=96&d=blank&r=g","contentUrl":"https:\/\/secure.gravatar.com\/avatar\/ac957e29a1e14e0bf3566a873be24a7254c7abaa12137fad6da725f42d683d48?s=96&d=blank&r=g","caption":"Mariona Pellicer"},"url":"https:\/\/dosterraswinegarden.com\/es\/news\/author\/mariona\/"}]}},"_links":{"self":[{"href":"https:\/\/dosterraswinegarden.com\/es\/wp-json\/wp\/v2\/posts\/16936","targetHints":{"allow":["GET"]}}],"collection":[{"href":"https:\/\/dosterraswinegarden.com\/es\/wp-json\/wp\/v2\/posts"}],"about":[{"href":"https:\/\/dosterraswinegarden.com\/es\/wp-json\/wp\/v2\/types\/post"}],"author":[{"embeddable":true,"href":"https:\/\/dosterraswinegarden.com\/es\/wp-json\/wp\/v2\/users\/5"}],"replies":[{"embeddable":true,"href":"https:\/\/dosterraswinegarden.com\/es\/wp-json\/wp\/v2\/comments?post=16936"}],"version-history":[{"count":4,"href":"https:\/\/dosterraswinegarden.com\/es\/wp-json\/wp\/v2\/posts\/16936\/revisions"}],"predecessor-version":[{"id":17009,"href":"https:\/\/dosterraswinegarden.com\/es\/wp-json\/wp\/v2\/posts\/16936\/revisions\/17009"}],"wp:featuredmedia":[{"embeddable":true,"href":"https:\/\/dosterraswinegarden.com\/es\/wp-json\/wp\/v2\/media\/16943"}],"wp:attachment":[{"href":"https:\/\/dosterraswinegarden.com\/es\/wp-json\/wp\/v2\/media?parent=16936"}],"wp:term":[{"taxonomy":"category","embeddable":true,"href":"https:\/\/dosterraswinegarden.com\/es\/wp-json\/wp\/v2\/categories?post=16936"},{"taxonomy":"post_tag","embeddable":true,"href":"https:\/\/dosterraswinegarden.com\/es\/wp-json\/wp\/v2\/tags?post=16936"}],"curies":[{"name":"wp","href":"https:\/\/api.w.org\/{rel}","templated":true}]}}