{"id":18217,"date":"2025-02-20T12:02:09","date_gmt":"2025-02-20T12:02:09","guid":{"rendered":"https:\/\/dosterraswinegarden.com\/news\/tendencias-en-eventos-de-empresa\/"},"modified":"2025-02-20T12:44:43","modified_gmt":"2025-02-20T12:44:43","slug":"tendencias-en-eventos-de-empresa","status":"publish","type":"post","link":"https:\/\/dosterraswinegarden.com\/es\/news\/tendencias-en-eventos-de-empresa\/","title":{"rendered":"Tendencias en eventos de empresa"},"content":{"rendered":"\t\t<div data-elementor-type=\"wp-post\" data-elementor-id=\"18217\" class=\"elementor elementor-18217 elementor-18201\">\n\t\t\t\t\t\t<section class=\"elementor-section elementor-top-section elementor-element elementor-element-ab2f973 elementor-section-boxed elementor-section-height-default elementor-section-height-default qodef-elementor-content-no\" data-id=\"ab2f973\" data-element_type=\"section\" data-e-type=\"section\">\n\t\t\t\t\t\t<div class=\"elementor-container elementor-column-gap-default\">\n\t\t\t\t\t<div class=\"elementor-column elementor-col-100 elementor-top-column elementor-element elementor-element-3c6fbd5\" data-id=\"3c6fbd5\" data-element_type=\"column\" data-e-type=\"column\">\n\t\t\t<div class=\"elementor-widget-wrap elementor-element-populated\">\n\t\t\t\t\t\t<div class=\"elementor-element elementor-element-a9205a8 elementor-widget elementor-widget-text-editor\" data-id=\"a9205a8\" data-element_type=\"widget\" data-e-type=\"widget\" data-widget_type=\"text-editor.default\">\n\t\t\t\t<div class=\"elementor-widget-container\">\n\t\t\t\t\t\t\t\t\t<p data-pm-slice=\"1 1 []\">Los eventos corporativos han ido evolucionando en los \u00faltimos a\u00f1os. Cada vez son m\u00e1s las empresas que buscan experiencias inmersivas, sostenibles y que aporten un valor real a los equipos y asistentes. El a\u00f1o 2025 trae tendencias que reflejan esta evoluci\u00f3n, con una apuesta clara por la personalizaci\u00f3n, la tecnolog\u00eda y la conexi\u00f3n con la naturaleza. Si est\u00e1s pensando en organizar un evento de empresa este a\u00f1o, aqu\u00ed tienes las tendencias en eventos corporativos que marcar\u00e1n el sector y te ayudar\u00e1n a crear una experiencia \u00fanica y memorable.   <\/p>\t\t\t\t\t\t\t\t<\/div>\n\t\t\t\t<\/div>\n\t\t\t\t\t<\/div>\n\t\t<\/div>\n\t\t\t\t\t<\/div>\n\t\t<\/section>\n\t\t\t\t<section class=\"elementor-section elementor-top-section elementor-element elementor-element-d29be9d elementor-section-boxed elementor-section-height-default elementor-section-height-default qodef-elementor-content-no\" data-id=\"d29be9d\" data-element_type=\"section\" data-e-type=\"section\">\n\t\t\t\t\t\t<div class=\"elementor-container elementor-column-gap-default\">\n\t\t\t\t\t<div class=\"elementor-column elementor-col-100 elementor-top-column elementor-element elementor-element-da16aed\" data-id=\"da16aed\" data-element_type=\"column\" data-e-type=\"column\">\n\t\t\t<div class=\"elementor-widget-wrap elementor-element-populated\">\n\t\t\t\t\t\t<div class=\"elementor-element elementor-element-46df0a4 elementor-widget elementor-widget-heading\" data-id=\"46df0a4\" data-element_type=\"widget\" data-e-type=\"widget\" data-widget_type=\"heading.default\">\n\t\t\t\t<div class=\"elementor-widget-container\">\n\t\t\t\t\t<h3 class=\"elementor-heading-title elementor-size-default\">1. Experiencias inmersivas y participativas<\/h3>\t\t\t\t<\/div>\n\t\t\t\t<\/div>\n\t\t\t\t<div class=\"elementor-element elementor-element-bfab4b9 elementor-widget elementor-widget-text-editor\" data-id=\"bfab4b9\" data-element_type=\"widget\" data-e-type=\"widget\" data-widget_type=\"text-editor.default\">\n\t\t\t\t<div class=\"elementor-widget-container\">\n\t\t\t\t\t\t\t\t\t<p>Las empresas quieren que sus eventos sean m\u00e1s que simples encuentros: buscan experiencias que generen emoci\u00f3n e interacci\u00f3n. Por ello, cada vez m\u00e1s se priorizan actividades en las que los asistentes sean parte activa del contenido, como:<br><br><br> <\/p>\n<ul>\n<li style=\"list-style-type: none;\">\n<ul>\n<li><strong>Talleres pr\u00e1cticos:<\/strong> Sesiones en las que los equipos puedan aprender nuevas habilidades de manera din\u00e1mica.<\/li>\n<li><strong>Gamificaci\u00f3n:<\/strong> Incorporar juegos y din\u00e1micas de equipo para fomentar la participaci\u00f3n.<\/li>\n<li><strong>Realidad aumentada y virtual<\/strong>: Utilizar tecnolog\u00eda para crear experiencias inmersivas e innovadoras.<\/li>\n<\/ul>\n<\/li>\n<\/ul>\n<p>El objetivo es hacer que los eventos sean memorables y que los participantes salgan de ellos con conocimientos aplicables.<\/p>\n<p><\/p>\t\t\t\t\t\t\t\t<\/div>\n\t\t\t\t<\/div>\n\t\t\t\t<div class=\"elementor-element elementor-element-c0f3586 elementor-widget elementor-widget-image\" data-id=\"c0f3586\" data-element_type=\"widget\" data-e-type=\"widget\" data-widget_type=\"image.default\">\n\t\t\t\t<div class=\"elementor-widget-container\">\n\t\t\t\t\t\t\t\t\t\t\t\t\t\t\t<img fetchpriority=\"high\" decoding=\"async\" width=\"1024\" height=\"683\" src=\"https:\/\/dosterraswinegarden.com\/wp-content\/uploads\/2025\/02\/Imatges-DWG-19-1024x683.png\" class=\"attachment-large size-large wp-image-18208\" alt=\"tendencies en esdveniments corporatius\" srcset=\"https:\/\/dosterraswinegarden.com\/wp-content\/uploads\/2025\/02\/Imatges-DWG-19-1024x683.png 1024w, https:\/\/dosterraswinegarden.com\/wp-content\/uploads\/2025\/02\/Imatges-DWG-19-300x200.png 300w, https:\/\/dosterraswinegarden.com\/wp-content\/uploads\/2025\/02\/Imatges-DWG-19-768x512.png 768w, https:\/\/dosterraswinegarden.com\/wp-content\/uploads\/2025\/02\/Imatges-DWG-19-1536x1024.png 1536w, https:\/\/dosterraswinegarden.com\/wp-content\/uploads\/2025\/02\/Imatges-DWG-19-2048x1366.png 2048w\" sizes=\"(max-width: 1024px) 100vw, 1024px\" \/>\t\t\t\t\t\t\t\t\t\t\t\t\t\t\t<\/div>\n\t\t\t\t<\/div>\n\t\t\t\t\t<\/div>\n\t\t<\/div>\n\t\t\t\t\t<\/div>\n\t\t<\/section>\n\t\t\t\t<section class=\"elementor-section elementor-top-section elementor-element elementor-element-ac297b8 elementor-section-boxed elementor-section-height-default elementor-section-height-default qodef-elementor-content-no\" data-id=\"ac297b8\" data-element_type=\"section\" data-e-type=\"section\">\n\t\t\t\t\t\t<div class=\"elementor-container elementor-column-gap-default\">\n\t\t\t\t\t<div class=\"elementor-column elementor-col-100 elementor-top-column elementor-element elementor-element-cefd290\" data-id=\"cefd290\" data-element_type=\"column\" data-e-type=\"column\">\n\t\t\t<div class=\"elementor-widget-wrap elementor-element-populated\">\n\t\t\t\t\t\t<div class=\"elementor-element elementor-element-0ce4c84 elementor-widget elementor-widget-heading\" data-id=\"0ce4c84\" data-element_type=\"widget\" data-e-type=\"widget\" data-widget_type=\"heading.default\">\n\t\t\t\t<div class=\"elementor-widget-container\">\n\t\t\t\t\t<h3 class=\"elementor-heading-title elementor-size-default\">2. Eventos en espacios naturales <\/h3>\t\t\t\t<\/div>\n\t\t\t\t<\/div>\n\t\t\t\t<div class=\"elementor-element elementor-element-2123b99 elementor-widget elementor-widget-text-editor\" data-id=\"2123b99\" data-element_type=\"widget\" data-e-type=\"widget\" data-widget_type=\"text-editor.default\">\n\t\t\t\t<div class=\"elementor-widget-container\">\n\t\t\t\t\t\t\t\t\t<p>Muchas empresas huyen de las salas de conferencias convencionales para apostar por espacios al aire libre y entornos naturales. Esta tendencia responde a varios motivos:<br><br><br> <\/p>\n<ul>\n<li style=\"list-style-type: none;\">\n<ul>\n<li><strong>Bienestar y desconexi\u00f3n<\/strong>: Estar en un entorno natural ayuda a reducir el estr\u00e9s y fomenta la creatividad.<\/li>\n<li><strong>Innovaci\u00f3n y cambio de perspectiva:<\/strong> Salir del contexto habitual de trabajo permite que los equipos generen nuevas ideas.<\/li>\n<li><strong>Sostenibilidad<\/strong>: Los espacios al aire libre se perciben como una opci\u00f3n m\u00e1s respetuosa con el medio ambiente.<\/li>\n<\/ul>\n<\/li>\n<\/ul>\n<p>En este sentido, lugares como <strong>Dosterras Wine Garden,<\/strong> situado en plena naturaleza, son una opci\u00f3n ideal para organizar eventos corporativos.<\/p>\n<p><\/p>\t\t\t\t\t\t\t\t<\/div>\n\t\t\t\t<\/div>\n\t\t\t\t<div class=\"elementor-element elementor-element-02a50db elementor-widget elementor-widget-image\" data-id=\"02a50db\" data-element_type=\"widget\" data-e-type=\"widget\" data-widget_type=\"image.default\">\n\t\t\t\t<div class=\"elementor-widget-container\">\n\t\t\t\t\t\t\t\t\t\t\t\t\t\t\t<img decoding=\"async\" width=\"1024\" height=\"683\" src=\"https:\/\/dosterraswinegarden.com\/wp-content\/uploads\/2024\/03\/Sin-titulo-2560-x-1707-px-16-1024x683.jpg\" class=\"attachment-large size-large wp-image-16235\" alt=\"\" srcset=\"https:\/\/dosterraswinegarden.com\/wp-content\/uploads\/2024\/03\/Sin-titulo-2560-x-1707-px-16-1024x683.jpg 1024w, https:\/\/dosterraswinegarden.com\/wp-content\/uploads\/2024\/03\/Sin-titulo-2560-x-1707-px-16-300x200.jpg 300w, https:\/\/dosterraswinegarden.com\/wp-content\/uploads\/2024\/03\/Sin-titulo-2560-x-1707-px-16-768x512.jpg 768w, https:\/\/dosterraswinegarden.com\/wp-content\/uploads\/2024\/03\/Sin-titulo-2560-x-1707-px-16-1536x1024.jpg 1536w, https:\/\/dosterraswinegarden.com\/wp-content\/uploads\/2024\/03\/Sin-titulo-2560-x-1707-px-16-2048x1366.jpg 2048w\" sizes=\"(max-width: 1024px) 100vw, 1024px\" \/>\t\t\t\t\t\t\t\t\t\t\t\t\t\t\t<\/div>\n\t\t\t\t<\/div>\n\t\t\t\t\t<\/div>\n\t\t<\/div>\n\t\t\t\t\t<\/div>\n\t\t<\/section>\n\t\t\t\t<section class=\"elementor-section elementor-top-section elementor-element elementor-element-0475746 elementor-section-boxed elementor-section-height-default elementor-section-height-default qodef-elementor-content-no\" data-id=\"0475746\" data-element_type=\"section\" data-e-type=\"section\">\n\t\t\t\t\t\t<div class=\"elementor-container elementor-column-gap-default\">\n\t\t\t\t\t<div class=\"elementor-column elementor-col-100 elementor-top-column elementor-element elementor-element-28406b2\" data-id=\"28406b2\" data-element_type=\"column\" data-e-type=\"column\">\n\t\t\t<div class=\"elementor-widget-wrap elementor-element-populated\">\n\t\t\t\t\t\t<div class=\"elementor-element elementor-element-66f2f49 elementor-widget elementor-widget-heading\" data-id=\"66f2f49\" data-element_type=\"widget\" data-e-type=\"widget\" data-widget_type=\"heading.default\">\n\t\t\t\t<div class=\"elementor-widget-container\">\n\t\t\t\t\t<h3 class=\"elementor-heading-title elementor-size-default\">3. Sostenibilidad y responsabilidad social<\/h3>\t\t\t\t<\/div>\n\t\t\t\t<\/div>\n\t\t\t\t<div class=\"elementor-element elementor-element-8d748f8 elementor-widget elementor-widget-text-editor\" data-id=\"8d748f8\" data-element_type=\"widget\" data-e-type=\"widget\" data-widget_type=\"text-editor.default\">\n\t\t\t\t<div class=\"elementor-widget-container\">\n\t\t\t\t\t\t\t\t\t<p>Las empresas est\u00e1n cada vez m\u00e1s concienciadas con la sostenibilidad, y esto se refleja en sus eventos. Algunas acciones clave que se est\u00e1n implementando son:<br><br><br> <\/p>\n<ul>\n<li style=\"list-style-type: none;\">\n<ul>\n<li><strong>Reducci\u00f3n de residuos<\/strong>: Evitar pl\u00e1sticos de un solo uso y apostar por materiales reciclables.<\/li>\n<li><strong>Men\u00fas de proximidad: <\/strong>Elegir c\u00e1terings con productos locales y de temporada.<br><br><br><\/li>\n<li><strong>Compensaci\u00f3n de la huella de carbono: <\/strong>Implementar medidas para equilibrar el impacto ambiental del evento, como la plantaci\u00f3n de \u00e1rboles o acciones solidarias. <br><br><\/li>\n<\/ul>\n<\/li>\n<\/ul>\n<p>Adem\u00e1s, muchas empresas buscan que sus eventos tengan un impacto positivo en la comunidad, colaborando con proyectos sociales o destinando parte del presupuesto a iniciativas solidarias.<\/p>\n<p><\/p>\t\t\t\t\t\t\t\t<\/div>\n\t\t\t\t<\/div>\n\t\t\t\t\t<\/div>\n\t\t<\/div>\n\t\t\t\t\t<\/div>\n\t\t<\/section>\n\t\t\t\t<section class=\"elementor-section elementor-top-section elementor-element elementor-element-846eb59 elementor-section-boxed elementor-section-height-default elementor-section-height-default qodef-elementor-content-no\" data-id=\"846eb59\" data-element_type=\"section\" data-e-type=\"section\">\n\t\t\t\t\t\t<div class=\"elementor-container elementor-column-gap-default\">\n\t\t\t\t\t<div class=\"elementor-column elementor-col-100 elementor-top-column elementor-element elementor-element-b650ca1\" data-id=\"b650ca1\" data-element_type=\"column\" data-e-type=\"column\">\n\t\t\t<div class=\"elementor-widget-wrap elementor-element-populated\">\n\t\t\t\t\t\t<div class=\"elementor-element elementor-element-be71551 elementor-widget elementor-widget-heading\" data-id=\"be71551\" data-element_type=\"widget\" data-e-type=\"widget\" data-widget_type=\"heading.default\">\n\t\t\t\t<div class=\"elementor-widget-container\">\n\t\t\t\t\t<h3 class=\"elementor-heading-title elementor-size-default\">4. Wellness y eventos enfocados en el bienestar<\/h3>\t\t\t\t<\/div>\n\t\t\t\t<\/div>\n\t\t\t\t<div class=\"elementor-element elementor-element-d62a95b elementor-widget elementor-widget-text-editor\" data-id=\"d62a95b\" data-element_type=\"widget\" data-e-type=\"widget\" data-widget_type=\"text-editor.default\">\n\t\t\t\t<div class=\"elementor-widget-container\">\n\t\t\t\t\t\t\t\t\t<p>Las empresas buscan incorporar actividades de bienestar en sus eventos para mejorar la salud mental y f\u00edsica de sus equipos. Algunas iniciativas populares incluyen: <\/p>\n<ul>\n<li style=\"list-style-type: none;\">\n<ul>\n<li><strong>Sesiones de mindfulness y meditaci\u00f3n<\/strong>: Para ayudar a la concentraci\u00f3n y reducir el estr\u00e9s.<br><br><br><\/li>\n<li><strong>Actividades deportivas al aire libre:<\/strong> Yoga, senderismo o din\u00e1micas de movimiento en grupo.<br><br><br><br><\/li>\n<li><strong>Espacios de relajaci\u00f3n y desconexi\u00f3n:<\/strong> Zonas habilitadas para descansar durante el evento.<\/li>\n<\/ul>\n<\/li>\n<\/ul>\n<p>Esto no solo mejora la experiencia del evento, sino que tambi\u00e9n tiene un impacto positivo en la productividad y la motivaci\u00f3n de los equipos.<\/p>\t\t\t\t\t\t\t\t<\/div>\n\t\t\t\t<\/div>\n\t\t\t\t<div class=\"elementor-element elementor-element-93590c0 elementor-widget elementor-widget-image\" data-id=\"93590c0\" data-element_type=\"widget\" data-e-type=\"widget\" data-widget_type=\"image.default\">\n\t\t\t\t<div class=\"elementor-widget-container\">\n\t\t\t\t\t\t\t\t\t\t\t\t\t\t\t<img decoding=\"async\" width=\"1024\" height=\"576\" src=\"https:\/\/dosterraswinegarden.com\/wp-content\/uploads\/2024\/09\/3-1-1024x576.png\" class=\"attachment-large size-large wp-image-17123\" alt=\"\" srcset=\"https:\/\/dosterraswinegarden.com\/wp-content\/uploads\/2024\/09\/3-1-1024x576.png 1024w, https:\/\/dosterraswinegarden.com\/wp-content\/uploads\/2024\/09\/3-1-300x169.png 300w, https:\/\/dosterraswinegarden.com\/wp-content\/uploads\/2024\/09\/3-1-768x432.png 768w, https:\/\/dosterraswinegarden.com\/wp-content\/uploads\/2024\/09\/3-1-1536x864.png 1536w, https:\/\/dosterraswinegarden.com\/wp-content\/uploads\/2024\/09\/3-1-2048x1152.png 2048w\" sizes=\"(max-width: 1024px) 100vw, 1024px\" \/>\t\t\t\t\t\t\t\t\t\t\t\t\t\t\t<\/div>\n\t\t\t\t<\/div>\n\t\t\t\t\t<\/div>\n\t\t<\/div>\n\t\t\t\t\t<\/div>\n\t\t<\/section>\n\t\t\t\t<section class=\"elementor-section elementor-top-section elementor-element elementor-element-4a00d84 elementor-section-boxed elementor-section-height-default elementor-section-height-default qodef-elementor-content-no\" data-id=\"4a00d84\" data-element_type=\"section\" data-e-type=\"section\">\n\t\t\t\t\t\t<div class=\"elementor-container elementor-column-gap-default\">\n\t\t\t\t\t<div class=\"elementor-column elementor-col-100 elementor-top-column elementor-element elementor-element-e5d4616\" data-id=\"e5d4616\" data-element_type=\"column\" data-e-type=\"column\">\n\t\t\t<div class=\"elementor-widget-wrap elementor-element-populated\">\n\t\t\t\t\t\t<div class=\"elementor-element elementor-element-f2858d8 elementor-widget elementor-widget-heading\" data-id=\"f2858d8\" data-element_type=\"widget\" data-e-type=\"widget\" data-widget_type=\"heading.default\">\n\t\t\t\t<div class=\"elementor-widget-container\">\n\t\t\t\t\t<h3 class=\"elementor-heading-title elementor-size-default\">Celebra tu evento de empresa en Dosterras Wine Garden<br><br><br><\/h3>\t\t\t\t<\/div>\n\t\t\t\t<\/div>\n\t\t\t\t<div class=\"elementor-element elementor-element-8e28249 elementor-widget elementor-widget-text-editor\" data-id=\"8e28249\" data-element_type=\"widget\" data-e-type=\"widget\" data-widget_type=\"text-editor.default\">\n\t\t\t\t<div class=\"elementor-widget-container\">\n\t\t\t\t\t\t\t\t\t<p data-pm-slice=\"1 1 []\">En <span class=\"notion-enable-hover\" data-token-index=\"1\">Dosterras Wine Garden,<\/span> ofrecemos un espacio \u00fanico para eventos de empresa en plena naturaleza, donde se pueden vivir experiencias aut\u00e9nticas.<\/p>\n<p>\u00a1<a href=\"https:\/\/dosterraswinegarden.com\/es\/contacto\/\">Contacta con nosotros<\/a> hoy mismo y celebra tu evento en Dosterras Wine Garden!<br><br><br> <\/p>\t\t\t\t\t\t\t\t<\/div>\n\t\t\t\t<\/div>\n\t\t\t\t\t<\/div>\n\t\t<\/div>\n\t\t\t\t\t<\/div>\n\t\t<\/section>\n\t\t\t\t<\/div>\n\t\t","protected":false},"excerpt":{"rendered":"<p>Descobreix les tend\u00e8ncies en esdeveniments corporatius i celebra el teu d&#8217;una forma \u00fanica.<\/p>\n","protected":false},"author":5,"featured_media":15912,"comment_status":"closed","ping_status":"closed","sticky":false,"template":"","format":"standard","meta":{"_themeisle_gutenberg_block_has_review":false,"_joinchat":[],"footnotes":""},"categories":[140],"tags":[],"class_list":["post-18217","post","type-post","status-publish","format-standard","has-post-thumbnail","hentry","category-eventos-es"],"yoast_head":"<!-- This site is optimized with the Yoast SEO plugin v27.5 - https:\/\/yoast.com\/product\/yoast-seo-wordpress\/ -->\n<title>Tendencias en eventos de empresa - Dosterras Wine Garden<\/title>\n<meta name=\"description\" content=\"Descubre las tendencias en eventos de empresa y conoce las mejores ideas para incorporar a tu evento corporativo.\" \/>\n<meta name=\"robots\" content=\"index, follow, max-snippet:-1, max-image-preview:large, max-video-preview:-1\" \/>\n<link rel=\"canonical\" href=\"https:\/\/dosterraswinegarden.com\/es\/news\/tendencias-en-eventos-de-empresa\/\" \/>\n<meta property=\"og:locale\" content=\"es_ES\" \/>\n<meta property=\"og:type\" content=\"article\" \/>\n<meta property=\"og:title\" content=\"Tendencias en eventos de empresa - Dosterras Wine Garden\" \/>\n<meta property=\"og:description\" content=\"Descubre las tendencias en eventos de empresa y conoce las mejores ideas para incorporar a tu evento corporativo.\" \/>\n<meta property=\"og:url\" content=\"https:\/\/dosterraswinegarden.com\/es\/news\/tendencias-en-eventos-de-empresa\/\" \/>\n<meta property=\"og:site_name\" content=\"Dosterras Wine Garden\" \/>\n<meta property=\"article:published_time\" content=\"2025-02-20T12:02:09+00:00\" \/>\n<meta property=\"article:modified_time\" content=\"2025-02-20T12:44:43+00:00\" \/>\n<meta property=\"og:image\" content=\"https:\/\/dosterraswinegarden.com\/wp-content\/uploads\/2024\/04\/52DissabteFiraVi-scaled.jpg\" \/>\n\t<meta property=\"og:image:width\" content=\"2560\" \/>\n\t<meta property=\"og:image:height\" content=\"1709\" \/>\n\t<meta property=\"og:image:type\" content=\"image\/jpeg\" \/>\n<meta name=\"author\" content=\"Mariona Pellicer\" \/>\n<meta name=\"twitter:card\" content=\"summary_large_image\" \/>\n<meta name=\"twitter:label1\" content=\"Escrito por\" \/>\n\t<meta name=\"twitter:data1\" content=\"Mariona Pellicer\" \/>\n\t<meta name=\"twitter:label2\" content=\"Tiempo de lectura\" \/>\n\t<meta name=\"twitter:data2\" content=\"3 minutos\" \/>\n<script type=\"application\/ld+json\" class=\"yoast-schema-graph\">{\"@context\":\"https:\\\/\\\/schema.org\",\"@graph\":[{\"@type\":\"Article\",\"@id\":\"https:\\\/\\\/dosterraswinegarden.com\\\/es\\\/news\\\/tendencias-en-eventos-de-empresa\\\/#article\",\"isPartOf\":{\"@id\":\"https:\\\/\\\/dosterraswinegarden.com\\\/es\\\/news\\\/tendencias-en-eventos-de-empresa\\\/\"},\"author\":{\"name\":\"Mariona Pellicer\",\"@id\":\"https:\\\/\\\/dosterraswinegarden.com\\\/#\\\/schema\\\/person\\\/5e4e86b4ab204eaefe917301e52e06d3\"},\"headline\":\"Tendencias en eventos de empresa\",\"datePublished\":\"2025-02-20T12:02:09+00:00\",\"dateModified\":\"2025-02-20T12:44:43+00:00\",\"mainEntityOfPage\":{\"@id\":\"https:\\\/\\\/dosterraswinegarden.com\\\/es\\\/news\\\/tendencias-en-eventos-de-empresa\\\/\"},\"wordCount\":578,\"image\":{\"@id\":\"https:\\\/\\\/dosterraswinegarden.com\\\/es\\\/news\\\/tendencias-en-eventos-de-empresa\\\/#primaryimage\"},\"thumbnailUrl\":\"https:\\\/\\\/dosterraswinegarden.com\\\/wp-content\\\/uploads\\\/2024\\\/04\\\/52DissabteFiraVi-scaled.jpg\",\"articleSection\":[\"Eventos\"],\"inLanguage\":\"es\"},{\"@type\":\"WebPage\",\"@id\":\"https:\\\/\\\/dosterraswinegarden.com\\\/es\\\/news\\\/tendencias-en-eventos-de-empresa\\\/\",\"url\":\"https:\\\/\\\/dosterraswinegarden.com\\\/es\\\/news\\\/tendencias-en-eventos-de-empresa\\\/\",\"name\":\"Tendencias en eventos de empresa - Dosterras Wine Garden\",\"isPartOf\":{\"@id\":\"https:\\\/\\\/dosterraswinegarden.com\\\/#website\"},\"primaryImageOfPage\":{\"@id\":\"https:\\\/\\\/dosterraswinegarden.com\\\/es\\\/news\\\/tendencias-en-eventos-de-empresa\\\/#primaryimage\"},\"image\":{\"@id\":\"https:\\\/\\\/dosterraswinegarden.com\\\/es\\\/news\\\/tendencias-en-eventos-de-empresa\\\/#primaryimage\"},\"thumbnailUrl\":\"https:\\\/\\\/dosterraswinegarden.com\\\/wp-content\\\/uploads\\\/2024\\\/04\\\/52DissabteFiraVi-scaled.jpg\",\"datePublished\":\"2025-02-20T12:02:09+00:00\",\"dateModified\":\"2025-02-20T12:44:43+00:00\",\"author\":{\"@id\":\"https:\\\/\\\/dosterraswinegarden.com\\\/#\\\/schema\\\/person\\\/5e4e86b4ab204eaefe917301e52e06d3\"},\"description\":\"Descubre las tendencias en eventos de empresa y conoce las mejores ideas para incorporar a tu evento corporativo.\",\"breadcrumb\":{\"@id\":\"https:\\\/\\\/dosterraswinegarden.com\\\/es\\\/news\\\/tendencias-en-eventos-de-empresa\\\/#breadcrumb\"},\"inLanguage\":\"es\",\"potentialAction\":[{\"@type\":\"ReadAction\",\"target\":[\"https:\\\/\\\/dosterraswinegarden.com\\\/es\\\/news\\\/tendencias-en-eventos-de-empresa\\\/\"]}]},{\"@type\":\"ImageObject\",\"inLanguage\":\"es\",\"@id\":\"https:\\\/\\\/dosterraswinegarden.com\\\/es\\\/news\\\/tendencias-en-eventos-de-empresa\\\/#primaryimage\",\"url\":\"https:\\\/\\\/dosterraswinegarden.com\\\/wp-content\\\/uploads\\\/2024\\\/04\\\/52DissabteFiraVi-scaled.jpg\",\"contentUrl\":\"https:\\\/\\\/dosterraswinegarden.com\\\/wp-content\\\/uploads\\\/2024\\\/04\\\/52DissabteFiraVi-scaled.jpg\",\"width\":2560,\"height\":1709},{\"@type\":\"BreadcrumbList\",\"@id\":\"https:\\\/\\\/dosterraswinegarden.com\\\/es\\\/news\\\/tendencias-en-eventos-de-empresa\\\/#breadcrumb\",\"itemListElement\":[{\"@type\":\"ListItem\",\"position\":1,\"name\":\"Inici\",\"item\":\"https:\\\/\\\/dosterraswinegarden.com\\\/es\\\/\"},{\"@type\":\"ListItem\",\"position\":2,\"name\":\"Tendencias en eventos de empresa\"}]},{\"@type\":\"WebSite\",\"@id\":\"https:\\\/\\\/dosterraswinegarden.com\\\/#website\",\"url\":\"https:\\\/\\\/dosterraswinegarden.com\\\/\",\"name\":\"Dosterras Wine Garden\",\"description\":\"Bodes, events i vins al Priorat\",\"potentialAction\":[{\"@type\":\"SearchAction\",\"target\":{\"@type\":\"EntryPoint\",\"urlTemplate\":\"https:\\\/\\\/dosterraswinegarden.com\\\/?s={search_term_string}\"},\"query-input\":{\"@type\":\"PropertyValueSpecification\",\"valueRequired\":true,\"valueName\":\"search_term_string\"}}],\"inLanguage\":\"es\"},{\"@type\":\"Person\",\"@id\":\"https:\\\/\\\/dosterraswinegarden.com\\\/#\\\/schema\\\/person\\\/5e4e86b4ab204eaefe917301e52e06d3\",\"name\":\"Mariona Pellicer\",\"image\":{\"@type\":\"ImageObject\",\"inLanguage\":\"es\",\"@id\":\"https:\\\/\\\/secure.gravatar.com\\\/avatar\\\/ac957e29a1e14e0bf3566a873be24a7254c7abaa12137fad6da725f42d683d48?s=96&d=blank&r=g\",\"url\":\"https:\\\/\\\/secure.gravatar.com\\\/avatar\\\/ac957e29a1e14e0bf3566a873be24a7254c7abaa12137fad6da725f42d683d48?s=96&d=blank&r=g\",\"contentUrl\":\"https:\\\/\\\/secure.gravatar.com\\\/avatar\\\/ac957e29a1e14e0bf3566a873be24a7254c7abaa12137fad6da725f42d683d48?s=96&d=blank&r=g\",\"caption\":\"Mariona Pellicer\"},\"url\":\"https:\\\/\\\/dosterraswinegarden.com\\\/es\\\/news\\\/author\\\/mariona\\\/\"}]}<\/script>\n<!-- \/ Yoast SEO plugin. -->","yoast_head_json":{"title":"Tendencias en eventos de empresa - Dosterras Wine Garden","description":"Descubre las tendencias en eventos de empresa y conoce las mejores ideas para incorporar a tu evento corporativo.","robots":{"index":"index","follow":"follow","max-snippet":"max-snippet:-1","max-image-preview":"max-image-preview:large","max-video-preview":"max-video-preview:-1"},"canonical":"https:\/\/dosterraswinegarden.com\/es\/news\/tendencias-en-eventos-de-empresa\/","og_locale":"es_ES","og_type":"article","og_title":"Tendencias en eventos de empresa - Dosterras Wine Garden","og_description":"Descubre las tendencias en eventos de empresa y conoce las mejores ideas para incorporar a tu evento corporativo.","og_url":"https:\/\/dosterraswinegarden.com\/es\/news\/tendencias-en-eventos-de-empresa\/","og_site_name":"Dosterras Wine Garden","article_published_time":"2025-02-20T12:02:09+00:00","article_modified_time":"2025-02-20T12:44:43+00:00","og_image":[{"width":2560,"height":1709,"url":"https:\/\/dosterraswinegarden.com\/wp-content\/uploads\/2024\/04\/52DissabteFiraVi-scaled.jpg","type":"image\/jpeg"}],"author":"Mariona Pellicer","twitter_card":"summary_large_image","twitter_misc":{"Escrito por":"Mariona Pellicer","Tiempo de lectura":"3 minutos"},"schema":{"@context":"https:\/\/schema.org","@graph":[{"@type":"Article","@id":"https:\/\/dosterraswinegarden.com\/es\/news\/tendencias-en-eventos-de-empresa\/#article","isPartOf":{"@id":"https:\/\/dosterraswinegarden.com\/es\/news\/tendencias-en-eventos-de-empresa\/"},"author":{"name":"Mariona Pellicer","@id":"https:\/\/dosterraswinegarden.com\/#\/schema\/person\/5e4e86b4ab204eaefe917301e52e06d3"},"headline":"Tendencias en eventos de empresa","datePublished":"2025-02-20T12:02:09+00:00","dateModified":"2025-02-20T12:44:43+00:00","mainEntityOfPage":{"@id":"https:\/\/dosterraswinegarden.com\/es\/news\/tendencias-en-eventos-de-empresa\/"},"wordCount":578,"image":{"@id":"https:\/\/dosterraswinegarden.com\/es\/news\/tendencias-en-eventos-de-empresa\/#primaryimage"},"thumbnailUrl":"https:\/\/dosterraswinegarden.com\/wp-content\/uploads\/2024\/04\/52DissabteFiraVi-scaled.jpg","articleSection":["Eventos"],"inLanguage":"es"},{"@type":"WebPage","@id":"https:\/\/dosterraswinegarden.com\/es\/news\/tendencias-en-eventos-de-empresa\/","url":"https:\/\/dosterraswinegarden.com\/es\/news\/tendencias-en-eventos-de-empresa\/","name":"Tendencias en eventos de empresa - Dosterras Wine Garden","isPartOf":{"@id":"https:\/\/dosterraswinegarden.com\/#website"},"primaryImageOfPage":{"@id":"https:\/\/dosterraswinegarden.com\/es\/news\/tendencias-en-eventos-de-empresa\/#primaryimage"},"image":{"@id":"https:\/\/dosterraswinegarden.com\/es\/news\/tendencias-en-eventos-de-empresa\/#primaryimage"},"thumbnailUrl":"https:\/\/dosterraswinegarden.com\/wp-content\/uploads\/2024\/04\/52DissabteFiraVi-scaled.jpg","datePublished":"2025-02-20T12:02:09+00:00","dateModified":"2025-02-20T12:44:43+00:00","author":{"@id":"https:\/\/dosterraswinegarden.com\/#\/schema\/person\/5e4e86b4ab204eaefe917301e52e06d3"},"description":"Descubre las tendencias en eventos de empresa y conoce las mejores ideas para incorporar a tu evento corporativo.","breadcrumb":{"@id":"https:\/\/dosterraswinegarden.com\/es\/news\/tendencias-en-eventos-de-empresa\/#breadcrumb"},"inLanguage":"es","potentialAction":[{"@type":"ReadAction","target":["https:\/\/dosterraswinegarden.com\/es\/news\/tendencias-en-eventos-de-empresa\/"]}]},{"@type":"ImageObject","inLanguage":"es","@id":"https:\/\/dosterraswinegarden.com\/es\/news\/tendencias-en-eventos-de-empresa\/#primaryimage","url":"https:\/\/dosterraswinegarden.com\/wp-content\/uploads\/2024\/04\/52DissabteFiraVi-scaled.jpg","contentUrl":"https:\/\/dosterraswinegarden.com\/wp-content\/uploads\/2024\/04\/52DissabteFiraVi-scaled.jpg","width":2560,"height":1709},{"@type":"BreadcrumbList","@id":"https:\/\/dosterraswinegarden.com\/es\/news\/tendencias-en-eventos-de-empresa\/#breadcrumb","itemListElement":[{"@type":"ListItem","position":1,"name":"Inici","item":"https:\/\/dosterraswinegarden.com\/es\/"},{"@type":"ListItem","position":2,"name":"Tendencias en eventos de empresa"}]},{"@type":"WebSite","@id":"https:\/\/dosterraswinegarden.com\/#website","url":"https:\/\/dosterraswinegarden.com\/","name":"Dosterras Wine Garden","description":"Bodes, events i vins al Priorat","potentialAction":[{"@type":"SearchAction","target":{"@type":"EntryPoint","urlTemplate":"https:\/\/dosterraswinegarden.com\/?s={search_term_string}"},"query-input":{"@type":"PropertyValueSpecification","valueRequired":true,"valueName":"search_term_string"}}],"inLanguage":"es"},{"@type":"Person","@id":"https:\/\/dosterraswinegarden.com\/#\/schema\/person\/5e4e86b4ab204eaefe917301e52e06d3","name":"Mariona Pellicer","image":{"@type":"ImageObject","inLanguage":"es","@id":"https:\/\/secure.gravatar.com\/avatar\/ac957e29a1e14e0bf3566a873be24a7254c7abaa12137fad6da725f42d683d48?s=96&d=blank&r=g","url":"https:\/\/secure.gravatar.com\/avatar\/ac957e29a1e14e0bf3566a873be24a7254c7abaa12137fad6da725f42d683d48?s=96&d=blank&r=g","contentUrl":"https:\/\/secure.gravatar.com\/avatar\/ac957e29a1e14e0bf3566a873be24a7254c7abaa12137fad6da725f42d683d48?s=96&d=blank&r=g","caption":"Mariona Pellicer"},"url":"https:\/\/dosterraswinegarden.com\/es\/news\/author\/mariona\/"}]}},"_links":{"self":[{"href":"https:\/\/dosterraswinegarden.com\/es\/wp-json\/wp\/v2\/posts\/18217","targetHints":{"allow":["GET"]}}],"collection":[{"href":"https:\/\/dosterraswinegarden.com\/es\/wp-json\/wp\/v2\/posts"}],"about":[{"href":"https:\/\/dosterraswinegarden.com\/es\/wp-json\/wp\/v2\/types\/post"}],"author":[{"embeddable":true,"href":"https:\/\/dosterraswinegarden.com\/es\/wp-json\/wp\/v2\/users\/5"}],"replies":[{"embeddable":true,"href":"https:\/\/dosterraswinegarden.com\/es\/wp-json\/wp\/v2\/comments?post=18217"}],"version-history":[{"count":1,"href":"https:\/\/dosterraswinegarden.com\/es\/wp-json\/wp\/v2\/posts\/18217\/revisions"}],"predecessor-version":[{"id":18218,"href":"https:\/\/dosterraswinegarden.com\/es\/wp-json\/wp\/v2\/posts\/18217\/revisions\/18218"}],"wp:featuredmedia":[{"embeddable":true,"href":"https:\/\/dosterraswinegarden.com\/es\/wp-json\/wp\/v2\/media\/15912"}],"wp:attachment":[{"href":"https:\/\/dosterraswinegarden.com\/es\/wp-json\/wp\/v2\/media?parent=18217"}],"wp:term":[{"taxonomy":"category","embeddable":true,"href":"https:\/\/dosterraswinegarden.com\/es\/wp-json\/wp\/v2\/categories?post=18217"},{"taxonomy":"post_tag","embeddable":true,"href":"https:\/\/dosterraswinegarden.com\/es\/wp-json\/wp\/v2\/tags?post=18217"}],"curies":[{"name":"wp","href":"https:\/\/api.w.org\/{rel}","templated":true}]}}