{"id":18482,"date":"2025-03-25T12:22:47","date_gmt":"2025-03-25T12:22:47","guid":{"rendered":"https:\/\/dosterraswinegarden.com\/news\/musica-en-directo-entre-vinas\/"},"modified":"2025-04-04T11:44:47","modified_gmt":"2025-04-04T11:44:47","slug":"musica-en-directo-entre-vinas","status":"publish","type":"post","link":"https:\/\/dosterraswinegarden.com\/es\/news\/musica-en-directo-entre-vinas\/","title":{"rendered":"M\u00fasica en directo entre vi\u00f1as"},"content":{"rendered":"\t\t<div data-elementor-type=\"wp-post\" data-elementor-id=\"18482\" class=\"elementor elementor-18482 elementor-18390\">\n\t\t\t\t\t\t<section class=\"elementor-section elementor-top-section elementor-element elementor-element-ab2f973 elementor-section-boxed elementor-section-height-default elementor-section-height-default qodef-elementor-content-no\" data-id=\"ab2f973\" data-element_type=\"section\" data-e-type=\"section\">\n\t\t\t\t\t\t<div class=\"elementor-container elementor-column-gap-default\">\n\t\t\t\t\t<div class=\"elementor-column elementor-col-100 elementor-top-column elementor-element elementor-element-3c6fbd5\" data-id=\"3c6fbd5\" data-element_type=\"column\" data-e-type=\"column\">\n\t\t\t<div class=\"elementor-widget-wrap elementor-element-populated\">\n\t\t\t\t\t\t<div class=\"elementor-element elementor-element-a9205a8 elementor-widget elementor-widget-text-editor\" data-id=\"a9205a8\" data-element_type=\"widget\" data-e-type=\"widget\" data-widget_type=\"text-editor.default\">\n\t\t\t\t<div class=\"elementor-widget-container\">\n\t\t\t\t\t\t\t\t\t<p>Vive la magia de la m\u00fasica en directo entre vi\u00f1as en el Priorat. En Dosterras Wine Garden, el entorno natural y el ambiente \u00fanico hacen que cada evento sea inolvidable. <\/p><p>Cuando un espacio con encanto se combina con el poder de la m\u00fasica en vivo, suceden cosas. Las emociones se multiplican, el recuerdo perdura y la experiencia se transforma en algo m\u00e1s profundo, m\u00e1s vivo. <\/p><p>En <strong data-start=\"560\" data-end=\"585\">Dosterras Wine Garden <\/strong>lo vemos una y otra vez: la m\u00fasica <strong data-start=\"630\" data-end=\"642\">conecta<\/strong>, <strong data-start=\"644\" data-end=\"656\">potencia<\/strong> y <strong data-start=\"659\" data-end=\"673\">da alma<\/strong> a cualquier celebraci\u00f3n.<\/p>\t\t\t\t\t\t\t\t<\/div>\n\t\t\t\t<\/div>\n\t\t\t\t\t<\/div>\n\t\t<\/div>\n\t\t\t\t\t<\/div>\n\t\t<\/section>\n\t\t\t\t<section class=\"elementor-section elementor-top-section elementor-element elementor-element-ac297b8 elementor-section-boxed elementor-section-height-default elementor-section-height-default qodef-elementor-content-no\" data-id=\"ac297b8\" data-element_type=\"section\" data-e-type=\"section\">\n\t\t\t\t\t\t<div class=\"elementor-container elementor-column-gap-default\">\n\t\t\t\t\t<div class=\"elementor-column elementor-col-100 elementor-top-column elementor-element elementor-element-cefd290\" data-id=\"cefd290\" data-element_type=\"column\" data-e-type=\"column\">\n\t\t\t<div class=\"elementor-widget-wrap elementor-element-populated\">\n\t\t\t\t\t\t<div class=\"elementor-element elementor-element-0ce4c84 elementor-widget elementor-widget-heading\" data-id=\"0ce4c84\" data-element_type=\"widget\" data-e-type=\"widget\" data-widget_type=\"heading.default\">\n\t\t\t\t<div class=\"elementor-widget-container\">\n\t\t\t\t\t<h3 class=\"elementor-heading-title elementor-size-default\">Un entorno que amplifica la experiencia<\/h3>\t\t\t\t<\/div>\n\t\t\t\t<\/div>\n\t\t\t\t<div class=\"elementor-element elementor-element-2123b99 elementor-widget elementor-widget-text-editor\" data-id=\"2123b99\" data-element_type=\"widget\" data-e-type=\"widget\" data-widget_type=\"text-editor.default\">\n\t\t\t\t<div class=\"elementor-widget-container\">\n\t\t\t\t\t\t\t\t\t<p>Nuestro espacio, rodeado de vi\u00f1as y naturaleza, ya transmite una calma especial. Pero cuando le a\u00f1ades una voz suave, una guitarra o un cuarteto de cuerda, todo cobra una nueva dimensi\u00f3n. La m\u00fasica en directo <strong data-start=\"953\" data-end=\"982\">resuena de forma natural <\/strong>entre los \u00e1rboles, con la luz del atardecer pintando la escena. No hacen falta grandes montajes. Solo se necesita el ambiente adecuado y una buena melod\u00eda.   <\/p>\t\t\t\t\t\t\t\t<\/div>\n\t\t\t\t<\/div>\n\t\t\t\t<div class=\"elementor-element elementor-element-c0f3586 elementor-widget elementor-widget-image\" data-id=\"c0f3586\" data-element_type=\"widget\" data-e-type=\"widget\" data-widget_type=\"image.default\">\n\t\t\t\t<div class=\"elementor-widget-container\">\n\t\t\t\t\t\t\t\t\t\t\t\t\t\t\t<img fetchpriority=\"high\" decoding=\"async\" width=\"1024\" height=\"683\" src=\"https:\/\/dosterraswinegarden.com\/wp-content\/uploads\/2023\/10\/nye_fiesta-1-1024x683.jpg\" class=\"attachment-large size-large wp-image-15283\" alt=\"\" srcset=\"https:\/\/dosterraswinegarden.com\/wp-content\/uploads\/2023\/10\/nye_fiesta-1-1024x683.jpg 1024w, https:\/\/dosterraswinegarden.com\/wp-content\/uploads\/2023\/10\/nye_fiesta-1-300x200.jpg 300w, https:\/\/dosterraswinegarden.com\/wp-content\/uploads\/2023\/10\/nye_fiesta-1-768x512.jpg 768w, https:\/\/dosterraswinegarden.com\/wp-content\/uploads\/2023\/10\/nye_fiesta-1-1536x1024.jpg 1536w, https:\/\/dosterraswinegarden.com\/wp-content\/uploads\/2023\/10\/nye_fiesta-1-2048x1365.jpg 2048w\" sizes=\"(max-width: 1024px) 100vw, 1024px\" \/>\t\t\t\t\t\t\t\t\t\t\t\t\t\t\t<\/div>\n\t\t\t\t<\/div>\n\t\t\t\t\t<\/div>\n\t\t<\/div>\n\t\t\t\t\t<\/div>\n\t\t<\/section>\n\t\t\t\t<section class=\"elementor-section elementor-top-section elementor-element elementor-element-0475746 elementor-section-boxed elementor-section-height-default elementor-section-height-default qodef-elementor-content-no\" data-id=\"0475746\" data-element_type=\"section\" data-e-type=\"section\">\n\t\t\t\t\t\t<div class=\"elementor-container elementor-column-gap-default\">\n\t\t\t\t\t<div class=\"elementor-column elementor-col-100 elementor-top-column elementor-element elementor-element-28406b2\" data-id=\"28406b2\" data-element_type=\"column\" data-e-type=\"column\">\n\t\t\t<div class=\"elementor-widget-wrap elementor-element-populated\">\n\t\t\t\t\t\t<div class=\"elementor-element elementor-element-66f2f49 elementor-widget elementor-widget-heading\" data-id=\"66f2f49\" data-element_type=\"widget\" data-e-type=\"widget\" data-widget_type=\"heading.default\">\n\t\t\t\t<div class=\"elementor-widget-container\">\n\t\t\t\t\t<h3 class=\"elementor-heading-title elementor-size-default\">La m\u00fasica como hilo conductor emocional<\/h3>\t\t\t\t<\/div>\n\t\t\t\t<\/div>\n\t\t\t\t<div class=\"elementor-element elementor-element-8d748f8 elementor-widget elementor-widget-text-editor\" data-id=\"8d748f8\" data-element_type=\"widget\" data-e-type=\"widget\" data-widget_type=\"text-editor.default\">\n\t\t\t\t<div class=\"elementor-widget-container\">\n\t\t\t\t\t\t\t\t\t<p class=\"\" data-start=\"1172\" data-end=\"1235\">En cada tipo de evento, la m\u00fasica puede cumplir una funci\u00f3n clave:<\/p><ul><li><strong data-start=\"1239\" data-end=\"1255\">En bodas<\/strong>, acompa\u00f1a los momentos m\u00e1s emotivos: la entrada, el primer baile, la copa final bajo las estrellas.<\/li><li><strong data-start=\"1355\" data-end=\"1383\">En celebraciones privadas<\/strong>, crea ambiente, anima, hace vibrar o, simplemente, acompa\u00f1a en segundo plano.<\/li><li><strong data-start=\"1457\" data-end=\"1487\">En eventos de empresa<\/strong>, aporta calidez y crea conexi\u00f3n entre los asistentes, rompiendo el hielo de forma org\u00e1nica.<\/li><li><strong data-start=\"1582\" data-end=\"1607\">En retiros de bienestar<\/strong>, la m\u00fasica puede ser relajante, \u00edntima y terap\u00e9utica, ayudando a profundizar en la experiencia.<\/li><\/ul><p class=\"\" data-start=\"1699\" data-end=\"1797\">Una buena elecci\u00f3n musical puede marcar la diferencia entre un buen recuerdo y un recuerdo inolvidable.<\/p>\t\t\t\t\t\t\t\t<\/div>\n\t\t\t\t<\/div>\n\t\t\t\t<div class=\"elementor-element elementor-element-4da7148 elementor-widget elementor-widget-image\" data-id=\"4da7148\" data-element_type=\"widget\" data-e-type=\"widget\" data-widget_type=\"image.default\">\n\t\t\t\t<div class=\"elementor-widget-container\">\n\t\t\t\t\t\t\t\t\t\t\t\t\t\t\t<img decoding=\"async\" width=\"1024\" height=\"683\" src=\"https:\/\/dosterraswinegarden.com\/wp-content\/uploads\/2025\/03\/Imatges-DWG-26-1024x683.png\" class=\"attachment-large size-large wp-image-18426\" alt=\"\" srcset=\"https:\/\/dosterraswinegarden.com\/wp-content\/uploads\/2025\/03\/Imatges-DWG-26-1024x683.png 1024w, https:\/\/dosterraswinegarden.com\/wp-content\/uploads\/2025\/03\/Imatges-DWG-26-300x200.png 300w, https:\/\/dosterraswinegarden.com\/wp-content\/uploads\/2025\/03\/Imatges-DWG-26-768x512.png 768w, https:\/\/dosterraswinegarden.com\/wp-content\/uploads\/2025\/03\/Imatges-DWG-26-1536x1024.png 1536w, https:\/\/dosterraswinegarden.com\/wp-content\/uploads\/2025\/03\/Imatges-DWG-26-2048x1366.png 2048w\" sizes=\"(max-width: 1024px) 100vw, 1024px\" \/>\t\t\t\t\t\t\t\t\t\t\t\t\t\t\t<\/div>\n\t\t\t\t<\/div>\n\t\t\t\t\t<\/div>\n\t\t<\/div>\n\t\t\t\t\t<\/div>\n\t\t<\/section>\n\t\t\t\t<section class=\"elementor-section elementor-top-section elementor-element elementor-element-4a00d84 elementor-section-boxed elementor-section-height-default elementor-section-height-default qodef-elementor-content-no\" data-id=\"4a00d84\" data-element_type=\"section\" data-e-type=\"section\">\n\t\t\t\t\t\t<div class=\"elementor-container elementor-column-gap-default\">\n\t\t\t\t\t<div class=\"elementor-column elementor-col-100 elementor-top-column elementor-element elementor-element-e5d4616\" data-id=\"e5d4616\" data-element_type=\"column\" data-e-type=\"column\">\n\t\t\t<div class=\"elementor-widget-wrap elementor-element-populated\">\n\t\t\t\t\t\t<div class=\"elementor-element elementor-element-f2858d8 elementor-widget elementor-widget-heading\" data-id=\"f2858d8\" data-element_type=\"widget\" data-e-type=\"widget\" data-widget_type=\"heading.default\">\n\t\t\t\t<div class=\"elementor-widget-container\">\n\t\t\t\t\t<h3 class=\"elementor-heading-title elementor-size-default\">Espacios vers\u00e1tiles para cada momento musical<\/h3>\t\t\t\t<\/div>\n\t\t\t\t<\/div>\n\t\t\t\t<div class=\"elementor-element elementor-element-8e28249 elementor-widget elementor-widget-text-editor\" data-id=\"8e28249\" data-element_type=\"widget\" data-e-type=\"widget\" data-widget_type=\"text-editor.default\">\n\t\t\t\t<div class=\"elementor-widget-container\">\n\t\t\t\t\t\t\t\t\t<p class=\"\" data-start=\"1853\" data-end=\"1948\">En Dosterras Wine Garden ofrecemos distintos ambientes para que puedas adaptar la m\u00fasica a tu estilo:<\/p><ul><li data-start=\"1853\" data-end=\"1948\"><strong data-start=\"1952\" data-end=\"1967\">En los jardines<\/strong>, para conciertos ac\u00fasticos o actuaciones en vivo al aire libre.<\/li><li data-start=\"1853\" data-end=\"1948\"><strong data-start=\"2032\" data-end=\"2060\">En la zona de Fusta i Foc<\/strong>, ideal para cenas con m\u00fasica o sesiones m\u00e1s animadas.<\/li><li data-start=\"2030\" data-end=\"2114\"><strong data-start=\"2117\" data-end=\"2136\">En rincones \u00edntimos<\/strong>, para crear peque\u00f1os oasis musicales dentro de un evento m\u00e1s grande.<\/li><\/ul><p class=\"\" data-start=\"2204\" data-end=\"2314\">T\u00fa eliges el estilo: jazz, indie, cl\u00e1sico, cantautor, electr\u00f3nica suave&#8230; y nosotros te ayudamos a hacerlo realidad.<\/p>\t\t\t\t\t\t\t\t<\/div>\n\t\t\t\t<\/div>\n\t\t\t\t\t<\/div>\n\t\t<\/div>\n\t\t\t\t\t<\/div>\n\t\t<\/section>\n\t\t\t\t<section class=\"elementor-section elementor-top-section elementor-element elementor-element-7870dc6 elementor-section-boxed elementor-section-height-default elementor-section-height-default qodef-elementor-content-no\" data-id=\"7870dc6\" data-element_type=\"section\" data-e-type=\"section\">\n\t\t\t\t\t\t<div class=\"elementor-container elementor-column-gap-default\">\n\t\t\t\t\t<div class=\"elementor-column elementor-col-100 elementor-top-column elementor-element elementor-element-39a3837\" data-id=\"39a3837\" data-element_type=\"column\" data-e-type=\"column\">\n\t\t\t<div class=\"elementor-widget-wrap elementor-element-populated\">\n\t\t\t\t\t\t<div class=\"elementor-element elementor-element-207f90c elementor-widget elementor-widget-heading\" data-id=\"207f90c\" data-element_type=\"widget\" data-e-type=\"widget\" data-widget_type=\"heading.default\">\n\t\t\t\t<div class=\"elementor-widget-container\">\n\t\t\t\t\t<h3 class=\"elementor-heading-title elementor-size-default\"> \u00bfQuieres emocionar? Haz que suene tu historia. <\/h3>\t\t\t\t<\/div>\n\t\t\t\t<\/div>\n\t\t\t\t<div class=\"elementor-element elementor-element-e51363f elementor-widget elementor-widget-text-editor\" data-id=\"e51363f\" data-element_type=\"widget\" data-e-type=\"widget\" data-widget_type=\"text-editor.default\">\n\t\t\t\t<div class=\"elementor-widget-container\">\n\t\t\t\t\t\t\t\t\t<p>Un discurso puede llegar. Una imagen puede impactar. Pero una canci\u00f3n, en el momento oportuno, <strong data-start=\"2827\" data-end=\"2855\">puede quedarse para siempre.<\/strong><\/p><p>\u00a1<a href=\"https:\/\/dosterraswinegarden.com\/es\/contacto\/\">Contacta con nosotros<\/a> hoy mismo y celebra tu evento en Dosterras Wine Garden!<br><br><br> <\/p>\t\t\t\t\t\t\t\t<\/div>\n\t\t\t\t<\/div>\n\t\t\t\t\t<\/div>\n\t\t<\/div>\n\t\t\t\t\t<\/div>\n\t\t<\/section>\n\t\t\t\t<\/div>\n\t\t","protected":false},"excerpt":{"rendered":"<p>Vive la magia de la m\u00fasica en directo entre vi\u00f1as en el Priorat. En Dosterras Wine Garden, el entorno natural y el ambiente \u00fanico hacen que cada evento sea inolvidable. <\/p>\n","protected":false},"author":5,"featured_media":18422,"comment_status":"closed","ping_status":"closed","sticky":false,"template":"","format":"standard","meta":{"_themeisle_gutenberg_block_has_review":false,"_joinchat":[],"footnotes":""},"categories":[140],"tags":[],"class_list":["post-18482","post","type-post","status-publish","format-standard","has-post-thumbnail","hentry","category-eventos-es"],"yoast_head":"<!-- This site is optimized with the Yoast SEO plugin v27.5 - https:\/\/yoast.com\/product\/yoast-seo-wordpress\/ -->\n<title>M\u00fasica en directo entre vi\u00f1as - Dosterras Wine Garden<\/title>\n<meta name=\"description\" content=\"La magia de la m\u00fasica en directo entre vi\u00f1as en el Priorat, en un entorno natural y un ambiente que hacen que cada evento sea inolvidable.\" \/>\n<meta name=\"robots\" content=\"index, follow, max-snippet:-1, max-image-preview:large, max-video-preview:-1\" \/>\n<link rel=\"canonical\" href=\"https:\/\/dosterraswinegarden.com\/es\/news\/musica-en-directo-entre-vinas\/\" \/>\n<meta property=\"og:locale\" content=\"es_ES\" \/>\n<meta property=\"og:type\" content=\"article\" \/>\n<meta property=\"og:title\" content=\"M\u00fasica en directo entre vi\u00f1as - Dosterras Wine Garden\" \/>\n<meta property=\"og:description\" content=\"La magia de la m\u00fasica en directo entre vi\u00f1as en el Priorat, en un entorno natural y un ambiente que hacen que cada evento sea inolvidable.\" \/>\n<meta property=\"og:url\" content=\"https:\/\/dosterraswinegarden.com\/es\/news\/musica-en-directo-entre-vinas\/\" \/>\n<meta property=\"og:site_name\" content=\"Dosterras Wine Garden\" \/>\n<meta property=\"article:published_time\" content=\"2025-03-25T12:22:47+00:00\" \/>\n<meta property=\"article:modified_time\" content=\"2025-04-04T11:44:47+00:00\" \/>\n<meta property=\"og:image\" content=\"https:\/\/dosterraswinegarden.com\/wp-content\/uploads\/2025\/03\/Imatges-DWG-25-1024x683.png\" \/>\n\t<meta property=\"og:image:width\" content=\"1024\" \/>\n\t<meta property=\"og:image:height\" content=\"683\" \/>\n\t<meta property=\"og:image:type\" content=\"image\/png\" \/>\n<meta name=\"author\" content=\"Mariona Pellicer\" \/>\n<meta name=\"twitter:card\" content=\"summary_large_image\" \/>\n<meta name=\"twitter:label1\" content=\"Escrito por\" \/>\n\t<meta name=\"twitter:data1\" content=\"Mariona Pellicer\" \/>\n\t<meta name=\"twitter:label2\" content=\"Tiempo de lectura\" \/>\n\t<meta name=\"twitter:data2\" content=\"2 minutos\" \/>\n<script type=\"application\/ld+json\" class=\"yoast-schema-graph\">{\"@context\":\"https:\\\/\\\/schema.org\",\"@graph\":[{\"@type\":\"Article\",\"@id\":\"https:\\\/\\\/dosterraswinegarden.com\\\/es\\\/news\\\/musica-en-directo-entre-vinas\\\/#article\",\"isPartOf\":{\"@id\":\"https:\\\/\\\/dosterraswinegarden.com\\\/es\\\/news\\\/musica-en-directo-entre-vinas\\\/\"},\"author\":{\"name\":\"Mariona Pellicer\",\"@id\":\"https:\\\/\\\/dosterraswinegarden.com\\\/#\\\/schema\\\/person\\\/5e4e86b4ab204eaefe917301e52e06d3\"},\"headline\":\"M\u00fasica en directo entre vi\u00f1as\",\"datePublished\":\"2025-03-25T12:22:47+00:00\",\"dateModified\":\"2025-04-04T11:44:47+00:00\",\"mainEntityOfPage\":{\"@id\":\"https:\\\/\\\/dosterraswinegarden.com\\\/es\\\/news\\\/musica-en-directo-entre-vinas\\\/\"},\"wordCount\":419,\"image\":{\"@id\":\"https:\\\/\\\/dosterraswinegarden.com\\\/es\\\/news\\\/musica-en-directo-entre-vinas\\\/#primaryimage\"},\"thumbnailUrl\":\"https:\\\/\\\/dosterraswinegarden.com\\\/wp-content\\\/uploads\\\/2025\\\/03\\\/Imatges-DWG-25.png\",\"articleSection\":[\"Eventos\"],\"inLanguage\":\"es\"},{\"@type\":\"WebPage\",\"@id\":\"https:\\\/\\\/dosterraswinegarden.com\\\/es\\\/news\\\/musica-en-directo-entre-vinas\\\/\",\"url\":\"https:\\\/\\\/dosterraswinegarden.com\\\/es\\\/news\\\/musica-en-directo-entre-vinas\\\/\",\"name\":\"M\u00fasica en directo entre vi\u00f1as - Dosterras Wine Garden\",\"isPartOf\":{\"@id\":\"https:\\\/\\\/dosterraswinegarden.com\\\/#website\"},\"primaryImageOfPage\":{\"@id\":\"https:\\\/\\\/dosterraswinegarden.com\\\/es\\\/news\\\/musica-en-directo-entre-vinas\\\/#primaryimage\"},\"image\":{\"@id\":\"https:\\\/\\\/dosterraswinegarden.com\\\/es\\\/news\\\/musica-en-directo-entre-vinas\\\/#primaryimage\"},\"thumbnailUrl\":\"https:\\\/\\\/dosterraswinegarden.com\\\/wp-content\\\/uploads\\\/2025\\\/03\\\/Imatges-DWG-25.png\",\"datePublished\":\"2025-03-25T12:22:47+00:00\",\"dateModified\":\"2025-04-04T11:44:47+00:00\",\"author\":{\"@id\":\"https:\\\/\\\/dosterraswinegarden.com\\\/#\\\/schema\\\/person\\\/5e4e86b4ab204eaefe917301e52e06d3\"},\"description\":\"La magia de la m\u00fasica en directo entre vi\u00f1as en el Priorat, en un entorno natural y un ambiente que hacen que cada evento sea inolvidable.\",\"breadcrumb\":{\"@id\":\"https:\\\/\\\/dosterraswinegarden.com\\\/es\\\/news\\\/musica-en-directo-entre-vinas\\\/#breadcrumb\"},\"inLanguage\":\"es\",\"potentialAction\":[{\"@type\":\"ReadAction\",\"target\":[\"https:\\\/\\\/dosterraswinegarden.com\\\/es\\\/news\\\/musica-en-directo-entre-vinas\\\/\"]}]},{\"@type\":\"ImageObject\",\"inLanguage\":\"es\",\"@id\":\"https:\\\/\\\/dosterraswinegarden.com\\\/es\\\/news\\\/musica-en-directo-entre-vinas\\\/#primaryimage\",\"url\":\"https:\\\/\\\/dosterraswinegarden.com\\\/wp-content\\\/uploads\\\/2025\\\/03\\\/Imatges-DWG-25.png\",\"contentUrl\":\"https:\\\/\\\/dosterraswinegarden.com\\\/wp-content\\\/uploads\\\/2025\\\/03\\\/Imatges-DWG-25.png\",\"width\":2560,\"height\":1707,\"caption\":\"m\u00fasica en directe entre vinyes\"},{\"@type\":\"BreadcrumbList\",\"@id\":\"https:\\\/\\\/dosterraswinegarden.com\\\/es\\\/news\\\/musica-en-directo-entre-vinas\\\/#breadcrumb\",\"itemListElement\":[{\"@type\":\"ListItem\",\"position\":1,\"name\":\"Inici\",\"item\":\"https:\\\/\\\/dosterraswinegarden.com\\\/es\\\/\"},{\"@type\":\"ListItem\",\"position\":2,\"name\":\"M\u00fasica en directo entre vi\u00f1as\"}]},{\"@type\":\"WebSite\",\"@id\":\"https:\\\/\\\/dosterraswinegarden.com\\\/#website\",\"url\":\"https:\\\/\\\/dosterraswinegarden.com\\\/\",\"name\":\"Dosterras Wine Garden\",\"description\":\"Bodes, events i vins al Priorat\",\"potentialAction\":[{\"@type\":\"SearchAction\",\"target\":{\"@type\":\"EntryPoint\",\"urlTemplate\":\"https:\\\/\\\/dosterraswinegarden.com\\\/?s={search_term_string}\"},\"query-input\":{\"@type\":\"PropertyValueSpecification\",\"valueRequired\":true,\"valueName\":\"search_term_string\"}}],\"inLanguage\":\"es\"},{\"@type\":\"Person\",\"@id\":\"https:\\\/\\\/dosterraswinegarden.com\\\/#\\\/schema\\\/person\\\/5e4e86b4ab204eaefe917301e52e06d3\",\"name\":\"Mariona Pellicer\",\"image\":{\"@type\":\"ImageObject\",\"inLanguage\":\"es\",\"@id\":\"https:\\\/\\\/secure.gravatar.com\\\/avatar\\\/ac957e29a1e14e0bf3566a873be24a7254c7abaa12137fad6da725f42d683d48?s=96&d=blank&r=g\",\"url\":\"https:\\\/\\\/secure.gravatar.com\\\/avatar\\\/ac957e29a1e14e0bf3566a873be24a7254c7abaa12137fad6da725f42d683d48?s=96&d=blank&r=g\",\"contentUrl\":\"https:\\\/\\\/secure.gravatar.com\\\/avatar\\\/ac957e29a1e14e0bf3566a873be24a7254c7abaa12137fad6da725f42d683d48?s=96&d=blank&r=g\",\"caption\":\"Mariona Pellicer\"},\"url\":\"https:\\\/\\\/dosterraswinegarden.com\\\/es\\\/news\\\/author\\\/mariona\\\/\"}]}<\/script>\n<!-- \/ Yoast SEO plugin. -->","yoast_head_json":{"title":"M\u00fasica en directo entre vi\u00f1as - Dosterras Wine Garden","description":"La magia de la m\u00fasica en directo entre vi\u00f1as en el Priorat, en un entorno natural y un ambiente que hacen que cada evento sea inolvidable.","robots":{"index":"index","follow":"follow","max-snippet":"max-snippet:-1","max-image-preview":"max-image-preview:large","max-video-preview":"max-video-preview:-1"},"canonical":"https:\/\/dosterraswinegarden.com\/es\/news\/musica-en-directo-entre-vinas\/","og_locale":"es_ES","og_type":"article","og_title":"M\u00fasica en directo entre vi\u00f1as - Dosterras Wine Garden","og_description":"La magia de la m\u00fasica en directo entre vi\u00f1as en el Priorat, en un entorno natural y un ambiente que hacen que cada evento sea inolvidable.","og_url":"https:\/\/dosterraswinegarden.com\/es\/news\/musica-en-directo-entre-vinas\/","og_site_name":"Dosterras Wine Garden","article_published_time":"2025-03-25T12:22:47+00:00","article_modified_time":"2025-04-04T11:44:47+00:00","og_image":[{"width":1024,"height":683,"url":"https:\/\/dosterraswinegarden.com\/wp-content\/uploads\/2025\/03\/Imatges-DWG-25-1024x683.png","type":"image\/png"}],"author":"Mariona Pellicer","twitter_card":"summary_large_image","twitter_misc":{"Escrito por":"Mariona Pellicer","Tiempo de lectura":"2 minutos"},"schema":{"@context":"https:\/\/schema.org","@graph":[{"@type":"Article","@id":"https:\/\/dosterraswinegarden.com\/es\/news\/musica-en-directo-entre-vinas\/#article","isPartOf":{"@id":"https:\/\/dosterraswinegarden.com\/es\/news\/musica-en-directo-entre-vinas\/"},"author":{"name":"Mariona Pellicer","@id":"https:\/\/dosterraswinegarden.com\/#\/schema\/person\/5e4e86b4ab204eaefe917301e52e06d3"},"headline":"M\u00fasica en directo entre vi\u00f1as","datePublished":"2025-03-25T12:22:47+00:00","dateModified":"2025-04-04T11:44:47+00:00","mainEntityOfPage":{"@id":"https:\/\/dosterraswinegarden.com\/es\/news\/musica-en-directo-entre-vinas\/"},"wordCount":419,"image":{"@id":"https:\/\/dosterraswinegarden.com\/es\/news\/musica-en-directo-entre-vinas\/#primaryimage"},"thumbnailUrl":"https:\/\/dosterraswinegarden.com\/wp-content\/uploads\/2025\/03\/Imatges-DWG-25.png","articleSection":["Eventos"],"inLanguage":"es"},{"@type":"WebPage","@id":"https:\/\/dosterraswinegarden.com\/es\/news\/musica-en-directo-entre-vinas\/","url":"https:\/\/dosterraswinegarden.com\/es\/news\/musica-en-directo-entre-vinas\/","name":"M\u00fasica en directo entre vi\u00f1as - Dosterras Wine Garden","isPartOf":{"@id":"https:\/\/dosterraswinegarden.com\/#website"},"primaryImageOfPage":{"@id":"https:\/\/dosterraswinegarden.com\/es\/news\/musica-en-directo-entre-vinas\/#primaryimage"},"image":{"@id":"https:\/\/dosterraswinegarden.com\/es\/news\/musica-en-directo-entre-vinas\/#primaryimage"},"thumbnailUrl":"https:\/\/dosterraswinegarden.com\/wp-content\/uploads\/2025\/03\/Imatges-DWG-25.png","datePublished":"2025-03-25T12:22:47+00:00","dateModified":"2025-04-04T11:44:47+00:00","author":{"@id":"https:\/\/dosterraswinegarden.com\/#\/schema\/person\/5e4e86b4ab204eaefe917301e52e06d3"},"description":"La magia de la m\u00fasica en directo entre vi\u00f1as en el Priorat, en un entorno natural y un ambiente que hacen que cada evento sea inolvidable.","breadcrumb":{"@id":"https:\/\/dosterraswinegarden.com\/es\/news\/musica-en-directo-entre-vinas\/#breadcrumb"},"inLanguage":"es","potentialAction":[{"@type":"ReadAction","target":["https:\/\/dosterraswinegarden.com\/es\/news\/musica-en-directo-entre-vinas\/"]}]},{"@type":"ImageObject","inLanguage":"es","@id":"https:\/\/dosterraswinegarden.com\/es\/news\/musica-en-directo-entre-vinas\/#primaryimage","url":"https:\/\/dosterraswinegarden.com\/wp-content\/uploads\/2025\/03\/Imatges-DWG-25.png","contentUrl":"https:\/\/dosterraswinegarden.com\/wp-content\/uploads\/2025\/03\/Imatges-DWG-25.png","width":2560,"height":1707,"caption":"m\u00fasica en directe entre vinyes"},{"@type":"BreadcrumbList","@id":"https:\/\/dosterraswinegarden.com\/es\/news\/musica-en-directo-entre-vinas\/#breadcrumb","itemListElement":[{"@type":"ListItem","position":1,"name":"Inici","item":"https:\/\/dosterraswinegarden.com\/es\/"},{"@type":"ListItem","position":2,"name":"M\u00fasica en directo entre vi\u00f1as"}]},{"@type":"WebSite","@id":"https:\/\/dosterraswinegarden.com\/#website","url":"https:\/\/dosterraswinegarden.com\/","name":"Dosterras Wine Garden","description":"Bodes, events i vins al Priorat","potentialAction":[{"@type":"SearchAction","target":{"@type":"EntryPoint","urlTemplate":"https:\/\/dosterraswinegarden.com\/?s={search_term_string}"},"query-input":{"@type":"PropertyValueSpecification","valueRequired":true,"valueName":"search_term_string"}}],"inLanguage":"es"},{"@type":"Person","@id":"https:\/\/dosterraswinegarden.com\/#\/schema\/person\/5e4e86b4ab204eaefe917301e52e06d3","name":"Mariona Pellicer","image":{"@type":"ImageObject","inLanguage":"es","@id":"https:\/\/secure.gravatar.com\/avatar\/ac957e29a1e14e0bf3566a873be24a7254c7abaa12137fad6da725f42d683d48?s=96&d=blank&r=g","url":"https:\/\/secure.gravatar.com\/avatar\/ac957e29a1e14e0bf3566a873be24a7254c7abaa12137fad6da725f42d683d48?s=96&d=blank&r=g","contentUrl":"https:\/\/secure.gravatar.com\/avatar\/ac957e29a1e14e0bf3566a873be24a7254c7abaa12137fad6da725f42d683d48?s=96&d=blank&r=g","caption":"Mariona Pellicer"},"url":"https:\/\/dosterraswinegarden.com\/es\/news\/author\/mariona\/"}]}},"_links":{"self":[{"href":"https:\/\/dosterraswinegarden.com\/es\/wp-json\/wp\/v2\/posts\/18482","targetHints":{"allow":["GET"]}}],"collection":[{"href":"https:\/\/dosterraswinegarden.com\/es\/wp-json\/wp\/v2\/posts"}],"about":[{"href":"https:\/\/dosterraswinegarden.com\/es\/wp-json\/wp\/v2\/types\/post"}],"author":[{"embeddable":true,"href":"https:\/\/dosterraswinegarden.com\/es\/wp-json\/wp\/v2\/users\/5"}],"replies":[{"embeddable":true,"href":"https:\/\/dosterraswinegarden.com\/es\/wp-json\/wp\/v2\/comments?post=18482"}],"version-history":[{"count":1,"href":"https:\/\/dosterraswinegarden.com\/es\/wp-json\/wp\/v2\/posts\/18482\/revisions"}],"predecessor-version":[{"id":18483,"href":"https:\/\/dosterraswinegarden.com\/es\/wp-json\/wp\/v2\/posts\/18482\/revisions\/18483"}],"wp:featuredmedia":[{"embeddable":true,"href":"https:\/\/dosterraswinegarden.com\/es\/wp-json\/wp\/v2\/media\/18422"}],"wp:attachment":[{"href":"https:\/\/dosterraswinegarden.com\/es\/wp-json\/wp\/v2\/media?parent=18482"}],"wp:term":[{"taxonomy":"category","embeddable":true,"href":"https:\/\/dosterraswinegarden.com\/es\/wp-json\/wp\/v2\/categories?post=18482"},{"taxonomy":"post_tag","embeddable":true,"href":"https:\/\/dosterraswinegarden.com\/es\/wp-json\/wp\/v2\/tags?post=18482"}],"curies":[{"name":"wp","href":"https:\/\/api.w.org\/{rel}","templated":true}]}}