{"id":18616,"date":"2025-04-22T11:39:03","date_gmt":"2025-04-22T11:39:03","guid":{"rendered":"https:\/\/dosterraswinegarden.com\/news\/curiosidades-del-priorat\/"},"modified":"2025-04-22T12:20:11","modified_gmt":"2025-04-22T12:20:11","slug":"curiosidades-del-priorat","status":"publish","type":"post","link":"https:\/\/dosterraswinegarden.com\/es\/news\/curiosidades-del-priorat\/","title":{"rendered":"Curiosidades del Priorat"},"content":{"rendered":"\t\t<div data-elementor-type=\"wp-post\" data-elementor-id=\"18616\" class=\"elementor elementor-18616 elementor-18599\">\n\t\t\t\t\t\t<section class=\"elementor-section elementor-top-section elementor-element elementor-element-ab2f973 elementor-section-boxed elementor-section-height-default elementor-section-height-default qodef-elementor-content-no\" data-id=\"ab2f973\" data-element_type=\"section\" data-e-type=\"section\">\n\t\t\t\t\t\t<div class=\"elementor-container elementor-column-gap-default\">\n\t\t\t\t\t<div class=\"elementor-column elementor-col-100 elementor-top-column elementor-element elementor-element-3c6fbd5\" data-id=\"3c6fbd5\" data-element_type=\"column\" data-e-type=\"column\">\n\t\t\t<div class=\"elementor-widget-wrap elementor-element-populated\">\n\t\t\t\t\t\t<div class=\"elementor-element elementor-element-a9205a8 elementor-widget elementor-widget-text-editor\" data-id=\"a9205a8\" data-element_type=\"widget\" data-e-type=\"widget\" data-widget_type=\"text-editor.default\">\n\t\t\t\t<div class=\"elementor-widget-container\">\n\t\t\t\t\t\t\t\t\t<p>Si cierras los ojos y piensas en el Priorat, seguramente te vendr\u00e1n a la mente vi\u00f1edos en terrazas, peque\u00f1os pueblos con mucho encanto, olivos centenarios y silencio. Pero este rinc\u00f3n del interior de Catalu\u00f1a guarda muchas historias y curiosidades que lo hacen a\u00fan m\u00e1s especial. Hoy queremos compartir contigo algunas curiosidades del Priorat.  <\/p>\t\t\t\t\t\t\t\t<\/div>\n\t\t\t\t<\/div>\n\t\t\t\t\t<\/div>\n\t\t<\/div>\n\t\t\t\t\t<\/div>\n\t\t<\/section>\n\t\t\t\t<section class=\"elementor-section elementor-top-section elementor-element elementor-element-ac297b8 elementor-section-boxed elementor-section-height-default elementor-section-height-default qodef-elementor-content-no\" data-id=\"ac297b8\" data-element_type=\"section\" data-e-type=\"section\">\n\t\t\t\t\t\t<div class=\"elementor-container elementor-column-gap-default\">\n\t\t\t\t\t<div class=\"elementor-column elementor-col-100 elementor-top-column elementor-element elementor-element-cefd290\" data-id=\"cefd290\" data-element_type=\"column\" data-e-type=\"column\">\n\t\t\t<div class=\"elementor-widget-wrap elementor-element-populated\">\n\t\t\t\t\t\t<div class=\"elementor-element elementor-element-0ce4c84 elementor-widget elementor-widget-heading\" data-id=\"0ce4c84\" data-element_type=\"widget\" data-e-type=\"widget\" data-widget_type=\"heading.default\">\n\t\t\t\t<div class=\"elementor-widget-container\">\n\t\t\t\t\t<h3 class=\"elementor-heading-title elementor-size-default\">1. Un paisaje que se trabaja desde hace siglos<\/h3>\t\t\t\t<\/div>\n\t\t\t\t<\/div>\n\t\t\t\t<div class=\"elementor-element elementor-element-2123b99 elementor-widget elementor-widget-text-editor\" data-id=\"2123b99\" data-element_type=\"widget\" data-e-type=\"widget\" data-widget_type=\"text-editor.default\">\n\t\t\t\t<div class=\"elementor-widget-container\">\n\t\t\t\t\t\t\t\t\t<p>Lo que hoy llamamos \u201cpaisaje de postal\u201d es en realidad el resultado de siglos de duro trabajo. Las vi\u00f1as del Priorat <strong>no crecen en campos llanos<\/strong>: lo hacen en pendientes pronunciadas que requieren bancales de piedra seca, un sistema ancestral que evita la erosi\u00f3n y permite aprovechar al m\u00e1ximo la tierra. Esta t\u00e9cnica es tan importante que est\u00e1 reconocida como Patrimonio Inmaterial de la Humanidad por la UNESCO.  <\/p>\t\t\t\t\t\t\t\t<\/div>\n\t\t\t\t<\/div>\n\t\t\t\t<div class=\"elementor-element elementor-element-c0f3586 elementor-widget elementor-widget-image\" data-id=\"c0f3586\" data-element_type=\"widget\" data-e-type=\"widget\" data-widget_type=\"image.default\">\n\t\t\t\t<div class=\"elementor-widget-container\">\n\t\t\t\t\t\t\t\t\t\t\t\t\t\t\t<img fetchpriority=\"high\" decoding=\"async\" width=\"1024\" height=\"683\" src=\"https:\/\/dosterraswinegarden.com\/wp-content\/uploads\/2025\/04\/Imatges-DWG-1024x683.jpg\" class=\"attachment-large size-large wp-image-18604\" alt=\"\" srcset=\"https:\/\/dosterraswinegarden.com\/wp-content\/uploads\/2025\/04\/Imatges-DWG-1024x683.jpg 1024w, https:\/\/dosterraswinegarden.com\/wp-content\/uploads\/2025\/04\/Imatges-DWG-300x200.jpg 300w, https:\/\/dosterraswinegarden.com\/wp-content\/uploads\/2025\/04\/Imatges-DWG-768x512.jpg 768w, https:\/\/dosterraswinegarden.com\/wp-content\/uploads\/2025\/04\/Imatges-DWG-1536x1024.jpg 1536w, https:\/\/dosterraswinegarden.com\/wp-content\/uploads\/2025\/04\/Imatges-DWG-2048x1366.jpg 2048w\" sizes=\"(max-width: 1024px) 100vw, 1024px\" \/>\t\t\t\t\t\t\t\t\t\t\t\t\t\t\t<\/div>\n\t\t\t\t<\/div>\n\t\t\t\t\t<\/div>\n\t\t<\/div>\n\t\t\t\t\t<\/div>\n\t\t<\/section>\n\t\t\t\t<section class=\"elementor-section elementor-top-section elementor-element elementor-element-0475746 elementor-section-boxed elementor-section-height-default elementor-section-height-default qodef-elementor-content-no\" data-id=\"0475746\" data-element_type=\"section\" data-e-type=\"section\">\n\t\t\t\t\t\t<div class=\"elementor-container elementor-column-gap-default\">\n\t\t\t\t\t<div class=\"elementor-column elementor-col-100 elementor-top-column elementor-element elementor-element-28406b2\" data-id=\"28406b2\" data-element_type=\"column\" data-e-type=\"column\">\n\t\t\t<div class=\"elementor-widget-wrap elementor-element-populated\">\n\t\t\t\t\t\t<div class=\"elementor-element elementor-element-66f2f49 elementor-widget elementor-widget-heading\" data-id=\"66f2f49\" data-element_type=\"widget\" data-e-type=\"widget\" data-widget_type=\"heading.default\">\n\t\t\t\t<div class=\"elementor-widget-container\">\n\t\t\t\t\t<h3 class=\"elementor-heading-title elementor-size-default\">2. Tierra de llicorella<\/h3>\t\t\t\t<\/div>\n\t\t\t\t<\/div>\n\t\t\t\t<div class=\"elementor-element elementor-element-8d748f8 elementor-widget elementor-widget-text-editor\" data-id=\"8d748f8\" data-element_type=\"widget\" data-e-type=\"widget\" data-widget_type=\"text-editor.default\">\n\t\t\t\t<div class=\"elementor-widget-container\">\n\t\t\t\t\t\t\t\t\t<p>Una de las grandes singularidades del Priorat es su suelo: la <span class=\"notion-enable-hover\" data-token-index=\"1\">llicorella<\/span>, una piedra de pizarra quebradiza que retiene el calor del sol durante el d\u00eda y lo libera por la noche. Esto da a los vinos un car\u00e1cter \u00fanico, con notas minerales y una personalidad marcada. Es uno de los secretos m\u00e1s preciados del Priorat vitivin\u00edcola.  <\/p>\t\t\t\t\t\t\t\t<\/div>\n\t\t\t\t<\/div>\n\t\t\t\t<div class=\"elementor-element elementor-element-4da7148 elementor-widget elementor-widget-image\" data-id=\"4da7148\" data-element_type=\"widget\" data-e-type=\"widget\" data-widget_type=\"image.default\">\n\t\t\t\t<div class=\"elementor-widget-container\">\n\t\t\t\t\t\t\t\t\t\t\t\t\t\t\t<img decoding=\"async\" width=\"1024\" height=\"683\" src=\"https:\/\/dosterraswinegarden.com\/wp-content\/uploads\/2025\/04\/Imatges-DWG-1-1024x683.jpg\" class=\"attachment-large size-large wp-image-18607\" alt=\"\" srcset=\"https:\/\/dosterraswinegarden.com\/wp-content\/uploads\/2025\/04\/Imatges-DWG-1-1024x683.jpg 1024w, https:\/\/dosterraswinegarden.com\/wp-content\/uploads\/2025\/04\/Imatges-DWG-1-300x200.jpg 300w, https:\/\/dosterraswinegarden.com\/wp-content\/uploads\/2025\/04\/Imatges-DWG-1-768x512.jpg 768w, https:\/\/dosterraswinegarden.com\/wp-content\/uploads\/2025\/04\/Imatges-DWG-1-1536x1024.jpg 1536w, https:\/\/dosterraswinegarden.com\/wp-content\/uploads\/2025\/04\/Imatges-DWG-1-2048x1366.jpg 2048w\" sizes=\"(max-width: 1024px) 100vw, 1024px\" \/>\t\t\t\t\t\t\t\t\t\t\t\t\t\t\t<\/div>\n\t\t\t\t<\/div>\n\t\t\t\t\t<\/div>\n\t\t<\/div>\n\t\t\t\t\t<\/div>\n\t\t<\/section>\n\t\t\t\t<section class=\"elementor-section elementor-top-section elementor-element elementor-element-4a00d84 elementor-section-boxed elementor-section-height-default elementor-section-height-default qodef-elementor-content-no\" data-id=\"4a00d84\" data-element_type=\"section\" data-e-type=\"section\">\n\t\t\t\t\t\t<div class=\"elementor-container elementor-column-gap-default\">\n\t\t\t\t\t<div class=\"elementor-column elementor-col-100 elementor-top-column elementor-element elementor-element-e5d4616\" data-id=\"e5d4616\" data-element_type=\"column\" data-e-type=\"column\">\n\t\t\t<div class=\"elementor-widget-wrap elementor-element-populated\">\n\t\t\t\t\t\t<div class=\"elementor-element elementor-element-f2858d8 elementor-widget elementor-widget-heading\" data-id=\"f2858d8\" data-element_type=\"widget\" data-e-type=\"widget\" data-widget_type=\"heading.default\">\n\t\t\t\t<div class=\"elementor-widget-container\">\n\t\t\t\t\t<h3 class=\"elementor-heading-title elementor-size-default\">3. Dos denominaciones que conviven<\/h3>\t\t\t\t<\/div>\n\t\t\t\t<\/div>\n\t\t\t\t<div class=\"elementor-element elementor-element-8e28249 elementor-widget elementor-widget-text-editor\" data-id=\"8e28249\" data-element_type=\"widget\" data-e-type=\"widget\" data-widget_type=\"text-editor.default\">\n\t\t\t\t<div class=\"elementor-widget-container\">\n\t\t\t\t\t\t\t\t\t<p>Quiz\u00e1 lo has visto en una etiqueta y te ha generado dudas: en el Priorat conviven dos denominaciones de origen. La <strong><a href=\"https:\/\/www.doqpriorat.org\/\">DOQ Priorat<\/a> y la <a href=\"https:\/\/www.domontsant.com\/\">DO Montsant <\/a>comparten territorio,<\/strong> pero tienen diferencias. La DOQ Priorat es la \u00fanica con esta distinci\u00f3n en Catalu\u00f1a, reconocida por su calidad excepcional y su terroir \u00fanico. La DO Montsant, aunque m\u00e1s joven, ha ganado mucho prestigio gracias al trabajo cuidadoso de peque\u00f1as bodegas cooperativas y familiares.   <\/p>\t\t\t\t\t\t\t\t<\/div>\n\t\t\t\t<\/div>\n\t\t\t\t<div class=\"elementor-element elementor-element-73097bf elementor-widget elementor-widget-image\" data-id=\"73097bf\" data-element_type=\"widget\" data-e-type=\"widget\" data-widget_type=\"image.default\">\n\t\t\t\t<div class=\"elementor-widget-container\">\n\t\t\t\t\t\t\t\t\t\t\t\t\t\t\t<img decoding=\"async\" width=\"1024\" height=\"684\" src=\"https:\/\/dosterraswinegarden.com\/wp-content\/uploads\/2023\/08\/\u00a9EstudiTardet_DWG41-scaled-1-1024x684.jpg\" class=\"attachment-large size-large wp-image-14813\" alt=\"\" srcset=\"https:\/\/dosterraswinegarden.com\/wp-content\/uploads\/2023\/08\/\u00a9EstudiTardet_DWG41-scaled-1-1024x684.jpg 1024w, https:\/\/dosterraswinegarden.com\/wp-content\/uploads\/2023\/08\/\u00a9EstudiTardet_DWG41-scaled-1-300x200.jpg 300w, https:\/\/dosterraswinegarden.com\/wp-content\/uploads\/2023\/08\/\u00a9EstudiTardet_DWG41-scaled-1-768x513.jpg 768w, https:\/\/dosterraswinegarden.com\/wp-content\/uploads\/2023\/08\/\u00a9EstudiTardet_DWG41-scaled-1-1536x1025.jpg 1536w, https:\/\/dosterraswinegarden.com\/wp-content\/uploads\/2023\/08\/\u00a9EstudiTardet_DWG41-scaled-1-2048x1367.jpg 2048w\" sizes=\"(max-width: 1024px) 100vw, 1024px\" \/>\t\t\t\t\t\t\t\t\t\t\t\t\t\t\t<\/div>\n\t\t\t\t<\/div>\n\t\t\t\t\t<\/div>\n\t\t<\/div>\n\t\t\t\t\t<\/div>\n\t\t<\/section>\n\t\t\t\t<section class=\"elementor-section elementor-top-section elementor-element elementor-element-6abcc64 elementor-section-boxed elementor-section-height-default elementor-section-height-default qodef-elementor-content-no\" data-id=\"6abcc64\" data-element_type=\"section\" data-e-type=\"section\">\n\t\t\t\t\t\t<div class=\"elementor-container elementor-column-gap-default\">\n\t\t\t\t\t<div class=\"elementor-column elementor-col-100 elementor-top-column elementor-element elementor-element-669519f\" data-id=\"669519f\" data-element_type=\"column\" data-e-type=\"column\">\n\t\t\t<div class=\"elementor-widget-wrap elementor-element-populated\">\n\t\t\t\t\t\t<div class=\"elementor-element elementor-element-99ab212 elementor-widget elementor-widget-heading\" data-id=\"99ab212\" data-element_type=\"widget\" data-e-type=\"widget\" data-widget_type=\"heading.default\">\n\t\t\t\t<div class=\"elementor-widget-container\">\n\t\t\t\t\t<h3 class=\"elementor-heading-title elementor-size-default\">4. Pueblos peque\u00f1os con mucha vida<\/h3>\t\t\t\t<\/div>\n\t\t\t\t<\/div>\n\t\t\t\t<div class=\"elementor-element elementor-element-d32cf45 elementor-widget elementor-widget-text-editor\" data-id=\"d32cf45\" data-element_type=\"widget\" data-e-type=\"widget\" data-widget_type=\"text-editor.default\">\n\t\t\t\t<div class=\"elementor-widget-container\">\n\t\t\t\t\t\t\t\t\t<p>El Priorat est\u00e1 formado por peque\u00f1os municipios, muchos con menos de 500 habitantes. Gratallops, Porrera, La Vilella Baixa o Escaladei pueden parecer tranquilos, pero son verdaderos motores de creatividad, acogiendo bodegas con reconocimiento internacional, festivales, artesan\u00eda local e iniciativas culturales que dan vida al territorio durante todo el a\u00f1o. <br><\/p>\t\t\t\t\t\t\t\t<\/div>\n\t\t\t\t<\/div>\n\t\t\t\t\t<\/div>\n\t\t<\/div>\n\t\t\t\t\t<\/div>\n\t\t<\/section>\n\t\t\t\t<section class=\"elementor-section elementor-top-section elementor-element elementor-element-9d8fa5d elementor-section-boxed elementor-section-height-default elementor-section-height-default qodef-elementor-content-no\" data-id=\"9d8fa5d\" data-element_type=\"section\" data-e-type=\"section\">\n\t\t\t\t\t\t<div class=\"elementor-container elementor-column-gap-default\">\n\t\t\t\t\t<div class=\"elementor-column elementor-col-100 elementor-top-column elementor-element elementor-element-047198d\" data-id=\"047198d\" data-element_type=\"column\" data-e-type=\"column\">\n\t\t\t<div class=\"elementor-widget-wrap elementor-element-populated\">\n\t\t\t\t\t\t<div class=\"elementor-element elementor-element-cf1ba8a elementor-widget elementor-widget-heading\" data-id=\"cf1ba8a\" data-element_type=\"widget\" data-e-type=\"widget\" data-widget_type=\"heading.default\">\n\t\t\t\t<div class=\"elementor-widget-container\">\n\t\t\t\t\t<h3 class=\"elementor-heading-title elementor-size-default\">5. Un monasterio que lo cambi\u00f3 todo<\/h3>\t\t\t\t<\/div>\n\t\t\t\t<\/div>\n\t\t\t\t<div class=\"elementor-element elementor-element-d232143 elementor-widget elementor-widget-text-editor\" data-id=\"d232143\" data-element_type=\"widget\" data-e-type=\"widget\" data-widget_type=\"text-editor.default\">\n\t\t\t\t<div class=\"elementor-widget-container\">\n\t\t\t\t\t\t\t\t\t<p>El nombre \u201cPriorat\u201d proviene del monasterio cartujo de Escaladei, fundado en el siglo XII. Fue el primer monasterio cartujo de la Pen\u00ednsula Ib\u00e9rica y tuvo un papel clave en la transformaci\u00f3n del paisaje, ya que los monjes introdujeron nuevas t\u00e9cnicas agr\u00edcolas, organizaron el territorio e impulsaron el cultivo de la vid. Hoy en d\u00eda se puede visitar el recinto e imaginar c\u00f3mo era la vida mon\u00e1stica hace 800 a\u00f1os.  <br><\/p>\t\t\t\t\t\t\t\t<\/div>\n\t\t\t\t<\/div>\n\t\t\t\t<div class=\"elementor-element elementor-element-157d705 elementor-widget elementor-widget-image\" data-id=\"157d705\" data-element_type=\"widget\" data-e-type=\"widget\" data-widget_type=\"image.default\">\n\t\t\t\t<div class=\"elementor-widget-container\">\n\t\t\t\t\t\t\t\t\t\t\t\t\t\t\t<img loading=\"lazy\" decoding=\"async\" width=\"1024\" height=\"683\" src=\"https:\/\/dosterraswinegarden.com\/wp-content\/uploads\/2024\/06\/Sin-titulo-2560-x-1707-px-30-1024x683.jpg\" class=\"attachment-large size-large wp-image-16589\" alt=\"cartoixa escaladei\" srcset=\"https:\/\/dosterraswinegarden.com\/wp-content\/uploads\/2024\/06\/Sin-titulo-2560-x-1707-px-30-1024x683.jpg 1024w, https:\/\/dosterraswinegarden.com\/wp-content\/uploads\/2024\/06\/Sin-titulo-2560-x-1707-px-30-300x200.jpg 300w, https:\/\/dosterraswinegarden.com\/wp-content\/uploads\/2024\/06\/Sin-titulo-2560-x-1707-px-30-768x512.jpg 768w, https:\/\/dosterraswinegarden.com\/wp-content\/uploads\/2024\/06\/Sin-titulo-2560-x-1707-px-30-1536x1024.jpg 1536w, https:\/\/dosterraswinegarden.com\/wp-content\/uploads\/2024\/06\/Sin-titulo-2560-x-1707-px-30-2048x1366.jpg 2048w\" sizes=\"(max-width: 1024px) 100vw, 1024px\" \/>\t\t\t\t\t\t\t\t\t\t\t\t\t\t\t<\/div>\n\t\t\t\t<\/div>\n\t\t\t\t\t<\/div>\n\t\t<\/div>\n\t\t\t\t\t<\/div>\n\t\t<\/section>\n\t\t\t\t<section class=\"elementor-section elementor-top-section elementor-element elementor-element-9ca6054 elementor-section-boxed elementor-section-height-default elementor-section-height-default qodef-elementor-content-no\" data-id=\"9ca6054\" data-element_type=\"section\" data-e-type=\"section\">\n\t\t\t\t\t\t<div class=\"elementor-container elementor-column-gap-default\">\n\t\t\t\t\t<div class=\"elementor-column elementor-col-100 elementor-top-column elementor-element elementor-element-4eeb988\" data-id=\"4eeb988\" data-element_type=\"column\" data-e-type=\"column\">\n\t\t\t<div class=\"elementor-widget-wrap elementor-element-populated\">\n\t\t\t\t\t\t<div class=\"elementor-element elementor-element-d296e40 elementor-widget elementor-widget-heading\" data-id=\"d296e40\" data-element_type=\"widget\" data-e-type=\"widget\" data-widget_type=\"heading.default\">\n\t\t\t\t<div class=\"elementor-widget-container\">\n\t\t\t\t\t<h3 class=\"elementor-heading-title elementor-size-default\">6. Un futuro que mira al territorio<\/h3>\t\t\t\t<\/div>\n\t\t\t\t<\/div>\n\t\t\t\t<div class=\"elementor-element elementor-element-21120d7 elementor-widget elementor-widget-text-editor\" data-id=\"21120d7\" data-element_type=\"widget\" data-e-type=\"widget\" data-widget_type=\"text-editor.default\">\n\t\t\t\t<div class=\"elementor-widget-container\">\n\t\t\t\t\t\t\t\t\t<p>El Priorat no es solo un lugar bonito: es un territorio que lucha por preservar su identidad. Proyectos como la candidatura a Patrimonio Mundial de la UNESCO ponen en valor la relaci\u00f3n entre el paisaje y las personas. Y cada d\u00eda, iniciativas cooperativas, ecol\u00f3gicas y sociales trabajan para hacer del Priorat un lugar sostenible en el que vale la pena vivir y al que siempre apetece volver.  <br><\/p>\t\t\t\t\t\t\t\t<\/div>\n\t\t\t\t<\/div>\n\t\t\t\t\t<\/div>\n\t\t<\/div>\n\t\t\t\t\t<\/div>\n\t\t<\/section>\n\t\t\t\t<section class=\"elementor-section elementor-top-section elementor-element elementor-element-7870dc6 elementor-section-boxed elementor-section-height-default elementor-section-height-default qodef-elementor-content-no\" data-id=\"7870dc6\" data-element_type=\"section\" data-e-type=\"section\">\n\t\t\t\t\t\t<div class=\"elementor-container elementor-column-gap-default\">\n\t\t\t\t\t<div class=\"elementor-column elementor-col-100 elementor-top-column elementor-element elementor-element-39a3837\" data-id=\"39a3837\" data-element_type=\"column\" data-e-type=\"column\">\n\t\t\t<div class=\"elementor-widget-wrap elementor-element-populated\">\n\t\t\t\t\t\t<div class=\"elementor-element elementor-element-207f90c elementor-widget elementor-widget-heading\" data-id=\"207f90c\" data-element_type=\"widget\" data-e-type=\"widget\" data-widget_type=\"heading.default\">\n\t\t\t\t<div class=\"elementor-widget-container\">\n\t\t\t\t\t<h3 class=\"elementor-heading-title elementor-size-default\">\u00a1Ven a descubrir el Priorat!<\/h3>\t\t\t\t<\/div>\n\t\t\t\t<\/div>\n\t\t\t\t<div class=\"elementor-element elementor-element-e51363f elementor-widget elementor-widget-text-editor\" data-id=\"e51363f\" data-element_type=\"widget\" data-e-type=\"widget\" data-widget_type=\"text-editor.default\">\n\t\t\t\t<div class=\"elementor-widget-container\">\n\t\t\t\t\t\t\t\t\t<p>Ya sea con una copa de vino en la mano, unas botas de senderismo o simplemente con ganas de desconectar, el Priorat siempre tiene algo que contarte. Solo tienes que escucharlo. <\/p><p>Y recuerda, si quieres celebrar tu evento en el Priorat o disfrutarlo de una forma diferente, en Dosterras Wine Garden podemos ayudarte a hacerlo realidad. Solo tienes que ponerte <a href=\"https:\/\/dosterraswinegarden.com\/es\/contacto\/\">en contacto con nosotros.<\/a> <\/p>\t\t\t\t\t\t\t\t<\/div>\n\t\t\t\t<\/div>\n\t\t\t\t\t<\/div>\n\t\t<\/div>\n\t\t\t\t\t<\/div>\n\t\t<\/section>\n\t\t\t\t<\/div>\n\t\t","protected":false},"excerpt":{"rendered":"<p>Descubre curiosidades del Priorat que quiz\u00e1 no conoc\u00edas: desde la llicorella hasta el monasterio de Escaladei, pasando por pueblos con encanto y vi\u00f1edos en terrazas.<\/p>\n","protected":false},"author":5,"featured_media":14747,"comment_status":"closed","ping_status":"closed","sticky":false,"template":"","format":"standard","meta":{"_themeisle_gutenberg_block_has_review":false,"_joinchat":[],"footnotes":""},"categories":[66],"tags":[],"class_list":["post-18616","post","type-post","status-publish","format-standard","has-post-thumbnail","hentry","category-sin-categorizar"],"yoast_head":"<!-- This site is optimized with the Yoast SEO plugin v27.5 - https:\/\/yoast.com\/product\/yoast-seo-wordpress\/ -->\n<title>Curiosidades del Priorat - Dosterras Wine Garden<\/title>\n<meta name=\"description\" content=\"Descubre curiosidades del Priorat que quiz\u00e1 no conoc\u00edas: desde la llicorella hasta el monasterio de Escaladei, pasando por sus pueblos y vi\u00f1edos en terrazas.\" \/>\n<meta name=\"robots\" content=\"index, follow, max-snippet:-1, max-image-preview:large, max-video-preview:-1\" \/>\n<link rel=\"canonical\" href=\"https:\/\/dosterraswinegarden.com\/es\/news\/curiosidades-del-priorat\/\" \/>\n<meta property=\"og:locale\" content=\"es_ES\" \/>\n<meta property=\"og:type\" content=\"article\" \/>\n<meta property=\"og:title\" content=\"Curiosidades del Priorat - Dosterras Wine Garden\" \/>\n<meta property=\"og:description\" content=\"Descubre curiosidades del Priorat que quiz\u00e1 no conoc\u00edas: desde la llicorella hasta el monasterio de Escaladei, pasando por sus pueblos y vi\u00f1edos en terrazas.\" \/>\n<meta property=\"og:url\" content=\"https:\/\/dosterraswinegarden.com\/es\/news\/curiosidades-del-priorat\/\" \/>\n<meta property=\"og:site_name\" content=\"Dosterras Wine Garden\" \/>\n<meta property=\"article:published_time\" content=\"2025-04-22T11:39:03+00:00\" \/>\n<meta property=\"article:modified_time\" content=\"2025-04-22T12:20:11+00:00\" \/>\n<meta property=\"og:image\" content=\"https:\/\/dosterraswinegarden.com\/wp-content\/uploads\/2023\/08\/15FustaiFoc-scaled-3.jpg\" \/>\n\t<meta property=\"og:image:width\" content=\"2560\" \/>\n\t<meta property=\"og:image:height\" content=\"1709\" \/>\n\t<meta property=\"og:image:type\" content=\"image\/jpeg\" \/>\n<meta name=\"author\" content=\"Mariona Pellicer\" \/>\n<meta name=\"twitter:card\" content=\"summary_large_image\" \/>\n<meta name=\"twitter:label1\" content=\"Escrito por\" \/>\n\t<meta name=\"twitter:data1\" content=\"Mariona Pellicer\" \/>\n\t<meta name=\"twitter:label2\" content=\"Tiempo de lectura\" \/>\n\t<meta name=\"twitter:data2\" content=\"3 minutos\" \/>\n<script type=\"application\/ld+json\" class=\"yoast-schema-graph\">{\"@context\":\"https:\\\/\\\/schema.org\",\"@graph\":[{\"@type\":\"Article\",\"@id\":\"https:\\\/\\\/dosterraswinegarden.com\\\/es\\\/news\\\/curiosidades-del-priorat\\\/#article\",\"isPartOf\":{\"@id\":\"https:\\\/\\\/dosterraswinegarden.com\\\/es\\\/news\\\/curiosidades-del-priorat\\\/\"},\"author\":{\"name\":\"Mariona Pellicer\",\"@id\":\"https:\\\/\\\/dosterraswinegarden.com\\\/#\\\/schema\\\/person\\\/5e4e86b4ab204eaefe917301e52e06d3\"},\"headline\":\"Curiosidades del Priorat\",\"datePublished\":\"2025-04-22T11:39:03+00:00\",\"dateModified\":\"2025-04-22T12:20:11+00:00\",\"mainEntityOfPage\":{\"@id\":\"https:\\\/\\\/dosterraswinegarden.com\\\/es\\\/news\\\/curiosidades-del-priorat\\\/\"},\"wordCount\":572,\"image\":{\"@id\":\"https:\\\/\\\/dosterraswinegarden.com\\\/es\\\/news\\\/curiosidades-del-priorat\\\/#primaryimage\"},\"thumbnailUrl\":\"https:\\\/\\\/dosterraswinegarden.com\\\/wp-content\\\/uploads\\\/2023\\\/08\\\/15FustaiFoc-scaled-3.jpg\",\"articleSection\":[\"Sin categorizar\"],\"inLanguage\":\"es\"},{\"@type\":\"WebPage\",\"@id\":\"https:\\\/\\\/dosterraswinegarden.com\\\/es\\\/news\\\/curiosidades-del-priorat\\\/\",\"url\":\"https:\\\/\\\/dosterraswinegarden.com\\\/es\\\/news\\\/curiosidades-del-priorat\\\/\",\"name\":\"Curiosidades del Priorat - Dosterras Wine Garden\",\"isPartOf\":{\"@id\":\"https:\\\/\\\/dosterraswinegarden.com\\\/#website\"},\"primaryImageOfPage\":{\"@id\":\"https:\\\/\\\/dosterraswinegarden.com\\\/es\\\/news\\\/curiosidades-del-priorat\\\/#primaryimage\"},\"image\":{\"@id\":\"https:\\\/\\\/dosterraswinegarden.com\\\/es\\\/news\\\/curiosidades-del-priorat\\\/#primaryimage\"},\"thumbnailUrl\":\"https:\\\/\\\/dosterraswinegarden.com\\\/wp-content\\\/uploads\\\/2023\\\/08\\\/15FustaiFoc-scaled-3.jpg\",\"datePublished\":\"2025-04-22T11:39:03+00:00\",\"dateModified\":\"2025-04-22T12:20:11+00:00\",\"author\":{\"@id\":\"https:\\\/\\\/dosterraswinegarden.com\\\/#\\\/schema\\\/person\\\/5e4e86b4ab204eaefe917301e52e06d3\"},\"description\":\"Descubre curiosidades del Priorat que quiz\u00e1 no conoc\u00edas: desde la llicorella hasta el monasterio de Escaladei, pasando por sus pueblos y vi\u00f1edos en terrazas.\",\"breadcrumb\":{\"@id\":\"https:\\\/\\\/dosterraswinegarden.com\\\/es\\\/news\\\/curiosidades-del-priorat\\\/#breadcrumb\"},\"inLanguage\":\"es\",\"potentialAction\":[{\"@type\":\"ReadAction\",\"target\":[\"https:\\\/\\\/dosterraswinegarden.com\\\/es\\\/news\\\/curiosidades-del-priorat\\\/\"]}]},{\"@type\":\"ImageObject\",\"inLanguage\":\"es\",\"@id\":\"https:\\\/\\\/dosterraswinegarden.com\\\/es\\\/news\\\/curiosidades-del-priorat\\\/#primaryimage\",\"url\":\"https:\\\/\\\/dosterraswinegarden.com\\\/wp-content\\\/uploads\\\/2023\\\/08\\\/15FustaiFoc-scaled-3.jpg\",\"contentUrl\":\"https:\\\/\\\/dosterraswinegarden.com\\\/wp-content\\\/uploads\\\/2023\\\/08\\\/15FustaiFoc-scaled-3.jpg\",\"width\":2560,\"height\":1709,\"caption\":\"vinyes al capvespre\"},{\"@type\":\"BreadcrumbList\",\"@id\":\"https:\\\/\\\/dosterraswinegarden.com\\\/es\\\/news\\\/curiosidades-del-priorat\\\/#breadcrumb\",\"itemListElement\":[{\"@type\":\"ListItem\",\"position\":1,\"name\":\"Inici\",\"item\":\"https:\\\/\\\/dosterraswinegarden.com\\\/es\\\/\"},{\"@type\":\"ListItem\",\"position\":2,\"name\":\"Curiosidades del Priorat\"}]},{\"@type\":\"WebSite\",\"@id\":\"https:\\\/\\\/dosterraswinegarden.com\\\/#website\",\"url\":\"https:\\\/\\\/dosterraswinegarden.com\\\/\",\"name\":\"Dosterras Wine Garden\",\"description\":\"Bodes, events i vins al Priorat\",\"potentialAction\":[{\"@type\":\"SearchAction\",\"target\":{\"@type\":\"EntryPoint\",\"urlTemplate\":\"https:\\\/\\\/dosterraswinegarden.com\\\/?s={search_term_string}\"},\"query-input\":{\"@type\":\"PropertyValueSpecification\",\"valueRequired\":true,\"valueName\":\"search_term_string\"}}],\"inLanguage\":\"es\"},{\"@type\":\"Person\",\"@id\":\"https:\\\/\\\/dosterraswinegarden.com\\\/#\\\/schema\\\/person\\\/5e4e86b4ab204eaefe917301e52e06d3\",\"name\":\"Mariona Pellicer\",\"image\":{\"@type\":\"ImageObject\",\"inLanguage\":\"es\",\"@id\":\"https:\\\/\\\/secure.gravatar.com\\\/avatar\\\/ac957e29a1e14e0bf3566a873be24a7254c7abaa12137fad6da725f42d683d48?s=96&d=blank&r=g\",\"url\":\"https:\\\/\\\/secure.gravatar.com\\\/avatar\\\/ac957e29a1e14e0bf3566a873be24a7254c7abaa12137fad6da725f42d683d48?s=96&d=blank&r=g\",\"contentUrl\":\"https:\\\/\\\/secure.gravatar.com\\\/avatar\\\/ac957e29a1e14e0bf3566a873be24a7254c7abaa12137fad6da725f42d683d48?s=96&d=blank&r=g\",\"caption\":\"Mariona Pellicer\"},\"url\":\"https:\\\/\\\/dosterraswinegarden.com\\\/es\\\/news\\\/author\\\/mariona\\\/\"}]}<\/script>\n<!-- \/ Yoast SEO plugin. -->","yoast_head_json":{"title":"Curiosidades del Priorat - Dosterras Wine Garden","description":"Descubre curiosidades del Priorat que quiz\u00e1 no conoc\u00edas: desde la llicorella hasta el monasterio de Escaladei, pasando por sus pueblos y vi\u00f1edos en terrazas.","robots":{"index":"index","follow":"follow","max-snippet":"max-snippet:-1","max-image-preview":"max-image-preview:large","max-video-preview":"max-video-preview:-1"},"canonical":"https:\/\/dosterraswinegarden.com\/es\/news\/curiosidades-del-priorat\/","og_locale":"es_ES","og_type":"article","og_title":"Curiosidades del Priorat - Dosterras Wine Garden","og_description":"Descubre curiosidades del Priorat que quiz\u00e1 no conoc\u00edas: desde la llicorella hasta el monasterio de Escaladei, pasando por sus pueblos y vi\u00f1edos en terrazas.","og_url":"https:\/\/dosterraswinegarden.com\/es\/news\/curiosidades-del-priorat\/","og_site_name":"Dosterras Wine Garden","article_published_time":"2025-04-22T11:39:03+00:00","article_modified_time":"2025-04-22T12:20:11+00:00","og_image":[{"width":2560,"height":1709,"url":"https:\/\/dosterraswinegarden.com\/wp-content\/uploads\/2023\/08\/15FustaiFoc-scaled-3.jpg","type":"image\/jpeg"}],"author":"Mariona Pellicer","twitter_card":"summary_large_image","twitter_misc":{"Escrito por":"Mariona Pellicer","Tiempo de lectura":"3 minutos"},"schema":{"@context":"https:\/\/schema.org","@graph":[{"@type":"Article","@id":"https:\/\/dosterraswinegarden.com\/es\/news\/curiosidades-del-priorat\/#article","isPartOf":{"@id":"https:\/\/dosterraswinegarden.com\/es\/news\/curiosidades-del-priorat\/"},"author":{"name":"Mariona Pellicer","@id":"https:\/\/dosterraswinegarden.com\/#\/schema\/person\/5e4e86b4ab204eaefe917301e52e06d3"},"headline":"Curiosidades del Priorat","datePublished":"2025-04-22T11:39:03+00:00","dateModified":"2025-04-22T12:20:11+00:00","mainEntityOfPage":{"@id":"https:\/\/dosterraswinegarden.com\/es\/news\/curiosidades-del-priorat\/"},"wordCount":572,"image":{"@id":"https:\/\/dosterraswinegarden.com\/es\/news\/curiosidades-del-priorat\/#primaryimage"},"thumbnailUrl":"https:\/\/dosterraswinegarden.com\/wp-content\/uploads\/2023\/08\/15FustaiFoc-scaled-3.jpg","articleSection":["Sin categorizar"],"inLanguage":"es"},{"@type":"WebPage","@id":"https:\/\/dosterraswinegarden.com\/es\/news\/curiosidades-del-priorat\/","url":"https:\/\/dosterraswinegarden.com\/es\/news\/curiosidades-del-priorat\/","name":"Curiosidades del Priorat - Dosterras Wine Garden","isPartOf":{"@id":"https:\/\/dosterraswinegarden.com\/#website"},"primaryImageOfPage":{"@id":"https:\/\/dosterraswinegarden.com\/es\/news\/curiosidades-del-priorat\/#primaryimage"},"image":{"@id":"https:\/\/dosterraswinegarden.com\/es\/news\/curiosidades-del-priorat\/#primaryimage"},"thumbnailUrl":"https:\/\/dosterraswinegarden.com\/wp-content\/uploads\/2023\/08\/15FustaiFoc-scaled-3.jpg","datePublished":"2025-04-22T11:39:03+00:00","dateModified":"2025-04-22T12:20:11+00:00","author":{"@id":"https:\/\/dosterraswinegarden.com\/#\/schema\/person\/5e4e86b4ab204eaefe917301e52e06d3"},"description":"Descubre curiosidades del Priorat que quiz\u00e1 no conoc\u00edas: desde la llicorella hasta el monasterio de Escaladei, pasando por sus pueblos y vi\u00f1edos en terrazas.","breadcrumb":{"@id":"https:\/\/dosterraswinegarden.com\/es\/news\/curiosidades-del-priorat\/#breadcrumb"},"inLanguage":"es","potentialAction":[{"@type":"ReadAction","target":["https:\/\/dosterraswinegarden.com\/es\/news\/curiosidades-del-priorat\/"]}]},{"@type":"ImageObject","inLanguage":"es","@id":"https:\/\/dosterraswinegarden.com\/es\/news\/curiosidades-del-priorat\/#primaryimage","url":"https:\/\/dosterraswinegarden.com\/wp-content\/uploads\/2023\/08\/15FustaiFoc-scaled-3.jpg","contentUrl":"https:\/\/dosterraswinegarden.com\/wp-content\/uploads\/2023\/08\/15FustaiFoc-scaled-3.jpg","width":2560,"height":1709,"caption":"vinyes al capvespre"},{"@type":"BreadcrumbList","@id":"https:\/\/dosterraswinegarden.com\/es\/news\/curiosidades-del-priorat\/#breadcrumb","itemListElement":[{"@type":"ListItem","position":1,"name":"Inici","item":"https:\/\/dosterraswinegarden.com\/es\/"},{"@type":"ListItem","position":2,"name":"Curiosidades del Priorat"}]},{"@type":"WebSite","@id":"https:\/\/dosterraswinegarden.com\/#website","url":"https:\/\/dosterraswinegarden.com\/","name":"Dosterras Wine Garden","description":"Bodes, events i vins al Priorat","potentialAction":[{"@type":"SearchAction","target":{"@type":"EntryPoint","urlTemplate":"https:\/\/dosterraswinegarden.com\/?s={search_term_string}"},"query-input":{"@type":"PropertyValueSpecification","valueRequired":true,"valueName":"search_term_string"}}],"inLanguage":"es"},{"@type":"Person","@id":"https:\/\/dosterraswinegarden.com\/#\/schema\/person\/5e4e86b4ab204eaefe917301e52e06d3","name":"Mariona Pellicer","image":{"@type":"ImageObject","inLanguage":"es","@id":"https:\/\/secure.gravatar.com\/avatar\/ac957e29a1e14e0bf3566a873be24a7254c7abaa12137fad6da725f42d683d48?s=96&d=blank&r=g","url":"https:\/\/secure.gravatar.com\/avatar\/ac957e29a1e14e0bf3566a873be24a7254c7abaa12137fad6da725f42d683d48?s=96&d=blank&r=g","contentUrl":"https:\/\/secure.gravatar.com\/avatar\/ac957e29a1e14e0bf3566a873be24a7254c7abaa12137fad6da725f42d683d48?s=96&d=blank&r=g","caption":"Mariona Pellicer"},"url":"https:\/\/dosterraswinegarden.com\/es\/news\/author\/mariona\/"}]}},"_links":{"self":[{"href":"https:\/\/dosterraswinegarden.com\/es\/wp-json\/wp\/v2\/posts\/18616","targetHints":{"allow":["GET"]}}],"collection":[{"href":"https:\/\/dosterraswinegarden.com\/es\/wp-json\/wp\/v2\/posts"}],"about":[{"href":"https:\/\/dosterraswinegarden.com\/es\/wp-json\/wp\/v2\/types\/post"}],"author":[{"embeddable":true,"href":"https:\/\/dosterraswinegarden.com\/es\/wp-json\/wp\/v2\/users\/5"}],"replies":[{"embeddable":true,"href":"https:\/\/dosterraswinegarden.com\/es\/wp-json\/wp\/v2\/comments?post=18616"}],"version-history":[{"count":1,"href":"https:\/\/dosterraswinegarden.com\/es\/wp-json\/wp\/v2\/posts\/18616\/revisions"}],"predecessor-version":[{"id":18617,"href":"https:\/\/dosterraswinegarden.com\/es\/wp-json\/wp\/v2\/posts\/18616\/revisions\/18617"}],"wp:featuredmedia":[{"embeddable":true,"href":"https:\/\/dosterraswinegarden.com\/es\/wp-json\/wp\/v2\/media\/14747"}],"wp:attachment":[{"href":"https:\/\/dosterraswinegarden.com\/es\/wp-json\/wp\/v2\/media?parent=18616"}],"wp:term":[{"taxonomy":"category","embeddable":true,"href":"https:\/\/dosterraswinegarden.com\/es\/wp-json\/wp\/v2\/categories?post=18616"},{"taxonomy":"post_tag","embeddable":true,"href":"https:\/\/dosterraswinegarden.com\/es\/wp-json\/wp\/v2\/tags?post=18616"}],"curies":[{"name":"wp","href":"https:\/\/api.w.org\/{rel}","templated":true}]}}