{"id":18628,"date":"2025-04-23T10:32:58","date_gmt":"2025-04-23T10:32:58","guid":{"rendered":"https:\/\/dosterraswinegarden.com\/news\/feria-del-vino-de-falset-2025\/"},"modified":"2025-04-23T16:18:30","modified_gmt":"2025-04-23T16:18:30","slug":"feria-del-vino-de-falset-2025","status":"publish","type":"post","link":"https:\/\/dosterraswinegarden.com\/es\/news\/feria-del-vino-de-falset-2025\/","title":{"rendered":"Feria del Vino de Falset 2025"},"content":{"rendered":"\t\t<div data-elementor-type=\"wp-post\" data-elementor-id=\"18628\" class=\"elementor elementor-18628 elementor-18618\">\n\t\t\t\t\t\t<section class=\"elementor-section elementor-top-section elementor-element elementor-element-ab2f973 elementor-section-boxed elementor-section-height-default elementor-section-height-default qodef-elementor-content-no\" data-id=\"ab2f973\" data-element_type=\"section\" data-e-type=\"section\">\n\t\t\t\t\t\t<div class=\"elementor-container elementor-column-gap-default\">\n\t\t\t\t\t<div class=\"elementor-column elementor-col-100 elementor-top-column elementor-element elementor-element-3c6fbd5\" data-id=\"3c6fbd5\" data-element_type=\"column\" data-e-type=\"column\">\n\t\t\t<div class=\"elementor-widget-wrap elementor-element-populated\">\n\t\t\t\t\t\t<div class=\"elementor-element elementor-element-a9205a8 elementor-widget elementor-widget-text-editor\" data-id=\"a9205a8\" data-element_type=\"widget\" data-e-type=\"widget\" data-widget_type=\"text-editor.default\">\n\t\t\t\t<div class=\"elementor-widget-container\">\n\t\t\t\t\t\t\t\t\t<p>Del 1 al 4 de mayo, las calles de Falset volver\u00e1n a llenarse de gente y vino con la celebraci\u00f3n de la <span class=\"notion-enable-hover\" data-token-index=\"1\">Feria del Vino de Falset 2025<\/span>. Y este a\u00f1o no es una edici\u00f3n cualquiera: se celebra el <strong><span class=\"notion-enable-hover\" data-token-index=\"3\">30.\u00ba aniversario<\/span><\/strong> de uno de los eventos vitivin\u00edcolas m\u00e1s emblem\u00e1ticos del pa\u00eds. Como no pod\u00eda ser de otra manera, desde la bodega <span class=\"notion-enable-hover\" data-token-index=\"5\">Dosterras<\/span> tambi\u00e9n estaremos presentes.   <\/p>\t\t\t\t\t\t\t\t<\/div>\n\t\t\t\t<\/div>\n\t\t\t\t\t<\/div>\n\t\t<\/div>\n\t\t\t\t\t<\/div>\n\t\t<\/section>\n\t\t\t\t<section class=\"elementor-section elementor-top-section elementor-element elementor-element-ac297b8 elementor-section-boxed elementor-section-height-default elementor-section-height-default qodef-elementor-content-no\" data-id=\"ac297b8\" data-element_type=\"section\" data-e-type=\"section\">\n\t\t\t\t\t\t<div class=\"elementor-container elementor-column-gap-default\">\n\t\t\t\t\t<div class=\"elementor-column elementor-col-100 elementor-top-column elementor-element elementor-element-cefd290\" data-id=\"cefd290\" data-element_type=\"column\" data-e-type=\"column\">\n\t\t\t<div class=\"elementor-widget-wrap elementor-element-populated\">\n\t\t\t\t\t\t<div class=\"elementor-element elementor-element-0ce4c84 elementor-widget elementor-widget-heading\" data-id=\"0ce4c84\" data-element_type=\"widget\" data-e-type=\"widget\" data-widget_type=\"heading.default\">\n\t\t\t\t<div class=\"elementor-widget-container\">\n\t\t\t\t\t<h3 class=\"elementor-heading-title elementor-size-default\">Encu\u00e9ntranos en el recinto ferial<\/h3>\t\t\t\t<\/div>\n\t\t\t\t<\/div>\n\t\t\t\t<div class=\"elementor-element elementor-element-2123b99 elementor-widget elementor-widget-text-editor\" data-id=\"2123b99\" data-element_type=\"widget\" data-e-type=\"widget\" data-widget_type=\"text-editor.default\">\n\t\t\t\t<div class=\"elementor-widget-container\">\n\t\t\t\t\t\t\t\t\t<p>Durante todo el fin de semana (2, 3 y 4 de mayo), <strong>podr\u00e9is visitarnos en nuestro estand en el <span class=\"notion-enable-hover\" data-token-index=\"1\">recinto ferial<\/span>,<\/strong> en el coraz\u00f3n de Falset. Una oportunidad ideal para probar nuestros vinos y conversar tranquilamente sobre nuestro proyecto, el territorio y todo aquello que nos inspira. <\/p>\t\t\t\t\t\t\t\t<\/div>\n\t\t\t\t<\/div>\n\t\t\t\t<div class=\"elementor-element elementor-element-c0f3586 elementor-widget elementor-widget-image\" data-id=\"c0f3586\" data-element_type=\"widget\" data-e-type=\"widget\" data-widget_type=\"image.default\">\n\t\t\t\t<div class=\"elementor-widget-container\">\n\t\t\t\t\t\t\t\t\t\t\t\t\t\t\t<img fetchpriority=\"high\" decoding=\"async\" width=\"1024\" height=\"684\" src=\"https:\/\/dosterraswinegarden.com\/wp-content\/uploads\/2023\/03\/FustaiFoc1-1024x684.jpg\" class=\"attachment-large size-large wp-image-13449\" alt=\"\" srcset=\"https:\/\/dosterraswinegarden.com\/wp-content\/uploads\/2023\/03\/FustaiFoc1-1024x684.jpg 1024w, https:\/\/dosterraswinegarden.com\/wp-content\/uploads\/2023\/03\/FustaiFoc1-300x200.jpg 300w, https:\/\/dosterraswinegarden.com\/wp-content\/uploads\/2023\/03\/FustaiFoc1-768x513.jpg 768w, https:\/\/dosterraswinegarden.com\/wp-content\/uploads\/2023\/03\/FustaiFoc1-1536x1025.jpg 1536w, https:\/\/dosterraswinegarden.com\/wp-content\/uploads\/2023\/03\/FustaiFoc1-2048x1367.jpg 2048w\" sizes=\"(max-width: 1024px) 100vw, 1024px\" \/>\t\t\t\t\t\t\t\t\t\t\t\t\t\t\t<\/div>\n\t\t\t\t<\/div>\n\t\t\t\t\t<\/div>\n\t\t<\/div>\n\t\t\t\t\t<\/div>\n\t\t<\/section>\n\t\t\t\t<section class=\"elementor-section elementor-top-section elementor-element elementor-element-0475746 elementor-section-boxed elementor-section-height-default elementor-section-height-default qodef-elementor-content-no\" data-id=\"0475746\" data-element_type=\"section\" data-e-type=\"section\">\n\t\t\t\t\t\t<div class=\"elementor-container elementor-column-gap-default\">\n\t\t\t\t\t<div class=\"elementor-column elementor-col-100 elementor-top-column elementor-element elementor-element-28406b2\" data-id=\"28406b2\" data-element_type=\"column\" data-e-type=\"column\">\n\t\t\t<div class=\"elementor-widget-wrap elementor-element-populated\">\n\t\t\t\t\t\t<div class=\"elementor-element elementor-element-66f2f49 elementor-widget elementor-widget-heading\" data-id=\"66f2f49\" data-element_type=\"widget\" data-e-type=\"widget\" data-widget_type=\"heading.default\">\n\t\t\t\t<div class=\"elementor-widget-container\">\n\t\t\t\t\t<h3 class=\"elementor-heading-title elementor-size-default\">Cata de Blancos (jueves 1 de mayo)<\/h3>\t\t\t\t<\/div>\n\t\t\t\t<\/div>\n\t\t\t\t<div class=\"elementor-element elementor-element-8d748f8 elementor-widget elementor-widget-text-editor\" data-id=\"8d748f8\" data-element_type=\"widget\" data-e-type=\"widget\" data-widget_type=\"text-editor.default\">\n\t\t\t\t<div class=\"elementor-widget-container\">\n\t\t\t\t\t\t\t\t\t<p>La fiesta empieza fuerte con el<a href=\"https:\/\/www.firadelvi.org\/activitat\/tast-de-blancs-2025\/\"><strong><span class=\"notion-enable-hover\" data-token-index=\"1\"> Tast de Blancs<\/span><\/strong><\/a>, el jueves 1 de mayo a las 18 h en el \u00e1bside del Castillo de Falset. Un escenario inigualable para disfrutar de una cuidada selecci\u00f3n de vinos blancos de la DO Montsant y la DOQ Priorat, maridados con productos de proximidad y m\u00fasica en directo. Una velada que nos encanta, donde podremos presentar nuestras referencias blancas y compartirlas con amantes del vino de todas partes.  <\/p>\t\t\t\t\t\t\t\t<\/div>\n\t\t\t\t<\/div>\n\t\t\t\t<div class=\"elementor-element elementor-element-4da7148 elementor-widget elementor-widget-image\" data-id=\"4da7148\" data-element_type=\"widget\" data-e-type=\"widget\" data-widget_type=\"image.default\">\n\t\t\t\t<div class=\"elementor-widget-container\">\n\t\t\t\t\t\t\t\t\t\t\t\t\t\t\t<img decoding=\"async\" width=\"1024\" height=\"684\" src=\"https:\/\/dosterraswinegarden.com\/wp-content\/uploads\/2024\/04\/52DissabteFiraVi-1024x684.jpg\" class=\"attachment-large size-large wp-image-15912\" alt=\"\" srcset=\"https:\/\/dosterraswinegarden.com\/wp-content\/uploads\/2024\/04\/52DissabteFiraVi-1024x684.jpg 1024w, https:\/\/dosterraswinegarden.com\/wp-content\/uploads\/2024\/04\/52DissabteFiraVi-300x200.jpg 300w, https:\/\/dosterraswinegarden.com\/wp-content\/uploads\/2024\/04\/52DissabteFiraVi-768x513.jpg 768w, https:\/\/dosterraswinegarden.com\/wp-content\/uploads\/2024\/04\/52DissabteFiraVi-1536x1025.jpg 1536w, https:\/\/dosterraswinegarden.com\/wp-content\/uploads\/2024\/04\/52DissabteFiraVi-2048x1367.jpg 2048w\" sizes=\"(max-width: 1024px) 100vw, 1024px\" \/>\t\t\t\t\t\t\t\t\t\t\t\t\t\t\t<\/div>\n\t\t\t\t<\/div>\n\t\t\t\t\t<\/div>\n\t\t<\/div>\n\t\t\t\t\t<\/div>\n\t\t<\/section>\n\t\t\t\t<section class=\"elementor-section elementor-top-section elementor-element elementor-element-4a00d84 elementor-section-boxed elementor-section-height-default elementor-section-height-default qodef-elementor-content-no\" data-id=\"4a00d84\" data-element_type=\"section\" data-e-type=\"section\">\n\t\t\t\t\t\t<div class=\"elementor-container elementor-column-gap-default\">\n\t\t\t\t\t<div class=\"elementor-column elementor-col-100 elementor-top-column elementor-element elementor-element-e5d4616\" data-id=\"e5d4616\" data-element_type=\"column\" data-e-type=\"column\">\n\t\t\t<div class=\"elementor-widget-wrap elementor-element-populated\">\n\t\t\t\t\t\t<div class=\"elementor-element elementor-element-f2858d8 elementor-widget elementor-widget-heading\" data-id=\"f2858d8\" data-element_type=\"widget\" data-e-type=\"widget\" data-widget_type=\"heading.default\">\n\t\t\t\t<div class=\"elementor-widget-container\">\n\t\t\t\t\t<h3 class=\"elementor-heading-title elementor-size-default\">Cata con mujeres (s\u00e1bado 3 de mayo)<\/h3>\t\t\t\t<\/div>\n\t\t\t\t<\/div>\n\t\t\t\t<div class=\"elementor-element elementor-element-8e28249 elementor-widget elementor-widget-text-editor\" data-id=\"8e28249\" data-element_type=\"widget\" data-e-type=\"widget\" data-widget_type=\"text-editor.default\">\n\t\t\t\t<div class=\"elementor-widget-container\">\n\t\t\t\t\t\t\t\t\t<p>Uno de los momentos m\u00e1s especiales del fin de semana ser\u00e1 la<a href=\"https:\/\/www.firadelvi.org\/activitat\/tast-amb-dones-5\/\"> <strong><span class=\"notion-enable-hover\" data-token-index=\"1\">cata con mujeres<\/span><\/strong><\/a>, el s\u00e1bado 3 de mayo a las 11 h en los jardines del restaurante Les Figueres (Gratallops). Este encuentro<span class=\"notion-enable-hover\" data-token-index=\"3\"> pone en valor el papel de las mujeres en el mundo del vino<\/span>, y para nosotros es un orgullo formar parte de \u00e9l. Ser\u00e1 un espacio para compartir, inspirarnos y crear red entre profesionales del sector.  <\/p>\t\t\t\t\t\t\t\t<\/div>\n\t\t\t\t<\/div>\n\t\t\t\t<div class=\"elementor-element elementor-element-73097bf elementor-widget elementor-widget-image\" data-id=\"73097bf\" data-element_type=\"widget\" data-e-type=\"widget\" data-widget_type=\"image.default\">\n\t\t\t\t<div class=\"elementor-widget-container\">\n\t\t\t\t\t\t\t\t\t\t\t\t\t\t\t<img decoding=\"async\" width=\"1024\" height=\"684\" src=\"https:\/\/dosterraswinegarden.com\/wp-content\/uploads\/2023\/08\/\u00a9EstudiTardet_DWG174-scaled-1-1024x684.jpg\" class=\"attachment-large size-large wp-image-14962\" alt=\"\" srcset=\"https:\/\/dosterraswinegarden.com\/wp-content\/uploads\/2023\/08\/\u00a9EstudiTardet_DWG174-scaled-1-1024x684.jpg 1024w, https:\/\/dosterraswinegarden.com\/wp-content\/uploads\/2023\/08\/\u00a9EstudiTardet_DWG174-scaled-1-300x200.jpg 300w, https:\/\/dosterraswinegarden.com\/wp-content\/uploads\/2023\/08\/\u00a9EstudiTardet_DWG174-scaled-1-768x513.jpg 768w, https:\/\/dosterraswinegarden.com\/wp-content\/uploads\/2023\/08\/\u00a9EstudiTardet_DWG174-scaled-1-1536x1025.jpg 1536w, https:\/\/dosterraswinegarden.com\/wp-content\/uploads\/2023\/08\/\u00a9EstudiTardet_DWG174-scaled-1-2048x1367.jpg 2048w\" sizes=\"(max-width: 1024px) 100vw, 1024px\" \/>\t\t\t\t\t\t\t\t\t\t\t\t\t\t\t<\/div>\n\t\t\t\t<\/div>\n\t\t\t\t\t<\/div>\n\t\t<\/div>\n\t\t\t\t\t<\/div>\n\t\t<\/section>\n\t\t\t\t<section class=\"elementor-section elementor-top-section elementor-element elementor-element-6abcc64 elementor-section-boxed elementor-section-height-default elementor-section-height-default qodef-elementor-content-no\" data-id=\"6abcc64\" data-element_type=\"section\" data-e-type=\"section\">\n\t\t\t\t\t\t<div class=\"elementor-container elementor-column-gap-default\">\n\t\t\t\t\t<div class=\"elementor-column elementor-col-100 elementor-top-column elementor-element elementor-element-669519f\" data-id=\"669519f\" data-element_type=\"column\" data-e-type=\"column\">\n\t\t\t<div class=\"elementor-widget-wrap elementor-element-populated\">\n\t\t\t\t\t\t<div class=\"elementor-element elementor-element-99ab212 elementor-widget elementor-widget-heading\" data-id=\"99ab212\" data-element_type=\"widget\" data-e-type=\"widget\" data-widget_type=\"heading.default\">\n\t\t\t\t<div class=\"elementor-widget-container\">\n\t\t\t\t\t<h3 class=\"elementor-heading-title elementor-size-default\">M\u00e1s actividades vin\u00edcolas que no te puedes perder<\/h3>\t\t\t\t<\/div>\n\t\t\t\t<\/div>\n\t\t\t\t<div class=\"elementor-element elementor-element-d32cf45 elementor-widget elementor-widget-text-editor\" data-id=\"d32cf45\" data-element_type=\"widget\" data-e-type=\"widget\" data-widget_type=\"text-editor.default\">\n\t\t\t\t<div class=\"elementor-widget-container\">\n\t\t\t\t\t\t\t\t\t<ul><li><strong>Tast de les Mines<\/strong> (Bellmunt del Priorat) \u2013 S\u00e1bado 3 de mayo a las 11:30 h.<br>Una experiencia de cata \u00fanica en las antiguas minas, un entorno que conecta el vino con la historia. <\/li><li><strong>Tast amb Llops<\/strong> (Gratallops) \u2013 S\u00e1bado 3 de mayo a las 18 h.<br>Una cata con personalidad, con vinos de peque\u00f1os elaboradores que dejan huella. <\/li><\/ul><p><\/p>\t\t\t\t\t\t\t\t<\/div>\n\t\t\t\t<\/div>\n\t\t\t\t\t<\/div>\n\t\t<\/div>\n\t\t\t\t\t<\/div>\n\t\t<\/section>\n\t\t\t\t<section class=\"elementor-section elementor-top-section elementor-element elementor-element-7870dc6 elementor-section-boxed elementor-section-height-default elementor-section-height-default qodef-elementor-content-no\" data-id=\"7870dc6\" data-element_type=\"section\" data-e-type=\"section\">\n\t\t\t\t\t\t<div class=\"elementor-container elementor-column-gap-default\">\n\t\t\t\t\t<div class=\"elementor-column elementor-col-100 elementor-top-column elementor-element elementor-element-39a3837\" data-id=\"39a3837\" data-element_type=\"column\" data-e-type=\"column\">\n\t\t\t<div class=\"elementor-widget-wrap elementor-element-populated\">\n\t\t\t\t\t\t<div class=\"elementor-element elementor-element-207f90c elementor-widget elementor-widget-heading\" data-id=\"207f90c\" data-element_type=\"widget\" data-e-type=\"widget\" data-widget_type=\"heading.default\">\n\t\t\t\t<div class=\"elementor-widget-container\">\n\t\t\t\t\t<h3 class=\"elementor-heading-title elementor-size-default\">\u00a1Ven a brindar con nosotros!<\/h3>\t\t\t\t<\/div>\n\t\t\t\t<\/div>\n\t\t\t\t<div class=\"elementor-element elementor-element-e51363f elementor-widget elementor-widget-text-editor\" data-id=\"e51363f\" data-element_type=\"widget\" data-e-type=\"widget\" data-widget_type=\"text-editor.default\">\n\t\t\t\t<div class=\"elementor-widget-container\">\n\t\t\t\t\t\t\t\t\t<p>Este fin de semana promete ser un homenaje al vino, a las personas que lo hacen posible y a este territorio que tanto amamos. En Dosterras participamos con ilusi\u00f3n y con muchas ganas de que pod\u00e1is conocernos un poco m\u00e1s. <\/p><p><strong>\u00a1Nos vemos en Falset!<\/strong><\/p><p><\/p>\t\t\t\t\t\t\t\t<\/div>\n\t\t\t\t<\/div>\n\t\t\t\t\t<\/div>\n\t\t<\/div>\n\t\t\t\t\t<\/div>\n\t\t<\/section>\n\t\t\t\t<\/div>\n\t\t","protected":false},"excerpt":{"rendered":"<p>Descubre las actividades vin\u00edcolas imprescindibles de la Feria del Vino de Falset 2025. Prueba los vinos de Dosterras en el recinto ferial, en el Tast de Blancs y en el Tast amb Dones. <\/p>\n","protected":false},"author":5,"featured_media":14720,"comment_status":"closed","ping_status":"closed","sticky":false,"template":"","format":"standard","meta":{"_themeisle_gutenberg_block_has_review":false,"_joinchat":[],"footnotes":""},"categories":[140],"tags":[],"class_list":["post-18628","post","type-post","status-publish","format-standard","has-post-thumbnail","hentry","category-eventos-es"],"yoast_head":"<!-- This site is optimized with the Yoast SEO plugin v27.5 - https:\/\/yoast.com\/product\/yoast-seo-wordpress\/ -->\n<title>Feria del vino de Falset 2025 - Dosterras Wine Garden<\/title>\n<meta name=\"description\" content=\"Descubre las actividades vin\u00edcolas imprescindibles de la Feria del Vino de Falset 2025. Prueba los vinos de Dosterras en el recinto ferial.\" \/>\n<meta name=\"robots\" content=\"index, follow, max-snippet:-1, max-image-preview:large, max-video-preview:-1\" \/>\n<link rel=\"canonical\" href=\"https:\/\/dosterraswinegarden.com\/es\/news\/feria-del-vino-de-falset-2025\/\" \/>\n<meta property=\"og:locale\" content=\"es_ES\" \/>\n<meta property=\"og:type\" content=\"article\" \/>\n<meta property=\"og:title\" content=\"Feria del vino de Falset 2025 - Dosterras Wine Garden\" \/>\n<meta property=\"og:description\" content=\"Descubre las actividades vin\u00edcolas imprescindibles de la Feria del Vino de Falset 2025. Prueba los vinos de Dosterras en el recinto ferial.\" \/>\n<meta property=\"og:url\" content=\"https:\/\/dosterraswinegarden.com\/es\/news\/feria-del-vino-de-falset-2025\/\" \/>\n<meta property=\"og:site_name\" content=\"Dosterras Wine Garden\" \/>\n<meta property=\"article:published_time\" content=\"2025-04-23T10:32:58+00:00\" \/>\n<meta property=\"article:modified_time\" content=\"2025-04-23T16:18:30+00:00\" \/>\n<meta property=\"og:image\" content=\"https:\/\/dosterraswinegarden.com\/wp-content\/uploads\/2023\/08\/130FustaiFoc.jpg\" \/>\n\t<meta property=\"og:image:width\" content=\"1920\" \/>\n\t<meta property=\"og:image:height\" content=\"1282\" \/>\n\t<meta property=\"og:image:type\" content=\"image\/jpeg\" \/>\n<meta name=\"author\" content=\"Mariona Pellicer\" \/>\n<meta name=\"twitter:card\" content=\"summary_large_image\" \/>\n<meta name=\"twitter:label1\" content=\"Escrito por\" \/>\n\t<meta name=\"twitter:data1\" content=\"Mariona Pellicer\" \/>\n\t<meta name=\"twitter:label2\" content=\"Tiempo de lectura\" \/>\n\t<meta name=\"twitter:data2\" content=\"2 minutos\" \/>\n<script type=\"application\/ld+json\" class=\"yoast-schema-graph\">{\"@context\":\"https:\\\/\\\/schema.org\",\"@graph\":[{\"@type\":\"Article\",\"@id\":\"https:\\\/\\\/dosterraswinegarden.com\\\/es\\\/news\\\/feria-del-vino-de-falset-2025\\\/#article\",\"isPartOf\":{\"@id\":\"https:\\\/\\\/dosterraswinegarden.com\\\/es\\\/news\\\/feria-del-vino-de-falset-2025\\\/\"},\"author\":{\"name\":\"Mariona Pellicer\",\"@id\":\"https:\\\/\\\/dosterraswinegarden.com\\\/#\\\/schema\\\/person\\\/5e4e86b4ab204eaefe917301e52e06d3\"},\"headline\":\"Feria del Vino de Falset 2025\",\"datePublished\":\"2025-04-23T10:32:58+00:00\",\"dateModified\":\"2025-04-23T16:18:30+00:00\",\"mainEntityOfPage\":{\"@id\":\"https:\\\/\\\/dosterraswinegarden.com\\\/es\\\/news\\\/feria-del-vino-de-falset-2025\\\/\"},\"wordCount\":403,\"image\":{\"@id\":\"https:\\\/\\\/dosterraswinegarden.com\\\/es\\\/news\\\/feria-del-vino-de-falset-2025\\\/#primaryimage\"},\"thumbnailUrl\":\"https:\\\/\\\/dosterraswinegarden.com\\\/wp-content\\\/uploads\\\/2023\\\/08\\\/130FustaiFoc.jpg\",\"articleSection\":[\"Eventos\"],\"inLanguage\":\"es\"},{\"@type\":\"WebPage\",\"@id\":\"https:\\\/\\\/dosterraswinegarden.com\\\/es\\\/news\\\/feria-del-vino-de-falset-2025\\\/\",\"url\":\"https:\\\/\\\/dosterraswinegarden.com\\\/es\\\/news\\\/feria-del-vino-de-falset-2025\\\/\",\"name\":\"Feria del vino de Falset 2025 - Dosterras Wine Garden\",\"isPartOf\":{\"@id\":\"https:\\\/\\\/dosterraswinegarden.com\\\/#website\"},\"primaryImageOfPage\":{\"@id\":\"https:\\\/\\\/dosterraswinegarden.com\\\/es\\\/news\\\/feria-del-vino-de-falset-2025\\\/#primaryimage\"},\"image\":{\"@id\":\"https:\\\/\\\/dosterraswinegarden.com\\\/es\\\/news\\\/feria-del-vino-de-falset-2025\\\/#primaryimage\"},\"thumbnailUrl\":\"https:\\\/\\\/dosterraswinegarden.com\\\/wp-content\\\/uploads\\\/2023\\\/08\\\/130FustaiFoc.jpg\",\"datePublished\":\"2025-04-23T10:32:58+00:00\",\"dateModified\":\"2025-04-23T16:18:30+00:00\",\"author\":{\"@id\":\"https:\\\/\\\/dosterraswinegarden.com\\\/#\\\/schema\\\/person\\\/5e4e86b4ab204eaefe917301e52e06d3\"},\"description\":\"Descubre las actividades vin\u00edcolas imprescindibles de la Feria del Vino de Falset 2025. Prueba los vinos de Dosterras en el recinto ferial.\",\"breadcrumb\":{\"@id\":\"https:\\\/\\\/dosterraswinegarden.com\\\/es\\\/news\\\/feria-del-vino-de-falset-2025\\\/#breadcrumb\"},\"inLanguage\":\"es\",\"potentialAction\":[{\"@type\":\"ReadAction\",\"target\":[\"https:\\\/\\\/dosterraswinegarden.com\\\/es\\\/news\\\/feria-del-vino-de-falset-2025\\\/\"]}]},{\"@type\":\"ImageObject\",\"inLanguage\":\"es\",\"@id\":\"https:\\\/\\\/dosterraswinegarden.com\\\/es\\\/news\\\/feria-del-vino-de-falset-2025\\\/#primaryimage\",\"url\":\"https:\\\/\\\/dosterraswinegarden.com\\\/wp-content\\\/uploads\\\/2023\\\/08\\\/130FustaiFoc.jpg\",\"contentUrl\":\"https:\\\/\\\/dosterraswinegarden.com\\\/wp-content\\\/uploads\\\/2023\\\/08\\\/130FustaiFoc.jpg\",\"width\":1920,\"height\":1282},{\"@type\":\"BreadcrumbList\",\"@id\":\"https:\\\/\\\/dosterraswinegarden.com\\\/es\\\/news\\\/feria-del-vino-de-falset-2025\\\/#breadcrumb\",\"itemListElement\":[{\"@type\":\"ListItem\",\"position\":1,\"name\":\"Inici\",\"item\":\"https:\\\/\\\/dosterraswinegarden.com\\\/es\\\/\"},{\"@type\":\"ListItem\",\"position\":2,\"name\":\"Feria del Vino de Falset 2025\"}]},{\"@type\":\"WebSite\",\"@id\":\"https:\\\/\\\/dosterraswinegarden.com\\\/#website\",\"url\":\"https:\\\/\\\/dosterraswinegarden.com\\\/\",\"name\":\"Dosterras Wine Garden\",\"description\":\"Bodes, events i vins al Priorat\",\"potentialAction\":[{\"@type\":\"SearchAction\",\"target\":{\"@type\":\"EntryPoint\",\"urlTemplate\":\"https:\\\/\\\/dosterraswinegarden.com\\\/?s={search_term_string}\"},\"query-input\":{\"@type\":\"PropertyValueSpecification\",\"valueRequired\":true,\"valueName\":\"search_term_string\"}}],\"inLanguage\":\"es\"},{\"@type\":\"Person\",\"@id\":\"https:\\\/\\\/dosterraswinegarden.com\\\/#\\\/schema\\\/person\\\/5e4e86b4ab204eaefe917301e52e06d3\",\"name\":\"Mariona Pellicer\",\"image\":{\"@type\":\"ImageObject\",\"inLanguage\":\"es\",\"@id\":\"https:\\\/\\\/secure.gravatar.com\\\/avatar\\\/ac957e29a1e14e0bf3566a873be24a7254c7abaa12137fad6da725f42d683d48?s=96&d=blank&r=g\",\"url\":\"https:\\\/\\\/secure.gravatar.com\\\/avatar\\\/ac957e29a1e14e0bf3566a873be24a7254c7abaa12137fad6da725f42d683d48?s=96&d=blank&r=g\",\"contentUrl\":\"https:\\\/\\\/secure.gravatar.com\\\/avatar\\\/ac957e29a1e14e0bf3566a873be24a7254c7abaa12137fad6da725f42d683d48?s=96&d=blank&r=g\",\"caption\":\"Mariona Pellicer\"},\"url\":\"https:\\\/\\\/dosterraswinegarden.com\\\/es\\\/news\\\/author\\\/mariona\\\/\"}]}<\/script>\n<!-- \/ Yoast SEO plugin. -->","yoast_head_json":{"title":"Feria del vino de Falset 2025 - Dosterras Wine Garden","description":"Descubre las actividades vin\u00edcolas imprescindibles de la Feria del Vino de Falset 2025. Prueba los vinos de Dosterras en el recinto ferial.","robots":{"index":"index","follow":"follow","max-snippet":"max-snippet:-1","max-image-preview":"max-image-preview:large","max-video-preview":"max-video-preview:-1"},"canonical":"https:\/\/dosterraswinegarden.com\/es\/news\/feria-del-vino-de-falset-2025\/","og_locale":"es_ES","og_type":"article","og_title":"Feria del vino de Falset 2025 - Dosterras Wine Garden","og_description":"Descubre las actividades vin\u00edcolas imprescindibles de la Feria del Vino de Falset 2025. Prueba los vinos de Dosterras en el recinto ferial.","og_url":"https:\/\/dosterraswinegarden.com\/es\/news\/feria-del-vino-de-falset-2025\/","og_site_name":"Dosterras Wine Garden","article_published_time":"2025-04-23T10:32:58+00:00","article_modified_time":"2025-04-23T16:18:30+00:00","og_image":[{"width":1920,"height":1282,"url":"https:\/\/dosterraswinegarden.com\/wp-content\/uploads\/2023\/08\/130FustaiFoc.jpg","type":"image\/jpeg"}],"author":"Mariona Pellicer","twitter_card":"summary_large_image","twitter_misc":{"Escrito por":"Mariona Pellicer","Tiempo de lectura":"2 minutos"},"schema":{"@context":"https:\/\/schema.org","@graph":[{"@type":"Article","@id":"https:\/\/dosterraswinegarden.com\/es\/news\/feria-del-vino-de-falset-2025\/#article","isPartOf":{"@id":"https:\/\/dosterraswinegarden.com\/es\/news\/feria-del-vino-de-falset-2025\/"},"author":{"name":"Mariona Pellicer","@id":"https:\/\/dosterraswinegarden.com\/#\/schema\/person\/5e4e86b4ab204eaefe917301e52e06d3"},"headline":"Feria del Vino de Falset 2025","datePublished":"2025-04-23T10:32:58+00:00","dateModified":"2025-04-23T16:18:30+00:00","mainEntityOfPage":{"@id":"https:\/\/dosterraswinegarden.com\/es\/news\/feria-del-vino-de-falset-2025\/"},"wordCount":403,"image":{"@id":"https:\/\/dosterraswinegarden.com\/es\/news\/feria-del-vino-de-falset-2025\/#primaryimage"},"thumbnailUrl":"https:\/\/dosterraswinegarden.com\/wp-content\/uploads\/2023\/08\/130FustaiFoc.jpg","articleSection":["Eventos"],"inLanguage":"es"},{"@type":"WebPage","@id":"https:\/\/dosterraswinegarden.com\/es\/news\/feria-del-vino-de-falset-2025\/","url":"https:\/\/dosterraswinegarden.com\/es\/news\/feria-del-vino-de-falset-2025\/","name":"Feria del vino de Falset 2025 - Dosterras Wine Garden","isPartOf":{"@id":"https:\/\/dosterraswinegarden.com\/#website"},"primaryImageOfPage":{"@id":"https:\/\/dosterraswinegarden.com\/es\/news\/feria-del-vino-de-falset-2025\/#primaryimage"},"image":{"@id":"https:\/\/dosterraswinegarden.com\/es\/news\/feria-del-vino-de-falset-2025\/#primaryimage"},"thumbnailUrl":"https:\/\/dosterraswinegarden.com\/wp-content\/uploads\/2023\/08\/130FustaiFoc.jpg","datePublished":"2025-04-23T10:32:58+00:00","dateModified":"2025-04-23T16:18:30+00:00","author":{"@id":"https:\/\/dosterraswinegarden.com\/#\/schema\/person\/5e4e86b4ab204eaefe917301e52e06d3"},"description":"Descubre las actividades vin\u00edcolas imprescindibles de la Feria del Vino de Falset 2025. Prueba los vinos de Dosterras en el recinto ferial.","breadcrumb":{"@id":"https:\/\/dosterraswinegarden.com\/es\/news\/feria-del-vino-de-falset-2025\/#breadcrumb"},"inLanguage":"es","potentialAction":[{"@type":"ReadAction","target":["https:\/\/dosterraswinegarden.com\/es\/news\/feria-del-vino-de-falset-2025\/"]}]},{"@type":"ImageObject","inLanguage":"es","@id":"https:\/\/dosterraswinegarden.com\/es\/news\/feria-del-vino-de-falset-2025\/#primaryimage","url":"https:\/\/dosterraswinegarden.com\/wp-content\/uploads\/2023\/08\/130FustaiFoc.jpg","contentUrl":"https:\/\/dosterraswinegarden.com\/wp-content\/uploads\/2023\/08\/130FustaiFoc.jpg","width":1920,"height":1282},{"@type":"BreadcrumbList","@id":"https:\/\/dosterraswinegarden.com\/es\/news\/feria-del-vino-de-falset-2025\/#breadcrumb","itemListElement":[{"@type":"ListItem","position":1,"name":"Inici","item":"https:\/\/dosterraswinegarden.com\/es\/"},{"@type":"ListItem","position":2,"name":"Feria del Vino de Falset 2025"}]},{"@type":"WebSite","@id":"https:\/\/dosterraswinegarden.com\/#website","url":"https:\/\/dosterraswinegarden.com\/","name":"Dosterras Wine Garden","description":"Bodes, events i vins al Priorat","potentialAction":[{"@type":"SearchAction","target":{"@type":"EntryPoint","urlTemplate":"https:\/\/dosterraswinegarden.com\/?s={search_term_string}"},"query-input":{"@type":"PropertyValueSpecification","valueRequired":true,"valueName":"search_term_string"}}],"inLanguage":"es"},{"@type":"Person","@id":"https:\/\/dosterraswinegarden.com\/#\/schema\/person\/5e4e86b4ab204eaefe917301e52e06d3","name":"Mariona Pellicer","image":{"@type":"ImageObject","inLanguage":"es","@id":"https:\/\/secure.gravatar.com\/avatar\/ac957e29a1e14e0bf3566a873be24a7254c7abaa12137fad6da725f42d683d48?s=96&d=blank&r=g","url":"https:\/\/secure.gravatar.com\/avatar\/ac957e29a1e14e0bf3566a873be24a7254c7abaa12137fad6da725f42d683d48?s=96&d=blank&r=g","contentUrl":"https:\/\/secure.gravatar.com\/avatar\/ac957e29a1e14e0bf3566a873be24a7254c7abaa12137fad6da725f42d683d48?s=96&d=blank&r=g","caption":"Mariona Pellicer"},"url":"https:\/\/dosterraswinegarden.com\/es\/news\/author\/mariona\/"}]}},"_links":{"self":[{"href":"https:\/\/dosterraswinegarden.com\/es\/wp-json\/wp\/v2\/posts\/18628","targetHints":{"allow":["GET"]}}],"collection":[{"href":"https:\/\/dosterraswinegarden.com\/es\/wp-json\/wp\/v2\/posts"}],"about":[{"href":"https:\/\/dosterraswinegarden.com\/es\/wp-json\/wp\/v2\/types\/post"}],"author":[{"embeddable":true,"href":"https:\/\/dosterraswinegarden.com\/es\/wp-json\/wp\/v2\/users\/5"}],"replies":[{"embeddable":true,"href":"https:\/\/dosterraswinegarden.com\/es\/wp-json\/wp\/v2\/comments?post=18628"}],"version-history":[{"count":1,"href":"https:\/\/dosterraswinegarden.com\/es\/wp-json\/wp\/v2\/posts\/18628\/revisions"}],"predecessor-version":[{"id":18629,"href":"https:\/\/dosterraswinegarden.com\/es\/wp-json\/wp\/v2\/posts\/18628\/revisions\/18629"}],"wp:featuredmedia":[{"embeddable":true,"href":"https:\/\/dosterraswinegarden.com\/es\/wp-json\/wp\/v2\/media\/14720"}],"wp:attachment":[{"href":"https:\/\/dosterraswinegarden.com\/es\/wp-json\/wp\/v2\/media?parent=18628"}],"wp:term":[{"taxonomy":"category","embeddable":true,"href":"https:\/\/dosterraswinegarden.com\/es\/wp-json\/wp\/v2\/categories?post=18628"},{"taxonomy":"post_tag","embeddable":true,"href":"https:\/\/dosterraswinegarden.com\/es\/wp-json\/wp\/v2\/tags?post=18628"}],"curies":[{"name":"wp","href":"https:\/\/api.w.org\/{rel}","templated":true}]}}