{"id":19081,"date":"2025-06-20T11:20:44","date_gmt":"2025-06-20T11:20:44","guid":{"rendered":"https:\/\/dosterraswinegarden.com\/news\/bodas-en-el-priorat\/"},"modified":"2025-07-03T21:06:49","modified_gmt":"2025-07-03T21:06:49","slug":"bodas-en-el-priorat","status":"publish","type":"post","link":"https:\/\/dosterraswinegarden.com\/es\/news\/bodas-en-el-priorat\/","title":{"rendered":"Bodas en el Priorat"},"content":{"rendered":"\t\t<div data-elementor-type=\"wp-post\" data-elementor-id=\"19081\" class=\"elementor elementor-19081 elementor-19013\">\n\t\t\t\t\t\t<section class=\"elementor-section elementor-top-section elementor-element elementor-element-ab2f973 elementor-section-boxed elementor-section-height-default elementor-section-height-default qodef-elementor-content-no\" data-id=\"ab2f973\" data-element_type=\"section\" data-e-type=\"section\">\n\t\t\t\t\t\t<div class=\"elementor-container elementor-column-gap-default\">\n\t\t\t\t\t<div class=\"elementor-column elementor-col-100 elementor-top-column elementor-element elementor-element-3c6fbd5\" data-id=\"3c6fbd5\" data-element_type=\"column\" data-e-type=\"column\">\n\t\t\t<div class=\"elementor-widget-wrap elementor-element-populated\">\n\t\t\t\t\t\t<div class=\"elementor-element elementor-element-a9205a8 elementor-widget elementor-widget-text-editor\" data-id=\"a9205a8\" data-element_type=\"widget\" data-e-type=\"widget\" data-widget_type=\"text-editor.default\">\n\t\t\t\t<div class=\"elementor-widget-container\">\n\t\t\t\t\t\t\t\t\t<p data-start=\"219\" data-end=\"518\">Hay lugares que, con solo llegar, te enamoran. El <strong data-start=\"268\" data-end=\"279\">Priorat<\/strong> es uno de ellos. Un territorio de vi\u00f1edos dibujados entre colinas, pueblos con encanto, olivos y silencio. Un paisaje que no solo se ve, sino que se respira. Y por eso, cada vez m\u00e1s parejas eligen este rinc\u00f3n del mundo para decir \u201cs\u00ed, quiero\u201d.    <\/p><p data-start=\"520\" data-end=\"666\">Si est\u00e1is pensando d\u00f3nde celebrar vuestra boda, aqu\u00ed ten\u00e9is algunos de los <strong data-start=\"588\" data-end=\"620\">beneficios<\/strong> de casaros entre vi\u00f1edos en el coraz\u00f3n del Priorat. Os contamos c\u00f3mo son las bodas en esta tierra \u00fanica. <\/p>\t\t\t\t\t\t\t\t<\/div>\n\t\t\t\t<\/div>\n\t\t\t\t\t<\/div>\n\t\t<\/div>\n\t\t\t\t\t<\/div>\n\t\t<\/section>\n\t\t\t\t<section class=\"elementor-section elementor-top-section elementor-element elementor-element-ac297b8 elementor-section-boxed elementor-section-height-default elementor-section-height-default qodef-elementor-content-no\" data-id=\"ac297b8\" data-element_type=\"section\" data-e-type=\"section\">\n\t\t\t\t\t\t<div class=\"elementor-container elementor-column-gap-default\">\n\t\t\t\t\t<div class=\"elementor-column elementor-col-100 elementor-top-column elementor-element elementor-element-cefd290\" data-id=\"cefd290\" data-element_type=\"column\" data-e-type=\"column\">\n\t\t\t<div class=\"elementor-widget-wrap elementor-element-populated\">\n\t\t\t\t\t\t<div class=\"elementor-element elementor-element-c913503 elementor-widget elementor-widget-heading\" data-id=\"c913503\" data-element_type=\"widget\" data-e-type=\"widget\" data-widget_type=\"heading.default\">\n\t\t\t\t<div class=\"elementor-widget-container\">\n\t\t\t\t\t<h3 class=\"elementor-heading-title elementor-size-default\">Un entorno natural que lo transforma todo.<\/h3>\t\t\t\t<\/div>\n\t\t\t\t<\/div>\n\t\t\t\t<div class=\"elementor-element elementor-element-2123b99 elementor-widget elementor-widget-text-editor\" data-id=\"2123b99\" data-element_type=\"widget\" data-e-type=\"widget\" data-widget_type=\"text-editor.default\">\n\t\t\t\t<div class=\"elementor-widget-container\">\n\t\t\t\t\t\t\t\t\t<p data-start=\"725\" data-end=\"958\">Los vi\u00f1edos, las cepas, la luz que se cuela entre las hojas, los atardeceres rojizos\u2026 El Priorat es puro paisaje. Y eso aporta una <strong data-start=\"860\" data-end=\"881\">belleza aut\u00e9ntica<\/strong>, sin artificios. No hace falta mucha decoraci\u00f3n cuando la naturaleza lo hace todo tan bonito.  <\/p><p data-start=\"960\" data-end=\"1125\">Casaros aqu\u00ed significa que las fotograf\u00edas ser\u00e1n de postal, pero tambi\u00e9n que el ambiente de vuestro d\u00eda tendr\u00e1 una <strong data-start=\"1071\" data-end=\"1090\">paz y una magia<\/strong> dif\u00edciles de encontrar en otros lugares.<\/p>\t\t\t\t\t\t\t\t<\/div>\n\t\t\t\t<\/div>\n\t\t\t\t<div class=\"elementor-element elementor-element-c0f3586 elementor-widget elementor-widget-image\" data-id=\"c0f3586\" data-element_type=\"widget\" data-e-type=\"widget\" data-widget_type=\"image.default\">\n\t\t\t\t<div class=\"elementor-widget-container\">\n\t\t\t\t\t\t\t\t\t\t\t\t\t\t\t<img fetchpriority=\"high\" decoding=\"async\" width=\"1024\" height=\"683\" src=\"https:\/\/dosterraswinegarden.com\/wp-content\/uploads\/2025\/06\/DSC_0160-1024x683.jpg\" class=\"attachment-large size-large wp-image-19024\" alt=\"\" srcset=\"https:\/\/dosterraswinegarden.com\/wp-content\/uploads\/2025\/06\/DSC_0160-1024x683.jpg 1024w, https:\/\/dosterraswinegarden.com\/wp-content\/uploads\/2025\/06\/DSC_0160-300x200.jpg 300w, https:\/\/dosterraswinegarden.com\/wp-content\/uploads\/2025\/06\/DSC_0160-768x512.jpg 768w, https:\/\/dosterraswinegarden.com\/wp-content\/uploads\/2025\/06\/DSC_0160-1536x1024.jpg 1536w, https:\/\/dosterraswinegarden.com\/wp-content\/uploads\/2025\/06\/DSC_0160-2048x1365.jpg 2048w\" sizes=\"(max-width: 1024px) 100vw, 1024px\" \/>\t\t\t\t\t\t\t\t\t\t\t\t\t\t\t<\/div>\n\t\t\t\t<\/div>\n\t\t\t\t\t<\/div>\n\t\t<\/div>\n\t\t\t\t\t<\/div>\n\t\t<\/section>\n\t\t\t\t<section class=\"elementor-section elementor-top-section elementor-element elementor-element-0475746 elementor-section-boxed elementor-section-height-default elementor-section-height-default qodef-elementor-content-no\" data-id=\"0475746\" data-element_type=\"section\" data-e-type=\"section\">\n\t\t\t\t\t\t<div class=\"elementor-container elementor-column-gap-default\">\n\t\t\t\t\t<div class=\"elementor-column elementor-col-100 elementor-top-column elementor-element elementor-element-28406b2\" data-id=\"28406b2\" data-element_type=\"column\" data-e-type=\"column\">\n\t\t\t<div class=\"elementor-widget-wrap elementor-element-populated\">\n\t\t\t\t\t\t<div class=\"elementor-element elementor-element-66f2f49 elementor-widget elementor-widget-heading\" data-id=\"66f2f49\" data-element_type=\"widget\" data-e-type=\"widget\" data-widget_type=\"heading.default\">\n\t\t\t\t<div class=\"elementor-widget-container\">\n\t\t\t\t\t<h3 class=\"elementor-heading-title elementor-size-default\">Espacios con alma (\u00a1y buen vino!)<\/h3>\t\t\t\t<\/div>\n\t\t\t\t<\/div>\n\t\t\t\t<div class=\"elementor-element elementor-element-8d748f8 elementor-widget elementor-widget-text-editor\" data-id=\"8d748f8\" data-element_type=\"widget\" data-e-type=\"widget\" data-widget_type=\"text-editor.default\">\n\t\t\t\t<div class=\"elementor-widget-container\">\n\t\t\t\t\t\t\t\t\t<p data-start=\"1173\" data-end=\"1334\">Muchos espacios del Priorat son<strong data-start=\"1202\" data-end=\"1265\"> bodegas familiares, mas\u00edas restauradas o jardines entre vi\u00f1as<\/strong>. No son lugares impersonales: tienen historia, tienen vida, tienen alma. <\/p><p data-start=\"1336\" data-end=\"1586\">Adem\u00e1s, el vino no es solo una bebida aqu\u00ed: es parte del paisaje, del relato y de la celebraci\u00f3n. Maridar vuestro banquete con vinos locales es una forma preciosa de arraigar la boda al territorio y ofrecer a los invitados una<strong data-start=\"1540\" data-end=\"1571\"> experiencia sensorial \u00fanica.<\/strong> <\/p>\t\t\t\t\t\t\t\t<\/div>\n\t\t\t\t<\/div>\n\t\t\t\t\t<\/div>\n\t\t<\/div>\n\t\t\t\t\t<\/div>\n\t\t<\/section>\n\t\t\t\t<section class=\"elementor-section elementor-top-section elementor-element elementor-element-4a00d84 elementor-section-boxed elementor-section-height-default elementor-section-height-default qodef-elementor-content-no\" data-id=\"4a00d84\" data-element_type=\"section\" data-e-type=\"section\">\n\t\t\t\t\t\t<div class=\"elementor-container elementor-column-gap-default\">\n\t\t\t\t\t<div class=\"elementor-column elementor-col-100 elementor-top-column elementor-element elementor-element-e5d4616\" data-id=\"e5d4616\" data-element_type=\"column\" data-e-type=\"column\">\n\t\t\t<div class=\"elementor-widget-wrap elementor-element-populated\">\n\t\t\t\t\t\t<div class=\"elementor-element elementor-element-f2858d8 elementor-widget elementor-widget-heading\" data-id=\"f2858d8\" data-element_type=\"widget\" data-e-type=\"widget\" data-widget_type=\"heading.default\">\n\t\t\t\t<div class=\"elementor-widget-container\">\n\t\t\t\t\t<h3 class=\"elementor-heading-title elementor-size-default\">Una boda \u00edntima, a vuestra medida.<\/h3>\t\t\t\t<\/div>\n\t\t\t\t<\/div>\n\t\t\t\t<div class=\"elementor-element elementor-element-8e28249 elementor-widget elementor-widget-text-editor\" data-id=\"8e28249\" data-element_type=\"widget\" data-e-type=\"widget\" data-widget_type=\"text-editor.default\">\n\t\t\t\t<div class=\"elementor-widget-container\">\n\t\t\t\t\t\t\t\t\t<p data-start=\"1639\" data-end=\"1842\">El Priorat no es para bodas masivas. Y eso es precisamente una ventaja. Celebrar aqu\u00ed significa elegir una <strong data-start=\"1749\" data-end=\"1786\">boda m\u00e1s peque\u00f1a, pero m\u00e1s sentida.<\/strong> M\u00e1s tiempo para disfrutar, para mirarse a los ojos, para abrazar de verdad.   <\/p><p data-start=\"1844\" data-end=\"1981\">Es el lugar ideal para parejas que quieren huir del ruido, conectar con la naturaleza y celebrar el amor de una forma m\u00e1s cercana y emocional.<\/p>\t\t\t\t\t\t\t\t<\/div>\n\t\t\t\t<\/div>\n\t\t\t\t<div class=\"elementor-element elementor-element-73097bf elementor-widget elementor-widget-image\" data-id=\"73097bf\" data-element_type=\"widget\" data-e-type=\"widget\" data-widget_type=\"image.default\">\n\t\t\t\t<div class=\"elementor-widget-container\">\n\t\t\t\t\t\t\t\t\t\t\t\t\t\t\t<img decoding=\"async\" width=\"1024\" height=\"683\" src=\"https:\/\/dosterraswinegarden.com\/wp-content\/uploads\/2025\/06\/DSC_0063-1024x683.jpg\" class=\"attachment-large size-large wp-image-19021\" alt=\"\" srcset=\"https:\/\/dosterraswinegarden.com\/wp-content\/uploads\/2025\/06\/DSC_0063-1024x683.jpg 1024w, https:\/\/dosterraswinegarden.com\/wp-content\/uploads\/2025\/06\/DSC_0063-300x200.jpg 300w, https:\/\/dosterraswinegarden.com\/wp-content\/uploads\/2025\/06\/DSC_0063-768x512.jpg 768w, https:\/\/dosterraswinegarden.com\/wp-content\/uploads\/2025\/06\/DSC_0063-1536x1024.jpg 1536w, https:\/\/dosterraswinegarden.com\/wp-content\/uploads\/2025\/06\/DSC_0063-2048x1365.jpg 2048w\" sizes=\"(max-width: 1024px) 100vw, 1024px\" \/>\t\t\t\t\t\t\t\t\t\t\t\t\t\t\t<\/div>\n\t\t\t\t<\/div>\n\t\t\t\t\t<\/div>\n\t\t<\/div>\n\t\t\t\t\t<\/div>\n\t\t<\/section>\n\t\t\t\t<section class=\"elementor-section elementor-top-section elementor-element elementor-element-06dceb9 elementor-section-boxed elementor-section-height-default elementor-section-height-default qodef-elementor-content-no\" data-id=\"06dceb9\" data-element_type=\"section\" data-e-type=\"section\">\n\t\t\t\t\t\t<div class=\"elementor-container elementor-column-gap-default\">\n\t\t\t\t\t<div class=\"elementor-column elementor-col-100 elementor-top-column elementor-element elementor-element-2d7d260\" data-id=\"2d7d260\" data-element_type=\"column\" data-e-type=\"column\">\n\t\t\t<div class=\"elementor-widget-wrap elementor-element-populated\">\n\t\t\t\t\t\t<div class=\"elementor-element elementor-element-35237c1 elementor-widget elementor-widget-heading\" data-id=\"35237c1\" data-element_type=\"widget\" data-e-type=\"widget\" data-widget_type=\"heading.default\">\n\t\t\t\t<div class=\"elementor-widget-container\">\n\t\t\t\t\t<h3 class=\"elementor-heading-title elementor-size-default\">Un fin de semana inolvidable<\/h3>\t\t\t\t<\/div>\n\t\t\t\t<\/div>\n\t\t\t\t<div class=\"elementor-element elementor-element-63eb368 elementor-widget elementor-widget-text-editor\" data-id=\"63eb368\" data-element_type=\"widget\" data-e-type=\"widget\" data-widget_type=\"text-editor.default\">\n\t\t\t\t<div class=\"elementor-widget-container\">\n\t\t\t\t\t\t\t\t\t<p data-start=\"1992\" data-end=\"2108\">\u00bfY si alarg\u00e1is la celebraci\u00f3n? El Priorat invita a quedarse. Pod\u00e9is hacer una <strong data-start=\"2108\" data-end=\"2136\">escapada con los vuestros:<\/strong> catas de vino, visitas a bodegas, rutas a pie o en bici, comida de proximidad\u2026 Convertid la boda en una experiencia de fin de semana que todos recordar\u00e1n.   <\/p>\t\t\t\t\t\t\t\t<\/div>\n\t\t\t\t<\/div>\n\t\t\t\t<div class=\"elementor-element elementor-element-a02a63e elementor-widget elementor-widget-image\" data-id=\"a02a63e\" data-element_type=\"widget\" data-e-type=\"widget\" data-widget_type=\"image.default\">\n\t\t\t\t<div class=\"elementor-widget-container\">\n\t\t\t\t\t\t\t\t\t\t\t\t\t\t\t<img decoding=\"async\" width=\"1024\" height=\"683\" src=\"https:\/\/dosterraswinegarden.com\/wp-content\/uploads\/2025\/06\/joelblanca-469-1024x683.jpg\" class=\"attachment-large size-large wp-image-19030\" alt=\"bodes al priorat\" srcset=\"https:\/\/dosterraswinegarden.com\/wp-content\/uploads\/2025\/06\/joelblanca-469-1024x683.jpg 1024w, https:\/\/dosterraswinegarden.com\/wp-content\/uploads\/2025\/06\/joelblanca-469-300x200.jpg 300w, https:\/\/dosterraswinegarden.com\/wp-content\/uploads\/2025\/06\/joelblanca-469-768x512.jpg 768w, https:\/\/dosterraswinegarden.com\/wp-content\/uploads\/2025\/06\/joelblanca-469-1536x1024.jpg 1536w, https:\/\/dosterraswinegarden.com\/wp-content\/uploads\/2025\/06\/joelblanca-469-2048x1365.jpg 2048w\" sizes=\"(max-width: 1024px) 100vw, 1024px\" \/>\t\t\t\t\t\t\t\t\t\t\t\t\t\t\t<\/div>\n\t\t\t\t<\/div>\n\t\t\t\t\t<\/div>\n\t\t<\/div>\n\t\t\t\t\t<\/div>\n\t\t<\/section>\n\t\t\t\t<section class=\"elementor-section elementor-top-section elementor-element elementor-element-05737b3 elementor-section-boxed elementor-section-height-default elementor-section-height-default qodef-elementor-content-no\" data-id=\"05737b3\" data-element_type=\"section\" data-e-type=\"section\">\n\t\t\t\t\t\t<div class=\"elementor-container elementor-column-gap-default\">\n\t\t\t\t\t<div class=\"elementor-column elementor-col-100 elementor-top-column elementor-element elementor-element-78c6d1f\" data-id=\"78c6d1f\" data-element_type=\"column\" data-e-type=\"column\">\n\t\t\t<div class=\"elementor-widget-wrap elementor-element-populated\">\n\t\t\t\t\t\t<div class=\"elementor-element elementor-element-283512a elementor-widget elementor-widget-heading\" data-id=\"283512a\" data-element_type=\"widget\" data-e-type=\"widget\" data-widget_type=\"heading.default\">\n\t\t\t\t<div class=\"elementor-widget-container\">\n\t\t\t\t\t<h3 class=\"elementor-heading-title elementor-size-default\">Una conexi\u00f3n real con el territorio.<\/h3>\t\t\t\t<\/div>\n\t\t\t\t<\/div>\n\t\t\t\t<div class=\"elementor-element elementor-element-aa4cfff elementor-widget elementor-widget-text-editor\" data-id=\"aa4cfff\" data-element_type=\"widget\" data-e-type=\"widget\" data-widget_type=\"text-editor.default\">\n\t\t\t\t<div class=\"elementor-widget-container\">\n\t\t\t\t\t\t\t\t\t<p>Casarse en el Priorat es tambi\u00e9n <strong data-start=\"2380\" data-end=\"2405\">apostar por el territori<\/strong>o. Elegir proveedores locales, cocina de la zona, artesan\u00eda\u2026 Hacer una boda que no solo celebre vuestro amor, sino que tambi\u00e9n<strong data-start=\"2526\" data-end=\"2561\"> respete y d\u00e9 vida al entorno<\/strong> en el que se realiza.<br><br> <\/p>\t\t\t\t\t\t\t\t<\/div>\n\t\t\t\t<\/div>\n\t\t\t\t\t<\/div>\n\t\t<\/div>\n\t\t\t\t\t<\/div>\n\t\t<\/section>\n\t\t\t\t<section class=\"elementor-section elementor-top-section elementor-element elementor-element-7870dc6 elementor-section-boxed elementor-section-height-default elementor-section-height-default qodef-elementor-content-no\" data-id=\"7870dc6\" data-element_type=\"section\" data-e-type=\"section\">\n\t\t\t\t\t\t<div class=\"elementor-container elementor-column-gap-default\">\n\t\t\t\t\t<div class=\"elementor-column elementor-col-100 elementor-top-column elementor-element elementor-element-39a3837\" data-id=\"39a3837\" data-element_type=\"column\" data-e-type=\"column\">\n\t\t\t<div class=\"elementor-widget-wrap elementor-element-populated\">\n\t\t\t\t\t\t<div class=\"elementor-element elementor-element-207f90c elementor-widget elementor-widget-heading\" data-id=\"207f90c\" data-element_type=\"widget\" data-e-type=\"widget\" data-widget_type=\"heading.default\">\n\t\t\t\t<div class=\"elementor-widget-container\">\n\t\t\t\t\t<h3 class=\"elementor-heading-title elementor-size-default\">Vuestro \"s\u00ed\u201d entre vi\u00f1edos<\/h3>\t\t\t\t<\/div>\n\t\t\t\t<\/div>\n\t\t\t\t<div class=\"elementor-element elementor-element-e51363f elementor-widget elementor-widget-text-editor\" data-id=\"e51363f\" data-element_type=\"widget\" data-e-type=\"widget\" data-widget_type=\"text-editor.default\">\n\t\t\t\t<div class=\"elementor-widget-container\">\n\t\t\t\t\t\t\t\t\t<p data-start=\"2611\" data-end=\"2847\">Si todo esto resuena con vosotros, os invitamos a imaginar vuestro d\u00eda entre vi\u00f1as, piedra seca y atardeceres infinitos. En <strong data-start=\"2731\" data-end=\"2756\">Dosterras Wine Garden<\/strong>, tenemos el espacio, el silencio y el paisaje para que vuestro amor florezca entre vi\u00f1edos. <\/p><p data-start=\"2849\" data-end=\"2942\">Porque algunas historias de amor solo pod\u00edan ocurrir aqu\u00ed. Y la vuestra podr\u00eda ser una de ellas. <\/p><p><a href=\"https:\/\/dosterraswinegarden.com\/es\/contacto\/\">Contacta con nosotros<\/a><\/p>\t\t\t\t\t\t\t\t<\/div>\n\t\t\t\t<\/div>\n\t\t\t\t\t<\/div>\n\t\t<\/div>\n\t\t\t\t\t<\/div>\n\t\t<\/section>\n\t\t\t\t<\/div>\n\t\t","protected":false},"excerpt":{"rendered":"<p>Descubre c\u00f3mo son las bodas en el Priorat y por qu\u00e9 casarte en esta regi\u00f3n es una experiencia \u00fanica: naturaleza, vi\u00f1edos, intimidad y autenticidad.<\/p>\n","protected":false},"author":5,"featured_media":19150,"comment_status":"closed","ping_status":"closed","sticky":false,"template":"","format":"standard","meta":{"_themeisle_gutenberg_block_has_review":false,"_joinchat":[],"footnotes":""},"categories":[136],"tags":[],"class_list":["post-19081","post","type-post","status-publish","format-standard","has-post-thumbnail","hentry","category-bodas"],"yoast_head":"<!-- This site is optimized with the Yoast SEO plugin v27.5 - https:\/\/yoast.com\/product\/yoast-seo-wordpress\/ -->\n<title>Bodas en el Priorat - Dosterras Wine Garden<\/title>\n<meta name=\"description\" content=\"Descubre c\u00f3mo son las bodas en el Priorat y por qu\u00e9 casarte en esta regi\u00f3n es una experiencia \u00fanica: naturaleza, vi\u00f1edos, intimidad y autenticidad.\" \/>\n<meta name=\"robots\" content=\"index, follow, max-snippet:-1, max-image-preview:large, max-video-preview:-1\" \/>\n<link rel=\"canonical\" href=\"https:\/\/dosterraswinegarden.com\/es\/news\/bodas-en-el-priorat\/\" \/>\n<meta property=\"og:locale\" content=\"es_ES\" \/>\n<meta property=\"og:type\" content=\"article\" \/>\n<meta property=\"og:title\" content=\"Bodas en el Priorat - Dosterras Wine Garden\" \/>\n<meta property=\"og:description\" content=\"Descubre c\u00f3mo son las bodas en el Priorat y por qu\u00e9 casarte en esta regi\u00f3n es una experiencia \u00fanica: naturaleza, vi\u00f1edos, intimidad y autenticidad.\" \/>\n<meta property=\"og:url\" content=\"https:\/\/dosterraswinegarden.com\/es\/news\/bodas-en-el-priorat\/\" \/>\n<meta property=\"og:site_name\" content=\"Dosterras Wine Garden\" \/>\n<meta property=\"article:published_time\" content=\"2025-06-20T11:20:44+00:00\" \/>\n<meta property=\"article:modified_time\" content=\"2025-07-03T21:06:49+00:00\" \/>\n<meta property=\"og:image\" content=\"https:\/\/dosterraswinegarden.com\/wp-content\/uploads\/2025\/06\/joelblanca-335-scaled.jpg\" \/>\n\t<meta property=\"og:image:width\" content=\"2560\" \/>\n\t<meta property=\"og:image:height\" content=\"1707\" \/>\n\t<meta property=\"og:image:type\" content=\"image\/jpeg\" \/>\n<meta name=\"author\" content=\"Mariona Pellicer\" \/>\n<meta name=\"twitter:card\" content=\"summary_large_image\" \/>\n<meta name=\"twitter:label1\" content=\"Escrito por\" \/>\n\t<meta name=\"twitter:data1\" content=\"Mariona Pellicer\" \/>\n\t<meta name=\"twitter:label2\" content=\"Tiempo de lectura\" \/>\n\t<meta name=\"twitter:data2\" content=\"3 minutos\" \/>\n<script type=\"application\/ld+json\" class=\"yoast-schema-graph\">{\"@context\":\"https:\\\/\\\/schema.org\",\"@graph\":[{\"@type\":\"Article\",\"@id\":\"https:\\\/\\\/dosterraswinegarden.com\\\/es\\\/news\\\/bodas-en-el-priorat\\\/#article\",\"isPartOf\":{\"@id\":\"https:\\\/\\\/dosterraswinegarden.com\\\/es\\\/news\\\/bodas-en-el-priorat\\\/\"},\"author\":{\"name\":\"Mariona Pellicer\",\"@id\":\"https:\\\/\\\/dosterraswinegarden.com\\\/#\\\/schema\\\/person\\\/5e4e86b4ab204eaefe917301e52e06d3\"},\"headline\":\"Bodas en el Priorat\",\"datePublished\":\"2025-06-20T11:20:44+00:00\",\"dateModified\":\"2025-07-03T21:06:49+00:00\",\"mainEntityOfPage\":{\"@id\":\"https:\\\/\\\/dosterraswinegarden.com\\\/es\\\/news\\\/bodas-en-el-priorat\\\/\"},\"wordCount\":508,\"image\":{\"@id\":\"https:\\\/\\\/dosterraswinegarden.com\\\/es\\\/news\\\/bodas-en-el-priorat\\\/#primaryimage\"},\"thumbnailUrl\":\"https:\\\/\\\/dosterraswinegarden.com\\\/wp-content\\\/uploads\\\/2025\\\/06\\\/joelblanca-335-scaled.jpg\",\"articleSection\":[\"Bodas\"],\"inLanguage\":\"es\"},{\"@type\":\"WebPage\",\"@id\":\"https:\\\/\\\/dosterraswinegarden.com\\\/es\\\/news\\\/bodas-en-el-priorat\\\/\",\"url\":\"https:\\\/\\\/dosterraswinegarden.com\\\/es\\\/news\\\/bodas-en-el-priorat\\\/\",\"name\":\"Bodas en el Priorat - Dosterras Wine Garden\",\"isPartOf\":{\"@id\":\"https:\\\/\\\/dosterraswinegarden.com\\\/#website\"},\"primaryImageOfPage\":{\"@id\":\"https:\\\/\\\/dosterraswinegarden.com\\\/es\\\/news\\\/bodas-en-el-priorat\\\/#primaryimage\"},\"image\":{\"@id\":\"https:\\\/\\\/dosterraswinegarden.com\\\/es\\\/news\\\/bodas-en-el-priorat\\\/#primaryimage\"},\"thumbnailUrl\":\"https:\\\/\\\/dosterraswinegarden.com\\\/wp-content\\\/uploads\\\/2025\\\/06\\\/joelblanca-335-scaled.jpg\",\"datePublished\":\"2025-06-20T11:20:44+00:00\",\"dateModified\":\"2025-07-03T21:06:49+00:00\",\"author\":{\"@id\":\"https:\\\/\\\/dosterraswinegarden.com\\\/#\\\/schema\\\/person\\\/5e4e86b4ab204eaefe917301e52e06d3\"},\"description\":\"Descubre c\u00f3mo son las bodas en el Priorat y por qu\u00e9 casarte en esta regi\u00f3n es una experiencia \u00fanica: naturaleza, vi\u00f1edos, intimidad y autenticidad.\",\"breadcrumb\":{\"@id\":\"https:\\\/\\\/dosterraswinegarden.com\\\/es\\\/news\\\/bodas-en-el-priorat\\\/#breadcrumb\"},\"inLanguage\":\"es\",\"potentialAction\":[{\"@type\":\"ReadAction\",\"target\":[\"https:\\\/\\\/dosterraswinegarden.com\\\/es\\\/news\\\/bodas-en-el-priorat\\\/\"]}]},{\"@type\":\"ImageObject\",\"inLanguage\":\"es\",\"@id\":\"https:\\\/\\\/dosterraswinegarden.com\\\/es\\\/news\\\/bodas-en-el-priorat\\\/#primaryimage\",\"url\":\"https:\\\/\\\/dosterraswinegarden.com\\\/wp-content\\\/uploads\\\/2025\\\/06\\\/joelblanca-335-scaled.jpg\",\"contentUrl\":\"https:\\\/\\\/dosterraswinegarden.com\\\/wp-content\\\/uploads\\\/2025\\\/06\\\/joelblanca-335-scaled.jpg\",\"width\":2560,\"height\":1707},{\"@type\":\"BreadcrumbList\",\"@id\":\"https:\\\/\\\/dosterraswinegarden.com\\\/es\\\/news\\\/bodas-en-el-priorat\\\/#breadcrumb\",\"itemListElement\":[{\"@type\":\"ListItem\",\"position\":1,\"name\":\"Inici\",\"item\":\"https:\\\/\\\/dosterraswinegarden.com\\\/es\\\/\"},{\"@type\":\"ListItem\",\"position\":2,\"name\":\"Bodas en el Priorat\"}]},{\"@type\":\"WebSite\",\"@id\":\"https:\\\/\\\/dosterraswinegarden.com\\\/#website\",\"url\":\"https:\\\/\\\/dosterraswinegarden.com\\\/\",\"name\":\"Dosterras Wine Garden\",\"description\":\"Bodes, events i vins al Priorat\",\"potentialAction\":[{\"@type\":\"SearchAction\",\"target\":{\"@type\":\"EntryPoint\",\"urlTemplate\":\"https:\\\/\\\/dosterraswinegarden.com\\\/?s={search_term_string}\"},\"query-input\":{\"@type\":\"PropertyValueSpecification\",\"valueRequired\":true,\"valueName\":\"search_term_string\"}}],\"inLanguage\":\"es\"},{\"@type\":\"Person\",\"@id\":\"https:\\\/\\\/dosterraswinegarden.com\\\/#\\\/schema\\\/person\\\/5e4e86b4ab204eaefe917301e52e06d3\",\"name\":\"Mariona Pellicer\",\"image\":{\"@type\":\"ImageObject\",\"inLanguage\":\"es\",\"@id\":\"https:\\\/\\\/secure.gravatar.com\\\/avatar\\\/ac957e29a1e14e0bf3566a873be24a7254c7abaa12137fad6da725f42d683d48?s=96&d=blank&r=g\",\"url\":\"https:\\\/\\\/secure.gravatar.com\\\/avatar\\\/ac957e29a1e14e0bf3566a873be24a7254c7abaa12137fad6da725f42d683d48?s=96&d=blank&r=g\",\"contentUrl\":\"https:\\\/\\\/secure.gravatar.com\\\/avatar\\\/ac957e29a1e14e0bf3566a873be24a7254c7abaa12137fad6da725f42d683d48?s=96&d=blank&r=g\",\"caption\":\"Mariona Pellicer\"},\"url\":\"https:\\\/\\\/dosterraswinegarden.com\\\/es\\\/news\\\/author\\\/mariona\\\/\"}]}<\/script>\n<!-- \/ Yoast SEO plugin. -->","yoast_head_json":{"title":"Bodas en el Priorat - Dosterras Wine Garden","description":"Descubre c\u00f3mo son las bodas en el Priorat y por qu\u00e9 casarte en esta regi\u00f3n es una experiencia \u00fanica: naturaleza, vi\u00f1edos, intimidad y autenticidad.","robots":{"index":"index","follow":"follow","max-snippet":"max-snippet:-1","max-image-preview":"max-image-preview:large","max-video-preview":"max-video-preview:-1"},"canonical":"https:\/\/dosterraswinegarden.com\/es\/news\/bodas-en-el-priorat\/","og_locale":"es_ES","og_type":"article","og_title":"Bodas en el Priorat - Dosterras Wine Garden","og_description":"Descubre c\u00f3mo son las bodas en el Priorat y por qu\u00e9 casarte en esta regi\u00f3n es una experiencia \u00fanica: naturaleza, vi\u00f1edos, intimidad y autenticidad.","og_url":"https:\/\/dosterraswinegarden.com\/es\/news\/bodas-en-el-priorat\/","og_site_name":"Dosterras Wine Garden","article_published_time":"2025-06-20T11:20:44+00:00","article_modified_time":"2025-07-03T21:06:49+00:00","og_image":[{"width":2560,"height":1707,"url":"https:\/\/dosterraswinegarden.com\/wp-content\/uploads\/2025\/06\/joelblanca-335-scaled.jpg","type":"image\/jpeg"}],"author":"Mariona Pellicer","twitter_card":"summary_large_image","twitter_misc":{"Escrito por":"Mariona Pellicer","Tiempo de lectura":"3 minutos"},"schema":{"@context":"https:\/\/schema.org","@graph":[{"@type":"Article","@id":"https:\/\/dosterraswinegarden.com\/es\/news\/bodas-en-el-priorat\/#article","isPartOf":{"@id":"https:\/\/dosterraswinegarden.com\/es\/news\/bodas-en-el-priorat\/"},"author":{"name":"Mariona Pellicer","@id":"https:\/\/dosterraswinegarden.com\/#\/schema\/person\/5e4e86b4ab204eaefe917301e52e06d3"},"headline":"Bodas en el Priorat","datePublished":"2025-06-20T11:20:44+00:00","dateModified":"2025-07-03T21:06:49+00:00","mainEntityOfPage":{"@id":"https:\/\/dosterraswinegarden.com\/es\/news\/bodas-en-el-priorat\/"},"wordCount":508,"image":{"@id":"https:\/\/dosterraswinegarden.com\/es\/news\/bodas-en-el-priorat\/#primaryimage"},"thumbnailUrl":"https:\/\/dosterraswinegarden.com\/wp-content\/uploads\/2025\/06\/joelblanca-335-scaled.jpg","articleSection":["Bodas"],"inLanguage":"es"},{"@type":"WebPage","@id":"https:\/\/dosterraswinegarden.com\/es\/news\/bodas-en-el-priorat\/","url":"https:\/\/dosterraswinegarden.com\/es\/news\/bodas-en-el-priorat\/","name":"Bodas en el Priorat - Dosterras Wine Garden","isPartOf":{"@id":"https:\/\/dosterraswinegarden.com\/#website"},"primaryImageOfPage":{"@id":"https:\/\/dosterraswinegarden.com\/es\/news\/bodas-en-el-priorat\/#primaryimage"},"image":{"@id":"https:\/\/dosterraswinegarden.com\/es\/news\/bodas-en-el-priorat\/#primaryimage"},"thumbnailUrl":"https:\/\/dosterraswinegarden.com\/wp-content\/uploads\/2025\/06\/joelblanca-335-scaled.jpg","datePublished":"2025-06-20T11:20:44+00:00","dateModified":"2025-07-03T21:06:49+00:00","author":{"@id":"https:\/\/dosterraswinegarden.com\/#\/schema\/person\/5e4e86b4ab204eaefe917301e52e06d3"},"description":"Descubre c\u00f3mo son las bodas en el Priorat y por qu\u00e9 casarte en esta regi\u00f3n es una experiencia \u00fanica: naturaleza, vi\u00f1edos, intimidad y autenticidad.","breadcrumb":{"@id":"https:\/\/dosterraswinegarden.com\/es\/news\/bodas-en-el-priorat\/#breadcrumb"},"inLanguage":"es","potentialAction":[{"@type":"ReadAction","target":["https:\/\/dosterraswinegarden.com\/es\/news\/bodas-en-el-priorat\/"]}]},{"@type":"ImageObject","inLanguage":"es","@id":"https:\/\/dosterraswinegarden.com\/es\/news\/bodas-en-el-priorat\/#primaryimage","url":"https:\/\/dosterraswinegarden.com\/wp-content\/uploads\/2025\/06\/joelblanca-335-scaled.jpg","contentUrl":"https:\/\/dosterraswinegarden.com\/wp-content\/uploads\/2025\/06\/joelblanca-335-scaled.jpg","width":2560,"height":1707},{"@type":"BreadcrumbList","@id":"https:\/\/dosterraswinegarden.com\/es\/news\/bodas-en-el-priorat\/#breadcrumb","itemListElement":[{"@type":"ListItem","position":1,"name":"Inici","item":"https:\/\/dosterraswinegarden.com\/es\/"},{"@type":"ListItem","position":2,"name":"Bodas en el Priorat"}]},{"@type":"WebSite","@id":"https:\/\/dosterraswinegarden.com\/#website","url":"https:\/\/dosterraswinegarden.com\/","name":"Dosterras Wine Garden","description":"Bodes, events i vins al Priorat","potentialAction":[{"@type":"SearchAction","target":{"@type":"EntryPoint","urlTemplate":"https:\/\/dosterraswinegarden.com\/?s={search_term_string}"},"query-input":{"@type":"PropertyValueSpecification","valueRequired":true,"valueName":"search_term_string"}}],"inLanguage":"es"},{"@type":"Person","@id":"https:\/\/dosterraswinegarden.com\/#\/schema\/person\/5e4e86b4ab204eaefe917301e52e06d3","name":"Mariona Pellicer","image":{"@type":"ImageObject","inLanguage":"es","@id":"https:\/\/secure.gravatar.com\/avatar\/ac957e29a1e14e0bf3566a873be24a7254c7abaa12137fad6da725f42d683d48?s=96&d=blank&r=g","url":"https:\/\/secure.gravatar.com\/avatar\/ac957e29a1e14e0bf3566a873be24a7254c7abaa12137fad6da725f42d683d48?s=96&d=blank&r=g","contentUrl":"https:\/\/secure.gravatar.com\/avatar\/ac957e29a1e14e0bf3566a873be24a7254c7abaa12137fad6da725f42d683d48?s=96&d=blank&r=g","caption":"Mariona Pellicer"},"url":"https:\/\/dosterraswinegarden.com\/es\/news\/author\/mariona\/"}]}},"_links":{"self":[{"href":"https:\/\/dosterraswinegarden.com\/es\/wp-json\/wp\/v2\/posts\/19081","targetHints":{"allow":["GET"]}}],"collection":[{"href":"https:\/\/dosterraswinegarden.com\/es\/wp-json\/wp\/v2\/posts"}],"about":[{"href":"https:\/\/dosterraswinegarden.com\/es\/wp-json\/wp\/v2\/types\/post"}],"author":[{"embeddable":true,"href":"https:\/\/dosterraswinegarden.com\/es\/wp-json\/wp\/v2\/users\/5"}],"replies":[{"embeddable":true,"href":"https:\/\/dosterraswinegarden.com\/es\/wp-json\/wp\/v2\/comments?post=19081"}],"version-history":[{"count":1,"href":"https:\/\/dosterraswinegarden.com\/es\/wp-json\/wp\/v2\/posts\/19081\/revisions"}],"predecessor-version":[{"id":19082,"href":"https:\/\/dosterraswinegarden.com\/es\/wp-json\/wp\/v2\/posts\/19081\/revisions\/19082"}],"wp:featuredmedia":[{"embeddable":true,"href":"https:\/\/dosterraswinegarden.com\/es\/wp-json\/wp\/v2\/media\/19150"}],"wp:attachment":[{"href":"https:\/\/dosterraswinegarden.com\/es\/wp-json\/wp\/v2\/media?parent=19081"}],"wp:term":[{"taxonomy":"category","embeddable":true,"href":"https:\/\/dosterraswinegarden.com\/es\/wp-json\/wp\/v2\/categories?post=19081"},{"taxonomy":"post_tag","embeddable":true,"href":"https:\/\/dosterraswinegarden.com\/es\/wp-json\/wp\/v2\/tags?post=19081"}],"curies":[{"name":"wp","href":"https:\/\/api.w.org\/{rel}","templated":true}]}}