{"id":19335,"date":"2025-07-30T18:50:50","date_gmt":"2025-07-30T18:50:50","guid":{"rendered":"https:\/\/dosterraswinegarden.com\/news\/5-preguntas-para-elegir-el-espacio-de-tu-boda\/"},"modified":"2025-07-30T19:17:18","modified_gmt":"2025-07-30T19:17:18","slug":"5-preguntas-para-elegir-el-espacio-de-tu-boda","status":"publish","type":"post","link":"https:\/\/dosterraswinegarden.com\/es\/news\/5-preguntas-para-elegir-el-espacio-de-tu-boda\/","title":{"rendered":"5 preguntas para elegir el espacio de tu boda"},"content":{"rendered":"\t\t<div data-elementor-type=\"wp-post\" data-elementor-id=\"19335\" class=\"elementor elementor-19335 elementor-19316\">\n\t\t\t\t\t\t<section class=\"elementor-section elementor-top-section elementor-element elementor-element-ab2f973 elementor-section-boxed elementor-section-height-default elementor-section-height-default qodef-elementor-content-no\" data-id=\"ab2f973\" data-element_type=\"section\" data-e-type=\"section\">\n\t\t\t\t\t\t<div class=\"elementor-container elementor-column-gap-default\">\n\t\t\t\t\t<div class=\"elementor-column elementor-col-100 elementor-top-column elementor-element elementor-element-3c6fbd5\" data-id=\"3c6fbd5\" data-element_type=\"column\" data-e-type=\"column\">\n\t\t\t<div class=\"elementor-widget-wrap elementor-element-populated\">\n\t\t\t\t\t\t<div class=\"elementor-element elementor-element-a9205a8 elementor-widget elementor-widget-text-editor\" data-id=\"a9205a8\" data-element_type=\"widget\" data-e-type=\"widget\" data-widget_type=\"text-editor.default\">\n\t\t\t\t<div class=\"elementor-widget-container\">\n\t\t\t\t\t\t\t\t\t<p data-start=\"346\" data-end=\"645\">Elegir el espacio donde os casar\u00e9is es una de las decisiones m\u00e1s importantes de toda la boda. No es solo el escenario de vuestro \u201cs\u00ed\u201d, sino tambi\u00e9n el lugar donde pasar\u00e9is muchas horas con las personas que m\u00e1s quer\u00e9is. Debe ser bonito, s\u00ed, pero tambi\u00e9n debe tener alma, encajar con vosotros y haceros sentir en paz.  <\/p><p data-start=\"647\" data-end=\"788\">Antes de tomar la decisi\u00f3n, hazte estas 5 preguntas para elegir el espacio de tu boda. Te ayudar\u00e1n a ver qu\u00e9 necesit\u00e1is realmente y a encontrar un lugar que os represente. <\/p>\t\t\t\t\t\t\t\t<\/div>\n\t\t\t\t<\/div>\n\t\t\t\t\t<\/div>\n\t\t<\/div>\n\t\t\t\t\t<\/div>\n\t\t<\/section>\n\t\t\t\t<section class=\"elementor-section elementor-top-section elementor-element elementor-element-ac297b8 elementor-section-boxed elementor-section-height-default elementor-section-height-default qodef-elementor-content-no\" data-id=\"ac297b8\" data-element_type=\"section\" data-e-type=\"section\">\n\t\t\t\t\t\t<div class=\"elementor-container elementor-column-gap-default\">\n\t\t\t\t\t<div class=\"elementor-column elementor-col-100 elementor-top-column elementor-element elementor-element-cefd290\" data-id=\"cefd290\" data-element_type=\"column\" data-e-type=\"column\">\n\t\t\t<div class=\"elementor-widget-wrap elementor-element-populated\">\n\t\t\t\t\t\t<div class=\"elementor-element elementor-element-c913503 elementor-widget elementor-widget-heading\" data-id=\"c913503\" data-element_type=\"widget\" data-e-type=\"widget\" data-widget_type=\"heading.default\">\n\t\t\t\t<div class=\"elementor-widget-container\">\n\t\t\t\t\t<h3 class=\"elementor-heading-title elementor-size-default\">1. \u00bfNos sentimos a gusto aqu\u00ed? \u00bfNos imaginamos celebrando nuestra boda en este lugar? \n<\/h3>\t\t\t\t<\/div>\n\t\t\t\t<\/div>\n\t\t\t\t<div class=\"elementor-element elementor-element-2123b99 elementor-widget elementor-widget-text-editor\" data-id=\"2123b99\" data-element_type=\"widget\" data-e-type=\"widget\" data-widget_type=\"text-editor.default\">\n\t\t\t\t<div class=\"elementor-widget-container\">\n\t\t\t\t\t\t\t\t\t<p>El espacio debe conectar con vosotros. Al entrar, debe haceros sentir bien, como si fuera el lugar donde realmente quer\u00e9is vivir ese d\u00eda. <\/p>\t\t\t\t\t\t\t\t<\/div>\n\t\t\t\t<\/div>\n\t\t\t\t<div class=\"elementor-element elementor-element-c0f3586 elementor-widget elementor-widget-image\" data-id=\"c0f3586\" data-element_type=\"widget\" data-e-type=\"widget\" data-widget_type=\"image.default\">\n\t\t\t\t<div class=\"elementor-widget-container\">\n\t\t\t\t\t\t\t\t\t\t\t\t\t\t\t<img fetchpriority=\"high\" decoding=\"async\" width=\"1024\" height=\"684\" src=\"https:\/\/dosterraswinegarden.com\/wp-content\/uploads\/2024\/03\/\u00a9EstudiTardet_DWG12-1024x684.jpg\" class=\"attachment-large size-large wp-image-15650\" alt=\"\" srcset=\"https:\/\/dosterraswinegarden.com\/wp-content\/uploads\/2024\/03\/\u00a9EstudiTardet_DWG12-1024x684.jpg 1024w, https:\/\/dosterraswinegarden.com\/wp-content\/uploads\/2024\/03\/\u00a9EstudiTardet_DWG12-300x200.jpg 300w, https:\/\/dosterraswinegarden.com\/wp-content\/uploads\/2024\/03\/\u00a9EstudiTardet_DWG12-768x513.jpg 768w, https:\/\/dosterraswinegarden.com\/wp-content\/uploads\/2024\/03\/\u00a9EstudiTardet_DWG12-1536x1025.jpg 1536w, https:\/\/dosterraswinegarden.com\/wp-content\/uploads\/2024\/03\/\u00a9EstudiTardet_DWG12-2048x1367.jpg 2048w\" sizes=\"(max-width: 1024px) 100vw, 1024px\" \/>\t\t\t\t\t\t\t\t\t\t\t\t\t\t\t<\/div>\n\t\t\t\t<\/div>\n\t\t\t\t\t<\/div>\n\t\t<\/div>\n\t\t\t\t\t<\/div>\n\t\t<\/section>\n\t\t\t\t<section class=\"elementor-section elementor-top-section elementor-element elementor-element-0475746 elementor-section-boxed elementor-section-height-default elementor-section-height-default qodef-elementor-content-no\" data-id=\"0475746\" data-element_type=\"section\" data-e-type=\"section\">\n\t\t\t\t\t\t<div class=\"elementor-container elementor-column-gap-default\">\n\t\t\t\t\t<div class=\"elementor-column elementor-col-100 elementor-top-column elementor-element elementor-element-28406b2\" data-id=\"28406b2\" data-element_type=\"column\" data-e-type=\"column\">\n\t\t\t<div class=\"elementor-widget-wrap elementor-element-populated\">\n\t\t\t\t\t\t<div class=\"elementor-element elementor-element-66f2f49 elementor-widget elementor-widget-heading\" data-id=\"66f2f49\" data-element_type=\"widget\" data-e-type=\"widget\" data-widget_type=\"heading.default\">\n\t\t\t\t<div class=\"elementor-widget-container\">\n\t\t\t\t\t<h3 class=\"elementor-heading-title elementor-size-default\">2. \u00bfSe adapta al tipo de boda que queremos?<\/h3>\t\t\t\t<\/div>\n\t\t\t\t<\/div>\n\t\t\t\t<div class=\"elementor-element elementor-element-8d748f8 elementor-widget elementor-widget-text-editor\" data-id=\"8d748f8\" data-element_type=\"widget\" data-e-type=\"widget\" data-widget_type=\"text-editor.default\">\n\t\t\t\t<div class=\"elementor-widget-container\">\n\t\t\t\t\t\t\t\t\t<p data-start=\"431\" data-end=\"607\">\u00bfHab\u00e9is pensado en una boda \u00edntima o en una celebraci\u00f3n grande? \u00bfCon ceremonia al aire libre o cena en interior? El espacio debe adaptarse a c\u00f3mo imagin\u00e1is vuestro d\u00eda, no haceros cambiar vuestro sue\u00f1o.  <\/p>\t\t\t\t\t\t\t\t<\/div>\n\t\t\t\t<\/div>\n\t\t\t\t\t<\/div>\n\t\t<\/div>\n\t\t\t\t\t<\/div>\n\t\t<\/section>\n\t\t\t\t<section class=\"elementor-section elementor-top-section elementor-element elementor-element-4a00d84 elementor-section-boxed elementor-section-height-default elementor-section-height-default qodef-elementor-content-no\" data-id=\"4a00d84\" data-element_type=\"section\" data-e-type=\"section\">\n\t\t\t\t\t\t<div class=\"elementor-container elementor-column-gap-default\">\n\t\t\t\t\t<div class=\"elementor-column elementor-col-100 elementor-top-column elementor-element elementor-element-e5d4616\" data-id=\"e5d4616\" data-element_type=\"column\" data-e-type=\"column\">\n\t\t\t<div class=\"elementor-widget-wrap elementor-element-populated\">\n\t\t\t\t\t\t<div class=\"elementor-element elementor-element-f2858d8 elementor-widget elementor-widget-heading\" data-id=\"f2858d8\" data-element_type=\"widget\" data-e-type=\"widget\" data-widget_type=\"heading.default\">\n\t\t\t\t<div class=\"elementor-widget-container\">\n\t\t\t\t\t<h3 class=\"elementor-heading-title elementor-size-default\">3. \u00bfHay un plan B en caso de mal tiempo?\n<\/h3>\t\t\t\t<\/div>\n\t\t\t\t<\/div>\n\t\t\t\t<div class=\"elementor-element elementor-element-8e28249 elementor-widget elementor-widget-text-editor\" data-id=\"8e28249\" data-element_type=\"widget\" data-e-type=\"widget\" data-widget_type=\"text-editor.default\">\n\t\t\t\t<div class=\"elementor-widget-container\">\n\t\t\t\t\t\t\t\t\t<p data-start=\"660\" data-end=\"817\">Important\u00edsimo. Si llueve, hace mucho viento o calor, necesit\u00e1is saber c\u00f3mo se gestionar\u00e1. Y que el plan B tambi\u00e9n sea bonito y coherente con el estilo de vuestra boda.  <\/p>\t\t\t\t\t\t\t\t<\/div>\n\t\t\t\t<\/div>\n\t\t\t\t\t<\/div>\n\t\t<\/div>\n\t\t\t\t\t<\/div>\n\t\t<\/section>\n\t\t\t\t<section class=\"elementor-section elementor-top-section elementor-element elementor-element-0ed4a40 elementor-section-boxed elementor-section-height-default elementor-section-height-default qodef-elementor-content-no\" data-id=\"0ed4a40\" data-element_type=\"section\" data-e-type=\"section\">\n\t\t\t\t\t\t<div class=\"elementor-container elementor-column-gap-default\">\n\t\t\t\t\t<div class=\"elementor-column elementor-col-100 elementor-top-column elementor-element elementor-element-6b99563\" data-id=\"6b99563\" data-element_type=\"column\" data-e-type=\"column\">\n\t\t\t<div class=\"elementor-widget-wrap elementor-element-populated\">\n\t\t\t\t\t\t<div class=\"elementor-element elementor-element-b25b5da elementor-widget elementor-widget-heading\" data-id=\"b25b5da\" data-element_type=\"widget\" data-e-type=\"widget\" data-widget_type=\"heading.default\">\n\t\t\t\t<div class=\"elementor-widget-container\">\n\t\t\t\t\t<h3 class=\"elementor-heading-title elementor-size-default\">4. \u00bfPodemos personalizar el espacio a nuestro gusto?\n<\/h3>\t\t\t\t<\/div>\n\t\t\t\t<\/div>\n\t\t\t\t<div class=\"elementor-element elementor-element-fbd5204 elementor-widget elementor-widget-text-editor\" data-id=\"fbd5204\" data-element_type=\"widget\" data-e-type=\"widget\" data-widget_type=\"text-editor.default\">\n\t\t\t\t<div class=\"elementor-widget-container\">\n\t\t\t\t\t\t\t\t\t<p data-start=\"876\" data-end=\"1052\">Preguntad si pod\u00e9is hacer vuestra propia decoraci\u00f3n, traer vuestro catering o decidir c\u00f3mo ser\u00e1 la ceremonia. Cada pareja es diferente, y el espacio debe poder reflejarlo. <\/p>\t\t\t\t\t\t\t\t<\/div>\n\t\t\t\t<\/div>\n\t\t\t\t<div class=\"elementor-element elementor-element-73097bf elementor-widget elementor-widget-image\" data-id=\"73097bf\" data-element_type=\"widget\" data-e-type=\"widget\" data-widget_type=\"image.default\">\n\t\t\t\t<div class=\"elementor-widget-container\">\n\t\t\t\t\t\t\t\t\t\t\t\t\t\t\t<img decoding=\"async\" width=\"1024\" height=\"683\" src=\"https:\/\/dosterraswinegarden.com\/wp-content\/uploads\/2023\/10\/nye_coctel-144-1024x683.jpg\" class=\"attachment-large size-large wp-image-15295\" alt=\"\" srcset=\"https:\/\/dosterraswinegarden.com\/wp-content\/uploads\/2023\/10\/nye_coctel-144-1024x683.jpg 1024w, https:\/\/dosterraswinegarden.com\/wp-content\/uploads\/2023\/10\/nye_coctel-144-300x200.jpg 300w, https:\/\/dosterraswinegarden.com\/wp-content\/uploads\/2023\/10\/nye_coctel-144-768x512.jpg 768w, https:\/\/dosterraswinegarden.com\/wp-content\/uploads\/2023\/10\/nye_coctel-144-1536x1024.jpg 1536w, https:\/\/dosterraswinegarden.com\/wp-content\/uploads\/2023\/10\/nye_coctel-144-2048x1365.jpg 2048w\" sizes=\"(max-width: 1024px) 100vw, 1024px\" \/>\t\t\t\t\t\t\t\t\t\t\t\t\t\t\t<\/div>\n\t\t\t\t<\/div>\n\t\t\t\t\t<\/div>\n\t\t<\/div>\n\t\t\t\t\t<\/div>\n\t\t<\/section>\n\t\t\t\t<section class=\"elementor-section elementor-top-section elementor-element elementor-element-06dceb9 elementor-section-boxed elementor-section-height-default elementor-section-height-default qodef-elementor-content-no\" data-id=\"06dceb9\" data-element_type=\"section\" data-e-type=\"section\">\n\t\t\t\t\t\t<div class=\"elementor-container elementor-column-gap-default\">\n\t\t\t\t\t<div class=\"elementor-column elementor-col-100 elementor-top-column elementor-element elementor-element-2d7d260\" data-id=\"2d7d260\" data-element_type=\"column\" data-e-type=\"column\">\n\t\t\t<div class=\"elementor-widget-wrap elementor-element-populated\">\n\t\t\t\t\t\t<div class=\"elementor-element elementor-element-35237c1 elementor-widget elementor-widget-heading\" data-id=\"35237c1\" data-element_type=\"widget\" data-e-type=\"widget\" data-widget_type=\"heading.default\">\n\t\t\t\t<div class=\"elementor-widget-container\">\n\t\t\t\t\t<h3 class=\"elementor-heading-title elementor-size-default\">5. \u00bfTiene la energ\u00eda y los valores que buscamos?\n<\/h3>\t\t\t\t<\/div>\n\t\t\t\t<\/div>\n\t\t\t\t<div class=\"elementor-element elementor-element-63eb368 elementor-widget elementor-widget-text-editor\" data-id=\"63eb368\" data-element_type=\"widget\" data-e-type=\"widget\" data-widget_type=\"text-editor.default\">\n\t\t\t\t<div class=\"elementor-widget-container\">\n\t\t\t\t\t\t\t\t\t<p>M\u00e1s all\u00e1 de la log\u00edstica: \u00bfos transmite paz? \u00bfEs un lugar acogedor, cercano, natural? Hay espacios bonitos pero fr\u00edos\u2026 y otros que tienen alma. Elegid con el coraz\u00f3n.   <\/p>\t\t\t\t\t\t\t\t<\/div>\n\t\t\t\t<\/div>\n\t\t\t\t<div class=\"elementor-element elementor-element-a02a63e elementor-widget elementor-widget-image\" data-id=\"a02a63e\" data-element_type=\"widget\" data-e-type=\"widget\" data-widget_type=\"image.default\">\n\t\t\t\t<div class=\"elementor-widget-container\">\n\t\t\t\t\t\t\t\t\t\t\t\t\t\t\t<img decoding=\"async\" width=\"1024\" height=\"682\" src=\"https:\/\/dosterraswinegarden.com\/wp-content\/uploads\/2025\/07\/DSC_7368-1024x682.jpg\" class=\"attachment-large size-large wp-image-19328\" alt=\"\" srcset=\"https:\/\/dosterraswinegarden.com\/wp-content\/uploads\/2025\/07\/DSC_7368-1024x682.jpg 1024w, https:\/\/dosterraswinegarden.com\/wp-content\/uploads\/2025\/07\/DSC_7368-300x200.jpg 300w, https:\/\/dosterraswinegarden.com\/wp-content\/uploads\/2025\/07\/DSC_7368-768x512.jpg 768w, https:\/\/dosterraswinegarden.com\/wp-content\/uploads\/2025\/07\/DSC_7368-1536x1023.jpg 1536w, https:\/\/dosterraswinegarden.com\/wp-content\/uploads\/2025\/07\/DSC_7368-2048x1364.jpg 2048w\" sizes=\"(max-width: 1024px) 100vw, 1024px\" \/>\t\t\t\t\t\t\t\t\t\t\t\t\t\t\t<\/div>\n\t\t\t\t<\/div>\n\t\t\t\t\t<\/div>\n\t\t<\/div>\n\t\t\t\t\t<\/div>\n\t\t<\/section>\n\t\t\t\t<section class=\"elementor-section elementor-top-section elementor-element elementor-element-7870dc6 elementor-section-boxed elementor-section-height-default elementor-section-height-default qodef-elementor-content-no\" data-id=\"7870dc6\" data-element_type=\"section\" data-e-type=\"section\">\n\t\t\t\t\t\t<div class=\"elementor-container elementor-column-gap-default\">\n\t\t\t\t\t<div class=\"elementor-column elementor-col-100 elementor-top-column elementor-element elementor-element-39a3837\" data-id=\"39a3837\" data-element_type=\"column\" data-e-type=\"column\">\n\t\t\t<div class=\"elementor-widget-wrap elementor-element-populated\">\n\t\t\t\t\t\t<div class=\"elementor-element elementor-element-207f90c elementor-widget elementor-widget-heading\" data-id=\"207f90c\" data-element_type=\"widget\" data-e-type=\"widget\" data-widget_type=\"heading.default\">\n\t\t\t\t<div class=\"elementor-widget-container\">\n\t\t\t\t\t<h3 class=\"elementor-heading-title elementor-size-default\">Un \u201cs\u00ed\u201d con alma, entre vi\u00f1as.\n<\/h3>\t\t\t\t<\/div>\n\t\t\t\t<\/div>\n\t\t\t\t<div class=\"elementor-element elementor-element-e51363f elementor-widget elementor-widget-text-editor\" data-id=\"e51363f\" data-element_type=\"widget\" data-e-type=\"widget\" data-widget_type=\"text-editor.default\">\n\t\t\t\t<div class=\"elementor-widget-container\">\n\t\t\t\t\t\t\t\t\t<p data-start=\"113\" data-end=\"276\">Si, despu\u00e9s de haceros estas preguntas, est\u00e1is buscando un lugar con calma, autenticidad y naturaleza&#8230; en <strong data-start=\"210\" data-end=\"235\">Dosterras Wine Garden<\/strong> quiz\u00e1 encontr\u00e9is lo que est\u00e1is buscando.<\/p><p data-start=\"278\" data-end=\"455\">Un jard\u00edn entre vi\u00f1as, una luz que acaricia, un silencio que acompa\u00f1a, y un equipo que quiere estar a vuestro costat sin imponer. No hacemos bodas en serie. Creamos espacios para amar tal como sois.  <\/p><p data-start=\"457\" data-end=\"496\" data-is-last-node=\"\" data-is-only-node=\"\"><strong data-start=\"457\" data-end=\"496\" data-is-last-node=\"\">Si quer\u00e9is un \u201cs\u00ed\u201d con alma, hablemos.<\/strong><\/p><p><a href=\"https:\/\/dosterraswinegarden.com\/es\/contacto\/\">Contacta con nosotros<\/a><\/p>\t\t\t\t\t\t\t\t<\/div>\n\t\t\t\t<\/div>\n\t\t\t\t\t<\/div>\n\t\t<\/div>\n\t\t\t\t\t<\/div>\n\t\t<\/section>\n\t\t\t\t<\/div>\n\t\t","protected":false},"excerpt":{"rendered":"<p>Antes de decidir d\u00f3nde casaros, haceos estas 5 preguntas esenciales y encontrad un espacio que os represente, os emocione y se adapte a vosotros.<\/p>\n","protected":false},"author":5,"featured_media":19319,"comment_status":"closed","ping_status":"closed","sticky":false,"template":"","format":"standard","meta":{"_themeisle_gutenberg_block_has_review":false,"_joinchat":[],"footnotes":""},"categories":[136],"tags":[],"class_list":["post-19335","post","type-post","status-publish","format-standard","has-post-thumbnail","hentry","category-bodas"],"yoast_head":"<!-- This site is optimized with the Yoast SEO plugin v27.5 - https:\/\/yoast.com\/product\/yoast-seo-wordpress\/ -->\n<title>5 preguntas para elegir el espacio de tu boda - Dosterras Wine Garden<\/title>\n<meta name=\"description\" content=\"Fes-te aquestes 5 preguntes per triar l&#039;espai del teu casament i, aix\u00ed trobeu un espai que us representi, us emocioni i s\u2019adapti a vosaltres.\" \/>\n<meta name=\"robots\" content=\"index, follow, max-snippet:-1, max-image-preview:large, max-video-preview:-1\" \/>\n<link rel=\"canonical\" href=\"https:\/\/dosterraswinegarden.com\/es\/news\/5-preguntas-para-elegir-el-espacio-de-tu-boda\/\" \/>\n<meta property=\"og:locale\" content=\"es_ES\" \/>\n<meta property=\"og:type\" content=\"article\" \/>\n<meta property=\"og:title\" content=\"5 preguntas para elegir el espacio de tu boda - Dosterras Wine Garden\" \/>\n<meta property=\"og:description\" content=\"Fes-te aquestes 5 preguntes per triar l&#039;espai del teu casament i, aix\u00ed trobeu un espai que us representi, us emocioni i s\u2019adapti a vosaltres.\" \/>\n<meta property=\"og:url\" content=\"https:\/\/dosterraswinegarden.com\/es\/news\/5-preguntas-para-elegir-el-espacio-de-tu-boda\/\" \/>\n<meta property=\"og:site_name\" content=\"Dosterras Wine Garden\" \/>\n<meta property=\"article:published_time\" content=\"2025-07-30T18:50:50+00:00\" \/>\n<meta property=\"article:modified_time\" content=\"2025-07-30T19:17:18+00:00\" \/>\n<meta property=\"og:image\" content=\"https:\/\/dosterraswinegarden.com\/wp-content\/uploads\/2025\/07\/DSC_7492-scaled.jpg\" \/>\n\t<meta property=\"og:image:width\" content=\"2560\" \/>\n\t<meta property=\"og:image:height\" content=\"1705\" \/>\n\t<meta property=\"og:image:type\" content=\"image\/jpeg\" \/>\n<meta name=\"author\" content=\"Mariona Pellicer\" \/>\n<meta name=\"twitter:card\" content=\"summary_large_image\" \/>\n<meta name=\"twitter:label1\" content=\"Escrito por\" \/>\n\t<meta name=\"twitter:data1\" content=\"Mariona Pellicer\" \/>\n\t<meta name=\"twitter:label2\" content=\"Tiempo de lectura\" \/>\n\t<meta name=\"twitter:data2\" content=\"2 minutos\" \/>\n<script type=\"application\/ld+json\" class=\"yoast-schema-graph\">{\"@context\":\"https:\\\/\\\/schema.org\",\"@graph\":[{\"@type\":\"Article\",\"@id\":\"https:\\\/\\\/dosterraswinegarden.com\\\/es\\\/news\\\/5-preguntas-para-elegir-el-espacio-de-tu-boda\\\/#article\",\"isPartOf\":{\"@id\":\"https:\\\/\\\/dosterraswinegarden.com\\\/es\\\/news\\\/5-preguntas-para-elegir-el-espacio-de-tu-boda\\\/\"},\"author\":{\"name\":\"Mariona Pellicer\",\"@id\":\"https:\\\/\\\/dosterraswinegarden.com\\\/#\\\/schema\\\/person\\\/5e4e86b4ab204eaefe917301e52e06d3\"},\"headline\":\"5 preguntas para elegir el espacio de tu boda\",\"datePublished\":\"2025-07-30T18:50:50+00:00\",\"dateModified\":\"2025-07-30T19:17:18+00:00\",\"mainEntityOfPage\":{\"@id\":\"https:\\\/\\\/dosterraswinegarden.com\\\/es\\\/news\\\/5-preguntas-para-elegir-el-espacio-de-tu-boda\\\/\"},\"wordCount\":394,\"image\":{\"@id\":\"https:\\\/\\\/dosterraswinegarden.com\\\/es\\\/news\\\/5-preguntas-para-elegir-el-espacio-de-tu-boda\\\/#primaryimage\"},\"thumbnailUrl\":\"https:\\\/\\\/dosterraswinegarden.com\\\/wp-content\\\/uploads\\\/2025\\\/07\\\/DSC_7492-scaled.jpg\",\"articleSection\":[\"Bodas\"],\"inLanguage\":\"es\"},{\"@type\":\"WebPage\",\"@id\":\"https:\\\/\\\/dosterraswinegarden.com\\\/es\\\/news\\\/5-preguntas-para-elegir-el-espacio-de-tu-boda\\\/\",\"url\":\"https:\\\/\\\/dosterraswinegarden.com\\\/es\\\/news\\\/5-preguntas-para-elegir-el-espacio-de-tu-boda\\\/\",\"name\":\"5 preguntas para elegir el espacio de tu boda - Dosterras Wine Garden\",\"isPartOf\":{\"@id\":\"https:\\\/\\\/dosterraswinegarden.com\\\/#website\"},\"primaryImageOfPage\":{\"@id\":\"https:\\\/\\\/dosterraswinegarden.com\\\/es\\\/news\\\/5-preguntas-para-elegir-el-espacio-de-tu-boda\\\/#primaryimage\"},\"image\":{\"@id\":\"https:\\\/\\\/dosterraswinegarden.com\\\/es\\\/news\\\/5-preguntas-para-elegir-el-espacio-de-tu-boda\\\/#primaryimage\"},\"thumbnailUrl\":\"https:\\\/\\\/dosterraswinegarden.com\\\/wp-content\\\/uploads\\\/2025\\\/07\\\/DSC_7492-scaled.jpg\",\"datePublished\":\"2025-07-30T18:50:50+00:00\",\"dateModified\":\"2025-07-30T19:17:18+00:00\",\"author\":{\"@id\":\"https:\\\/\\\/dosterraswinegarden.com\\\/#\\\/schema\\\/person\\\/5e4e86b4ab204eaefe917301e52e06d3\"},\"description\":\"Fes-te aquestes 5 preguntes per triar l'espai del teu casament i, aix\u00ed trobeu un espai que us representi, us emocioni i s\u2019adapti a vosaltres.\",\"breadcrumb\":{\"@id\":\"https:\\\/\\\/dosterraswinegarden.com\\\/es\\\/news\\\/5-preguntas-para-elegir-el-espacio-de-tu-boda\\\/#breadcrumb\"},\"inLanguage\":\"es\",\"potentialAction\":[{\"@type\":\"ReadAction\",\"target\":[\"https:\\\/\\\/dosterraswinegarden.com\\\/es\\\/news\\\/5-preguntas-para-elegir-el-espacio-de-tu-boda\\\/\"]}]},{\"@type\":\"ImageObject\",\"inLanguage\":\"es\",\"@id\":\"https:\\\/\\\/dosterraswinegarden.com\\\/es\\\/news\\\/5-preguntas-para-elegir-el-espacio-de-tu-boda\\\/#primaryimage\",\"url\":\"https:\\\/\\\/dosterraswinegarden.com\\\/wp-content\\\/uploads\\\/2025\\\/07\\\/DSC_7492-scaled.jpg\",\"contentUrl\":\"https:\\\/\\\/dosterraswinegarden.com\\\/wp-content\\\/uploads\\\/2025\\\/07\\\/DSC_7492-scaled.jpg\",\"width\":2560,\"height\":1705},{\"@type\":\"BreadcrumbList\",\"@id\":\"https:\\\/\\\/dosterraswinegarden.com\\\/es\\\/news\\\/5-preguntas-para-elegir-el-espacio-de-tu-boda\\\/#breadcrumb\",\"itemListElement\":[{\"@type\":\"ListItem\",\"position\":1,\"name\":\"Inici\",\"item\":\"https:\\\/\\\/dosterraswinegarden.com\\\/es\\\/\"},{\"@type\":\"ListItem\",\"position\":2,\"name\":\"5 preguntas para elegir el espacio de tu boda\"}]},{\"@type\":\"WebSite\",\"@id\":\"https:\\\/\\\/dosterraswinegarden.com\\\/#website\",\"url\":\"https:\\\/\\\/dosterraswinegarden.com\\\/\",\"name\":\"Dosterras Wine Garden\",\"description\":\"Bodes, events i vins al Priorat\",\"potentialAction\":[{\"@type\":\"SearchAction\",\"target\":{\"@type\":\"EntryPoint\",\"urlTemplate\":\"https:\\\/\\\/dosterraswinegarden.com\\\/?s={search_term_string}\"},\"query-input\":{\"@type\":\"PropertyValueSpecification\",\"valueRequired\":true,\"valueName\":\"search_term_string\"}}],\"inLanguage\":\"es\"},{\"@type\":\"Person\",\"@id\":\"https:\\\/\\\/dosterraswinegarden.com\\\/#\\\/schema\\\/person\\\/5e4e86b4ab204eaefe917301e52e06d3\",\"name\":\"Mariona Pellicer\",\"image\":{\"@type\":\"ImageObject\",\"inLanguage\":\"es\",\"@id\":\"https:\\\/\\\/secure.gravatar.com\\\/avatar\\\/ac957e29a1e14e0bf3566a873be24a7254c7abaa12137fad6da725f42d683d48?s=96&d=blank&r=g\",\"url\":\"https:\\\/\\\/secure.gravatar.com\\\/avatar\\\/ac957e29a1e14e0bf3566a873be24a7254c7abaa12137fad6da725f42d683d48?s=96&d=blank&r=g\",\"contentUrl\":\"https:\\\/\\\/secure.gravatar.com\\\/avatar\\\/ac957e29a1e14e0bf3566a873be24a7254c7abaa12137fad6da725f42d683d48?s=96&d=blank&r=g\",\"caption\":\"Mariona Pellicer\"},\"url\":\"https:\\\/\\\/dosterraswinegarden.com\\\/es\\\/news\\\/author\\\/mariona\\\/\"}]}<\/script>\n<!-- \/ Yoast SEO plugin. -->","yoast_head_json":{"title":"5 preguntas para elegir el espacio de tu boda - Dosterras Wine Garden","description":"Fes-te aquestes 5 preguntes per triar l'espai del teu casament i, aix\u00ed trobeu un espai que us representi, us emocioni i s\u2019adapti a vosaltres.","robots":{"index":"index","follow":"follow","max-snippet":"max-snippet:-1","max-image-preview":"max-image-preview:large","max-video-preview":"max-video-preview:-1"},"canonical":"https:\/\/dosterraswinegarden.com\/es\/news\/5-preguntas-para-elegir-el-espacio-de-tu-boda\/","og_locale":"es_ES","og_type":"article","og_title":"5 preguntas para elegir el espacio de tu boda - Dosterras Wine Garden","og_description":"Fes-te aquestes 5 preguntes per triar l'espai del teu casament i, aix\u00ed trobeu un espai que us representi, us emocioni i s\u2019adapti a vosaltres.","og_url":"https:\/\/dosterraswinegarden.com\/es\/news\/5-preguntas-para-elegir-el-espacio-de-tu-boda\/","og_site_name":"Dosterras Wine Garden","article_published_time":"2025-07-30T18:50:50+00:00","article_modified_time":"2025-07-30T19:17:18+00:00","og_image":[{"width":2560,"height":1705,"url":"https:\/\/dosterraswinegarden.com\/wp-content\/uploads\/2025\/07\/DSC_7492-scaled.jpg","type":"image\/jpeg"}],"author":"Mariona Pellicer","twitter_card":"summary_large_image","twitter_misc":{"Escrito por":"Mariona Pellicer","Tiempo de lectura":"2 minutos"},"schema":{"@context":"https:\/\/schema.org","@graph":[{"@type":"Article","@id":"https:\/\/dosterraswinegarden.com\/es\/news\/5-preguntas-para-elegir-el-espacio-de-tu-boda\/#article","isPartOf":{"@id":"https:\/\/dosterraswinegarden.com\/es\/news\/5-preguntas-para-elegir-el-espacio-de-tu-boda\/"},"author":{"name":"Mariona Pellicer","@id":"https:\/\/dosterraswinegarden.com\/#\/schema\/person\/5e4e86b4ab204eaefe917301e52e06d3"},"headline":"5 preguntas para elegir el espacio de tu boda","datePublished":"2025-07-30T18:50:50+00:00","dateModified":"2025-07-30T19:17:18+00:00","mainEntityOfPage":{"@id":"https:\/\/dosterraswinegarden.com\/es\/news\/5-preguntas-para-elegir-el-espacio-de-tu-boda\/"},"wordCount":394,"image":{"@id":"https:\/\/dosterraswinegarden.com\/es\/news\/5-preguntas-para-elegir-el-espacio-de-tu-boda\/#primaryimage"},"thumbnailUrl":"https:\/\/dosterraswinegarden.com\/wp-content\/uploads\/2025\/07\/DSC_7492-scaled.jpg","articleSection":["Bodas"],"inLanguage":"es"},{"@type":"WebPage","@id":"https:\/\/dosterraswinegarden.com\/es\/news\/5-preguntas-para-elegir-el-espacio-de-tu-boda\/","url":"https:\/\/dosterraswinegarden.com\/es\/news\/5-preguntas-para-elegir-el-espacio-de-tu-boda\/","name":"5 preguntas para elegir el espacio de tu boda - Dosterras Wine Garden","isPartOf":{"@id":"https:\/\/dosterraswinegarden.com\/#website"},"primaryImageOfPage":{"@id":"https:\/\/dosterraswinegarden.com\/es\/news\/5-preguntas-para-elegir-el-espacio-de-tu-boda\/#primaryimage"},"image":{"@id":"https:\/\/dosterraswinegarden.com\/es\/news\/5-preguntas-para-elegir-el-espacio-de-tu-boda\/#primaryimage"},"thumbnailUrl":"https:\/\/dosterraswinegarden.com\/wp-content\/uploads\/2025\/07\/DSC_7492-scaled.jpg","datePublished":"2025-07-30T18:50:50+00:00","dateModified":"2025-07-30T19:17:18+00:00","author":{"@id":"https:\/\/dosterraswinegarden.com\/#\/schema\/person\/5e4e86b4ab204eaefe917301e52e06d3"},"description":"Fes-te aquestes 5 preguntes per triar l'espai del teu casament i, aix\u00ed trobeu un espai que us representi, us emocioni i s\u2019adapti a vosaltres.","breadcrumb":{"@id":"https:\/\/dosterraswinegarden.com\/es\/news\/5-preguntas-para-elegir-el-espacio-de-tu-boda\/#breadcrumb"},"inLanguage":"es","potentialAction":[{"@type":"ReadAction","target":["https:\/\/dosterraswinegarden.com\/es\/news\/5-preguntas-para-elegir-el-espacio-de-tu-boda\/"]}]},{"@type":"ImageObject","inLanguage":"es","@id":"https:\/\/dosterraswinegarden.com\/es\/news\/5-preguntas-para-elegir-el-espacio-de-tu-boda\/#primaryimage","url":"https:\/\/dosterraswinegarden.com\/wp-content\/uploads\/2025\/07\/DSC_7492-scaled.jpg","contentUrl":"https:\/\/dosterraswinegarden.com\/wp-content\/uploads\/2025\/07\/DSC_7492-scaled.jpg","width":2560,"height":1705},{"@type":"BreadcrumbList","@id":"https:\/\/dosterraswinegarden.com\/es\/news\/5-preguntas-para-elegir-el-espacio-de-tu-boda\/#breadcrumb","itemListElement":[{"@type":"ListItem","position":1,"name":"Inici","item":"https:\/\/dosterraswinegarden.com\/es\/"},{"@type":"ListItem","position":2,"name":"5 preguntas para elegir el espacio de tu boda"}]},{"@type":"WebSite","@id":"https:\/\/dosterraswinegarden.com\/#website","url":"https:\/\/dosterraswinegarden.com\/","name":"Dosterras Wine Garden","description":"Bodes, events i vins al Priorat","potentialAction":[{"@type":"SearchAction","target":{"@type":"EntryPoint","urlTemplate":"https:\/\/dosterraswinegarden.com\/?s={search_term_string}"},"query-input":{"@type":"PropertyValueSpecification","valueRequired":true,"valueName":"search_term_string"}}],"inLanguage":"es"},{"@type":"Person","@id":"https:\/\/dosterraswinegarden.com\/#\/schema\/person\/5e4e86b4ab204eaefe917301e52e06d3","name":"Mariona Pellicer","image":{"@type":"ImageObject","inLanguage":"es","@id":"https:\/\/secure.gravatar.com\/avatar\/ac957e29a1e14e0bf3566a873be24a7254c7abaa12137fad6da725f42d683d48?s=96&d=blank&r=g","url":"https:\/\/secure.gravatar.com\/avatar\/ac957e29a1e14e0bf3566a873be24a7254c7abaa12137fad6da725f42d683d48?s=96&d=blank&r=g","contentUrl":"https:\/\/secure.gravatar.com\/avatar\/ac957e29a1e14e0bf3566a873be24a7254c7abaa12137fad6da725f42d683d48?s=96&d=blank&r=g","caption":"Mariona Pellicer"},"url":"https:\/\/dosterraswinegarden.com\/es\/news\/author\/mariona\/"}]}},"_links":{"self":[{"href":"https:\/\/dosterraswinegarden.com\/es\/wp-json\/wp\/v2\/posts\/19335","targetHints":{"allow":["GET"]}}],"collection":[{"href":"https:\/\/dosterraswinegarden.com\/es\/wp-json\/wp\/v2\/posts"}],"about":[{"href":"https:\/\/dosterraswinegarden.com\/es\/wp-json\/wp\/v2\/types\/post"}],"author":[{"embeddable":true,"href":"https:\/\/dosterraswinegarden.com\/es\/wp-json\/wp\/v2\/users\/5"}],"replies":[{"embeddable":true,"href":"https:\/\/dosterraswinegarden.com\/es\/wp-json\/wp\/v2\/comments?post=19335"}],"version-history":[{"count":1,"href":"https:\/\/dosterraswinegarden.com\/es\/wp-json\/wp\/v2\/posts\/19335\/revisions"}],"predecessor-version":[{"id":19336,"href":"https:\/\/dosterraswinegarden.com\/es\/wp-json\/wp\/v2\/posts\/19335\/revisions\/19336"}],"wp:featuredmedia":[{"embeddable":true,"href":"https:\/\/dosterraswinegarden.com\/es\/wp-json\/wp\/v2\/media\/19319"}],"wp:attachment":[{"href":"https:\/\/dosterraswinegarden.com\/es\/wp-json\/wp\/v2\/media?parent=19335"}],"wp:term":[{"taxonomy":"category","embeddable":true,"href":"https:\/\/dosterraswinegarden.com\/es\/wp-json\/wp\/v2\/categories?post=19335"},{"taxonomy":"post_tag","embeddable":true,"href":"https:\/\/dosterraswinegarden.com\/es\/wp-json\/wp\/v2\/tags?post=19335"}],"curies":[{"name":"wp","href":"https:\/\/api.w.org\/{rel}","templated":true}]}}