{"id":19339,"date":"2025-07-08T12:27:46","date_gmt":"2025-07-08T12:27:46","guid":{"rendered":"https:\/\/dosterraswinegarden.com\/news\/este-verano-vive-el-priorat\/"},"modified":"2025-07-30T20:31:22","modified_gmt":"2025-07-30T20:31:22","slug":"este-verano-vive-el-priorat","status":"publish","type":"post","link":"https:\/\/dosterraswinegarden.com\/es\/news\/este-verano-vive-el-priorat\/","title":{"rendered":"Este verano, vive el Priorat."},"content":{"rendered":"\t\t<div data-elementor-type=\"wp-post\" data-elementor-id=\"19339\" class=\"elementor elementor-19339 elementor-19305\">\n\t\t\t\t\t\t<section class=\"elementor-section elementor-top-section elementor-element elementor-element-ab2f973 elementor-section-boxed elementor-section-height-default elementor-section-height-default qodef-elementor-content-no\" data-id=\"ab2f973\" data-element_type=\"section\" data-e-type=\"section\">\n\t\t\t\t\t\t<div class=\"elementor-container elementor-column-gap-default\">\n\t\t\t\t\t<div class=\"elementor-column elementor-col-100 elementor-top-column elementor-element elementor-element-3c6fbd5\" data-id=\"3c6fbd5\" data-element_type=\"column\" data-e-type=\"column\">\n\t\t\t<div class=\"elementor-widget-wrap elementor-element-populated\">\n\t\t\t\t\t\t<div class=\"elementor-element elementor-element-a9205a8 elementor-widget elementor-widget-text-editor\" data-id=\"a9205a8\" data-element_type=\"widget\" data-e-type=\"widget\" data-widget_type=\"text-editor.default\">\n\t\t\t\t<div class=\"elementor-widget-container\">\n\t\t\t\t\t\t\t\t\t<p data-start=\"142\" data-end=\"409\"><strong data-start=\"142\" data-end=\"174\">Aquest estiu, viu el Priorat <\/strong>com mai abans: entre vinyes, nits estelades, tastos de vins amb \u00e0nima i pobles que et reben amb calma i encant. Si busques una escapada aut\u00e8ntica, lluny del bullici, el Priorat t\u2019ofereix experi\u00e8ncies que es viuen amb tots els sentits. <\/p><p data-start=\"411\" data-end=\"569\">Desde ferias locales hasta catas bajo la luna, te proponemos cuatro planes reales y especiales para aprovechar agosto en el coraz\u00f3n de un territorio que enamora a cada paso.<\/p>\t\t\t\t\t\t\t\t<\/div>\n\t\t\t\t<\/div>\n\t\t\t\t\t<\/div>\n\t\t<\/div>\n\t\t\t\t\t<\/div>\n\t\t<\/section>\n\t\t\t\t<section class=\"elementor-section elementor-top-section elementor-element elementor-element-ac297b8 elementor-section-boxed elementor-section-height-default elementor-section-height-default qodef-elementor-content-no\" data-id=\"ac297b8\" data-element_type=\"section\" data-e-type=\"section\">\n\t\t\t\t\t\t<div class=\"elementor-container elementor-column-gap-default\">\n\t\t\t\t\t<div class=\"elementor-column elementor-col-100 elementor-top-column elementor-element elementor-element-cefd290\" data-id=\"cefd290\" data-element_type=\"column\" data-e-type=\"column\">\n\t\t\t<div class=\"elementor-widget-wrap elementor-element-populated\">\n\t\t\t\t\t\t<div class=\"elementor-element elementor-element-c913503 elementor-widget elementor-widget-heading\" data-id=\"c913503\" data-element_type=\"widget\" data-e-type=\"widget\" data-widget_type=\"heading.default\">\n\t\t\t\t<div class=\"elementor-widget-container\">\n\t\t\t\t\t<h3 class=\"elementor-heading-title elementor-size-default\">Molar Tast 2025 \u2013 cata, m\u00fasica y artesan\u00eda\n<\/h3>\t\t\t\t<\/div>\n\t\t\t\t<\/div>\n\t\t\t\t<div class=\"elementor-element elementor-element-2123b99 elementor-widget elementor-widget-text-editor\" data-id=\"2123b99\" data-element_type=\"widget\" data-e-type=\"widget\" data-widget_type=\"text-editor.default\">\n\t\t\t\t<div class=\"elementor-widget-container\">\n\t\t\t\t\t\t\t\t\t<p data-start=\"161\" data-end=\"434\"><strong data-start=\"161\" data-end=\"170\">Cu\u00e1ndo:<\/strong> 9 de agosto a partir de las 19\u202fh, en la Plaza de El Molar.<br data-start=\"222\" data-end=\"225\"><span class=\"relative -mx-px my-[-0.2rem] rounded px-px py-[0.2rem] transition-colors duration-100 ease-in-out\">La popular feria <strong data-start=\"16\" data-end=\"30\">Molar Tast<\/strong> combina catas de vinos de bodegas locales con puestos de artesan\u00eda, gastronom\u00eda km\u202f0 y m\u00fasica en directo. Las catas comienzan a las 19\u202fh con Jordi Grifoll y a las 22\u202fh hay concierto de H2O Banda 80s.  <\/span><\/p><p data-start=\"161\" data-end=\"434\"><strong data-start=\"303\" data-end=\"319\">Consejo pr\u00e1ctico<\/strong>: lleva tu copa o c\u00f3mprala all\u00ed (2\u202f\u20ac). Ideal para terminar el d\u00eda con buen ambiente y paisaje al atardecer. <\/p>\t\t\t\t\t\t\t\t<\/div>\n\t\t\t\t<\/div>\n\t\t\t\t<div class=\"elementor-element elementor-element-c0f3586 elementor-widget elementor-widget-image\" data-id=\"c0f3586\" data-element_type=\"widget\" data-e-type=\"widget\" data-widget_type=\"image.default\">\n\t\t\t\t<div class=\"elementor-widget-container\">\n\t\t\t\t\t\t\t\t\t\t\t\t\t\t\t<img fetchpriority=\"high\" decoding=\"async\" width=\"1024\" height=\"683\" src=\"https:\/\/dosterraswinegarden.com\/wp-content\/uploads\/2025\/07\/Imatges-DWG-2-1024x683.jpg\" class=\"attachment-large size-large wp-image-19309\" alt=\"\" srcset=\"https:\/\/dosterraswinegarden.com\/wp-content\/uploads\/2025\/07\/Imatges-DWG-2-1024x683.jpg 1024w, https:\/\/dosterraswinegarden.com\/wp-content\/uploads\/2025\/07\/Imatges-DWG-2-300x200.jpg 300w, https:\/\/dosterraswinegarden.com\/wp-content\/uploads\/2025\/07\/Imatges-DWG-2-768x512.jpg 768w, https:\/\/dosterraswinegarden.com\/wp-content\/uploads\/2025\/07\/Imatges-DWG-2-1536x1024.jpg 1536w, https:\/\/dosterraswinegarden.com\/wp-content\/uploads\/2025\/07\/Imatges-DWG-2-2048x1366.jpg 2048w\" sizes=\"(max-width: 1024px) 100vw, 1024px\" \/>\t\t\t\t\t\t\t\t\t\t\t\t\t\t\t<\/div>\n\t\t\t\t<\/div>\n\t\t\t\t\t<\/div>\n\t\t<\/div>\n\t\t\t\t\t<\/div>\n\t\t<\/section>\n\t\t\t\t<section class=\"elementor-section elementor-top-section elementor-element elementor-element-0475746 elementor-section-boxed elementor-section-height-default elementor-section-height-default qodef-elementor-content-no\" data-id=\"0475746\" data-element_type=\"section\" data-e-type=\"section\">\n\t\t\t\t\t\t<div class=\"elementor-container elementor-column-gap-default\">\n\t\t\t\t\t<div class=\"elementor-column elementor-col-100 elementor-top-column elementor-element elementor-element-28406b2\" data-id=\"28406b2\" data-element_type=\"column\" data-e-type=\"column\">\n\t\t\t<div class=\"elementor-widget-wrap elementor-element-populated\">\n\t\t\t\t\t\t<div class=\"elementor-element elementor-element-66f2f49 elementor-widget elementor-widget-heading\" data-id=\"66f2f49\" data-element_type=\"widget\" data-e-type=\"widget\" data-widget_type=\"heading.default\">\n\t\t\t\t<div class=\"elementor-widget-container\">\n\t\t\t\t\t<h3 class=\"elementor-heading-title elementor-size-default\">Cata de vinos bajo la luna y las estrellas en Mas Ard\u00e8vol\n<\/h3>\t\t\t\t<\/div>\n\t\t\t\t<\/div>\n\t\t\t\t<div class=\"elementor-element elementor-element-8d748f8 elementor-widget elementor-widget-text-editor\" data-id=\"8d748f8\" data-element_type=\"widget\" data-e-type=\"widget\" data-widget_type=\"text-editor.default\">\n\t\t\t\t<div class=\"elementor-widget-container\">\n\t\t\t\t\t\t\t\t\t<p data-start=\"509\" data-end=\"734\"><strong data-start=\"509\" data-end=\"518\">Cu\u00e1ndo<\/strong>: 1 de agosto de 2025.<br data-start=\"534\" data-end=\"537\"><span class=\"relative -mx-px my-[-0.2rem] rounded px-px py-[0.2rem] transition-colors duration-100 ease-in-out\">Una experiencia nocturna singular: observaci\u00f3n astron\u00f3mica guiada seguida de una cata de vinos blancos DOQ Priorat con veinte chefs de Porrera (Giol Porrera, Sangen\u00eds i Vaqu\u00e9, Cal Pla\u2026), acompa\u00f1ada de platos frescos de temporada. Precio: 50\u202f\u20ac\/persona. <\/span> <\/p><p data-start=\"509\" data-end=\"734\"><strong data-start=\"615\" data-end=\"631\">Recomendaci\u00f3n:<\/strong> reserva alojamiento (por ejemplo, en Mas Ard\u00e8vol) y vive una noche completamente especial entre vino, cielo y silencio.<\/p>\t\t\t\t\t\t\t\t<\/div>\n\t\t\t\t<\/div>\n\t\t\t\t\t<\/div>\n\t\t<\/div>\n\t\t\t\t\t<\/div>\n\t\t<\/section>\n\t\t\t\t<section class=\"elementor-section elementor-top-section elementor-element elementor-element-4a00d84 elementor-section-boxed elementor-section-height-default elementor-section-height-default qodef-elementor-content-no\" data-id=\"4a00d84\" data-element_type=\"section\" data-e-type=\"section\">\n\t\t\t\t\t\t<div class=\"elementor-container elementor-column-gap-default\">\n\t\t\t\t\t<div class=\"elementor-column elementor-col-100 elementor-top-column elementor-element elementor-element-e5d4616\" data-id=\"e5d4616\" data-element_type=\"column\" data-e-type=\"column\">\n\t\t\t<div class=\"elementor-widget-wrap elementor-element-populated\">\n\t\t\t\t\t\t<div class=\"elementor-element elementor-element-f2858d8 elementor-widget elementor-widget-heading\" data-id=\"f2858d8\" data-element_type=\"widget\" data-e-type=\"widget\" data-widget_type=\"heading.default\">\n\t\t\t\t<div class=\"elementor-widget-container\">\n\t\t\t\t\t<h3 class=\"elementor-heading-title elementor-size-default\">Visitas y catas destacadas en bodegas del Priorat\n<\/h3>\t\t\t\t<\/div>\n\t\t\t\t<\/div>\n\t\t\t\t<div class=\"elementor-element elementor-element-8e28249 elementor-widget elementor-widget-text-editor\" data-id=\"8e28249\" data-element_type=\"widget\" data-e-type=\"widget\" data-widget_type=\"text-editor.default\">\n\t\t\t\t<div class=\"elementor-widget-container\">\n\t\t\t\t\t\t\t\t\t<p data-start=\"253\" data-end=\"476\">Agosto es un momento privilegiado para descubrir los vinos del Priorat all\u00ed donde nacen. Muchas bodegas abren sus puertas para ofrecer catas entre vi\u00f1as, paseos por el paisaje y conversaciones que conectan la copa con la tierra. <\/p><p data-start=\"523\" data-end=\"742\"><strong data-start=\"523\" data-end=\"543\">En el <a href=\"https:\/\/dosterras.com\">Celler Dosterras <\/a>(<\/strong>Mar\u00e7\u00e0) puedes disfrutar de una visita \u00edntima y pausada entre vi\u00f1as y jard\u00edn, donde cada cata se convierte en una historia. Ideal para parejas o grupos peque\u00f1os que buscan una experiencia con alma, belleza y silencio. <\/p><p data-start=\"1214\" data-end=\"1366\"><strong data-start=\"1214\" data-end=\"1226\">Consejo<\/strong>: contacta con antelaci\u00f3n, especialmente en agosto, y pregunta por experiencias especiales como catas al atardecer o maridajes con productos locales.<\/p>\t\t\t\t\t\t\t\t<\/div>\n\t\t\t\t<\/div>\n\t\t\t\t<div class=\"elementor-element elementor-element-73097bf elementor-widget elementor-widget-image\" data-id=\"73097bf\" data-element_type=\"widget\" data-e-type=\"widget\" data-widget_type=\"image.default\">\n\t\t\t\t<div class=\"elementor-widget-container\">\n\t\t\t\t\t\t\t\t\t\t\t\t\t\t\t<img decoding=\"async\" width=\"1024\" height=\"684\" src=\"https:\/\/dosterraswinegarden.com\/wp-content\/uploads\/2023\/08\/FustaiFoc1-scaled-1-1024x684.jpg\" class=\"attachment-large size-large wp-image-14735\" alt=\"\" srcset=\"https:\/\/dosterraswinegarden.com\/wp-content\/uploads\/2023\/08\/FustaiFoc1-scaled-1-1024x684.jpg 1024w, https:\/\/dosterraswinegarden.com\/wp-content\/uploads\/2023\/08\/FustaiFoc1-scaled-1-300x200.jpg 300w, https:\/\/dosterraswinegarden.com\/wp-content\/uploads\/2023\/08\/FustaiFoc1-scaled-1-768x513.jpg 768w, https:\/\/dosterraswinegarden.com\/wp-content\/uploads\/2023\/08\/FustaiFoc1-scaled-1-1536x1025.jpg 1536w, https:\/\/dosterraswinegarden.com\/wp-content\/uploads\/2023\/08\/FustaiFoc1-scaled-1-2048x1367.jpg 2048w\" sizes=\"(max-width: 1024px) 100vw, 1024px\" \/>\t\t\t\t\t\t\t\t\t\t\t\t\t\t\t<\/div>\n\t\t\t\t<\/div>\n\t\t\t\t\t<\/div>\n\t\t<\/div>\n\t\t\t\t\t<\/div>\n\t\t<\/section>\n\t\t\t\t<section class=\"elementor-section elementor-top-section elementor-element elementor-element-06dceb9 elementor-section-boxed elementor-section-height-default elementor-section-height-default qodef-elementor-content-no\" data-id=\"06dceb9\" data-element_type=\"section\" data-e-type=\"section\">\n\t\t\t\t\t\t<div class=\"elementor-container elementor-column-gap-default\">\n\t\t\t\t\t<div class=\"elementor-column elementor-col-100 elementor-top-column elementor-element elementor-element-2d7d260\" data-id=\"2d7d260\" data-element_type=\"column\" data-e-type=\"column\">\n\t\t\t<div class=\"elementor-widget-wrap elementor-element-populated\">\n\t\t\t\t\t\t<div class=\"elementor-element elementor-element-35237c1 elementor-widget elementor-widget-heading\" data-id=\"35237c1\" data-element_type=\"widget\" data-e-type=\"widget\" data-widget_type=\"heading.default\">\n\t\t\t\t<div class=\"elementor-widget-container\">\n\t\t\t\t\t<h3 class=\"elementor-heading-title elementor-size-default\">Festival Terrer Priorat 2025: m\u00fasica, paisaje y vinos\n<\/h3>\t\t\t\t<\/div>\n\t\t\t\t<\/div>\n\t\t\t\t<div class=\"elementor-element elementor-element-63eb368 elementor-widget elementor-widget-text-editor\" data-id=\"63eb368\" data-element_type=\"widget\" data-e-type=\"widget\" data-widget_type=\"text-editor.default\">\n\t\t\t\t<div class=\"elementor-widget-container\">\n\t\t\t\t\t\t\t\t\t<p data-start=\"108\" data-end=\"261\"><span class=\"relative -mx-px my-[-0.2rem] rounded px-px py-[0.2rem] transition-colors duration-100 ease-in-out\">El <strong data-start=\"3\" data-end=\"30\">Festival Terrer Priorat<\/strong> es una propuesta cultural que fusiona m\u00fasica, vino, paisaje y arquitectura en lugares singulares de la comarca, desde finales de agosto hasta diciembre.<\/span><\/p><p data-start=\"108\" data-end=\"261\"><span class=\"relative -mx-px my-[-0.2rem] rounded px-px py-[0.2rem] transition-colors duration-100 ease-in-out\">Este agosto, el festival arranca el <strong data-start=\"37\" data-end=\"51\">30 de agosto<\/strong> con una sesi\u00f3n inaugural en la Cartuja de Escaladei, dando inicio a una temporada de conciertos \u00edntimos en espacios de patrimonio y naturaleza del Priorat.<\/span><\/p><p data-start=\"108\" data-end=\"261\">Algunas citas destacadas del festival:<\/p><ul><li data-start=\"263\" data-end=\"308\"><strong data-start=\"311\" data-end=\"331\">30 de agosto, 19\u202fh<\/strong>: Hirundo Maris en la iglesia de Santa Mar\u00eda de Escaladei<\/li><li data-start=\"263\" data-end=\"308\"><strong data-start=\"391\" data-end=\"411\">31 de agosto, 19\u202fh:<\/strong> Judit Neddermann &amp; Pau Figueres en el polideportivo de Poboleda<\/li><\/ul><p data-start=\"476\" data-end=\"685\">A medida que avanza la temporada (de septiembre a noviembre), el programa se desarrolla en varios pueblos: Gratallops, Torroja, Ulldemolins, Els Guiamets, Cap\u00e7anes, Porrera y Falset.<\/p>\t\t\t\t\t\t\t\t<\/div>\n\t\t\t\t<\/div>\n\t\t\t\t<div class=\"elementor-element elementor-element-a02a63e elementor-widget elementor-widget-image\" data-id=\"a02a63e\" data-element_type=\"widget\" data-e-type=\"widget\" data-widget_type=\"image.default\">\n\t\t\t\t<div class=\"elementor-widget-container\">\n\t\t\t\t\t\t\t\t\t\t\t\t\t\t\t<img decoding=\"async\" width=\"1024\" height=\"683\" src=\"https:\/\/dosterraswinegarden.com\/wp-content\/uploads\/2025\/07\/Imatges-DWG-3-1024x683.jpg\" class=\"attachment-large size-large wp-image-19312\" alt=\"\" srcset=\"https:\/\/dosterraswinegarden.com\/wp-content\/uploads\/2025\/07\/Imatges-DWG-3-1024x683.jpg 1024w, https:\/\/dosterraswinegarden.com\/wp-content\/uploads\/2025\/07\/Imatges-DWG-3-300x200.jpg 300w, https:\/\/dosterraswinegarden.com\/wp-content\/uploads\/2025\/07\/Imatges-DWG-3-768x512.jpg 768w, https:\/\/dosterraswinegarden.com\/wp-content\/uploads\/2025\/07\/Imatges-DWG-3-1536x1024.jpg 1536w, https:\/\/dosterraswinegarden.com\/wp-content\/uploads\/2025\/07\/Imatges-DWG-3-2048x1366.jpg 2048w\" sizes=\"(max-width: 1024px) 100vw, 1024px\" \/>\t\t\t\t\t\t\t\t\t\t\t\t\t\t\t<\/div>\n\t\t\t\t<\/div>\n\t\t\t\t\t<\/div>\n\t\t<\/div>\n\t\t\t\t\t<\/div>\n\t\t<\/section>\n\t\t\t\t<section class=\"elementor-section elementor-top-section elementor-element elementor-element-7870dc6 elementor-section-boxed elementor-section-height-default elementor-section-height-default qodef-elementor-content-no\" data-id=\"7870dc6\" data-element_type=\"section\" data-e-type=\"section\">\n\t\t\t\t\t\t<div class=\"elementor-container elementor-column-gap-default\">\n\t\t\t\t\t<div class=\"elementor-column elementor-col-100 elementor-top-column elementor-element elementor-element-39a3837\" data-id=\"39a3837\" data-element_type=\"column\" data-e-type=\"column\">\n\t\t\t<div class=\"elementor-widget-wrap elementor-element-populated\">\n\t\t\t\t\t\t<div class=\"elementor-element elementor-element-207f90c elementor-widget elementor-widget-heading\" data-id=\"207f90c\" data-element_type=\"widget\" data-e-type=\"widget\" data-widget_type=\"heading.default\">\n\t\t\t\t<div class=\"elementor-widget-container\">\n\t\t\t\t\t<h3 class=\"elementor-heading-title elementor-size-default\">Vivir el Priorat es mucho m\u00e1s que visitarlo.<\/h3>\t\t\t\t<\/div>\n\t\t\t\t<\/div>\n\t\t\t\t<div class=\"elementor-element elementor-element-e51363f elementor-widget elementor-widget-text-editor\" data-id=\"e51363f\" data-element_type=\"widget\" data-e-type=\"widget\" data-widget_type=\"text-editor.default\">\n\t\t\t\t<div class=\"elementor-widget-container\">\n\t\t\t\t\t\t\t\t\t<p data-start=\"126\" data-end=\"442\">Este agosto, el Priorat te ofrece mucho m\u00e1s que calor y paisaje: te abre las puertas a una forma de vivir m\u00e1s lenta, m\u00e1s profunda y m\u00e1s conectada. Desde catas a la luz de las estrellas hasta conciertos en ermitas antiguas y ferias con alma de pueblo, cada actividad es una invitaci\u00f3n a sentirte parte del territorio. <\/p><p data-start=\"444\" data-end=\"635\">Sea cual sea tu plan \u2014descubrir vinos, escuchar m\u00fasica, pasear entre vi\u00f1as o simplemente respirar en silencio\u2014 este verano tienes la oportunidad de vivir el Priorat con todos los sentidos.<\/p><p data-start=\"637\" data-end=\"747\" data-is-last-node=\"\" data-is-only-node=\"\"><strong data-start=\"637\" data-end=\"747\" data-is-last-node=\"\">Y si buscas un lugar para parar, compartir y sentirte como en casa entre vi\u00f1as&#8230; en Dosterras te estamos esperando.<\/strong><\/p><p><a href=\"https:\/\/dosterraswinegarden.com\/es\/contacto\/\">Contacta con nosotros<\/a><\/p>\t\t\t\t\t\t\t\t<\/div>\n\t\t\t\t<\/div>\n\t\t\t\t\t<\/div>\n\t\t<\/div>\n\t\t\t\t\t<\/div>\n\t\t<\/section>\n\t\t\t\t<\/div>\n\t\t","protected":false},"excerpt":{"rendered":"<p>Descubre 4 actividades \u00fanicas para disfrutar del Priorat este agosto de 2025: catas especiales de vino, noches bajo las estrellas, ferias con encanto y experiencias entre vi\u00f1as. Inspira tu escapada de verano. <\/p>\n","protected":false},"author":5,"featured_media":18604,"comment_status":"closed","ping_status":"closed","sticky":false,"template":"","format":"standard","meta":{"_themeisle_gutenberg_block_has_review":false,"_joinchat":[],"footnotes":""},"categories":[140],"tags":[],"class_list":["post-19339","post","type-post","status-publish","format-standard","has-post-thumbnail","hentry","category-eventos-es"],"yoast_head":"<!-- This site is optimized with the Yoast SEO plugin v27.5 - https:\/\/yoast.com\/product\/yoast-seo-wordpress\/ -->\n<title>Este verano, vive el Priorat - Dosterras Wine Garden<\/title>\n<meta name=\"description\" content=\"Descubre 4 actividades \u00fanicas para disfrutar del Priorat este agosto de 2025: catas especiales de vino, noches bajo las estrellas, ferias con encanto y experiencias entre vi\u00f1as.\" \/>\n<meta name=\"robots\" content=\"index, follow, max-snippet:-1, max-image-preview:large, max-video-preview:-1\" \/>\n<link rel=\"canonical\" href=\"https:\/\/dosterraswinegarden.com\/es\/news\/este-verano-vive-el-priorat\/\" \/>\n<meta property=\"og:locale\" content=\"es_ES\" \/>\n<meta property=\"og:type\" content=\"article\" \/>\n<meta property=\"og:title\" content=\"Este verano, vive el Priorat - Dosterras Wine Garden\" \/>\n<meta property=\"og:description\" content=\"Descubre 4 actividades \u00fanicas para disfrutar del Priorat este agosto de 2025: catas especiales de vino, noches bajo las estrellas, ferias con encanto y experiencias entre vi\u00f1as.\" \/>\n<meta property=\"og:url\" content=\"https:\/\/dosterraswinegarden.com\/es\/news\/este-verano-vive-el-priorat\/\" \/>\n<meta property=\"og:site_name\" content=\"Dosterras Wine Garden\" \/>\n<meta property=\"article:published_time\" content=\"2025-07-08T12:27:46+00:00\" \/>\n<meta property=\"article:modified_time\" content=\"2025-07-30T20:31:22+00:00\" \/>\n<meta property=\"og:image\" content=\"https:\/\/dosterraswinegarden.com\/wp-content\/uploads\/2025\/04\/Imatges-DWG.jpg\" \/>\n\t<meta property=\"og:image:width\" content=\"2560\" \/>\n\t<meta property=\"og:image:height\" content=\"1707\" \/>\n\t<meta property=\"og:image:type\" content=\"image\/jpeg\" \/>\n<meta name=\"author\" content=\"Mariona Pellicer\" \/>\n<meta name=\"twitter:card\" content=\"summary_large_image\" \/>\n<meta name=\"twitter:label1\" content=\"Escrito por\" \/>\n\t<meta name=\"twitter:data1\" content=\"Mariona Pellicer\" \/>\n\t<meta name=\"twitter:label2\" content=\"Tiempo de lectura\" \/>\n\t<meta name=\"twitter:data2\" content=\"3 minutos\" \/>\n<script type=\"application\/ld+json\" class=\"yoast-schema-graph\">{\"@context\":\"https:\\\/\\\/schema.org\",\"@graph\":[{\"@type\":\"Article\",\"@id\":\"https:\\\/\\\/dosterraswinegarden.com\\\/es\\\/news\\\/este-verano-vive-el-priorat\\\/#article\",\"isPartOf\":{\"@id\":\"https:\\\/\\\/dosterraswinegarden.com\\\/es\\\/news\\\/este-verano-vive-el-priorat\\\/\"},\"author\":{\"name\":\"Mariona Pellicer\",\"@id\":\"https:\\\/\\\/dosterraswinegarden.com\\\/#\\\/schema\\\/person\\\/5e4e86b4ab204eaefe917301e52e06d3\"},\"headline\":\"Este verano, vive el Priorat.\",\"datePublished\":\"2025-07-08T12:27:46+00:00\",\"dateModified\":\"2025-07-30T20:31:22+00:00\",\"mainEntityOfPage\":{\"@id\":\"https:\\\/\\\/dosterraswinegarden.com\\\/es\\\/news\\\/este-verano-vive-el-priorat\\\/\"},\"wordCount\":620,\"image\":{\"@id\":\"https:\\\/\\\/dosterraswinegarden.com\\\/es\\\/news\\\/este-verano-vive-el-priorat\\\/#primaryimage\"},\"thumbnailUrl\":\"https:\\\/\\\/dosterraswinegarden.com\\\/wp-content\\\/uploads\\\/2025\\\/04\\\/Imatges-DWG.jpg\",\"articleSection\":[\"Eventos\"],\"inLanguage\":\"es\"},{\"@type\":\"WebPage\",\"@id\":\"https:\\\/\\\/dosterraswinegarden.com\\\/es\\\/news\\\/este-verano-vive-el-priorat\\\/\",\"url\":\"https:\\\/\\\/dosterraswinegarden.com\\\/es\\\/news\\\/este-verano-vive-el-priorat\\\/\",\"name\":\"Este verano, vive el Priorat - Dosterras Wine Garden\",\"isPartOf\":{\"@id\":\"https:\\\/\\\/dosterraswinegarden.com\\\/#website\"},\"primaryImageOfPage\":{\"@id\":\"https:\\\/\\\/dosterraswinegarden.com\\\/es\\\/news\\\/este-verano-vive-el-priorat\\\/#primaryimage\"},\"image\":{\"@id\":\"https:\\\/\\\/dosterraswinegarden.com\\\/es\\\/news\\\/este-verano-vive-el-priorat\\\/#primaryimage\"},\"thumbnailUrl\":\"https:\\\/\\\/dosterraswinegarden.com\\\/wp-content\\\/uploads\\\/2025\\\/04\\\/Imatges-DWG.jpg\",\"datePublished\":\"2025-07-08T12:27:46+00:00\",\"dateModified\":\"2025-07-30T20:31:22+00:00\",\"author\":{\"@id\":\"https:\\\/\\\/dosterraswinegarden.com\\\/#\\\/schema\\\/person\\\/5e4e86b4ab204eaefe917301e52e06d3\"},\"description\":\"Descubre 4 actividades \u00fanicas para disfrutar del Priorat este agosto de 2025: catas especiales de vino, noches bajo las estrellas, ferias con encanto y experiencias entre vi\u00f1as.\",\"breadcrumb\":{\"@id\":\"https:\\\/\\\/dosterraswinegarden.com\\\/es\\\/news\\\/este-verano-vive-el-priorat\\\/#breadcrumb\"},\"inLanguage\":\"es\",\"potentialAction\":[{\"@type\":\"ReadAction\",\"target\":[\"https:\\\/\\\/dosterraswinegarden.com\\\/es\\\/news\\\/este-verano-vive-el-priorat\\\/\"]}]},{\"@type\":\"ImageObject\",\"inLanguage\":\"es\",\"@id\":\"https:\\\/\\\/dosterraswinegarden.com\\\/es\\\/news\\\/este-verano-vive-el-priorat\\\/#primaryimage\",\"url\":\"https:\\\/\\\/dosterraswinegarden.com\\\/wp-content\\\/uploads\\\/2025\\\/04\\\/Imatges-DWG.jpg\",\"contentUrl\":\"https:\\\/\\\/dosterraswinegarden.com\\\/wp-content\\\/uploads\\\/2025\\\/04\\\/Imatges-DWG.jpg\",\"width\":2560,\"height\":1707},{\"@type\":\"BreadcrumbList\",\"@id\":\"https:\\\/\\\/dosterraswinegarden.com\\\/es\\\/news\\\/este-verano-vive-el-priorat\\\/#breadcrumb\",\"itemListElement\":[{\"@type\":\"ListItem\",\"position\":1,\"name\":\"Inici\",\"item\":\"https:\\\/\\\/dosterraswinegarden.com\\\/es\\\/\"},{\"@type\":\"ListItem\",\"position\":2,\"name\":\"Este verano, vive el Priorat.\"}]},{\"@type\":\"WebSite\",\"@id\":\"https:\\\/\\\/dosterraswinegarden.com\\\/#website\",\"url\":\"https:\\\/\\\/dosterraswinegarden.com\\\/\",\"name\":\"Dosterras Wine Garden\",\"description\":\"Bodes, events i vins al Priorat\",\"potentialAction\":[{\"@type\":\"SearchAction\",\"target\":{\"@type\":\"EntryPoint\",\"urlTemplate\":\"https:\\\/\\\/dosterraswinegarden.com\\\/?s={search_term_string}\"},\"query-input\":{\"@type\":\"PropertyValueSpecification\",\"valueRequired\":true,\"valueName\":\"search_term_string\"}}],\"inLanguage\":\"es\"},{\"@type\":\"Person\",\"@id\":\"https:\\\/\\\/dosterraswinegarden.com\\\/#\\\/schema\\\/person\\\/5e4e86b4ab204eaefe917301e52e06d3\",\"name\":\"Mariona Pellicer\",\"image\":{\"@type\":\"ImageObject\",\"inLanguage\":\"es\",\"@id\":\"https:\\\/\\\/secure.gravatar.com\\\/avatar\\\/ac957e29a1e14e0bf3566a873be24a7254c7abaa12137fad6da725f42d683d48?s=96&d=blank&r=g\",\"url\":\"https:\\\/\\\/secure.gravatar.com\\\/avatar\\\/ac957e29a1e14e0bf3566a873be24a7254c7abaa12137fad6da725f42d683d48?s=96&d=blank&r=g\",\"contentUrl\":\"https:\\\/\\\/secure.gravatar.com\\\/avatar\\\/ac957e29a1e14e0bf3566a873be24a7254c7abaa12137fad6da725f42d683d48?s=96&d=blank&r=g\",\"caption\":\"Mariona Pellicer\"},\"url\":\"https:\\\/\\\/dosterraswinegarden.com\\\/es\\\/news\\\/author\\\/mariona\\\/\"}]}<\/script>\n<!-- \/ Yoast SEO plugin. -->","yoast_head_json":{"title":"Este verano, vive el Priorat - Dosterras Wine Garden","description":"Descubre 4 actividades \u00fanicas para disfrutar del Priorat este agosto de 2025: catas especiales de vino, noches bajo las estrellas, ferias con encanto y experiencias entre vi\u00f1as.","robots":{"index":"index","follow":"follow","max-snippet":"max-snippet:-1","max-image-preview":"max-image-preview:large","max-video-preview":"max-video-preview:-1"},"canonical":"https:\/\/dosterraswinegarden.com\/es\/news\/este-verano-vive-el-priorat\/","og_locale":"es_ES","og_type":"article","og_title":"Este verano, vive el Priorat - Dosterras Wine Garden","og_description":"Descubre 4 actividades \u00fanicas para disfrutar del Priorat este agosto de 2025: catas especiales de vino, noches bajo las estrellas, ferias con encanto y experiencias entre vi\u00f1as.","og_url":"https:\/\/dosterraswinegarden.com\/es\/news\/este-verano-vive-el-priorat\/","og_site_name":"Dosterras Wine Garden","article_published_time":"2025-07-08T12:27:46+00:00","article_modified_time":"2025-07-30T20:31:22+00:00","og_image":[{"width":2560,"height":1707,"url":"https:\/\/dosterraswinegarden.com\/wp-content\/uploads\/2025\/04\/Imatges-DWG.jpg","type":"image\/jpeg"}],"author":"Mariona Pellicer","twitter_card":"summary_large_image","twitter_misc":{"Escrito por":"Mariona Pellicer","Tiempo de lectura":"3 minutos"},"schema":{"@context":"https:\/\/schema.org","@graph":[{"@type":"Article","@id":"https:\/\/dosterraswinegarden.com\/es\/news\/este-verano-vive-el-priorat\/#article","isPartOf":{"@id":"https:\/\/dosterraswinegarden.com\/es\/news\/este-verano-vive-el-priorat\/"},"author":{"name":"Mariona Pellicer","@id":"https:\/\/dosterraswinegarden.com\/#\/schema\/person\/5e4e86b4ab204eaefe917301e52e06d3"},"headline":"Este verano, vive el Priorat.","datePublished":"2025-07-08T12:27:46+00:00","dateModified":"2025-07-30T20:31:22+00:00","mainEntityOfPage":{"@id":"https:\/\/dosterraswinegarden.com\/es\/news\/este-verano-vive-el-priorat\/"},"wordCount":620,"image":{"@id":"https:\/\/dosterraswinegarden.com\/es\/news\/este-verano-vive-el-priorat\/#primaryimage"},"thumbnailUrl":"https:\/\/dosterraswinegarden.com\/wp-content\/uploads\/2025\/04\/Imatges-DWG.jpg","articleSection":["Eventos"],"inLanguage":"es"},{"@type":"WebPage","@id":"https:\/\/dosterraswinegarden.com\/es\/news\/este-verano-vive-el-priorat\/","url":"https:\/\/dosterraswinegarden.com\/es\/news\/este-verano-vive-el-priorat\/","name":"Este verano, vive el Priorat - Dosterras Wine Garden","isPartOf":{"@id":"https:\/\/dosterraswinegarden.com\/#website"},"primaryImageOfPage":{"@id":"https:\/\/dosterraswinegarden.com\/es\/news\/este-verano-vive-el-priorat\/#primaryimage"},"image":{"@id":"https:\/\/dosterraswinegarden.com\/es\/news\/este-verano-vive-el-priorat\/#primaryimage"},"thumbnailUrl":"https:\/\/dosterraswinegarden.com\/wp-content\/uploads\/2025\/04\/Imatges-DWG.jpg","datePublished":"2025-07-08T12:27:46+00:00","dateModified":"2025-07-30T20:31:22+00:00","author":{"@id":"https:\/\/dosterraswinegarden.com\/#\/schema\/person\/5e4e86b4ab204eaefe917301e52e06d3"},"description":"Descubre 4 actividades \u00fanicas para disfrutar del Priorat este agosto de 2025: catas especiales de vino, noches bajo las estrellas, ferias con encanto y experiencias entre vi\u00f1as.","breadcrumb":{"@id":"https:\/\/dosterraswinegarden.com\/es\/news\/este-verano-vive-el-priorat\/#breadcrumb"},"inLanguage":"es","potentialAction":[{"@type":"ReadAction","target":["https:\/\/dosterraswinegarden.com\/es\/news\/este-verano-vive-el-priorat\/"]}]},{"@type":"ImageObject","inLanguage":"es","@id":"https:\/\/dosterraswinegarden.com\/es\/news\/este-verano-vive-el-priorat\/#primaryimage","url":"https:\/\/dosterraswinegarden.com\/wp-content\/uploads\/2025\/04\/Imatges-DWG.jpg","contentUrl":"https:\/\/dosterraswinegarden.com\/wp-content\/uploads\/2025\/04\/Imatges-DWG.jpg","width":2560,"height":1707},{"@type":"BreadcrumbList","@id":"https:\/\/dosterraswinegarden.com\/es\/news\/este-verano-vive-el-priorat\/#breadcrumb","itemListElement":[{"@type":"ListItem","position":1,"name":"Inici","item":"https:\/\/dosterraswinegarden.com\/es\/"},{"@type":"ListItem","position":2,"name":"Este verano, vive el Priorat."}]},{"@type":"WebSite","@id":"https:\/\/dosterraswinegarden.com\/#website","url":"https:\/\/dosterraswinegarden.com\/","name":"Dosterras Wine Garden","description":"Bodes, events i vins al Priorat","potentialAction":[{"@type":"SearchAction","target":{"@type":"EntryPoint","urlTemplate":"https:\/\/dosterraswinegarden.com\/?s={search_term_string}"},"query-input":{"@type":"PropertyValueSpecification","valueRequired":true,"valueName":"search_term_string"}}],"inLanguage":"es"},{"@type":"Person","@id":"https:\/\/dosterraswinegarden.com\/#\/schema\/person\/5e4e86b4ab204eaefe917301e52e06d3","name":"Mariona Pellicer","image":{"@type":"ImageObject","inLanguage":"es","@id":"https:\/\/secure.gravatar.com\/avatar\/ac957e29a1e14e0bf3566a873be24a7254c7abaa12137fad6da725f42d683d48?s=96&d=blank&r=g","url":"https:\/\/secure.gravatar.com\/avatar\/ac957e29a1e14e0bf3566a873be24a7254c7abaa12137fad6da725f42d683d48?s=96&d=blank&r=g","contentUrl":"https:\/\/secure.gravatar.com\/avatar\/ac957e29a1e14e0bf3566a873be24a7254c7abaa12137fad6da725f42d683d48?s=96&d=blank&r=g","caption":"Mariona Pellicer"},"url":"https:\/\/dosterraswinegarden.com\/es\/news\/author\/mariona\/"}]}},"_links":{"self":[{"href":"https:\/\/dosterraswinegarden.com\/es\/wp-json\/wp\/v2\/posts\/19339","targetHints":{"allow":["GET"]}}],"collection":[{"href":"https:\/\/dosterraswinegarden.com\/es\/wp-json\/wp\/v2\/posts"}],"about":[{"href":"https:\/\/dosterraswinegarden.com\/es\/wp-json\/wp\/v2\/types\/post"}],"author":[{"embeddable":true,"href":"https:\/\/dosterraswinegarden.com\/es\/wp-json\/wp\/v2\/users\/5"}],"replies":[{"embeddable":true,"href":"https:\/\/dosterraswinegarden.com\/es\/wp-json\/wp\/v2\/comments?post=19339"}],"version-history":[{"count":1,"href":"https:\/\/dosterraswinegarden.com\/es\/wp-json\/wp\/v2\/posts\/19339\/revisions"}],"predecessor-version":[{"id":19340,"href":"https:\/\/dosterraswinegarden.com\/es\/wp-json\/wp\/v2\/posts\/19339\/revisions\/19340"}],"wp:featuredmedia":[{"embeddable":true,"href":"https:\/\/dosterraswinegarden.com\/es\/wp-json\/wp\/v2\/media\/18604"}],"wp:attachment":[{"href":"https:\/\/dosterraswinegarden.com\/es\/wp-json\/wp\/v2\/media?parent=19339"}],"wp:term":[{"taxonomy":"category","embeddable":true,"href":"https:\/\/dosterraswinegarden.com\/es\/wp-json\/wp\/v2\/categories?post=19339"},{"taxonomy":"post_tag","embeddable":true,"href":"https:\/\/dosterraswinegarden.com\/es\/wp-json\/wp\/v2\/tags?post=19339"}],"curies":[{"name":"wp","href":"https:\/\/api.w.org\/{rel}","templated":true}]}}