{"id":19839,"date":"2025-09-10T10:26:16","date_gmt":"2025-09-10T10:26:16","guid":{"rendered":"https:\/\/dosterraswinegarden.com\/news\/decoracion-y-colores-de-otono-para-bodas-naturales\/"},"modified":"2025-12-06T19:46:12","modified_gmt":"2025-12-06T19:46:12","slug":"decoracion-y-colores-de-otono-para-bodas-naturales","status":"publish","type":"post","link":"https:\/\/dosterraswinegarden.com\/es\/news\/decoracion-y-colores-de-otono-para-bodas-naturales\/","title":{"rendered":"Decoraci\u00f3n de oto\u00f1o para bodas"},"content":{"rendered":"\t\t<div data-elementor-type=\"wp-post\" data-elementor-id=\"19839\" class=\"elementor elementor-19839 elementor-19769\">\n\t\t\t\t\t\t<section class=\"elementor-section elementor-top-section elementor-element elementor-element-3b078a6 elementor-section-boxed elementor-section-height-default elementor-section-height-default qodef-elementor-content-no\" data-id=\"3b078a6\" data-element_type=\"section\" data-e-type=\"section\">\n\t\t\t\t\t\t<div class=\"elementor-container elementor-column-gap-default\">\n\t\t\t\t\t<div class=\"elementor-column elementor-col-100 elementor-top-column elementor-element elementor-element-975c0ff\" data-id=\"975c0ff\" data-element_type=\"column\" data-e-type=\"column\">\n\t\t\t<div class=\"elementor-widget-wrap elementor-element-populated\">\n\t\t\t\t\t\t<div class=\"elementor-element elementor-element-2a27f30 elementor-widget elementor-widget-heading\" data-id=\"2a27f30\" data-element_type=\"widget\" data-e-type=\"widget\" data-widget_type=\"heading.default\">\n\t\t\t\t<div class=\"elementor-widget-container\">\n\t\t\t\t\t<h3 class=\"elementor-heading-title elementor-size-default\">La magia de los colores que cambian<\/h3>\t\t\t\t<\/div>\n\t\t\t\t<\/div>\n\t\t\t\t<div class=\"elementor-element elementor-element-0e2a456 elementor-widget elementor-widget-text-editor\" data-id=\"0e2a456\" data-element_type=\"widget\" data-e-type=\"widget\" data-widget_type=\"text-editor.default\">\n\t\t\t\t<div class=\"elementor-widget-container\">\n\t\t\t\t\t\t\t\t\t<p>Cuando llega el oto\u00f1o, el Priorat se transforma: los vi\u00f1edos se ti\u00f1en de tonos dorados, ocres y rojizos, y el paisaje adquiere una luz m\u00e1s c\u00e1lida y suave.<\/p><p>En Dosterras Wine Garden, este cambio natural crea un escenario perfecto para parejas que buscan una boda en sinton\u00eda con el entorno y con su propia personalidad.<\/p>\t\t\t\t\t\t\t\t<\/div>\n\t\t\t\t<\/div>\n\t\t\t\t<div class=\"elementor-element elementor-element-7b31b0b elementor-widget elementor-widget-image\" data-id=\"7b31b0b\" data-element_type=\"widget\" data-e-type=\"widget\" data-widget_type=\"image.default\">\n\t\t\t\t<div class=\"elementor-widget-container\">\n\t\t\t\t\t\t\t\t\t\t\t\t\t\t\t<img fetchpriority=\"high\" decoding=\"async\" width=\"1024\" height=\"683\" src=\"https:\/\/dosterraswinegarden.com\/wp-content\/uploads\/2025\/10\/DSC_3621-1024x683.jpg\" class=\"attachment-large size-large wp-image-19784\" alt=\"\" srcset=\"https:\/\/dosterraswinegarden.com\/wp-content\/uploads\/2025\/10\/DSC_3621-1024x683.jpg 1024w, https:\/\/dosterraswinegarden.com\/wp-content\/uploads\/2025\/10\/DSC_3621-300x200.jpg 300w, https:\/\/dosterraswinegarden.com\/wp-content\/uploads\/2025\/10\/DSC_3621-768x512.jpg 768w, https:\/\/dosterraswinegarden.com\/wp-content\/uploads\/2025\/10\/DSC_3621-1536x1024.jpg 1536w, https:\/\/dosterraswinegarden.com\/wp-content\/uploads\/2025\/10\/DSC_3621-2048x1365.jpg 2048w\" sizes=\"(max-width: 1024px) 100vw, 1024px\" \/>\t\t\t\t\t\t\t\t\t\t\t\t\t\t\t<\/div>\n\t\t\t\t<\/div>\n\t\t\t\t\t<\/div>\n\t\t<\/div>\n\t\t\t\t\t<\/div>\n\t\t<\/section>\n\t\t\t\t<section class=\"elementor-section elementor-top-section elementor-element elementor-element-b6a6732 elementor-section-boxed elementor-section-height-default elementor-section-height-default qodef-elementor-content-no\" data-id=\"b6a6732\" data-element_type=\"section\" data-e-type=\"section\">\n\t\t\t\t\t\t<div class=\"elementor-container elementor-column-gap-default\">\n\t\t\t\t\t<div class=\"elementor-column elementor-col-100 elementor-top-column elementor-element elementor-element-9808a4e\" data-id=\"9808a4e\" data-element_type=\"column\" data-e-type=\"column\">\n\t\t\t<div class=\"elementor-widget-wrap elementor-element-populated\">\n\t\t\t\t\t\t<div class=\"elementor-element elementor-element-890f4b4 elementor-widget elementor-widget-heading\" data-id=\"890f4b4\" data-element_type=\"widget\" data-e-type=\"widget\" data-widget_type=\"heading.default\">\n\t\t\t\t<div class=\"elementor-widget-container\">\n\t\t\t\t\t<h3 class=\"elementor-heading-title elementor-size-default\">Paletas crom\u00e1ticas que funcionan<\/h3>\t\t\t\t<\/div>\n\t\t\t\t<\/div>\n\t\t\t\t<div class=\"elementor-element elementor-element-dcbafd9 elementor-widget elementor-widget-text-editor\" data-id=\"dcbafd9\" data-element_type=\"widget\" data-e-type=\"widget\" data-widget_type=\"text-editor.default\">\n\t\t\t\t<div class=\"elementor-widget-container\">\n\t\t\t\t\t\t\t\t\t<p data-start=\"952\" data-end=\"1257\">El oto\u00f1o ofrece una gama de colores muy f\u00e1cil de aplicar a la decoraci\u00f3n: tierras, beiges, cobres, verdes apagados y dorados suaves.<\/p><p data-start=\"952\" data-end=\"1257\">Un ejemplo pr\u00e1ctico es combinar caminos de mesa de lino en tonos neutros con detalles en bronce o cobre, o incorporar hojas secas y ramas naturales para aportar textura a los centros de mesa sin recargarlos.<\/p>\t\t\t\t\t\t\t\t<\/div>\n\t\t\t\t<\/div>\n\t\t\t\t\t<\/div>\n\t\t<\/div>\n\t\t\t\t\t<\/div>\n\t\t<\/section>\n\t\t\t\t<section class=\"elementor-section elementor-top-section elementor-element elementor-element-0ee90f9 elementor-section-boxed elementor-section-height-default elementor-section-height-default qodef-elementor-content-no\" data-id=\"0ee90f9\" data-element_type=\"section\" data-e-type=\"section\">\n\t\t\t\t\t\t<div class=\"elementor-container elementor-column-gap-default\">\n\t\t\t\t\t<div class=\"elementor-column elementor-col-100 elementor-top-column elementor-element elementor-element-3626b04\" data-id=\"3626b04\" data-element_type=\"column\" data-e-type=\"column\">\n\t\t\t<div class=\"elementor-widget-wrap elementor-element-populated\">\n\t\t\t\t\t\t<div class=\"elementor-element elementor-element-76f4be9 elementor-widget elementor-widget-heading\" data-id=\"76f4be9\" data-element_type=\"widget\" data-e-type=\"widget\" data-widget_type=\"heading.default\">\n\t\t\t\t<div class=\"elementor-widget-container\">\n\t\t\t\t\t<h3 class=\"elementor-heading-title elementor-size-default\">Flores y elementos naturales<\/h3>\t\t\t\t<\/div>\n\t\t\t\t<\/div>\n\t\t\t\t<div class=\"elementor-element elementor-element-58ef263 elementor-widget elementor-widget-text-editor\" data-id=\"58ef263\" data-element_type=\"widget\" data-e-type=\"widget\" data-widget_type=\"text-editor.default\">\n\t\t\t\t<div class=\"elementor-widget-container\">\n\t\t\t\t\t\t\t\t\t<p>Las flores de temporada ayudan a reforzar esta est\u00e9tica org\u00e1nica y acogedora. Las dalias, crisantemos, eucalipto, paniculata seca o ramas de olivo encajan tanto en ceremonias como en mesas. <\/p><p>Un ramo con dalias y eucalipto, por ejemplo, armoniza con los colores del paisaje; y un arreglo sencillo con flores secas, ramas y otros detalles discretos puede complementar la ceremonia sin competir con las vistas a la vi\u00f1a.<\/p>\t\t\t\t\t\t\t\t<\/div>\n\t\t\t\t<\/div>\n\t\t\t\t\t<\/div>\n\t\t<\/div>\n\t\t\t\t\t<\/div>\n\t\t<\/section>\n\t\t\t\t<section class=\"elementor-section elementor-top-section elementor-element elementor-element-3c9aefa elementor-section-boxed elementor-section-height-default elementor-section-height-default qodef-elementor-content-no\" data-id=\"3c9aefa\" data-element_type=\"section\" data-e-type=\"section\">\n\t\t\t\t\t\t<div class=\"elementor-container elementor-column-gap-default\">\n\t\t\t\t\t<div class=\"elementor-column elementor-col-100 elementor-top-column elementor-element elementor-element-77e805f\" data-id=\"77e805f\" data-element_type=\"column\" data-e-type=\"column\">\n\t\t\t<div class=\"elementor-widget-wrap elementor-element-populated\">\n\t\t\t\t\t\t<div class=\"elementor-element elementor-element-53a4e03 elementor-widget elementor-widget-heading\" data-id=\"53a4e03\" data-element_type=\"widget\" data-e-type=\"widget\" data-widget_type=\"heading.default\">\n\t\t\t\t<div class=\"elementor-widget-container\">\n\t\t\t\t\t<h3 class=\"elementor-heading-title elementor-size-default\">Fotograf\u00eda y ambiente c\u00e1lido<\/h3>\t\t\t\t<\/div>\n\t\t\t\t<\/div>\n\t\t\t\t<div class=\"elementor-element elementor-element-1379c66 elementor-widget elementor-widget-text-editor\" data-id=\"1379c66\" data-element_type=\"widget\" data-e-type=\"widget\" data-widget_type=\"text-editor.default\">\n\t\t\t\t<div class=\"elementor-widget-container\">\n\t\t\t\t\t\t\t\t\t<p data-start=\"1689\" data-end=\"2135\">La luz de oto\u00f1o tiene un car\u00e1cter especial: m\u00e1s dorada, m\u00e1s suave y perfecta para resaltar los colores del paisaje de forma muy natural. En la vi\u00f1a, en el jard\u00edn o en los alrededores del Celler Dosterras, cualquier rinc\u00f3n puede convertirse en un buen escenario para las fotos. <\/p><p data-start=\"1689\" data-end=\"2135\">Muchas parejas aprovechan esta luz del final de la tarde para su sesi\u00f3n entre vi\u00f1as, donde los tonos oto\u00f1ales aportan profundidad y calidez que se reflejan en todas las im\u00e1genes.<\/p>\t\t\t\t\t\t\t\t<\/div>\n\t\t\t\t<\/div>\n\t\t\t\t<div class=\"elementor-element elementor-element-bff341a elementor-widget elementor-widget-image\" data-id=\"bff341a\" data-element_type=\"widget\" data-e-type=\"widget\" data-widget_type=\"image.default\">\n\t\t\t\t<div class=\"elementor-widget-container\">\n\t\t\t\t\t\t\t\t\t\t\t\t\t\t\t<img decoding=\"async\" width=\"1024\" height=\"683\" src=\"https:\/\/dosterraswinegarden.com\/wp-content\/uploads\/2024\/10\/3-1024x683.jpg\" class=\"attachment-large size-large wp-image-17278\" alt=\"\" srcset=\"https:\/\/dosterraswinegarden.com\/wp-content\/uploads\/2024\/10\/3-1024x683.jpg 1024w, https:\/\/dosterraswinegarden.com\/wp-content\/uploads\/2024\/10\/3-300x200.jpg 300w, https:\/\/dosterraswinegarden.com\/wp-content\/uploads\/2024\/10\/3-768x512.jpg 768w, https:\/\/dosterraswinegarden.com\/wp-content\/uploads\/2024\/10\/3-1536x1024.jpg 1536w, https:\/\/dosterraswinegarden.com\/wp-content\/uploads\/2024\/10\/3-2048x1366.jpg 2048w\" sizes=\"(max-width: 1024px) 100vw, 1024px\" \/>\t\t\t\t\t\t\t\t\t\t\t\t\t\t\t<\/div>\n\t\t\t\t<\/div>\n\t\t\t\t\t<\/div>\n\t\t<\/div>\n\t\t\t\t\t<\/div>\n\t\t<\/section>\n\t\t\t\t<section class=\"elementor-section elementor-top-section elementor-element elementor-element-1c4acd5 elementor-section-boxed elementor-section-height-default elementor-section-height-default qodef-elementor-content-no\" data-id=\"1c4acd5\" data-element_type=\"section\" data-e-type=\"section\">\n\t\t\t\t\t\t<div class=\"elementor-container elementor-column-gap-default\">\n\t\t\t\t\t<div class=\"elementor-column elementor-col-100 elementor-top-column elementor-element elementor-element-f5ec029\" data-id=\"f5ec029\" data-element_type=\"column\" data-e-type=\"column\">\n\t\t\t<div class=\"elementor-widget-wrap elementor-element-populated\">\n\t\t\t\t\t\t<div class=\"elementor-element elementor-element-61c3260 elementor-widget elementor-widget-heading\" data-id=\"61c3260\" data-element_type=\"widget\" data-e-type=\"widget\" data-widget_type=\"heading.default\">\n\t\t\t\t<div class=\"elementor-widget-container\">\n\t\t\t\t\t<h3 class=\"elementor-heading-title elementor-size-default\">Casarse en armon\u00eda con el paisaje<\/h3>\t\t\t\t<\/div>\n\t\t\t\t<\/div>\n\t\t\t\t<div class=\"elementor-element elementor-element-bb6e549 elementor-widget elementor-widget-text-editor\" data-id=\"bb6e549\" data-element_type=\"widget\" data-e-type=\"widget\" data-widget_type=\"text-editor.default\">\n\t\t\t\t<div class=\"elementor-widget-container\">\n\t\t\t\t\t\t\t\t\t<p data-start=\"1890\" data-end=\"2189\">Elegir el oto\u00f1o es apostar por una celebraci\u00f3n que acompa\u00f1a el ritmo de la naturaleza.<\/p><p data-start=\"1890\" data-end=\"2189\">En Dosterras Wine Garden, la vi\u00f1a, el jard\u00edn y la luz del Priorat crean un ambiente que no necesita grandes intervenciones: basta con elegir elementos que acompa\u00f1en los colores de la estaci\u00f3n para que todo fluya de manera natural.<\/p>\t\t\t\t\t\t\t\t<\/div>\n\t\t\t\t<\/div>\n\t\t\t\t\t<\/div>\n\t\t<\/div>\n\t\t\t\t\t<\/div>\n\t\t<\/section>\n\t\t\t\t<section class=\"elementor-section elementor-top-section elementor-element elementor-element-d5cde3f elementor-section-boxed elementor-section-height-default elementor-section-height-default qodef-elementor-content-no\" data-id=\"d5cde3f\" data-element_type=\"section\" data-e-type=\"section\">\n\t\t\t\t\t\t<div class=\"elementor-container elementor-column-gap-default\">\n\t\t\t\t\t<div class=\"elementor-column elementor-col-100 elementor-top-column elementor-element elementor-element-682fcae\" data-id=\"682fcae\" data-element_type=\"column\" data-e-type=\"column\">\n\t\t\t<div class=\"elementor-widget-wrap elementor-element-populated\">\n\t\t\t\t\t\t<div class=\"elementor-element elementor-element-4066a7f elementor-widget elementor-widget-heading\" data-id=\"4066a7f\" data-element_type=\"widget\" data-e-type=\"widget\" data-widget_type=\"heading.default\">\n\t\t\t\t<div class=\"elementor-widget-container\">\n\t\t\t\t\t<h3 class=\"elementor-heading-title elementor-size-default\">\u00bfQuieres celebrar una boda de oto\u00f1o en el Priorat?<\/h3>\t\t\t\t<\/div>\n\t\t\t\t<\/div>\n\t\t\t\t<div class=\"elementor-element elementor-element-961f977 elementor-widget elementor-widget-text-editor\" data-id=\"961f977\" data-element_type=\"widget\" data-e-type=\"widget\" data-widget_type=\"text-editor.default\">\n\t\t\t\t<div class=\"elementor-widget-container\">\n\t\t\t\t\t\t\t\t\t<p data-start=\"1890\" data-end=\"2189\">En Dosterras Wine Garden te acompa\u00f1amos en el dise\u00f1o de una decoraci\u00f3n que encaje con el paisaje y con vuestra manera de entender el d\u00eda.<\/p><p data-start=\"1890\" data-end=\"2189\"><a href=\"https:\/\/dosterraswinegarden.com\/es\/contacto\/\">Ponte en contacto con nosotros<\/a> y te ayudaremos a dar forma a una boda de oto\u00f1o llena de armon\u00eda y esencia propia.<\/p>\t\t\t\t\t\t\t\t<\/div>\n\t\t\t\t<\/div>\n\t\t\t\t\t<\/div>\n\t\t<\/div>\n\t\t\t\t\t<\/div>\n\t\t<\/section>\n\t\t\t\t<\/div>\n\t\t","protected":false},"excerpt":{"rendered":"<p>La magia de los colores que cambian Cuando llega el oto\u00f1o, el Priorat se transforma: los vi\u00f1edos se ti\u00f1en de tonos dorados, ocres y rojizos, y el paisaje adquiere una [&hellip;]<\/p>\n","protected":false},"author":3,"featured_media":19993,"comment_status":"closed","ping_status":"closed","sticky":false,"template":"","format":"standard","meta":{"_themeisle_gutenberg_block_has_review":false,"_joinchat":[],"footnotes":""},"categories":[136],"tags":[],"class_list":["post-19839","post","type-post","status-publish","format-standard","has-post-thumbnail","hentry","category-bodas"],"yoast_head":"<!-- This site is optimized with the Yoast SEO plugin v27.5 - https:\/\/yoast.com\/product\/yoast-seo-wordpress\/ -->\n<title>Decoraci\u00f3n de oto\u00f1o para bodas - Dosterras Wine Garden<\/title>\n<meta name=\"description\" content=\"En Dosterras Wine Garden, la vi\u00f1a, el jard\u00edn y la luz del Priorat crean un escenario para tu boda donde los colores hablan por si solos.\" \/>\n<meta name=\"robots\" content=\"index, follow, max-snippet:-1, max-image-preview:large, max-video-preview:-1\" \/>\n<link rel=\"canonical\" href=\"https:\/\/dosterraswinegarden.com\/news\/decoracio-i-colors-de-tardor-per-a-casaments-naturals\/\" \/>\n<meta property=\"og:locale\" content=\"es_ES\" \/>\n<meta property=\"og:type\" content=\"article\" \/>\n<meta property=\"og:title\" content=\"Decoraci\u00f3n de oto\u00f1o para bodas - Dosterras Wine Garden\" \/>\n<meta property=\"og:description\" content=\"En Dosterras Wine Garden, la vi\u00f1a, el jard\u00edn y la luz del Priorat crean un escenario para tu boda donde los colores hablan por si solos.\" \/>\n<meta property=\"og:url\" content=\"https:\/\/dosterraswinegarden.com\/news\/decoracio-i-colors-de-tardor-per-a-casaments-naturals\/\" \/>\n<meta property=\"og:site_name\" content=\"Dosterras Wine Garden\" \/>\n<meta property=\"article:published_time\" content=\"2025-09-10T10:26:16+00:00\" \/>\n<meta property=\"article:modified_time\" content=\"2025-12-06T19:46:12+00:00\" \/>\n<meta property=\"og:image\" content=\"https:\/\/dosterraswinegarden.com\/wp-content\/uploads\/2025\/09\/hermoso-ramo-de-flores-silvestres-en-manos-de-la-novia-scaled.jpg\" \/>\n\t<meta property=\"og:image:width\" content=\"2560\" \/>\n\t<meta property=\"og:image:height\" content=\"1707\" \/>\n\t<meta property=\"og:image:type\" content=\"image\/jpeg\" \/>\n<meta name=\"author\" content=\"Cl\u00e0udia Grosche\" \/>\n<meta name=\"twitter:card\" content=\"summary_large_image\" \/>\n<meta name=\"twitter:label1\" content=\"Escrito por\" \/>\n\t<meta name=\"twitter:data1\" content=\"Cl\u00e0udia Grosche\" \/>\n\t<meta name=\"twitter:label2\" content=\"Tiempo de lectura\" \/>\n\t<meta name=\"twitter:data2\" content=\"2 minutos\" \/>\n<script type=\"application\/ld+json\" class=\"yoast-schema-graph\">{\"@context\":\"https:\\\/\\\/schema.org\",\"@graph\":[{\"@type\":\"Article\",\"@id\":\"https:\\\/\\\/dosterraswinegarden.com\\\/news\\\/decoracio-i-colors-de-tardor-per-a-casaments-naturals\\\/#article\",\"isPartOf\":{\"@id\":\"https:\\\/\\\/dosterraswinegarden.com\\\/news\\\/decoracio-i-colors-de-tardor-per-a-casaments-naturals\\\/\"},\"author\":{\"name\":\"Cl\u00e0udia Grosche\",\"@id\":\"https:\\\/\\\/dosterraswinegarden.com\\\/#\\\/schema\\\/person\\\/9b0db6716433cba1467004352bb5d610\"},\"headline\":\"Decoraci\u00f3n de oto\u00f1o para bodas\",\"datePublished\":\"2025-09-10T10:26:16+00:00\",\"dateModified\":\"2025-12-06T19:46:12+00:00\",\"mainEntityOfPage\":{\"@id\":\"https:\\\/\\\/dosterraswinegarden.com\\\/news\\\/decoracio-i-colors-de-tardor-per-a-casaments-naturals\\\/\"},\"wordCount\":442,\"image\":{\"@id\":\"https:\\\/\\\/dosterraswinegarden.com\\\/news\\\/decoracio-i-colors-de-tardor-per-a-casaments-naturals\\\/#primaryimage\"},\"thumbnailUrl\":\"https:\\\/\\\/dosterraswinegarden.com\\\/wp-content\\\/uploads\\\/2025\\\/09\\\/hermoso-ramo-de-flores-silvestres-en-manos-de-la-novia-scaled.jpg\",\"articleSection\":[\"Bodas\"],\"inLanguage\":\"es\"},{\"@type\":\"WebPage\",\"@id\":\"https:\\\/\\\/dosterraswinegarden.com\\\/news\\\/decoracio-i-colors-de-tardor-per-a-casaments-naturals\\\/\",\"url\":\"https:\\\/\\\/dosterraswinegarden.com\\\/news\\\/decoracio-i-colors-de-tardor-per-a-casaments-naturals\\\/\",\"name\":\"Decoraci\u00f3n de oto\u00f1o para bodas - Dosterras Wine Garden\",\"isPartOf\":{\"@id\":\"https:\\\/\\\/dosterraswinegarden.com\\\/#website\"},\"primaryImageOfPage\":{\"@id\":\"https:\\\/\\\/dosterraswinegarden.com\\\/news\\\/decoracio-i-colors-de-tardor-per-a-casaments-naturals\\\/#primaryimage\"},\"image\":{\"@id\":\"https:\\\/\\\/dosterraswinegarden.com\\\/news\\\/decoracio-i-colors-de-tardor-per-a-casaments-naturals\\\/#primaryimage\"},\"thumbnailUrl\":\"https:\\\/\\\/dosterraswinegarden.com\\\/wp-content\\\/uploads\\\/2025\\\/09\\\/hermoso-ramo-de-flores-silvestres-en-manos-de-la-novia-scaled.jpg\",\"datePublished\":\"2025-09-10T10:26:16+00:00\",\"dateModified\":\"2025-12-06T19:46:12+00:00\",\"author\":{\"@id\":\"https:\\\/\\\/dosterraswinegarden.com\\\/#\\\/schema\\\/person\\\/9b0db6716433cba1467004352bb5d610\"},\"description\":\"En Dosterras Wine Garden, la vi\u00f1a, el jard\u00edn y la luz del Priorat crean un escenario para tu boda donde los colores hablan por si solos.\",\"breadcrumb\":{\"@id\":\"https:\\\/\\\/dosterraswinegarden.com\\\/news\\\/decoracio-i-colors-de-tardor-per-a-casaments-naturals\\\/#breadcrumb\"},\"inLanguage\":\"es\",\"potentialAction\":[{\"@type\":\"ReadAction\",\"target\":[\"https:\\\/\\\/dosterraswinegarden.com\\\/news\\\/decoracio-i-colors-de-tardor-per-a-casaments-naturals\\\/\"]}]},{\"@type\":\"ImageObject\",\"inLanguage\":\"es\",\"@id\":\"https:\\\/\\\/dosterraswinegarden.com\\\/news\\\/decoracio-i-colors-de-tardor-per-a-casaments-naturals\\\/#primaryimage\",\"url\":\"https:\\\/\\\/dosterraswinegarden.com\\\/wp-content\\\/uploads\\\/2025\\\/09\\\/hermoso-ramo-de-flores-silvestres-en-manos-de-la-novia-scaled.jpg\",\"contentUrl\":\"https:\\\/\\\/dosterraswinegarden.com\\\/wp-content\\\/uploads\\\/2025\\\/09\\\/hermoso-ramo-de-flores-silvestres-en-manos-de-la-novia-scaled.jpg\",\"width\":2560,\"height\":1707,\"caption\":\"Beautiful bouquet of wild flowers in the hands of the bride\"},{\"@type\":\"BreadcrumbList\",\"@id\":\"https:\\\/\\\/dosterraswinegarden.com\\\/news\\\/decoracio-i-colors-de-tardor-per-a-casaments-naturals\\\/#breadcrumb\",\"itemListElement\":[{\"@type\":\"ListItem\",\"position\":1,\"name\":\"Inici\",\"item\":\"https:\\\/\\\/dosterraswinegarden.com\\\/es\\\/\"},{\"@type\":\"ListItem\",\"position\":2,\"name\":\"Decoraci\u00f3n de oto\u00f1o para bodas\"}]},{\"@type\":\"WebSite\",\"@id\":\"https:\\\/\\\/dosterraswinegarden.com\\\/#website\",\"url\":\"https:\\\/\\\/dosterraswinegarden.com\\\/\",\"name\":\"Dosterras Wine Garden\",\"description\":\"Bodes, events i vins al Priorat\",\"potentialAction\":[{\"@type\":\"SearchAction\",\"target\":{\"@type\":\"EntryPoint\",\"urlTemplate\":\"https:\\\/\\\/dosterraswinegarden.com\\\/?s={search_term_string}\"},\"query-input\":{\"@type\":\"PropertyValueSpecification\",\"valueRequired\":true,\"valueName\":\"search_term_string\"}}],\"inLanguage\":\"es\"},{\"@type\":\"Person\",\"@id\":\"https:\\\/\\\/dosterraswinegarden.com\\\/#\\\/schema\\\/person\\\/9b0db6716433cba1467004352bb5d610\",\"name\":\"Cl\u00e0udia Grosche\",\"image\":{\"@type\":\"ImageObject\",\"inLanguage\":\"es\",\"@id\":\"https:\\\/\\\/secure.gravatar.com\\\/avatar\\\/36f488403653d8cfee612053ff51945be7e4de4d9a63f92a4a400e47456c2217?s=96&d=blank&r=g\",\"url\":\"https:\\\/\\\/secure.gravatar.com\\\/avatar\\\/36f488403653d8cfee612053ff51945be7e4de4d9a63f92a4a400e47456c2217?s=96&d=blank&r=g\",\"contentUrl\":\"https:\\\/\\\/secure.gravatar.com\\\/avatar\\\/36f488403653d8cfee612053ff51945be7e4de4d9a63f92a4a400e47456c2217?s=96&d=blank&r=g\",\"caption\":\"Cl\u00e0udia Grosche\"},\"url\":\"https:\\\/\\\/dosterraswinegarden.com\\\/es\\\/news\\\/author\\\/claudiagrosche\\\/\"}]}<\/script>\n<!-- \/ Yoast SEO plugin. -->","yoast_head_json":{"title":"Decoraci\u00f3n de oto\u00f1o para bodas - Dosterras Wine Garden","description":"En Dosterras Wine Garden, la vi\u00f1a, el jard\u00edn y la luz del Priorat crean un escenario para tu boda donde los colores hablan por si solos.","robots":{"index":"index","follow":"follow","max-snippet":"max-snippet:-1","max-image-preview":"max-image-preview:large","max-video-preview":"max-video-preview:-1"},"canonical":"https:\/\/dosterraswinegarden.com\/news\/decoracio-i-colors-de-tardor-per-a-casaments-naturals\/","og_locale":"es_ES","og_type":"article","og_title":"Decoraci\u00f3n de oto\u00f1o para bodas - Dosterras Wine Garden","og_description":"En Dosterras Wine Garden, la vi\u00f1a, el jard\u00edn y la luz del Priorat crean un escenario para tu boda donde los colores hablan por si solos.","og_url":"https:\/\/dosterraswinegarden.com\/news\/decoracio-i-colors-de-tardor-per-a-casaments-naturals\/","og_site_name":"Dosterras Wine Garden","article_published_time":"2025-09-10T10:26:16+00:00","article_modified_time":"2025-12-06T19:46:12+00:00","og_image":[{"width":2560,"height":1707,"url":"https:\/\/dosterraswinegarden.com\/wp-content\/uploads\/2025\/09\/hermoso-ramo-de-flores-silvestres-en-manos-de-la-novia-scaled.jpg","type":"image\/jpeg"}],"author":"Cl\u00e0udia Grosche","twitter_card":"summary_large_image","twitter_misc":{"Escrito por":"Cl\u00e0udia Grosche","Tiempo de lectura":"2 minutos"},"schema":{"@context":"https:\/\/schema.org","@graph":[{"@type":"Article","@id":"https:\/\/dosterraswinegarden.com\/news\/decoracio-i-colors-de-tardor-per-a-casaments-naturals\/#article","isPartOf":{"@id":"https:\/\/dosterraswinegarden.com\/news\/decoracio-i-colors-de-tardor-per-a-casaments-naturals\/"},"author":{"name":"Cl\u00e0udia Grosche","@id":"https:\/\/dosterraswinegarden.com\/#\/schema\/person\/9b0db6716433cba1467004352bb5d610"},"headline":"Decoraci\u00f3n de oto\u00f1o para bodas","datePublished":"2025-09-10T10:26:16+00:00","dateModified":"2025-12-06T19:46:12+00:00","mainEntityOfPage":{"@id":"https:\/\/dosterraswinegarden.com\/news\/decoracio-i-colors-de-tardor-per-a-casaments-naturals\/"},"wordCount":442,"image":{"@id":"https:\/\/dosterraswinegarden.com\/news\/decoracio-i-colors-de-tardor-per-a-casaments-naturals\/#primaryimage"},"thumbnailUrl":"https:\/\/dosterraswinegarden.com\/wp-content\/uploads\/2025\/09\/hermoso-ramo-de-flores-silvestres-en-manos-de-la-novia-scaled.jpg","articleSection":["Bodas"],"inLanguage":"es"},{"@type":"WebPage","@id":"https:\/\/dosterraswinegarden.com\/news\/decoracio-i-colors-de-tardor-per-a-casaments-naturals\/","url":"https:\/\/dosterraswinegarden.com\/news\/decoracio-i-colors-de-tardor-per-a-casaments-naturals\/","name":"Decoraci\u00f3n de oto\u00f1o para bodas - Dosterras Wine Garden","isPartOf":{"@id":"https:\/\/dosterraswinegarden.com\/#website"},"primaryImageOfPage":{"@id":"https:\/\/dosterraswinegarden.com\/news\/decoracio-i-colors-de-tardor-per-a-casaments-naturals\/#primaryimage"},"image":{"@id":"https:\/\/dosterraswinegarden.com\/news\/decoracio-i-colors-de-tardor-per-a-casaments-naturals\/#primaryimage"},"thumbnailUrl":"https:\/\/dosterraswinegarden.com\/wp-content\/uploads\/2025\/09\/hermoso-ramo-de-flores-silvestres-en-manos-de-la-novia-scaled.jpg","datePublished":"2025-09-10T10:26:16+00:00","dateModified":"2025-12-06T19:46:12+00:00","author":{"@id":"https:\/\/dosterraswinegarden.com\/#\/schema\/person\/9b0db6716433cba1467004352bb5d610"},"description":"En Dosterras Wine Garden, la vi\u00f1a, el jard\u00edn y la luz del Priorat crean un escenario para tu boda donde los colores hablan por si solos.","breadcrumb":{"@id":"https:\/\/dosterraswinegarden.com\/news\/decoracio-i-colors-de-tardor-per-a-casaments-naturals\/#breadcrumb"},"inLanguage":"es","potentialAction":[{"@type":"ReadAction","target":["https:\/\/dosterraswinegarden.com\/news\/decoracio-i-colors-de-tardor-per-a-casaments-naturals\/"]}]},{"@type":"ImageObject","inLanguage":"es","@id":"https:\/\/dosterraswinegarden.com\/news\/decoracio-i-colors-de-tardor-per-a-casaments-naturals\/#primaryimage","url":"https:\/\/dosterraswinegarden.com\/wp-content\/uploads\/2025\/09\/hermoso-ramo-de-flores-silvestres-en-manos-de-la-novia-scaled.jpg","contentUrl":"https:\/\/dosterraswinegarden.com\/wp-content\/uploads\/2025\/09\/hermoso-ramo-de-flores-silvestres-en-manos-de-la-novia-scaled.jpg","width":2560,"height":1707,"caption":"Beautiful bouquet of wild flowers in the hands of the bride"},{"@type":"BreadcrumbList","@id":"https:\/\/dosterraswinegarden.com\/news\/decoracio-i-colors-de-tardor-per-a-casaments-naturals\/#breadcrumb","itemListElement":[{"@type":"ListItem","position":1,"name":"Inici","item":"https:\/\/dosterraswinegarden.com\/es\/"},{"@type":"ListItem","position":2,"name":"Decoraci\u00f3n de oto\u00f1o para bodas"}]},{"@type":"WebSite","@id":"https:\/\/dosterraswinegarden.com\/#website","url":"https:\/\/dosterraswinegarden.com\/","name":"Dosterras Wine Garden","description":"Bodes, events i vins al Priorat","potentialAction":[{"@type":"SearchAction","target":{"@type":"EntryPoint","urlTemplate":"https:\/\/dosterraswinegarden.com\/?s={search_term_string}"},"query-input":{"@type":"PropertyValueSpecification","valueRequired":true,"valueName":"search_term_string"}}],"inLanguage":"es"},{"@type":"Person","@id":"https:\/\/dosterraswinegarden.com\/#\/schema\/person\/9b0db6716433cba1467004352bb5d610","name":"Cl\u00e0udia Grosche","image":{"@type":"ImageObject","inLanguage":"es","@id":"https:\/\/secure.gravatar.com\/avatar\/36f488403653d8cfee612053ff51945be7e4de4d9a63f92a4a400e47456c2217?s=96&d=blank&r=g","url":"https:\/\/secure.gravatar.com\/avatar\/36f488403653d8cfee612053ff51945be7e4de4d9a63f92a4a400e47456c2217?s=96&d=blank&r=g","contentUrl":"https:\/\/secure.gravatar.com\/avatar\/36f488403653d8cfee612053ff51945be7e4de4d9a63f92a4a400e47456c2217?s=96&d=blank&r=g","caption":"Cl\u00e0udia Grosche"},"url":"https:\/\/dosterraswinegarden.com\/es\/news\/author\/claudiagrosche\/"}]}},"_links":{"self":[{"href":"https:\/\/dosterraswinegarden.com\/es\/wp-json\/wp\/v2\/posts\/19839","targetHints":{"allow":["GET"]}}],"collection":[{"href":"https:\/\/dosterraswinegarden.com\/es\/wp-json\/wp\/v2\/posts"}],"about":[{"href":"https:\/\/dosterraswinegarden.com\/es\/wp-json\/wp\/v2\/types\/post"}],"author":[{"embeddable":true,"href":"https:\/\/dosterraswinegarden.com\/es\/wp-json\/wp\/v2\/users\/3"}],"replies":[{"embeddable":true,"href":"https:\/\/dosterraswinegarden.com\/es\/wp-json\/wp\/v2\/comments?post=19839"}],"version-history":[{"count":5,"href":"https:\/\/dosterraswinegarden.com\/es\/wp-json\/wp\/v2\/posts\/19839\/revisions"}],"predecessor-version":[{"id":20043,"href":"https:\/\/dosterraswinegarden.com\/es\/wp-json\/wp\/v2\/posts\/19839\/revisions\/20043"}],"wp:featuredmedia":[{"embeddable":true,"href":"https:\/\/dosterraswinegarden.com\/es\/wp-json\/wp\/v2\/media\/19993"}],"wp:attachment":[{"href":"https:\/\/dosterraswinegarden.com\/es\/wp-json\/wp\/v2\/media?parent=19839"}],"wp:term":[{"taxonomy":"category","embeddable":true,"href":"https:\/\/dosterraswinegarden.com\/es\/wp-json\/wp\/v2\/categories?post=19839"},{"taxonomy":"post_tag","embeddable":true,"href":"https:\/\/dosterraswinegarden.com\/es\/wp-json\/wp\/v2\/tags?post=19839"}],"curies":[{"name":"wp","href":"https:\/\/api.w.org\/{rel}","templated":true}]}}