{"id":20092,"date":"2025-11-11T20:29:28","date_gmt":"2025-11-11T20:29:28","guid":{"rendered":"https:\/\/dosterraswinegarden.com\/news\/como-y-cuando-reservar-un-espacio-para-una-boda\/"},"modified":"2025-12-17T18:15:29","modified_gmt":"2025-12-17T18:15:29","slug":"como-y-cuando-reservar-un-espacio-para-una-boda","status":"publish","type":"post","link":"https:\/\/dosterraswinegarden.com\/es\/news\/como-y-cuando-reservar-un-espacio-para-una-boda\/","title":{"rendered":"C\u00f3mo y cu\u00e1ndo reservar un espacio para una boda<br>"},"content":{"rendered":"\t\t<div data-elementor-type=\"wp-post\" data-elementor-id=\"20092\" class=\"elementor elementor-20092 elementor-20076\">\n\t\t\t\t\t\t<section class=\"elementor-section elementor-top-section elementor-element elementor-element-a638594 elementor-section-boxed elementor-section-height-default elementor-section-height-default qodef-elementor-content-no\" data-id=\"a638594\" data-element_type=\"section\" data-e-type=\"section\">\n\t\t\t\t\t\t<div class=\"elementor-container elementor-column-gap-default\">\n\t\t\t\t\t<div class=\"elementor-column elementor-col-100 elementor-top-column elementor-element elementor-element-7e313df\" data-id=\"7e313df\" data-element_type=\"column\" data-e-type=\"column\">\n\t\t\t<div class=\"elementor-widget-wrap elementor-element-populated\">\n\t\t\t\t\t\t<div class=\"elementor-element elementor-element-87832cb elementor-widget elementor-widget-text-editor\" data-id=\"87832cb\" data-element_type=\"widget\" data-e-type=\"widget\" data-widget_type=\"text-editor.default\">\n\t\t\t\t<div class=\"elementor-widget-container\">\n\t\t\t\t\t\t\t\t\t<p data-start=\"936\" data-end=\"1241\">Antes de decidir el men\u00fa, la m\u00fasica o la decoraci\u00f3n, hay una decisi\u00f3n clave: elegir el espacio. No solo porque fija una fecha, sino porque condiciona todo el planteamiento de la boda \u2014el tipo de celebraci\u00f3n, el n\u00famero de invitados e incluso el ritmo del d\u00eda.<br>   <\/p>\t\t\t\t\t\t\t\t<\/div>\n\t\t\t\t<\/div>\n\t\t\t\t\t<\/div>\n\t\t<\/div>\n\t\t\t\t\t<\/div>\n\t\t<\/section>\n\t\t\t\t<section class=\"elementor-section elementor-top-section elementor-element elementor-element-a84cb0c elementor-section-boxed elementor-section-height-default elementor-section-height-default qodef-elementor-content-no\" data-id=\"a84cb0c\" data-element_type=\"section\" data-e-type=\"section\">\n\t\t\t\t\t\t<div class=\"elementor-container elementor-column-gap-default\">\n\t\t\t\t\t<div class=\"elementor-column elementor-col-100 elementor-top-column elementor-element elementor-element-64dd2ea\" data-id=\"64dd2ea\" data-element_type=\"column\" data-e-type=\"column\">\n\t\t\t<div class=\"elementor-widget-wrap elementor-element-populated\">\n\t\t\t\t\t\t<div class=\"elementor-element elementor-element-dfd8d22 elementor-widget elementor-widget-heading\" data-id=\"dfd8d22\" data-element_type=\"widget\" data-e-type=\"widget\" data-widget_type=\"heading.default\">\n\t\t\t\t<div class=\"elementor-widget-container\">\n\t\t\t\t\t<h3 class=\"elementor-heading-title elementor-size-default\">\u00bfC\u00f3mo funciona el calendario de una boda?<br><\/h3>\t\t\t\t<\/div>\n\t\t\t\t<\/div>\n\t\t\t\t<div class=\"elementor-element elementor-element-44b6e9f elementor-widget elementor-widget-text-editor\" data-id=\"44b6e9f\" data-element_type=\"widget\" data-e-type=\"widget\" data-widget_type=\"text-editor.default\">\n\t\t\t\t<div class=\"elementor-widget-container\">\n\t\t\t\t\t\t\t\t\t<p data-start=\"206\" data-end=\"524\">Cuando se empieza a organizar una boda, una de las dificultades m\u00e1s habituales es entender el orden real de las decisiones. No todo se elige ni se reserva al mismo tiempo, ni todo tiene el mismo peso dentro del calendario. Hay decisiones que marcan el ritmo del resto de la organizaci\u00f3n y que, una vez tomadas, ayudan a situar todas las dem\u00e1s.<br>  <\/p><p data-start=\"529\" data-end=\"898\">Por este motivo, se recomienda reservar el espacio en una fase inicial del proceso, con una antelaci\u00f3n aproximada de <strong data-start=\"652\" data-end=\"662\">un a\u00f1o<\/strong>. Trabajar con este margen permite disponer de m\u00e1s opciones y organizar el resto del calendario con mayor claridad. A medida que la fecha se acerca, la disponibilidad se reduce y las decisiones suelen estar m\u00e1s condicionadas por el tiempo.  <\/p>\t\t\t\t\t\t\t\t<\/div>\n\t\t\t\t<\/div>\n\t\t\t\t<div class=\"elementor-element elementor-element-aac0566 elementor-widget elementor-widget-image\" data-id=\"aac0566\" data-element_type=\"widget\" data-e-type=\"widget\" data-widget_type=\"image.default\">\n\t\t\t\t<div class=\"elementor-widget-container\">\n\t\t\t\t\t\t\t\t\t\t\t\t\t\t\t<img fetchpriority=\"high\" decoding=\"async\" width=\"1024\" height=\"683\" src=\"https:\/\/dosterraswinegarden.com\/wp-content\/uploads\/2025\/12\/mujeres-de-alto-angulo-que-trabajan-como-organizadoras-de-bodas-1024x683.jpg\" class=\"attachment-large size-large wp-image-20091\" alt=\"\" srcset=\"https:\/\/dosterraswinegarden.com\/wp-content\/uploads\/2025\/12\/mujeres-de-alto-angulo-que-trabajan-como-organizadoras-de-bodas-1024x683.jpg 1024w, https:\/\/dosterraswinegarden.com\/wp-content\/uploads\/2025\/12\/mujeres-de-alto-angulo-que-trabajan-como-organizadoras-de-bodas-300x200.jpg 300w, https:\/\/dosterraswinegarden.com\/wp-content\/uploads\/2025\/12\/mujeres-de-alto-angulo-que-trabajan-como-organizadoras-de-bodas-768x512.jpg 768w, https:\/\/dosterraswinegarden.com\/wp-content\/uploads\/2025\/12\/mujeres-de-alto-angulo-que-trabajan-como-organizadoras-de-bodas-1536x1024.jpg 1536w, https:\/\/dosterraswinegarden.com\/wp-content\/uploads\/2025\/12\/mujeres-de-alto-angulo-que-trabajan-como-organizadoras-de-bodas-2048x1365.jpg 2048w\" sizes=\"(max-width: 1024px) 100vw, 1024px\" \/>\t\t\t\t\t\t\t\t\t\t\t\t\t\t\t<\/div>\n\t\t\t\t<\/div>\n\t\t\t\t\t<\/div>\n\t\t<\/div>\n\t\t\t\t\t<\/div>\n\t\t<\/section>\n\t\t\t\t<section class=\"elementor-section elementor-top-section elementor-element elementor-element-eb3f4e6 elementor-section-boxed elementor-section-height-default elementor-section-height-default qodef-elementor-content-no\" data-id=\"eb3f4e6\" data-element_type=\"section\" data-e-type=\"section\">\n\t\t\t\t\t\t<div class=\"elementor-container elementor-column-gap-default\">\n\t\t\t\t\t<div class=\"elementor-column elementor-col-100 elementor-top-column elementor-element elementor-element-bba0a44\" data-id=\"bba0a44\" data-element_type=\"column\" data-e-type=\"column\">\n\t\t\t<div class=\"elementor-widget-wrap elementor-element-populated\">\n\t\t\t\t\t\t<div class=\"elementor-element elementor-element-6f4e667 elementor-widget elementor-widget-heading\" data-id=\"6f4e667\" data-element_type=\"widget\" data-e-type=\"widget\" data-widget_type=\"heading.default\">\n\t\t\t\t<div class=\"elementor-widget-container\">\n\t\t\t\t\t<h3 class=\"elementor-heading-title elementor-size-default\">\u00bfCu\u00e1ndo empezar a buscar espacio?<br><\/h3>\t\t\t\t<\/div>\n\t\t\t\t<\/div>\n\t\t\t\t<div class=\"elementor-element elementor-element-f9f1cc5 elementor-widget elementor-widget-text-editor\" data-id=\"f9f1cc5\" data-element_type=\"widget\" data-e-type=\"widget\" data-widget_type=\"text-editor.default\">\n\t\t\t\t<div class=\"elementor-widget-container\">\n\t\t\t\t\t\t\t\t\t<p data-start=\"206\" data-end=\"524\">Una buena manera de afrontar esta fase es empezar a mirar espacios cuando ya existe una idea clara del tipo de boda que se quiere hacer, aunque muchos detalles todav\u00eda no est\u00e9n definidos. Partir de algunas decisiones b\u00e1sicas ayuda a orientar la b\u00fasqueda y a hacerla m\u00e1s eficiente.<br> <\/p><p data-start=\"206\" data-end=\"524\">Tener una estimaci\u00f3n del n\u00famero de invitados, una idea general del tipo de celebraci\u00f3n (por ejemplo, si se quiere dar protagonismo a la comida, si la boda se piensa como una sucesi\u00f3n de momentos en distintos espacios o si se quieren incorporar actividades a lo largo del d\u00eda) y cierta flexibilidad con la fecha facilita mucho las primeras conversaciones con los espacios.<br><\/p><p data-start=\"206\" data-end=\"524\">Empezar a buscar desde este punto de partida permite valorar los espacios con criterio, comparar propuestas y tomar decisiones con m\u00e1s seguridad. Adem\u00e1s, ayuda a evitar cambios de rumbo constantes y a construir el resto de la organizaci\u00f3n sobre una base m\u00e1s s\u00f3lida.<br> <\/p>\t\t\t\t\t\t\t\t<\/div>\n\t\t\t\t<\/div>\n\t\t\t\t<div class=\"elementor-element elementor-element-e6a6d51 elementor-widget elementor-widget-heading\" data-id=\"e6a6d51\" data-element_type=\"widget\" data-e-type=\"widget\" data-widget_type=\"heading.default\">\n\t\t\t\t<div class=\"elementor-widget-container\">\n\t\t\t\t\t<h3 class=\"elementor-heading-title elementor-size-default\">\u00bfC\u00f3mo hacer el primer contacto con los espacios?<br><\/h3>\t\t\t\t<\/div>\n\t\t\t\t<\/div>\n\t\t\t\t<div class=\"elementor-element elementor-element-b9922af elementor-widget elementor-widget-text-editor\" data-id=\"b9922af\" data-element_type=\"widget\" data-e-type=\"widget\" data-widget_type=\"text-editor.default\">\n\t\t\t\t<div class=\"elementor-widget-container\">\n\t\t\t\t\t\t\t\t\t<p data-start=\"206\" data-end=\"524\">En un primer contacto con un espacio, resulta m\u00e1s \u00fatil explicar c\u00f3mo imagin\u00e1is el d\u00eda que pedir informaci\u00f3n gen\u00e9rica. Plantear preguntas abiertas, pedir ver ejemplos de celebraciones reales o entender c\u00f3mo se organiza una jornada completa ayuda a saber si el espacio puede adaptarse a lo que ten\u00e9is en mente.<br> <\/p><p data-start=\"206\" data-end=\"524\">Buscar con tiempo tambi\u00e9n permite vivir este proceso con calma: visitar espacios sin prisas, dejar reposar las decisiones y retomar la conversaci\u00f3n cuando surgen nuevas dudas. A menudo es en estas segundas conversaciones cuando se confirman las primeras sensaciones y se toman decisiones m\u00e1s firmes.<br> <\/p><p data-start=\"206\" data-end=\"524\"> <\/p>\t\t\t\t\t\t\t\t<\/div>\n\t\t\t\t<\/div>\n\t\t\t\t<div class=\"elementor-element elementor-element-6d66c9f elementor-widget elementor-widget-image\" data-id=\"6d66c9f\" data-element_type=\"widget\" data-e-type=\"widget\" data-widget_type=\"image.default\">\n\t\t\t\t<div class=\"elementor-widget-container\">\n\t\t\t\t\t\t\t\t\t\t\t\t\t\t\t<img decoding=\"async\" width=\"1024\" height=\"682\" src=\"https:\/\/dosterraswinegarden.com\/wp-content\/uploads\/2025\/08\/DSC_7494-1024x682.jpg\" class=\"attachment-large size-large wp-image-19597\" alt=\"\" srcset=\"https:\/\/dosterraswinegarden.com\/wp-content\/uploads\/2025\/08\/DSC_7494-1024x682.jpg 1024w, https:\/\/dosterraswinegarden.com\/wp-content\/uploads\/2025\/08\/DSC_7494-300x200.jpg 300w, https:\/\/dosterraswinegarden.com\/wp-content\/uploads\/2025\/08\/DSC_7494-768x512.jpg 768w, https:\/\/dosterraswinegarden.com\/wp-content\/uploads\/2025\/08\/DSC_7494-1536x1023.jpg 1536w, https:\/\/dosterraswinegarden.com\/wp-content\/uploads\/2025\/08\/DSC_7494-2048x1364.jpg 2048w\" sizes=\"(max-width: 1024px) 100vw, 1024px\" \/>\t\t\t\t\t\t\t\t\t\t\t\t\t\t\t<\/div>\n\t\t\t\t<\/div>\n\t\t\t\t\t<\/div>\n\t\t<\/div>\n\t\t\t\t\t<\/div>\n\t\t<\/section>\n\t\t\t\t<section class=\"elementor-section elementor-top-section elementor-element elementor-element-f30ddd4 elementor-section-boxed elementor-section-height-default elementor-section-height-default qodef-elementor-content-no\" data-id=\"f30ddd4\" data-element_type=\"section\" data-e-type=\"section\">\n\t\t\t\t\t\t<div class=\"elementor-container elementor-column-gap-default\">\n\t\t\t\t\t<div class=\"elementor-column elementor-col-100 elementor-top-column elementor-element elementor-element-e3d5d38\" data-id=\"e3d5d38\" data-element_type=\"column\" data-e-type=\"column\">\n\t\t\t<div class=\"elementor-widget-wrap elementor-element-populated\">\n\t\t\t\t\t\t<div class=\"elementor-element elementor-element-56f0de8 elementor-widget elementor-widget-heading\" data-id=\"56f0de8\" data-element_type=\"widget\" data-e-type=\"widget\" data-widget_type=\"heading.default\">\n\t\t\t\t<div class=\"elementor-widget-container\">\n\t\t\t\t\t<h3 class=\"elementor-heading-title elementor-size-default\">Espacios y servicios que ofrece Dosterras Wine Garden<br>\n<\/h3>\t\t\t\t<\/div>\n\t\t\t\t<\/div>\n\t\t\t\t<div class=\"elementor-element elementor-element-5ea7afd elementor-widget elementor-widget-text-editor\" data-id=\"5ea7afd\" data-element_type=\"widget\" data-e-type=\"widget\" data-widget_type=\"text-editor.default\">\n\t\t\t\t<div class=\"elementor-widget-container\">\n\t\t\t\t\t\t\t\t\t<p data-start=\"206\" data-end=\"524\"><strong>Dosterras Wine Garden <\/strong>ofrece un espacio al aire libre situado en un entorno de vi\u00f1edos, pensado para acoger bodas y celebraciones en formatos diversos. La finca dispone de diferentes zonas exteriores que permiten adaptar el evento a los distintos momentos del d\u00eda, as\u00ed como de una carpa que puede integrarse seg\u00fan las necesidades de cada celebraci\u00f3n. El espacio se alquila en exclusiva y permite trabajar con proveedores externos, lo que facilita una organizaci\u00f3n flexible y adaptada a cada proyecto.  <\/p><p data-start=\"206\" data-end=\"524\">Si est\u00e1s pensando en celebrar tu boda en el Priorat, en un entorno \u00fanico y con la intimidad que ofrece nuestro espacio, <a href=\"http:\/\/www.dosterraswinegarden.com\/contacto\">cont\u00e1ctanos<\/a> y estaremos encantados de ayudarte en todo lo que necesites.<\/p>\t\t\t\t\t\t\t\t<\/div>\n\t\t\t\t<\/div>\n\t\t\t\t\t<\/div>\n\t\t<\/div>\n\t\t\t\t\t<\/div>\n\t\t<\/section>\n\t\t\t\t<\/div>\n\t\t","protected":false},"excerpt":{"rendered":"<p>Antes de decidir el men\u00fa, la m\u00fasica o la decoraci\u00f3n, hay una decisi\u00f3n clave: elegir el espacio. No solo porque fija una fecha, sino porque condiciona todo el planteamiento de [&hellip;]<\/p>\n","protected":false},"author":3,"featured_media":19021,"comment_status":"closed","ping_status":"closed","sticky":false,"template":"","format":"standard","meta":{"_themeisle_gutenberg_block_has_review":false,"_joinchat":[],"footnotes":""},"categories":[136],"tags":[],"class_list":["post-20092","post","type-post","status-publish","format-standard","has-post-thumbnail","hentry","category-bodas"],"yoast_head":"<!-- This site is optimized with the Yoast SEO plugin v27.5 - https:\/\/yoast.com\/product\/yoast-seo-wordpress\/ -->\n<title>C\u00f3mo y cu\u00e1ndo reservar un espacio para una boda - Dosterras Wine Garden<\/title>\n<meta name=\"description\" content=\"C\u00f3mo y cu\u00e1ndo reservar un espacio para una boda: criterios pr\u00e1cticos y consejos para empezar a organizarla con claridad\" \/>\n<meta name=\"robots\" content=\"index, follow, max-snippet:-1, max-image-preview:large, max-video-preview:-1\" \/>\n<link rel=\"canonical\" href=\"https:\/\/dosterraswinegarden.com\/es\/news\/como-y-cuando-reservar-un-espacio-para-una-boda\/\" \/>\n<meta property=\"og:locale\" content=\"es_ES\" \/>\n<meta property=\"og:type\" content=\"article\" \/>\n<meta property=\"og:title\" content=\"C\u00f3mo y cu\u00e1ndo reservar un espacio para una boda - Dosterras Wine Garden\" \/>\n<meta property=\"og:description\" content=\"C\u00f3mo y cu\u00e1ndo reservar un espacio para una boda: criterios pr\u00e1cticos y consejos para empezar a organizarla con claridad\" \/>\n<meta property=\"og:url\" content=\"https:\/\/dosterraswinegarden.com\/es\/news\/como-y-cuando-reservar-un-espacio-para-una-boda\/\" \/>\n<meta property=\"og:site_name\" content=\"Dosterras Wine Garden\" \/>\n<meta property=\"article:published_time\" content=\"2025-11-11T20:29:28+00:00\" \/>\n<meta property=\"article:modified_time\" content=\"2025-12-17T18:15:29+00:00\" \/>\n<meta property=\"og:image\" content=\"https:\/\/dosterraswinegarden.com\/wp-content\/uploads\/2025\/06\/DSC_0063-scaled.jpg\" \/>\n\t<meta property=\"og:image:width\" content=\"2560\" \/>\n\t<meta property=\"og:image:height\" content=\"1707\" \/>\n\t<meta property=\"og:image:type\" content=\"image\/jpeg\" \/>\n<meta name=\"author\" content=\"Cl\u00e0udia Grosche\" \/>\n<meta name=\"twitter:card\" content=\"summary_large_image\" \/>\n<meta name=\"twitter:label1\" content=\"Escrito por\" \/>\n\t<meta name=\"twitter:data1\" content=\"Cl\u00e0udia Grosche\" \/>\n\t<meta name=\"twitter:label2\" content=\"Tiempo de lectura\" \/>\n\t<meta name=\"twitter:data2\" content=\"3 minutos\" \/>\n<script type=\"application\/ld+json\" class=\"yoast-schema-graph\">{\"@context\":\"https:\\\/\\\/schema.org\",\"@graph\":[{\"@type\":\"Article\",\"@id\":\"https:\\\/\\\/dosterraswinegarden.com\\\/es\\\/news\\\/como-y-cuando-reservar-un-espacio-para-una-boda\\\/#article\",\"isPartOf\":{\"@id\":\"https:\\\/\\\/dosterraswinegarden.com\\\/es\\\/news\\\/como-y-cuando-reservar-un-espacio-para-una-boda\\\/\"},\"author\":{\"name\":\"Cl\u00e0udia Grosche\",\"@id\":\"https:\\\/\\\/dosterraswinegarden.com\\\/#\\\/schema\\\/person\\\/9b0db6716433cba1467004352bb5d610\"},\"headline\":\"C\u00f3mo y cu\u00e1ndo reservar un espacio para una boda\",\"datePublished\":\"2025-11-11T20:29:28+00:00\",\"dateModified\":\"2025-12-17T18:15:29+00:00\",\"mainEntityOfPage\":{\"@id\":\"https:\\\/\\\/dosterraswinegarden.com\\\/es\\\/news\\\/como-y-cuando-reservar-un-espacio-para-una-boda\\\/\"},\"wordCount\":616,\"image\":{\"@id\":\"https:\\\/\\\/dosterraswinegarden.com\\\/es\\\/news\\\/como-y-cuando-reservar-un-espacio-para-una-boda\\\/#primaryimage\"},\"thumbnailUrl\":\"https:\\\/\\\/dosterraswinegarden.com\\\/wp-content\\\/uploads\\\/2025\\\/06\\\/DSC_0063-scaled.jpg\",\"articleSection\":[\"Bodas\"],\"inLanguage\":\"es\"},{\"@type\":\"WebPage\",\"@id\":\"https:\\\/\\\/dosterraswinegarden.com\\\/es\\\/news\\\/como-y-cuando-reservar-un-espacio-para-una-boda\\\/\",\"url\":\"https:\\\/\\\/dosterraswinegarden.com\\\/es\\\/news\\\/como-y-cuando-reservar-un-espacio-para-una-boda\\\/\",\"name\":\"C\u00f3mo y cu\u00e1ndo reservar un espacio para una boda - Dosterras Wine Garden\",\"isPartOf\":{\"@id\":\"https:\\\/\\\/dosterraswinegarden.com\\\/#website\"},\"primaryImageOfPage\":{\"@id\":\"https:\\\/\\\/dosterraswinegarden.com\\\/es\\\/news\\\/como-y-cuando-reservar-un-espacio-para-una-boda\\\/#primaryimage\"},\"image\":{\"@id\":\"https:\\\/\\\/dosterraswinegarden.com\\\/es\\\/news\\\/como-y-cuando-reservar-un-espacio-para-una-boda\\\/#primaryimage\"},\"thumbnailUrl\":\"https:\\\/\\\/dosterraswinegarden.com\\\/wp-content\\\/uploads\\\/2025\\\/06\\\/DSC_0063-scaled.jpg\",\"datePublished\":\"2025-11-11T20:29:28+00:00\",\"dateModified\":\"2025-12-17T18:15:29+00:00\",\"author\":{\"@id\":\"https:\\\/\\\/dosterraswinegarden.com\\\/#\\\/schema\\\/person\\\/9b0db6716433cba1467004352bb5d610\"},\"description\":\"C\u00f3mo y cu\u00e1ndo reservar un espacio para una boda: criterios pr\u00e1cticos y consejos para empezar a organizarla con claridad\",\"breadcrumb\":{\"@id\":\"https:\\\/\\\/dosterraswinegarden.com\\\/es\\\/news\\\/como-y-cuando-reservar-un-espacio-para-una-boda\\\/#breadcrumb\"},\"inLanguage\":\"es\",\"potentialAction\":[{\"@type\":\"ReadAction\",\"target\":[\"https:\\\/\\\/dosterraswinegarden.com\\\/es\\\/news\\\/como-y-cuando-reservar-un-espacio-para-una-boda\\\/\"]}]},{\"@type\":\"ImageObject\",\"inLanguage\":\"es\",\"@id\":\"https:\\\/\\\/dosterraswinegarden.com\\\/es\\\/news\\\/como-y-cuando-reservar-un-espacio-para-una-boda\\\/#primaryimage\",\"url\":\"https:\\\/\\\/dosterraswinegarden.com\\\/wp-content\\\/uploads\\\/2025\\\/06\\\/DSC_0063-scaled.jpg\",\"contentUrl\":\"https:\\\/\\\/dosterraswinegarden.com\\\/wp-content\\\/uploads\\\/2025\\\/06\\\/DSC_0063-scaled.jpg\",\"width\":2560,\"height\":1707},{\"@type\":\"BreadcrumbList\",\"@id\":\"https:\\\/\\\/dosterraswinegarden.com\\\/es\\\/news\\\/como-y-cuando-reservar-un-espacio-para-una-boda\\\/#breadcrumb\",\"itemListElement\":[{\"@type\":\"ListItem\",\"position\":1,\"name\":\"Inici\",\"item\":\"https:\\\/\\\/dosterraswinegarden.com\\\/es\\\/\"},{\"@type\":\"ListItem\",\"position\":2,\"name\":\"C\u00f3mo y cu\u00e1ndo reservar un espacio para una boda\"}]},{\"@type\":\"WebSite\",\"@id\":\"https:\\\/\\\/dosterraswinegarden.com\\\/#website\",\"url\":\"https:\\\/\\\/dosterraswinegarden.com\\\/\",\"name\":\"Dosterras Wine Garden\",\"description\":\"Bodes, events i vins al Priorat\",\"potentialAction\":[{\"@type\":\"SearchAction\",\"target\":{\"@type\":\"EntryPoint\",\"urlTemplate\":\"https:\\\/\\\/dosterraswinegarden.com\\\/?s={search_term_string}\"},\"query-input\":{\"@type\":\"PropertyValueSpecification\",\"valueRequired\":true,\"valueName\":\"search_term_string\"}}],\"inLanguage\":\"es\"},{\"@type\":\"Person\",\"@id\":\"https:\\\/\\\/dosterraswinegarden.com\\\/#\\\/schema\\\/person\\\/9b0db6716433cba1467004352bb5d610\",\"name\":\"Cl\u00e0udia Grosche\",\"image\":{\"@type\":\"ImageObject\",\"inLanguage\":\"es\",\"@id\":\"https:\\\/\\\/secure.gravatar.com\\\/avatar\\\/36f488403653d8cfee612053ff51945be7e4de4d9a63f92a4a400e47456c2217?s=96&d=blank&r=g\",\"url\":\"https:\\\/\\\/secure.gravatar.com\\\/avatar\\\/36f488403653d8cfee612053ff51945be7e4de4d9a63f92a4a400e47456c2217?s=96&d=blank&r=g\",\"contentUrl\":\"https:\\\/\\\/secure.gravatar.com\\\/avatar\\\/36f488403653d8cfee612053ff51945be7e4de4d9a63f92a4a400e47456c2217?s=96&d=blank&r=g\",\"caption\":\"Cl\u00e0udia Grosche\"},\"url\":\"https:\\\/\\\/dosterraswinegarden.com\\\/es\\\/news\\\/author\\\/claudiagrosche\\\/\"}]}<\/script>\n<!-- \/ Yoast SEO plugin. -->","yoast_head_json":{"title":"C\u00f3mo y cu\u00e1ndo reservar un espacio para una boda - Dosterras Wine Garden","description":"C\u00f3mo y cu\u00e1ndo reservar un espacio para una boda: criterios pr\u00e1cticos y consejos para empezar a organizarla con claridad","robots":{"index":"index","follow":"follow","max-snippet":"max-snippet:-1","max-image-preview":"max-image-preview:large","max-video-preview":"max-video-preview:-1"},"canonical":"https:\/\/dosterraswinegarden.com\/es\/news\/como-y-cuando-reservar-un-espacio-para-una-boda\/","og_locale":"es_ES","og_type":"article","og_title":"C\u00f3mo y cu\u00e1ndo reservar un espacio para una boda - Dosterras Wine Garden","og_description":"C\u00f3mo y cu\u00e1ndo reservar un espacio para una boda: criterios pr\u00e1cticos y consejos para empezar a organizarla con claridad","og_url":"https:\/\/dosterraswinegarden.com\/es\/news\/como-y-cuando-reservar-un-espacio-para-una-boda\/","og_site_name":"Dosterras Wine Garden","article_published_time":"2025-11-11T20:29:28+00:00","article_modified_time":"2025-12-17T18:15:29+00:00","og_image":[{"width":2560,"height":1707,"url":"https:\/\/dosterraswinegarden.com\/wp-content\/uploads\/2025\/06\/DSC_0063-scaled.jpg","type":"image\/jpeg"}],"author":"Cl\u00e0udia Grosche","twitter_card":"summary_large_image","twitter_misc":{"Escrito por":"Cl\u00e0udia Grosche","Tiempo de lectura":"3 minutos"},"schema":{"@context":"https:\/\/schema.org","@graph":[{"@type":"Article","@id":"https:\/\/dosterraswinegarden.com\/es\/news\/como-y-cuando-reservar-un-espacio-para-una-boda\/#article","isPartOf":{"@id":"https:\/\/dosterraswinegarden.com\/es\/news\/como-y-cuando-reservar-un-espacio-para-una-boda\/"},"author":{"name":"Cl\u00e0udia Grosche","@id":"https:\/\/dosterraswinegarden.com\/#\/schema\/person\/9b0db6716433cba1467004352bb5d610"},"headline":"C\u00f3mo y cu\u00e1ndo reservar un espacio para una boda","datePublished":"2025-11-11T20:29:28+00:00","dateModified":"2025-12-17T18:15:29+00:00","mainEntityOfPage":{"@id":"https:\/\/dosterraswinegarden.com\/es\/news\/como-y-cuando-reservar-un-espacio-para-una-boda\/"},"wordCount":616,"image":{"@id":"https:\/\/dosterraswinegarden.com\/es\/news\/como-y-cuando-reservar-un-espacio-para-una-boda\/#primaryimage"},"thumbnailUrl":"https:\/\/dosterraswinegarden.com\/wp-content\/uploads\/2025\/06\/DSC_0063-scaled.jpg","articleSection":["Bodas"],"inLanguage":"es"},{"@type":"WebPage","@id":"https:\/\/dosterraswinegarden.com\/es\/news\/como-y-cuando-reservar-un-espacio-para-una-boda\/","url":"https:\/\/dosterraswinegarden.com\/es\/news\/como-y-cuando-reservar-un-espacio-para-una-boda\/","name":"C\u00f3mo y cu\u00e1ndo reservar un espacio para una boda - Dosterras Wine Garden","isPartOf":{"@id":"https:\/\/dosterraswinegarden.com\/#website"},"primaryImageOfPage":{"@id":"https:\/\/dosterraswinegarden.com\/es\/news\/como-y-cuando-reservar-un-espacio-para-una-boda\/#primaryimage"},"image":{"@id":"https:\/\/dosterraswinegarden.com\/es\/news\/como-y-cuando-reservar-un-espacio-para-una-boda\/#primaryimage"},"thumbnailUrl":"https:\/\/dosterraswinegarden.com\/wp-content\/uploads\/2025\/06\/DSC_0063-scaled.jpg","datePublished":"2025-11-11T20:29:28+00:00","dateModified":"2025-12-17T18:15:29+00:00","author":{"@id":"https:\/\/dosterraswinegarden.com\/#\/schema\/person\/9b0db6716433cba1467004352bb5d610"},"description":"C\u00f3mo y cu\u00e1ndo reservar un espacio para una boda: criterios pr\u00e1cticos y consejos para empezar a organizarla con claridad","breadcrumb":{"@id":"https:\/\/dosterraswinegarden.com\/es\/news\/como-y-cuando-reservar-un-espacio-para-una-boda\/#breadcrumb"},"inLanguage":"es","potentialAction":[{"@type":"ReadAction","target":["https:\/\/dosterraswinegarden.com\/es\/news\/como-y-cuando-reservar-un-espacio-para-una-boda\/"]}]},{"@type":"ImageObject","inLanguage":"es","@id":"https:\/\/dosterraswinegarden.com\/es\/news\/como-y-cuando-reservar-un-espacio-para-una-boda\/#primaryimage","url":"https:\/\/dosterraswinegarden.com\/wp-content\/uploads\/2025\/06\/DSC_0063-scaled.jpg","contentUrl":"https:\/\/dosterraswinegarden.com\/wp-content\/uploads\/2025\/06\/DSC_0063-scaled.jpg","width":2560,"height":1707},{"@type":"BreadcrumbList","@id":"https:\/\/dosterraswinegarden.com\/es\/news\/como-y-cuando-reservar-un-espacio-para-una-boda\/#breadcrumb","itemListElement":[{"@type":"ListItem","position":1,"name":"Inici","item":"https:\/\/dosterraswinegarden.com\/es\/"},{"@type":"ListItem","position":2,"name":"C\u00f3mo y cu\u00e1ndo reservar un espacio para una boda"}]},{"@type":"WebSite","@id":"https:\/\/dosterraswinegarden.com\/#website","url":"https:\/\/dosterraswinegarden.com\/","name":"Dosterras Wine Garden","description":"Bodes, events i vins al Priorat","potentialAction":[{"@type":"SearchAction","target":{"@type":"EntryPoint","urlTemplate":"https:\/\/dosterraswinegarden.com\/?s={search_term_string}"},"query-input":{"@type":"PropertyValueSpecification","valueRequired":true,"valueName":"search_term_string"}}],"inLanguage":"es"},{"@type":"Person","@id":"https:\/\/dosterraswinegarden.com\/#\/schema\/person\/9b0db6716433cba1467004352bb5d610","name":"Cl\u00e0udia Grosche","image":{"@type":"ImageObject","inLanguage":"es","@id":"https:\/\/secure.gravatar.com\/avatar\/36f488403653d8cfee612053ff51945be7e4de4d9a63f92a4a400e47456c2217?s=96&d=blank&r=g","url":"https:\/\/secure.gravatar.com\/avatar\/36f488403653d8cfee612053ff51945be7e4de4d9a63f92a4a400e47456c2217?s=96&d=blank&r=g","contentUrl":"https:\/\/secure.gravatar.com\/avatar\/36f488403653d8cfee612053ff51945be7e4de4d9a63f92a4a400e47456c2217?s=96&d=blank&r=g","caption":"Cl\u00e0udia Grosche"},"url":"https:\/\/dosterraswinegarden.com\/es\/news\/author\/claudiagrosche\/"}]}},"_links":{"self":[{"href":"https:\/\/dosterraswinegarden.com\/es\/wp-json\/wp\/v2\/posts\/20092","targetHints":{"allow":["GET"]}}],"collection":[{"href":"https:\/\/dosterraswinegarden.com\/es\/wp-json\/wp\/v2\/posts"}],"about":[{"href":"https:\/\/dosterraswinegarden.com\/es\/wp-json\/wp\/v2\/types\/post"}],"author":[{"embeddable":true,"href":"https:\/\/dosterraswinegarden.com\/es\/wp-json\/wp\/v2\/users\/3"}],"replies":[{"embeddable":true,"href":"https:\/\/dosterraswinegarden.com\/es\/wp-json\/wp\/v2\/comments?post=20092"}],"version-history":[{"count":1,"href":"https:\/\/dosterraswinegarden.com\/es\/wp-json\/wp\/v2\/posts\/20092\/revisions"}],"predecessor-version":[{"id":20093,"href":"https:\/\/dosterraswinegarden.com\/es\/wp-json\/wp\/v2\/posts\/20092\/revisions\/20093"}],"wp:featuredmedia":[{"embeddable":true,"href":"https:\/\/dosterraswinegarden.com\/es\/wp-json\/wp\/v2\/media\/19021"}],"wp:attachment":[{"href":"https:\/\/dosterraswinegarden.com\/es\/wp-json\/wp\/v2\/media?parent=20092"}],"wp:term":[{"taxonomy":"category","embeddable":true,"href":"https:\/\/dosterraswinegarden.com\/es\/wp-json\/wp\/v2\/categories?post=20092"},{"taxonomy":"post_tag","embeddable":true,"href":"https:\/\/dosterraswinegarden.com\/es\/wp-json\/wp\/v2\/tags?post=20092"}],"curies":[{"name":"wp","href":"https:\/\/api.w.org\/{rel}","templated":true}]}}