{"id":20177,"date":"2025-12-05T12:58:53","date_gmt":"2025-12-05T12:58:53","guid":{"rendered":"https:\/\/dosterraswinegarden.com\/news\/como-calcular-el-numero-ideal-de-invitados-para-tu-boda\/"},"modified":"2026-01-20T14:59:34","modified_gmt":"2026-01-20T14:59:34","slug":"como-calcular-el-numero-ideal-de-invitados-para-tu-boda","status":"publish","type":"post","link":"https:\/\/dosterraswinegarden.com\/es\/news\/como-calcular-el-numero-ideal-de-invitados-para-tu-boda\/","title":{"rendered":"C\u00f3mo calcular el n\u00famero ideal de invitados para tu boda"},"content":{"rendered":"\t\t<div data-elementor-type=\"wp-post\" data-elementor-id=\"20177\" class=\"elementor elementor-20177 elementor-20149\">\n\t\t\t\t\t\t<section class=\"elementor-section elementor-top-section elementor-element elementor-element-43dd037 elementor-section-boxed elementor-section-height-default elementor-section-height-default qodef-elementor-content-no\" data-id=\"43dd037\" data-element_type=\"section\" data-e-type=\"section\">\n\t\t\t\t\t\t<div class=\"elementor-container elementor-column-gap-default\">\n\t\t\t\t\t<div class=\"elementor-column elementor-col-100 elementor-top-column elementor-element elementor-element-5d19095\" data-id=\"5d19095\" data-element_type=\"column\" data-e-type=\"column\">\n\t\t\t<div class=\"elementor-widget-wrap elementor-element-populated\">\n\t\t\t\t\t\t<div class=\"elementor-element elementor-element-373c665 elementor-widget elementor-widget-text-editor\" data-id=\"373c665\" data-element_type=\"widget\" data-e-type=\"widget\" data-widget_type=\"text-editor.default\">\n\t\t\t\t<div class=\"elementor-widget-container\">\n\t\t\t\t\t\t\t\t\t<p data-start=\"314\" data-end=\"635\">Una de las primeras decisiones que surgen al empezar a planificar una boda es tambi\u00e9n una de las m\u00e1s dif\u00edciles: <strong data-start=\"431\" data-end=\"461\">\u00bfa cu\u00e1ntos invitados invitamos?<\/strong><br data-start=\"461\" data-end=\"464\">No es solo una cuesti\u00f3n de n\u00fameros ni de v\u00ednculos. El n\u00famero de invitados condiciona el espacio, el presupuesto y, en definitiva, c\u00f3mo se vive la celebraci\u00f3n.<\/p><p data-start=\"637\" data-end=\"911\">Por eso, m\u00e1s que buscar una cifra perfecta, vale la pena preguntarse qu\u00e9 n\u00famero de invitados encaja mejor con el tipo de boda que ten\u00e9is en mente. Porque no existe un n\u00famero correcto universal, sino un <strong data-start=\"844\" data-end=\"866\">n\u00famero coherente<\/strong> con la manera como quer\u00e9is celebrar este d\u00eda. <\/p>\t\t\t\t\t\t\t\t<\/div>\n\t\t\t\t<\/div>\n\t\t\t\t\t<\/div>\n\t\t<\/div>\n\t\t\t\t\t<\/div>\n\t\t<\/section>\n\t\t\t\t<section class=\"elementor-section elementor-top-section elementor-element elementor-element-aa86710 elementor-section-boxed elementor-section-height-default elementor-section-height-default qodef-elementor-content-no\" data-id=\"aa86710\" data-element_type=\"section\" data-e-type=\"section\">\n\t\t\t\t\t\t<div class=\"elementor-container elementor-column-gap-default\">\n\t\t\t\t\t<div class=\"elementor-column elementor-col-100 elementor-top-column elementor-element elementor-element-0af66f7\" data-id=\"0af66f7\" data-element_type=\"column\" data-e-type=\"column\">\n\t\t\t<div class=\"elementor-widget-wrap elementor-element-populated\">\n\t\t\t\t\t\t<div class=\"elementor-element elementor-element-bfc4543 elementor-widget elementor-widget-heading\" data-id=\"bfc4543\" data-element_type=\"widget\" data-e-type=\"widget\" data-widget_type=\"heading.default\">\n\t\t\t\t<div class=\"elementor-widget-container\">\n\t\t\t\t\t<h3 class=\"elementor-heading-title elementor-size-default\">Factores clave para calcular el n\u00famero ideal de invitados<\/h3>\t\t\t\t<\/div>\n\t\t\t\t<\/div>\n\t\t\t\t<div class=\"elementor-element elementor-element-e74ceca elementor-widget elementor-widget-text-editor\" data-id=\"e74ceca\" data-element_type=\"widget\" data-e-type=\"widget\" data-widget_type=\"text-editor.default\">\n\t\t\t\t<div class=\"elementor-widget-container\">\n\t\t\t\t\t\t\t\t\t<p data-start=\"301\" data-end=\"447\">Antes de cerrar una cifra definitiva, hay algunos factores que conviene tener claros. No se trata tanto de sumar nombres como de entender <strong data-start=\"1327\" data-end=\"1359\">qu\u00e9 tipo de boda quer\u00e9is<\/strong> y qu\u00e9 decisiones se derivan de ello. <\/p>\t\t\t\t\t\t\t\t<\/div>\n\t\t\t\t<\/div>\n\t\t\t\t<div class=\"elementor-element elementor-element-b111a7d elementor-widget elementor-widget-image\" data-id=\"b111a7d\" data-element_type=\"widget\" data-e-type=\"widget\" data-widget_type=\"image.default\">\n\t\t\t\t<div class=\"elementor-widget-container\">\n\t\t\t\t\t\t\t\t\t\t\t\t\t\t\t<img fetchpriority=\"high\" decoding=\"async\" width=\"1024\" height=\"683\" src=\"https:\/\/dosterraswinegarden.com\/wp-content\/uploads\/2026\/01\/EstudiTardet_DWG25-1024x683.jpg\" class=\"attachment-large size-large wp-image-20174\" alt=\"\" srcset=\"https:\/\/dosterraswinegarden.com\/wp-content\/uploads\/2026\/01\/EstudiTardet_DWG25-1024x683.jpg 1024w, https:\/\/dosterraswinegarden.com\/wp-content\/uploads\/2026\/01\/EstudiTardet_DWG25-300x200.jpg 300w, https:\/\/dosterraswinegarden.com\/wp-content\/uploads\/2026\/01\/EstudiTardet_DWG25-768x512.jpg 768w, https:\/\/dosterraswinegarden.com\/wp-content\/uploads\/2026\/01\/EstudiTardet_DWG25-1536x1024.jpg 1536w, https:\/\/dosterraswinegarden.com\/wp-content\/uploads\/2026\/01\/EstudiTardet_DWG25-2048x1365.jpg 2048w\" sizes=\"(max-width: 1024px) 100vw, 1024px\" \/>\t\t\t\t\t\t\t\t\t\t\t\t\t\t\t<\/div>\n\t\t\t\t<\/div>\n\t\t\t\t\t<\/div>\n\t\t<\/div>\n\t\t\t\t\t<\/div>\n\t\t<\/section>\n\t\t\t\t<section class=\"elementor-section elementor-top-section elementor-element elementor-element-7565a9e elementor-section-boxed elementor-section-height-default elementor-section-height-default qodef-elementor-content-no\" data-id=\"7565a9e\" data-element_type=\"section\" data-e-type=\"section\">\n\t\t\t\t\t\t<div class=\"elementor-container elementor-column-gap-default\">\n\t\t\t\t\t<div class=\"elementor-column elementor-col-100 elementor-top-column elementor-element elementor-element-2c5f4b8\" data-id=\"2c5f4b8\" data-element_type=\"column\" data-e-type=\"column\">\n\t\t\t<div class=\"elementor-widget-wrap elementor-element-populated\">\n\t\t\t\t\t\t<div class=\"elementor-element elementor-element-82f94db elementor-widget elementor-widget-heading\" data-id=\"82f94db\" data-element_type=\"widget\" data-e-type=\"widget\" data-widget_type=\"heading.default\">\n\t\t\t\t<div class=\"elementor-widget-container\">\n\t\t\t\t\t<h3 class=\"elementor-heading-title elementor-size-default\">Presupuesto: c\u00f3mo influye el n\u00famero de invitados<\/h3>\t\t\t\t<\/div>\n\t\t\t\t<\/div>\n\t\t\t\t<div class=\"elementor-element elementor-element-9f66326 elementor-widget elementor-widget-text-editor\" data-id=\"9f66326\" data-element_type=\"widget\" data-e-type=\"widget\" data-widget_type=\"text-editor.default\">\n\t\t\t\t<div class=\"elementor-widget-container\">\n\t\t\t\t\t\t\t\t\t<p data-start=\"1453\" data-end=\"1645\">El n\u00famero de invitados tiene un impacto directo en el presupuesto de la boda. A medida que la lista crece, tambi\u00e9n lo hacen los costes asociados: catering, personal, mobiliario, log\u00edstica y servicios. <\/p><p data-start=\"1647\" data-end=\"1903\">Con un n\u00famero de invitados m\u00e1s reducido, suele haber m\u00e1s margen para cuidar los detalles e invertir en calidad, como un men\u00fa m\u00e1s trabajado, una mejor selecci\u00f3n de vinos o incluso plantear una celebraci\u00f3n m\u00e1s larga. En una boda m\u00e1s numerosa, en cambio, hay que asumir una estructura mayor y priorizar bien d\u00f3nde se destina el presupuesto. <\/p>\t\t\t\t\t\t\t\t<\/div>\n\t\t\t\t<\/div>\n\t\t\t\t\t<\/div>\n\t\t<\/div>\n\t\t\t\t\t<\/div>\n\t\t<\/section>\n\t\t\t\t<section class=\"elementor-section elementor-top-section elementor-element elementor-element-889ca78 elementor-section-boxed elementor-section-height-default elementor-section-height-default qodef-elementor-content-no\" data-id=\"889ca78\" data-element_type=\"section\" data-e-type=\"section\">\n\t\t\t\t\t\t<div class=\"elementor-container elementor-column-gap-default\">\n\t\t\t\t\t<div class=\"elementor-column elementor-col-100 elementor-top-column elementor-element elementor-element-ecdf568\" data-id=\"ecdf568\" data-element_type=\"column\" data-e-type=\"column\">\n\t\t\t<div class=\"elementor-widget-wrap elementor-element-populated\">\n\t\t\t\t\t\t<div class=\"elementor-element elementor-element-ca46795 elementor-widget elementor-widget-heading\" data-id=\"ca46795\" data-element_type=\"widget\" data-e-type=\"widget\" data-widget_type=\"heading.default\">\n\t\t\t\t<div class=\"elementor-widget-container\">\n\t\t\t\t\t<h3 class=\"elementor-heading-title elementor-size-default\">Espacio: adaptar el n\u00famero de invitados al lugar<\/h3>\t\t\t\t<\/div>\n\t\t\t\t<\/div>\n\t\t\t\t<div class=\"elementor-element elementor-element-5acf64f elementor-widget elementor-widget-text-editor\" data-id=\"5acf64f\" data-element_type=\"widget\" data-e-type=\"widget\" data-widget_type=\"text-editor.default\">\n\t\t\t\t<div class=\"elementor-widget-container\">\n\t\t\t\t\t\t\t\t\t<p data-start=\"1964\" data-end=\"2147\">No todos los espacios funcionan igual con cualquier n\u00famero de invitados. Un mismo lugar puede resultar acogedor con un formato \u00edntimo y perder ese equilibrio si el volumen de invitados es excesivo. <\/p><p data-start=\"2149\" data-end=\"2338\">Pensar el espacio desde el principio ayuda a ajustar el n\u00famero de invitados de manera realista, garantizando comodidad, fluidez y una buena experiencia tanto para la pareja como para los invitados, <span data-start=\"1462\" data-end=\"1534\">evitando espacios demasiado justos o, por el contrario, con sensaci\u00f3n de vac\u00edo.<\/span><\/p>\t\t\t\t\t\t\t\t<\/div>\n\t\t\t\t<\/div>\n\t\t\t\t\t<\/div>\n\t\t<\/div>\n\t\t\t\t\t<\/div>\n\t\t<\/section>\n\t\t\t\t<section class=\"elementor-section elementor-top-section elementor-element elementor-element-f469ceb elementor-section-boxed elementor-section-height-default elementor-section-height-default qodef-elementor-content-no\" data-id=\"f469ceb\" data-element_type=\"section\" data-e-type=\"section\">\n\t\t\t\t\t\t<div class=\"elementor-container elementor-column-gap-default\">\n\t\t\t\t\t<div class=\"elementor-column elementor-col-100 elementor-top-column elementor-element elementor-element-0d37ffd\" data-id=\"0d37ffd\" data-element_type=\"column\" data-e-type=\"column\">\n\t\t\t<div class=\"elementor-widget-wrap elementor-element-populated\">\n\t\t\t\t\t\t<div class=\"elementor-element elementor-element-9d57a8c elementor-widget elementor-widget-heading\" data-id=\"9d57a8c\" data-element_type=\"widget\" data-e-type=\"widget\" data-widget_type=\"heading.default\">\n\t\t\t\t<div class=\"elementor-widget-container\">\n\t\t\t\t\t<h3 class=\"elementor-heading-title elementor-size-default\">Tipo de celebraci\u00f3n: qu\u00e9 formato os representa<br><\/h3>\t\t\t\t<\/div>\n\t\t\t\t<\/div>\n\t\t\t\t<div class=\"elementor-element elementor-element-836a882 elementor-widget elementor-widget-text-editor\" data-id=\"836a882\" data-element_type=\"widget\" data-e-type=\"widget\" data-widget_type=\"text-editor.default\">\n\t\t\t\t<div class=\"elementor-widget-container\">\n\t\t\t\t\t\t\t\t\t<p data-start=\"2400\" data-end=\"2730\">El n\u00famero de invitados tambi\u00e9n est\u00e1 directamente relacionado con el tipo de celebraci\u00f3n que quer\u00e9is. Una boda \u00edntima permite un ritmo m\u00e1s tranquilo y momentos compartidos con calma. Un formato medio suele buscar el equilibrio entre ambiente y dinamismo. Una boda grande requiere una organizaci\u00f3n m\u00e1s estructurada y una gesti\u00f3n cuidadosa de los tiempos.<br>   <\/p><p data-start=\"2732\" data-end=\"2836\">Ninguna opci\u00f3n es mejor que otra, pero cada una suele funcionar mejor con un n\u00famero determinado de invitados.<br><\/p>\t\t\t\t\t\t\t\t<\/div>\n\t\t\t\t<\/div>\n\t\t\t\t\t<\/div>\n\t\t<\/div>\n\t\t\t\t\t<\/div>\n\t\t<\/section>\n\t\t\t\t<section class=\"elementor-section elementor-top-section elementor-element elementor-element-53e610e elementor-section-boxed elementor-section-height-default elementor-section-height-default qodef-elementor-content-no\" data-id=\"53e610e\" data-element_type=\"section\" data-e-type=\"section\">\n\t\t\t\t\t\t<div class=\"elementor-container elementor-column-gap-default\">\n\t\t\t\t\t<div class=\"elementor-column elementor-col-100 elementor-top-column elementor-element elementor-element-a7ac427\" data-id=\"a7ac427\" data-element_type=\"column\" data-e-type=\"column\">\n\t\t\t<div class=\"elementor-widget-wrap elementor-element-populated\">\n\t\t\t\t\t\t<div class=\"elementor-element elementor-element-771e5b0 elementor-widget elementor-widget-heading\" data-id=\"771e5b0\" data-element_type=\"widget\" data-e-type=\"widget\" data-widget_type=\"heading.default\">\n\t\t\t\t<div class=\"elementor-widget-container\">\n\t\t\t\t\t<h3 class=\"elementor-heading-title elementor-size-default\">Ritmo y log\u00edstica: c\u00f3mo se vive el d\u00eda<br><\/h3>\t\t\t\t<\/div>\n\t\t\t\t<\/div>\n\t\t\t\t<div class=\"elementor-element elementor-element-f4f0764 elementor-widget elementor-widget-text-editor\" data-id=\"f4f0764\" data-element_type=\"widget\" data-e-type=\"widget\" data-widget_type=\"text-editor.default\">\n\t\t\t\t<div class=\"elementor-widget-container\">\n\t\t\t\t\t\t\t\t\t<p data-start=\"2888\" data-end=\"3044\">A medida que el n\u00famero de invitados aumenta, tambi\u00e9n lo hace la complejidad de la organizaci\u00f3n. M\u00e1s desplazamientos, m\u00e1s coordinaci\u00f3n y menos margen para improvisar.<br> <\/p><p data-start=\"3046\" data-end=\"3272\">En la pr\u00e1ctica, esto influye en aspectos tan concretos como el tiempo necesario para servir un aperitivo, la duraci\u00f3n del banquete o la gesti\u00f3n de los traslados, elementos que cambian mucho seg\u00fan el n\u00famero de personas y que acaban definiendo el ritmo real del d\u00eda.<br><\/p><p data-start=\"3046\" data-end=\"3272\">Tambi\u00e9n es importante tener en cuenta que el n\u00famero de invitados puede simplificar o complicar mucho la organizaci\u00f3n de la boda. A medida que la lista crece, tambi\u00e9n lo hace la carga de gestiones y la posibilidad de que aparezcan imprevistos.<br> <\/p>\t\t\t\t\t\t\t\t<\/div>\n\t\t\t\t<\/div>\n\t\t\t\t<div class=\"elementor-element elementor-element-5494b7a elementor-widget elementor-widget-image\" data-id=\"5494b7a\" data-element_type=\"widget\" data-e-type=\"widget\" data-widget_type=\"image.default\">\n\t\t\t\t<div class=\"elementor-widget-container\">\n\t\t\t\t\t\t\t\t\t\t\t\t\t\t\t<img decoding=\"async\" width=\"1024\" height=\"683\" src=\"https:\/\/dosterraswinegarden.com\/wp-content\/uploads\/2026\/01\/DSC0844-DWG-1024x683.jpg\" class=\"attachment-large size-large wp-image-20175\" alt=\"\" srcset=\"https:\/\/dosterraswinegarden.com\/wp-content\/uploads\/2026\/01\/DSC0844-DWG-1024x683.jpg 1024w, https:\/\/dosterraswinegarden.com\/wp-content\/uploads\/2026\/01\/DSC0844-DWG-300x200.jpg 300w, https:\/\/dosterraswinegarden.com\/wp-content\/uploads\/2026\/01\/DSC0844-DWG-768x512.jpg 768w, https:\/\/dosterraswinegarden.com\/wp-content\/uploads\/2026\/01\/DSC0844-DWG-1536x1024.jpg 1536w, https:\/\/dosterraswinegarden.com\/wp-content\/uploads\/2026\/01\/DSC0844-DWG-2048x1365.jpg 2048w\" sizes=\"(max-width: 1024px) 100vw, 1024px\" \/>\t\t\t\t\t\t\t\t\t\t\t\t\t\t\t<\/div>\n\t\t\t\t<\/div>\n\t\t\t\t\t<\/div>\n\t\t<\/div>\n\t\t\t\t\t<\/div>\n\t\t<\/section>\n\t\t\t\t<section class=\"elementor-section elementor-top-section elementor-element elementor-element-408ba15 elementor-section-boxed elementor-section-height-default elementor-section-height-default qodef-elementor-content-no\" data-id=\"408ba15\" data-element_type=\"section\" data-e-type=\"section\">\n\t\t\t\t\t\t<div class=\"elementor-container elementor-column-gap-default\">\n\t\t\t\t\t<div class=\"elementor-column elementor-col-100 elementor-top-column elementor-element elementor-element-a6274b1\" data-id=\"a6274b1\" data-element_type=\"column\" data-e-type=\"column\">\n\t\t\t<div class=\"elementor-widget-wrap elementor-element-populated\">\n\t\t\t\t\t\t<div class=\"elementor-element elementor-element-05209fc elementor-widget elementor-widget-heading\" data-id=\"05209fc\" data-element_type=\"widget\" data-e-type=\"widget\" data-widget_type=\"heading.default\">\n\t\t\t\t<div class=\"elementor-widget-container\">\n\t\t\t\t\t<h3 class=\"elementor-heading-title elementor-size-default\">Cerrar la cifra con criterio<br><\/h3>\t\t\t\t<\/div>\n\t\t\t\t<\/div>\n\t\t\t\t<div class=\"elementor-element elementor-element-ead3009 elementor-widget elementor-widget-text-editor\" data-id=\"ead3009\" data-element_type=\"widget\" data-e-type=\"widget\" data-widget_type=\"text-editor.default\">\n\t\t\t\t<div class=\"elementor-widget-container\">\n\t\t\t\t\t\t\t\t\t<p data-start=\"3315\" data-end=\"3522\">Calcular el n\u00famero ideal de invitados no es una decisi\u00f3n matem\u00e1tica, sino una cuesti\u00f3n de coherencia. Cuando la cifra encaja con el espacio, el presupuesto y el tipo de celebraci\u00f3n, todo fluye con m\u00e1s naturalidad.<br> <\/p><p data-start=\"3524\" data-end=\"3686\">M\u00e1s que preguntarse cu\u00e1ntos invitados <em data-start=\"3562\" data-end=\"3570\">deber\u00eda<\/em> tener una boda, la pregunta clave es <strong data-start=\"3613\" data-end=\"3685\">cu\u00e1ntos invitados hacen que vuestra boda sea tal y como la imagin\u00e1is.<\/strong><\/p><p data-start=\"3524\" data-end=\"3686\">Si ten\u00e9is dudas sobre el n\u00famero de invitados o el formato de vuestra boda, pod\u00e9is <strong data-start=\"241\" data-end=\"268\"><a href=\"http:\/\/www.dosterraswinegarden.com\/contacto\">contactar con nosotros<\/a><\/strong> y os ayudaremos a aclararlo.<\/p>\t\t\t\t\t\t\t\t<\/div>\n\t\t\t\t<\/div>\n\t\t\t\t\t<\/div>\n\t\t<\/div>\n\t\t\t\t\t<\/div>\n\t\t<\/section>\n\t\t\t\t<\/div>\n\t\t","protected":false},"excerpt":{"rendered":"<p>Una de las primeras decisiones que surgen al empezar a planificar una boda es tambi\u00e9n una de las m\u00e1s dif\u00edciles: \u00bfa cu\u00e1ntos invitados invitamos?No es solo una cuesti\u00f3n de n\u00fameros [&hellip;]<\/p>\n","protected":false},"author":3,"featured_media":20176,"comment_status":"closed","ping_status":"closed","sticky":false,"template":"","format":"standard","meta":{"_themeisle_gutenberg_block_has_review":false,"_joinchat":[],"footnotes":""},"categories":[136],"tags":[],"class_list":["post-20177","post","type-post","status-publish","format-standard","has-post-thumbnail","hentry","category-bodas"],"yoast_head":"<!-- This site is optimized with the Yoast SEO plugin v27.5 - https:\/\/yoast.com\/product\/yoast-seo-wordpress\/ -->\n<title>C\u00f3mo calcular el n\u00famero ideal de invitados para tu boda | Dosterras Wine Garden<\/title>\n<meta name=\"description\" content=\"\u00bfNo sabes cu\u00e1ntos invitados invitar a tu boda? Te explicamos c\u00f3mo calcular el n\u00famero ideal seg\u00fan presupuesto, espacio y tipo de celebraci\u00f3n.\" \/>\n<meta name=\"robots\" content=\"index, follow, max-snippet:-1, max-image-preview:large, max-video-preview:-1\" \/>\n<link rel=\"canonical\" href=\"https:\/\/dosterraswinegarden.com\/es\/news\/como-calcular-el-numero-ideal-de-invitados-para-tu-boda\/\" \/>\n<meta property=\"og:locale\" content=\"es_ES\" \/>\n<meta property=\"og:type\" content=\"article\" \/>\n<meta property=\"og:title\" content=\"C\u00f3mo calcular el n\u00famero ideal de invitados para tu boda | Dosterras Wine Garden\" \/>\n<meta property=\"og:description\" content=\"\u00bfNo sabes cu\u00e1ntos invitados invitar a tu boda? Te explicamos c\u00f3mo calcular el n\u00famero ideal seg\u00fan presupuesto, espacio y tipo de celebraci\u00f3n.\" \/>\n<meta property=\"og:url\" content=\"https:\/\/dosterraswinegarden.com\/es\/news\/como-calcular-el-numero-ideal-de-invitados-para-tu-boda\/\" \/>\n<meta property=\"og:site_name\" content=\"Dosterras Wine Garden\" \/>\n<meta property=\"article:published_time\" content=\"2025-12-05T12:58:53+00:00\" \/>\n<meta property=\"article:modified_time\" content=\"2026-01-20T14:59:34+00:00\" \/>\n<meta property=\"og:image\" content=\"https:\/\/dosterraswinegarden.com\/wp-content\/uploads\/2026\/01\/EstudiTardet_DWG89-scaled.jpg\" \/>\n\t<meta property=\"og:image:width\" content=\"2560\" \/>\n\t<meta property=\"og:image:height\" content=\"1707\" \/>\n\t<meta property=\"og:image:type\" content=\"image\/jpeg\" \/>\n<meta name=\"author\" content=\"Cl\u00e0udia Grosche\" \/>\n<meta name=\"twitter:card\" content=\"summary_large_image\" \/>\n<meta name=\"twitter:label1\" content=\"Escrito por\" \/>\n\t<meta name=\"twitter:data1\" content=\"Cl\u00e0udia Grosche\" \/>\n\t<meta name=\"twitter:label2\" content=\"Tiempo de lectura\" \/>\n\t<meta name=\"twitter:data2\" content=\"3 minutos\" \/>\n<script type=\"application\/ld+json\" class=\"yoast-schema-graph\">{\"@context\":\"https:\\\/\\\/schema.org\",\"@graph\":[{\"@type\":\"Article\",\"@id\":\"https:\\\/\\\/dosterraswinegarden.com\\\/es\\\/news\\\/como-calcular-el-numero-ideal-de-invitados-para-tu-boda\\\/#article\",\"isPartOf\":{\"@id\":\"https:\\\/\\\/dosterraswinegarden.com\\\/es\\\/news\\\/como-calcular-el-numero-ideal-de-invitados-para-tu-boda\\\/\"},\"author\":{\"name\":\"Cl\u00e0udia Grosche\",\"@id\":\"https:\\\/\\\/dosterraswinegarden.com\\\/#\\\/schema\\\/person\\\/9b0db6716433cba1467004352bb5d610\"},\"headline\":\"C\u00f3mo calcular el n\u00famero ideal de invitados para tu boda\",\"datePublished\":\"2025-12-05T12:58:53+00:00\",\"dateModified\":\"2026-01-20T14:59:34+00:00\",\"mainEntityOfPage\":{\"@id\":\"https:\\\/\\\/dosterraswinegarden.com\\\/es\\\/news\\\/como-calcular-el-numero-ideal-de-invitados-para-tu-boda\\\/\"},\"wordCount\":700,\"image\":{\"@id\":\"https:\\\/\\\/dosterraswinegarden.com\\\/es\\\/news\\\/como-calcular-el-numero-ideal-de-invitados-para-tu-boda\\\/#primaryimage\"},\"thumbnailUrl\":\"https:\\\/\\\/dosterraswinegarden.com\\\/wp-content\\\/uploads\\\/2026\\\/01\\\/EstudiTardet_DWG89-scaled.jpg\",\"articleSection\":[\"Bodas\"],\"inLanguage\":\"es\"},{\"@type\":\"WebPage\",\"@id\":\"https:\\\/\\\/dosterraswinegarden.com\\\/es\\\/news\\\/como-calcular-el-numero-ideal-de-invitados-para-tu-boda\\\/\",\"url\":\"https:\\\/\\\/dosterraswinegarden.com\\\/es\\\/news\\\/como-calcular-el-numero-ideal-de-invitados-para-tu-boda\\\/\",\"name\":\"C\u00f3mo calcular el n\u00famero ideal de invitados para tu boda | Dosterras Wine Garden\",\"isPartOf\":{\"@id\":\"https:\\\/\\\/dosterraswinegarden.com\\\/#website\"},\"primaryImageOfPage\":{\"@id\":\"https:\\\/\\\/dosterraswinegarden.com\\\/es\\\/news\\\/como-calcular-el-numero-ideal-de-invitados-para-tu-boda\\\/#primaryimage\"},\"image\":{\"@id\":\"https:\\\/\\\/dosterraswinegarden.com\\\/es\\\/news\\\/como-calcular-el-numero-ideal-de-invitados-para-tu-boda\\\/#primaryimage\"},\"thumbnailUrl\":\"https:\\\/\\\/dosterraswinegarden.com\\\/wp-content\\\/uploads\\\/2026\\\/01\\\/EstudiTardet_DWG89-scaled.jpg\",\"datePublished\":\"2025-12-05T12:58:53+00:00\",\"dateModified\":\"2026-01-20T14:59:34+00:00\",\"author\":{\"@id\":\"https:\\\/\\\/dosterraswinegarden.com\\\/#\\\/schema\\\/person\\\/9b0db6716433cba1467004352bb5d610\"},\"description\":\"\u00bfNo sabes cu\u00e1ntos invitados invitar a tu boda? Te explicamos c\u00f3mo calcular el n\u00famero ideal seg\u00fan presupuesto, espacio y tipo de celebraci\u00f3n.\",\"breadcrumb\":{\"@id\":\"https:\\\/\\\/dosterraswinegarden.com\\\/es\\\/news\\\/como-calcular-el-numero-ideal-de-invitados-para-tu-boda\\\/#breadcrumb\"},\"inLanguage\":\"es\",\"potentialAction\":[{\"@type\":\"ReadAction\",\"target\":[\"https:\\\/\\\/dosterraswinegarden.com\\\/es\\\/news\\\/como-calcular-el-numero-ideal-de-invitados-para-tu-boda\\\/\"]}]},{\"@type\":\"ImageObject\",\"inLanguage\":\"es\",\"@id\":\"https:\\\/\\\/dosterraswinegarden.com\\\/es\\\/news\\\/como-calcular-el-numero-ideal-de-invitados-para-tu-boda\\\/#primaryimage\",\"url\":\"https:\\\/\\\/dosterraswinegarden.com\\\/wp-content\\\/uploads\\\/2026\\\/01\\\/EstudiTardet_DWG89-scaled.jpg\",\"contentUrl\":\"https:\\\/\\\/dosterraswinegarden.com\\\/wp-content\\\/uploads\\\/2026\\\/01\\\/EstudiTardet_DWG89-scaled.jpg\",\"width\":2560,\"height\":1707},{\"@type\":\"BreadcrumbList\",\"@id\":\"https:\\\/\\\/dosterraswinegarden.com\\\/es\\\/news\\\/como-calcular-el-numero-ideal-de-invitados-para-tu-boda\\\/#breadcrumb\",\"itemListElement\":[{\"@type\":\"ListItem\",\"position\":1,\"name\":\"Inici\",\"item\":\"https:\\\/\\\/dosterraswinegarden.com\\\/es\\\/\"},{\"@type\":\"ListItem\",\"position\":2,\"name\":\"C\u00f3mo calcular el n\u00famero ideal de invitados para tu boda\"}]},{\"@type\":\"WebSite\",\"@id\":\"https:\\\/\\\/dosterraswinegarden.com\\\/#website\",\"url\":\"https:\\\/\\\/dosterraswinegarden.com\\\/\",\"name\":\"Dosterras Wine Garden\",\"description\":\"Bodes, events i vins al Priorat\",\"potentialAction\":[{\"@type\":\"SearchAction\",\"target\":{\"@type\":\"EntryPoint\",\"urlTemplate\":\"https:\\\/\\\/dosterraswinegarden.com\\\/?s={search_term_string}\"},\"query-input\":{\"@type\":\"PropertyValueSpecification\",\"valueRequired\":true,\"valueName\":\"search_term_string\"}}],\"inLanguage\":\"es\"},{\"@type\":\"Person\",\"@id\":\"https:\\\/\\\/dosterraswinegarden.com\\\/#\\\/schema\\\/person\\\/9b0db6716433cba1467004352bb5d610\",\"name\":\"Cl\u00e0udia Grosche\",\"image\":{\"@type\":\"ImageObject\",\"inLanguage\":\"es\",\"@id\":\"https:\\\/\\\/secure.gravatar.com\\\/avatar\\\/36f488403653d8cfee612053ff51945be7e4de4d9a63f92a4a400e47456c2217?s=96&d=blank&r=g\",\"url\":\"https:\\\/\\\/secure.gravatar.com\\\/avatar\\\/36f488403653d8cfee612053ff51945be7e4de4d9a63f92a4a400e47456c2217?s=96&d=blank&r=g\",\"contentUrl\":\"https:\\\/\\\/secure.gravatar.com\\\/avatar\\\/36f488403653d8cfee612053ff51945be7e4de4d9a63f92a4a400e47456c2217?s=96&d=blank&r=g\",\"caption\":\"Cl\u00e0udia Grosche\"},\"url\":\"https:\\\/\\\/dosterraswinegarden.com\\\/es\\\/news\\\/author\\\/claudiagrosche\\\/\"}]}<\/script>\n<!-- \/ Yoast SEO plugin. -->","yoast_head_json":{"title":"C\u00f3mo calcular el n\u00famero ideal de invitados para tu boda | Dosterras Wine Garden","description":"\u00bfNo sabes cu\u00e1ntos invitados invitar a tu boda? Te explicamos c\u00f3mo calcular el n\u00famero ideal seg\u00fan presupuesto, espacio y tipo de celebraci\u00f3n.","robots":{"index":"index","follow":"follow","max-snippet":"max-snippet:-1","max-image-preview":"max-image-preview:large","max-video-preview":"max-video-preview:-1"},"canonical":"https:\/\/dosterraswinegarden.com\/es\/news\/como-calcular-el-numero-ideal-de-invitados-para-tu-boda\/","og_locale":"es_ES","og_type":"article","og_title":"C\u00f3mo calcular el n\u00famero ideal de invitados para tu boda | Dosterras Wine Garden","og_description":"\u00bfNo sabes cu\u00e1ntos invitados invitar a tu boda? Te explicamos c\u00f3mo calcular el n\u00famero ideal seg\u00fan presupuesto, espacio y tipo de celebraci\u00f3n.","og_url":"https:\/\/dosterraswinegarden.com\/es\/news\/como-calcular-el-numero-ideal-de-invitados-para-tu-boda\/","og_site_name":"Dosterras Wine Garden","article_published_time":"2025-12-05T12:58:53+00:00","article_modified_time":"2026-01-20T14:59:34+00:00","og_image":[{"width":2560,"height":1707,"url":"https:\/\/dosterraswinegarden.com\/wp-content\/uploads\/2026\/01\/EstudiTardet_DWG89-scaled.jpg","type":"image\/jpeg"}],"author":"Cl\u00e0udia Grosche","twitter_card":"summary_large_image","twitter_misc":{"Escrito por":"Cl\u00e0udia Grosche","Tiempo de lectura":"3 minutos"},"schema":{"@context":"https:\/\/schema.org","@graph":[{"@type":"Article","@id":"https:\/\/dosterraswinegarden.com\/es\/news\/como-calcular-el-numero-ideal-de-invitados-para-tu-boda\/#article","isPartOf":{"@id":"https:\/\/dosterraswinegarden.com\/es\/news\/como-calcular-el-numero-ideal-de-invitados-para-tu-boda\/"},"author":{"name":"Cl\u00e0udia Grosche","@id":"https:\/\/dosterraswinegarden.com\/#\/schema\/person\/9b0db6716433cba1467004352bb5d610"},"headline":"C\u00f3mo calcular el n\u00famero ideal de invitados para tu boda","datePublished":"2025-12-05T12:58:53+00:00","dateModified":"2026-01-20T14:59:34+00:00","mainEntityOfPage":{"@id":"https:\/\/dosterraswinegarden.com\/es\/news\/como-calcular-el-numero-ideal-de-invitados-para-tu-boda\/"},"wordCount":700,"image":{"@id":"https:\/\/dosterraswinegarden.com\/es\/news\/como-calcular-el-numero-ideal-de-invitados-para-tu-boda\/#primaryimage"},"thumbnailUrl":"https:\/\/dosterraswinegarden.com\/wp-content\/uploads\/2026\/01\/EstudiTardet_DWG89-scaled.jpg","articleSection":["Bodas"],"inLanguage":"es"},{"@type":"WebPage","@id":"https:\/\/dosterraswinegarden.com\/es\/news\/como-calcular-el-numero-ideal-de-invitados-para-tu-boda\/","url":"https:\/\/dosterraswinegarden.com\/es\/news\/como-calcular-el-numero-ideal-de-invitados-para-tu-boda\/","name":"C\u00f3mo calcular el n\u00famero ideal de invitados para tu boda | Dosterras Wine Garden","isPartOf":{"@id":"https:\/\/dosterraswinegarden.com\/#website"},"primaryImageOfPage":{"@id":"https:\/\/dosterraswinegarden.com\/es\/news\/como-calcular-el-numero-ideal-de-invitados-para-tu-boda\/#primaryimage"},"image":{"@id":"https:\/\/dosterraswinegarden.com\/es\/news\/como-calcular-el-numero-ideal-de-invitados-para-tu-boda\/#primaryimage"},"thumbnailUrl":"https:\/\/dosterraswinegarden.com\/wp-content\/uploads\/2026\/01\/EstudiTardet_DWG89-scaled.jpg","datePublished":"2025-12-05T12:58:53+00:00","dateModified":"2026-01-20T14:59:34+00:00","author":{"@id":"https:\/\/dosterraswinegarden.com\/#\/schema\/person\/9b0db6716433cba1467004352bb5d610"},"description":"\u00bfNo sabes cu\u00e1ntos invitados invitar a tu boda? Te explicamos c\u00f3mo calcular el n\u00famero ideal seg\u00fan presupuesto, espacio y tipo de celebraci\u00f3n.","breadcrumb":{"@id":"https:\/\/dosterraswinegarden.com\/es\/news\/como-calcular-el-numero-ideal-de-invitados-para-tu-boda\/#breadcrumb"},"inLanguage":"es","potentialAction":[{"@type":"ReadAction","target":["https:\/\/dosterraswinegarden.com\/es\/news\/como-calcular-el-numero-ideal-de-invitados-para-tu-boda\/"]}]},{"@type":"ImageObject","inLanguage":"es","@id":"https:\/\/dosterraswinegarden.com\/es\/news\/como-calcular-el-numero-ideal-de-invitados-para-tu-boda\/#primaryimage","url":"https:\/\/dosterraswinegarden.com\/wp-content\/uploads\/2026\/01\/EstudiTardet_DWG89-scaled.jpg","contentUrl":"https:\/\/dosterraswinegarden.com\/wp-content\/uploads\/2026\/01\/EstudiTardet_DWG89-scaled.jpg","width":2560,"height":1707},{"@type":"BreadcrumbList","@id":"https:\/\/dosterraswinegarden.com\/es\/news\/como-calcular-el-numero-ideal-de-invitados-para-tu-boda\/#breadcrumb","itemListElement":[{"@type":"ListItem","position":1,"name":"Inici","item":"https:\/\/dosterraswinegarden.com\/es\/"},{"@type":"ListItem","position":2,"name":"C\u00f3mo calcular el n\u00famero ideal de invitados para tu boda"}]},{"@type":"WebSite","@id":"https:\/\/dosterraswinegarden.com\/#website","url":"https:\/\/dosterraswinegarden.com\/","name":"Dosterras Wine Garden","description":"Bodes, events i vins al Priorat","potentialAction":[{"@type":"SearchAction","target":{"@type":"EntryPoint","urlTemplate":"https:\/\/dosterraswinegarden.com\/?s={search_term_string}"},"query-input":{"@type":"PropertyValueSpecification","valueRequired":true,"valueName":"search_term_string"}}],"inLanguage":"es"},{"@type":"Person","@id":"https:\/\/dosterraswinegarden.com\/#\/schema\/person\/9b0db6716433cba1467004352bb5d610","name":"Cl\u00e0udia Grosche","image":{"@type":"ImageObject","inLanguage":"es","@id":"https:\/\/secure.gravatar.com\/avatar\/36f488403653d8cfee612053ff51945be7e4de4d9a63f92a4a400e47456c2217?s=96&d=blank&r=g","url":"https:\/\/secure.gravatar.com\/avatar\/36f488403653d8cfee612053ff51945be7e4de4d9a63f92a4a400e47456c2217?s=96&d=blank&r=g","contentUrl":"https:\/\/secure.gravatar.com\/avatar\/36f488403653d8cfee612053ff51945be7e4de4d9a63f92a4a400e47456c2217?s=96&d=blank&r=g","caption":"Cl\u00e0udia Grosche"},"url":"https:\/\/dosterraswinegarden.com\/es\/news\/author\/claudiagrosche\/"}]}},"_links":{"self":[{"href":"https:\/\/dosterraswinegarden.com\/es\/wp-json\/wp\/v2\/posts\/20177","targetHints":{"allow":["GET"]}}],"collection":[{"href":"https:\/\/dosterraswinegarden.com\/es\/wp-json\/wp\/v2\/posts"}],"about":[{"href":"https:\/\/dosterraswinegarden.com\/es\/wp-json\/wp\/v2\/types\/post"}],"author":[{"embeddable":true,"href":"https:\/\/dosterraswinegarden.com\/es\/wp-json\/wp\/v2\/users\/3"}],"replies":[{"embeddable":true,"href":"https:\/\/dosterraswinegarden.com\/es\/wp-json\/wp\/v2\/comments?post=20177"}],"version-history":[{"count":2,"href":"https:\/\/dosterraswinegarden.com\/es\/wp-json\/wp\/v2\/posts\/20177\/revisions"}],"predecessor-version":[{"id":20279,"href":"https:\/\/dosterraswinegarden.com\/es\/wp-json\/wp\/v2\/posts\/20177\/revisions\/20279"}],"wp:featuredmedia":[{"embeddable":true,"href":"https:\/\/dosterraswinegarden.com\/es\/wp-json\/wp\/v2\/media\/20176"}],"wp:attachment":[{"href":"https:\/\/dosterraswinegarden.com\/es\/wp-json\/wp\/v2\/media?parent=20177"}],"wp:term":[{"taxonomy":"category","embeddable":true,"href":"https:\/\/dosterraswinegarden.com\/es\/wp-json\/wp\/v2\/categories?post=20177"},{"taxonomy":"post_tag","embeddable":true,"href":"https:\/\/dosterraswinegarden.com\/es\/wp-json\/wp\/v2\/tags?post=20177"}],"curies":[{"name":"wp","href":"https:\/\/api.w.org\/{rel}","templated":true}]}}