{"id":20268,"date":"2026-01-10T15:16:19","date_gmt":"2026-01-10T15:16:19","guid":{"rendered":"https:\/\/dosterraswinegarden.com\/news\/descubrir-el-montsant-mas-alla-del-parque-natural\/"},"modified":"2026-01-19T20:06:56","modified_gmt":"2026-01-19T20:06:56","slug":"descubrir-el-montsant-mas-alla-del-parque-natural","status":"publish","type":"post","link":"https:\/\/dosterraswinegarden.com\/es\/news\/descubrir-el-montsant-mas-alla-del-parque-natural\/","title":{"rendered":"Descubrir el Montsant: m\u00e1s all\u00e1 del Parque Natural"},"content":{"rendered":"\t\t<div data-elementor-type=\"wp-post\" data-elementor-id=\"20268\" class=\"elementor elementor-20268 elementor-20249\">\n\t\t\t\t\t\t<section class=\"elementor-section elementor-top-section elementor-element elementor-element-fd281d7 elementor-section-boxed elementor-section-height-default elementor-section-height-default qodef-elementor-content-no\" data-id=\"fd281d7\" data-element_type=\"section\" data-e-type=\"section\">\n\t\t\t\t\t\t<div class=\"elementor-container elementor-column-gap-default\">\n\t\t\t\t\t<div class=\"elementor-column elementor-col-100 elementor-top-column elementor-element elementor-element-e16ad76\" data-id=\"e16ad76\" data-element_type=\"column\" data-e-type=\"column\">\n\t\t\t<div class=\"elementor-widget-wrap elementor-element-populated\">\n\t\t\t\t\t\t<div class=\"elementor-element elementor-element-a643c97 elementor-widget elementor-widget-text-editor\" data-id=\"a643c97\" data-element_type=\"widget\" data-e-type=\"widget\" data-widget_type=\"text-editor.default\">\n\t\t\t\t<div class=\"elementor-widget-container\">\n\t\t\t\t\t\t\t\t\t<p>El Montsant es un territorio que a menudo se asocia \u00fanicamente al Parque Natural y a las rutas de monta\u00f1a. En este art\u00edculo hablaremos del Montsant desde otro punto de vista: el paisaje que lo rodea, el vi\u00f1edo que lo define y los pueblos que forman parte de \u00e9l. Una manera de entender qu\u00e9 encontrar\u00e1s cuando lo visites y c\u00f3mo descubrirlo m\u00e1s all\u00e1 de las rutas habituales.<br>  <\/p>\t\t\t\t\t\t\t\t<\/div>\n\t\t\t\t<\/div>\n\t\t\t\t\t<\/div>\n\t\t<\/div>\n\t\t\t\t\t<\/div>\n\t\t<\/section>\n\t\t\t\t<section class=\"elementor-section elementor-top-section elementor-element elementor-element-2112dac elementor-section-boxed elementor-section-height-default elementor-section-height-default qodef-elementor-content-no\" data-id=\"2112dac\" data-element_type=\"section\" data-e-type=\"section\">\n\t\t\t\t\t\t<div class=\"elementor-container elementor-column-gap-default\">\n\t\t\t\t\t<div class=\"elementor-column elementor-col-100 elementor-top-column elementor-element elementor-element-3b7b99f\" data-id=\"3b7b99f\" data-element_type=\"column\" data-e-type=\"column\">\n\t\t\t<div class=\"elementor-widget-wrap elementor-element-populated\">\n\t\t\t\t\t\t<div class=\"elementor-element elementor-element-474f86e elementor-widget elementor-widget-heading\" data-id=\"474f86e\" data-element_type=\"widget\" data-e-type=\"widget\" data-widget_type=\"heading.default\">\n\t\t\t\t<div class=\"elementor-widget-container\">\n\t\t\t\t\t<h3 class=\"elementor-heading-title elementor-size-default\">1. El Montsant, m\u00e1s all\u00e1 del Parque Natural<\/h3>\t\t\t\t<\/div>\n\t\t\t\t<\/div>\n\t\t\t\t<div class=\"elementor-element elementor-element-9e66bda elementor-widget elementor-widget-text-editor\" data-id=\"9e66bda\" data-element_type=\"widget\" data-e-type=\"widget\" data-widget_type=\"text-editor.default\">\n\t\t\t\t<div class=\"elementor-widget-container\">\n\t\t\t\t\t\t\t\t\t<p>Cuando se habla del Montsant, el Parque Natural suele llevarse todo el protagonismo. Es l\u00f3gico, porque la monta\u00f1a tiene mucho peso, pero esta mirada a menudo deja fuera una parte importante del territorio.<br> <\/p><p>M\u00e1s all\u00e1 de los caminos de monta\u00f1a, el Montsant se descubre recorriendo carreteras secundarias, pasando por zonas de cultivo, vi\u00f1edos y peque\u00f1os n\u00facleos urbanos que forman parte del mismo paisaje.<br><\/p>\t\t\t\t\t\t\t\t<\/div>\n\t\t\t\t<\/div>\n\t\t\t\t<div class=\"elementor-element elementor-element-e93e3cc elementor-widget elementor-widget-image\" data-id=\"e93e3cc\" data-element_type=\"widget\" data-e-type=\"widget\" data-widget_type=\"image.default\">\n\t\t\t\t<div class=\"elementor-widget-container\">\n\t\t\t\t\t\t\t\t\t\t\t\t\t\t\t<img fetchpriority=\"high\" decoding=\"async\" width=\"1024\" height=\"682\" src=\"https:\/\/dosterraswinegarden.com\/wp-content\/uploads\/2026\/01\/DoMontsant_260-1024x682.jpg\" class=\"attachment-large size-large wp-image-20265\" alt=\"\" srcset=\"https:\/\/dosterraswinegarden.com\/wp-content\/uploads\/2026\/01\/DoMontsant_260-1024x682.jpg 1024w, https:\/\/dosterraswinegarden.com\/wp-content\/uploads\/2026\/01\/DoMontsant_260-300x200.jpg 300w, https:\/\/dosterraswinegarden.com\/wp-content\/uploads\/2026\/01\/DoMontsant_260-768x512.jpg 768w, https:\/\/dosterraswinegarden.com\/wp-content\/uploads\/2026\/01\/DoMontsant_260-1536x1023.jpg 1536w, https:\/\/dosterraswinegarden.com\/wp-content\/uploads\/2026\/01\/DoMontsant_260-2048x1364.jpg 2048w\" sizes=\"(max-width: 1024px) 100vw, 1024px\" \/>\t\t\t\t\t\t\t\t\t\t\t\t\t\t\t<\/div>\n\t\t\t\t<\/div>\n\t\t\t\t\t<\/div>\n\t\t<\/div>\n\t\t\t\t\t<\/div>\n\t\t<\/section>\n\t\t\t\t<section class=\"elementor-section elementor-top-section elementor-element elementor-element-9aa2f11 elementor-section-boxed elementor-section-height-default elementor-section-height-default qodef-elementor-content-no\" data-id=\"9aa2f11\" data-element_type=\"section\" data-e-type=\"section\">\n\t\t\t\t\t\t<div class=\"elementor-container elementor-column-gap-default\">\n\t\t\t\t\t<div class=\"elementor-column elementor-col-100 elementor-top-column elementor-element elementor-element-1126017\" data-id=\"1126017\" data-element_type=\"column\" data-e-type=\"column\">\n\t\t\t<div class=\"elementor-widget-wrap elementor-element-populated\">\n\t\t\t\t\t\t<div class=\"elementor-element elementor-element-9678c23 elementor-widget elementor-widget-heading\" data-id=\"9678c23\" data-element_type=\"widget\" data-e-type=\"widget\" data-widget_type=\"heading.default\">\n\t\t\t\t<div class=\"elementor-widget-container\">\n\t\t\t\t\t<h3 class=\"elementor-heading-title elementor-size-default\">2. El paisaje del Montsant<br><\/h3>\t\t\t\t<\/div>\n\t\t\t\t<\/div>\n\t\t\t\t<div class=\"elementor-element elementor-element-0735f70 elementor-widget elementor-widget-text-editor\" data-id=\"0735f70\" data-element_type=\"widget\" data-e-type=\"widget\" data-widget_type=\"text-editor.default\">\n\t\t\t\t<div class=\"elementor-widget-container\">\n\t\t\t\t\t\t\t\t\t<p>El paisaje del Montsant se va descubriendo mientras te mueves por el territorio. Carreteras como las que conectan Cornudella, La Morera o Ulldemolins permiten ver c\u00f3mo se alternan la monta\u00f1a, el vi\u00f1edo y los n\u00facleos urbanos a lo largo del recorrido.<br>  <\/p><p>Hay puntos que se prestan especialmente a parar, mirar y hacer una foto: desde el <strong data-start=\"696\" data-end=\"734\">Mirador de la DO Montsant, en Mar\u00e7\u00e0<\/strong>, con la sierra en el horizonte y vi\u00f1edos delante; en el <strong data-start=\"784\" data-end=\"840\">Mirador de Montsant en el Coll dels Solans (La Figuera),<\/strong> que ofrece vistas amplias sobre la cordillera. Tambi\u00e9n cerca de La Morera de Montsant est\u00e1 el <strong data-start=\"929\" data-end=\"958\">Mirador del Pla del Torr\u00f3,<\/strong> donde el terreno se extiende ante ti y puedes captar el mosaico de campos y acantilados. <\/p>\t\t\t\t\t\t\t\t<\/div>\n\t\t\t\t<\/div>\n\t\t\t\t\t<\/div>\n\t\t<\/div>\n\t\t\t\t\t<\/div>\n\t\t<\/section>\n\t\t\t\t<section class=\"elementor-section elementor-top-section elementor-element elementor-element-d2cf4cb elementor-section-boxed elementor-section-height-default elementor-section-height-default qodef-elementor-content-no\" data-id=\"d2cf4cb\" data-element_type=\"section\" data-e-type=\"section\">\n\t\t\t\t\t\t<div class=\"elementor-container elementor-column-gap-default\">\n\t\t\t\t\t<div class=\"elementor-column elementor-col-100 elementor-top-column elementor-element elementor-element-cc5eeb2\" data-id=\"cc5eeb2\" data-element_type=\"column\" data-e-type=\"column\">\n\t\t\t<div class=\"elementor-widget-wrap elementor-element-populated\">\n\t\t\t\t\t\t<div class=\"elementor-element elementor-element-e61049a elementor-widget elementor-widget-heading\" data-id=\"e61049a\" data-element_type=\"widget\" data-e-type=\"widget\" data-widget_type=\"heading.default\">\n\t\t\t\t<div class=\"elementor-widget-container\">\n\t\t\t\t\t<h3 class=\"elementor-heading-title elementor-size-default\">3. El vi\u00f1edo en el Montsant<br><\/h3>\t\t\t\t<\/div>\n\t\t\t\t<\/div>\n\t\t\t\t<div class=\"elementor-element elementor-element-bd2aafa elementor-widget elementor-widget-text-editor\" data-id=\"bd2aafa\" data-element_type=\"widget\" data-e-type=\"widget\" data-widget_type=\"text-editor.default\">\n\t\t\t\t<div class=\"elementor-widget-container\">\n\t\t\t\t\t\t\t\t\t<p>El vi\u00f1edo est\u00e1 muy presente en el Montsant y se ve claramente cuando te desplazas entre pueblos. No est\u00e1 concentrado en un \u00fanico punto ni escondido tras grandes extensiones, sino repartido a lo largo del territorio.<br>  <\/p><p data-start=\"813\" data-end=\"1215\">Algunos lugares permiten observarlo con facilidad, como las zonas de vi\u00f1edo pr\u00f3ximas a <strong data-start=\"896\" data-end=\"908\">Cap\u00e7anes<\/strong>, o los alrededores de <strong data-start=\"996\" data-end=\"1010\">La Figuera<\/strong>, con vistas abiertas que ayudan a entender c\u00f3mo se adapta al terreno. <\/p><p data-start=\"1217\" data-end=\"1610\">Para quien quiera profundizar un poco m\u00e1s, una buena manera de entender el vi\u00f1edo en el Montsant es hacer una visita a una bodega de la zona. En el <strong><a href=\"http:\/\/dosterras.com\/visitas\">Celler Dosterras<\/a><\/strong>, por ejemplo, las visitas permiten recorrer los vi\u00f1edos y conocer c\u00f3mo se trabaja en este entorno concreto, desde el cultivo hasta la elaboraci\u00f3n del vino. <\/p>\t\t\t\t\t\t\t\t<\/div>\n\t\t\t\t<\/div>\n\t\t\t\t<div class=\"elementor-element elementor-element-8983243 elementor-widget elementor-widget-image\" data-id=\"8983243\" data-element_type=\"widget\" data-e-type=\"widget\" data-widget_type=\"image.default\">\n\t\t\t\t<div class=\"elementor-widget-container\">\n\t\t\t\t\t\t\t\t\t\t\t\t\t\t\t<img fetchpriority=\"high\" decoding=\"async\" width=\"1024\" height=\"682\" src=\"https:\/\/dosterraswinegarden.com\/wp-content\/uploads\/2026\/01\/DoMontsant_260-1024x682.jpg\" class=\"attachment-large size-large wp-image-20265\" alt=\"\" srcset=\"https:\/\/dosterraswinegarden.com\/wp-content\/uploads\/2026\/01\/DoMontsant_260-1024x682.jpg 1024w, https:\/\/dosterraswinegarden.com\/wp-content\/uploads\/2026\/01\/DoMontsant_260-300x200.jpg 300w, https:\/\/dosterraswinegarden.com\/wp-content\/uploads\/2026\/01\/DoMontsant_260-768x512.jpg 768w, https:\/\/dosterraswinegarden.com\/wp-content\/uploads\/2026\/01\/DoMontsant_260-1536x1023.jpg 1536w, https:\/\/dosterraswinegarden.com\/wp-content\/uploads\/2026\/01\/DoMontsant_260-2048x1364.jpg 2048w\" sizes=\"(max-width: 1024px) 100vw, 1024px\" \/>\t\t\t\t\t\t\t\t\t\t\t\t\t\t\t<\/div>\n\t\t\t\t<\/div>\n\t\t\t\t\t<\/div>\n\t\t<\/div>\n\t\t\t\t\t<\/div>\n\t\t<\/section>\n\t\t\t\t<section class=\"elementor-section elementor-top-section elementor-element elementor-element-e936ba0 elementor-section-boxed elementor-section-height-default elementor-section-height-default qodef-elementor-content-no\" data-id=\"e936ba0\" data-element_type=\"section\" data-e-type=\"section\">\n\t\t\t\t\t\t<div class=\"elementor-container elementor-column-gap-default\">\n\t\t\t\t\t<div class=\"elementor-column elementor-col-100 elementor-top-column elementor-element elementor-element-38d3e3f\" data-id=\"38d3e3f\" data-element_type=\"column\" data-e-type=\"column\">\n\t\t\t<div class=\"elementor-widget-wrap elementor-element-populated\">\n\t\t\t\t\t\t<div class=\"elementor-element elementor-element-cbf38a3 elementor-widget elementor-widget-heading\" data-id=\"cbf38a3\" data-element_type=\"widget\" data-e-type=\"widget\" data-widget_type=\"heading.default\">\n\t\t\t\t<div class=\"elementor-widget-container\">\n\t\t\t\t\t<h3 class=\"elementor-heading-title elementor-size-default\">4. Los pueblos del Montsant<br><\/h3>\t\t\t\t<\/div>\n\t\t\t\t<\/div>\n\t\t\t\t<div class=\"elementor-element elementor-element-f8b2f81 elementor-widget elementor-widget-text-editor\" data-id=\"f8b2f81\" data-element_type=\"widget\" data-e-type=\"widget\" data-widget_type=\"text-editor.default\">\n\t\t\t\t<div class=\"elementor-widget-container\">\n\t\t\t\t\t\t\t\t\t<p data-start=\"31\" data-end=\"365\">Los pueblos del Montsant tambi\u00e9n forman parte de la visita, y se pueden <strong data-start=\"98\" data-end=\"105\">hacer<\/strong> si apetece. <strong data-start=\"121\" data-end=\"162\"><span class=\"hover:entity-accent entity-underline inline cursor-pointer align-baseline\"><span class=\"whitespace-normal\">Cornudella de Montsant<\/span><\/span><\/strong>, <strong data-start=\"164\" data-end=\"205\"><span class=\"hover:entity-accent entity-underline inline cursor-pointer align-baseline\"><span class=\"whitespace-normal\">Ulldemolins<\/span><\/span><\/strong>, <strong data-start=\"207\" data-end=\"248\"><span class=\"hover:entity-accent entity-underline inline cursor-pointer align-baseline\"><span class=\"whitespace-normal\">La Morera de Montsant<\/span><\/span><\/strong> o <strong data-start=\"251\" data-end=\"292\"><span class=\"hover:entity-accent entity-underline inline cursor-pointer align-baseline\"><span class=\"whitespace-normal\">La Figuera<\/span><\/span><\/strong> permiten paseos sencillos y agradables sin necesidad de planificar demasiado.<\/p><p data-start=\"367\" data-end=\"642\">Entrar en el pueblo, pasear por sus calles o sentarse a tomar el vermut en un bar de la plaza son maneras de conocerlos y ver la vida que se hace all\u00ed. Incluir uno o dos de estos pueblos ayuda a dar contexto al resto del territorio.<br> <\/p>\t\t\t\t\t\t\t\t<\/div>\n\t\t\t\t<\/div>\n\t\t\t\t\t<\/div>\n\t\t<\/div>\n\t\t\t\t\t<\/div>\n\t\t<\/section>\n\t\t\t\t<section class=\"elementor-section elementor-top-section elementor-element elementor-element-2cff315 elementor-section-boxed elementor-section-height-default elementor-section-height-default qodef-elementor-content-no\" data-id=\"2cff315\" data-element_type=\"section\" data-e-type=\"section\">\n\t\t\t\t\t\t<div class=\"elementor-container elementor-column-gap-default\">\n\t\t\t\t\t<div class=\"elementor-column elementor-col-100 elementor-top-column elementor-element elementor-element-bf789bd\" data-id=\"bf789bd\" data-element_type=\"column\" data-e-type=\"column\">\n\t\t\t<div class=\"elementor-widget-wrap elementor-element-populated\">\n\t\t\t\t\t\t<div class=\"elementor-element elementor-element-12aae10 elementor-widget elementor-widget-heading\" data-id=\"12aae10\" data-element_type=\"widget\" data-e-type=\"widget\" data-widget_type=\"heading.default\">\n\t\t\t\t<div class=\"elementor-widget-container\">\n\t\t\t\t\t<h3 class=\"elementor-heading-title elementor-size-default\">5. Quedarse a dormir en el Montsant<br><\/h3>\t\t\t\t<\/div>\n\t\t\t\t<\/div>\n\t\t\t\t<div class=\"elementor-element elementor-element-ba95b42 elementor-widget elementor-widget-text-editor\" data-id=\"ba95b42\" data-element_type=\"widget\" data-e-type=\"widget\" data-widget_type=\"text-editor.default\">\n\t\t\t\t<div class=\"elementor-widget-container\">\n\t\t\t\t\t\t\t\t\t<p>Quedarse a dormir en el Montsant es una buena idea si queremos vivir una experiencia tranquila y sin prisas. En la zona hay una oferta variada de alojamientos repartidos por los pueblos y para todos los gustos: c<strong data-start=\"198\" data-end=\"255\">asas rurales, alojamientos familiares y hoteles.<\/strong> <\/p><p>A la hora de buscar alojamiento, plataformas como <strong data-start=\"367\" data-end=\"408\"><span class=\"hover:entity-accent entity-underline inline cursor-pointer align-baseline\"><span class=\"whitespace-normal\">Booking.com<\/span><\/span><\/strong>, <strong data-start=\"410\" data-end=\"451\"><span class=\"hover:entity-accent entity-underline inline cursor-pointer align-baseline\">Airbnb<\/span><\/strong> o <span class=\"whitespace-normal\"><strong data-start=\"454\" data-end=\"495\"><span class=\"hover:entity-accent entity-underline inline cursor-pointer align-baseline\"><span class=\"whitespace-normal\">EscapadaRural<\/span><\/span><\/strong><\/span> permiten filtrar por zona, tipo de alojamiento y duraci\u00f3n de la estancia, y son \u00fatiles para comparar opciones sin necesidad de conocer previamente el territorio.<\/p>\t\t\t\t\t\t\t\t<\/div>\n\t\t\t\t<\/div>\n\t\t\t\t<div class=\"elementor-element elementor-element-e2e42a9 elementor-widget elementor-widget-image\" data-id=\"e2e42a9\" data-element_type=\"widget\" data-e-type=\"widget\" data-widget_type=\"image.default\">\n\t\t\t\t<div class=\"elementor-widget-container\">\n\t\t\t\t\t\t\t\t\t\t\t\t\t\t\t<img decoding=\"async\" width=\"1024\" height=\"682\" src=\"https:\/\/dosterraswinegarden.com\/wp-content\/uploads\/2026\/01\/DoMontsant_266-1024x682.jpg\" class=\"attachment-large size-large wp-image-20266\" alt=\"\" srcset=\"https:\/\/dosterraswinegarden.com\/wp-content\/uploads\/2026\/01\/DoMontsant_266-1024x682.jpg 1024w, https:\/\/dosterraswinegarden.com\/wp-content\/uploads\/2026\/01\/DoMontsant_266-300x200.jpg 300w, https:\/\/dosterraswinegarden.com\/wp-content\/uploads\/2026\/01\/DoMontsant_266-768x512.jpg 768w, https:\/\/dosterraswinegarden.com\/wp-content\/uploads\/2026\/01\/DoMontsant_266-1536x1023.jpg 1536w, https:\/\/dosterraswinegarden.com\/wp-content\/uploads\/2026\/01\/DoMontsant_266-2048x1364.jpg 2048w\" sizes=\"(max-width: 1024px) 100vw, 1024px\" \/>\t\t\t\t\t\t\t\t\t\t\t\t\t\t\t<\/div>\n\t\t\t\t<\/div>\n\t\t\t\t\t<\/div>\n\t\t<\/div>\n\t\t\t\t\t<\/div>\n\t\t<\/section>\n\t\t\t\t<section class=\"elementor-section elementor-top-section elementor-element elementor-element-7b72e4d elementor-section-boxed elementor-section-height-default elementor-section-height-default qodef-elementor-content-no\" data-id=\"7b72e4d\" data-element_type=\"section\" data-e-type=\"section\">\n\t\t\t\t\t\t<div class=\"elementor-container elementor-column-gap-default\">\n\t\t\t\t\t<div class=\"elementor-column elementor-col-100 elementor-top-column elementor-element elementor-element-34a9c24\" data-id=\"34a9c24\" data-element_type=\"column\" data-e-type=\"column\">\n\t\t\t<div class=\"elementor-widget-wrap elementor-element-populated\">\n\t\t\t\t\t\t<div class=\"elementor-element elementor-element-435495b elementor-widget elementor-widget-text-editor\" data-id=\"435495b\" data-element_type=\"widget\" data-e-type=\"widget\" data-widget_type=\"text-editor.default\">\n\t\t\t\t<div class=\"elementor-widget-container\">\n\t\t\t\t\t\t\t\t\t<p data-start=\"31\" data-end=\"365\">Tener claros estos elementos facilita planificar la visita y decidir qu\u00e9 priorizar en funci\u00f3n del tiempo disponible.<br><\/p><p data-start=\"31\" data-end=\"365\">Si tienes dudas, <strong><a href=\"https:\/\/dosterraswinegarden.com\/es\/contacto\/\">ponte en contacto con nosotros<\/a><\/strong> y estaremos encantados de hacerte algunas recomendaciones.<br><br><br> <\/p>\t\t\t\t\t\t\t\t<\/div>\n\t\t\t\t<\/div>\n\t\t\t\t\t<\/div>\n\t\t<\/div>\n\t\t\t\t\t<\/div>\n\t\t<\/section>\n\t\t\t\t<\/div>\n\t\t","protected":false},"excerpt":{"rendered":"<p>El Montsant es un territorio que a menudo se asocia \u00fanicamente al Parque Natural y a las rutas de monta\u00f1a. En este art\u00edculo hablaremos del Montsant desde otro punto de [&hellip;]<\/p>\n","protected":false},"author":3,"featured_media":20267,"comment_status":"closed","ping_status":"closed","sticky":false,"template":"","format":"standard","meta":{"_themeisle_gutenberg_block_has_review":false,"_joinchat":[],"footnotes":""},"categories":[66],"tags":[],"class_list":["post-20268","post","type-post","status-publish","format-standard","has-post-thumbnail","hentry","category-sin-categorizar"],"yoast_head":"<!-- This site is optimized with the Yoast SEO plugin v27.5 - https:\/\/yoast.com\/product\/yoast-seo-wordpress\/ -->\n<title>Descubrir el Montsant: m\u00e1s all\u00e1 del Parque Natural | Dosterras Wine Garden<\/title>\n<meta name=\"description\" content=\"Descubre el Montsant m\u00e1s all\u00e1 del Parque Natural: paisaje, vi\u00f1edo y pueblos para entender el territorio y planificar una visita con criterio.\" \/>\n<meta name=\"robots\" content=\"index, follow, max-snippet:-1, max-image-preview:large, max-video-preview:-1\" \/>\n<link rel=\"canonical\" href=\"https:\/\/dosterraswinegarden.com\/news\/descobrir-el-montsant-mes-enlla-del-parc-natural\/\" \/>\n<meta property=\"og:locale\" content=\"es_ES\" \/>\n<meta property=\"og:type\" content=\"article\" \/>\n<meta property=\"og:title\" content=\"Descubrir el Montsant: m\u00e1s all\u00e1 del Parque Natural | Dosterras Wine Garden\" \/>\n<meta property=\"og:description\" content=\"Descubre el Montsant m\u00e1s all\u00e1 del Parque Natural: paisaje, vi\u00f1edo y pueblos para entender el territorio y planificar una visita con criterio.\" \/>\n<meta property=\"og:url\" content=\"https:\/\/dosterraswinegarden.com\/news\/descobrir-el-montsant-mes-enlla-del-parc-natural\/\" \/>\n<meta property=\"og:site_name\" content=\"Dosterras Wine Garden\" \/>\n<meta property=\"article:published_time\" content=\"2026-01-10T15:16:19+00:00\" \/>\n<meta property=\"article:modified_time\" content=\"2026-01-19T20:06:56+00:00\" \/>\n<meta property=\"og:image\" content=\"https:\/\/dosterraswinegarden.com\/wp-content\/uploads\/2026\/01\/DoMontsant_267-scaled.jpg\" \/>\n\t<meta property=\"og:image:width\" content=\"2560\" \/>\n\t<meta property=\"og:image:height\" content=\"1705\" \/>\n\t<meta property=\"og:image:type\" content=\"image\/jpeg\" \/>\n<meta name=\"author\" content=\"Cl\u00e0udia Grosche\" \/>\n<meta name=\"twitter:card\" content=\"summary_large_image\" \/>\n<meta name=\"twitter:label1\" content=\"Escrito por\" \/>\n\t<meta name=\"twitter:data1\" content=\"Cl\u00e0udia Grosche\" \/>\n\t<meta name=\"twitter:label2\" content=\"Tiempo de lectura\" \/>\n\t<meta name=\"twitter:data2\" content=\"3 minutos\" \/>\n<script type=\"application\/ld+json\" class=\"yoast-schema-graph\">{\"@context\":\"https:\\\/\\\/schema.org\",\"@graph\":[{\"@type\":\"Article\",\"@id\":\"https:\\\/\\\/dosterraswinegarden.com\\\/news\\\/descobrir-el-montsant-mes-enlla-del-parc-natural\\\/#article\",\"isPartOf\":{\"@id\":\"https:\\\/\\\/dosterraswinegarden.com\\\/news\\\/descobrir-el-montsant-mes-enlla-del-parc-natural\\\/\"},\"author\":{\"name\":\"Cl\u00e0udia Grosche\",\"@id\":\"https:\\\/\\\/dosterraswinegarden.com\\\/#\\\/schema\\\/person\\\/9b0db6716433cba1467004352bb5d610\"},\"headline\":\"Descubrir el Montsant: m\u00e1s all\u00e1 del Parque Natural\",\"datePublished\":\"2026-01-10T15:16:19+00:00\",\"dateModified\":\"2026-01-19T20:06:56+00:00\",\"mainEntityOfPage\":{\"@id\":\"https:\\\/\\\/dosterraswinegarden.com\\\/news\\\/descobrir-el-montsant-mes-enlla-del-parc-natural\\\/\"},\"wordCount\":641,\"image\":{\"@id\":\"https:\\\/\\\/dosterraswinegarden.com\\\/news\\\/descobrir-el-montsant-mes-enlla-del-parc-natural\\\/#primaryimage\"},\"thumbnailUrl\":\"https:\\\/\\\/dosterraswinegarden.com\\\/wp-content\\\/uploads\\\/2026\\\/01\\\/DoMontsant_267-scaled.jpg\",\"articleSection\":[\"Sin categorizar\"],\"inLanguage\":\"es\"},{\"@type\":\"WebPage\",\"@id\":\"https:\\\/\\\/dosterraswinegarden.com\\\/news\\\/descobrir-el-montsant-mes-enlla-del-parc-natural\\\/\",\"url\":\"https:\\\/\\\/dosterraswinegarden.com\\\/news\\\/descobrir-el-montsant-mes-enlla-del-parc-natural\\\/\",\"name\":\"Descubrir el Montsant: m\u00e1s all\u00e1 del Parque Natural | Dosterras Wine Garden\",\"isPartOf\":{\"@id\":\"https:\\\/\\\/dosterraswinegarden.com\\\/#website\"},\"primaryImageOfPage\":{\"@id\":\"https:\\\/\\\/dosterraswinegarden.com\\\/news\\\/descobrir-el-montsant-mes-enlla-del-parc-natural\\\/#primaryimage\"},\"image\":{\"@id\":\"https:\\\/\\\/dosterraswinegarden.com\\\/news\\\/descobrir-el-montsant-mes-enlla-del-parc-natural\\\/#primaryimage\"},\"thumbnailUrl\":\"https:\\\/\\\/dosterraswinegarden.com\\\/wp-content\\\/uploads\\\/2026\\\/01\\\/DoMontsant_267-scaled.jpg\",\"datePublished\":\"2026-01-10T15:16:19+00:00\",\"dateModified\":\"2026-01-19T20:06:56+00:00\",\"author\":{\"@id\":\"https:\\\/\\\/dosterraswinegarden.com\\\/#\\\/schema\\\/person\\\/9b0db6716433cba1467004352bb5d610\"},\"description\":\"Descubre el Montsant m\u00e1s all\u00e1 del Parque Natural: paisaje, vi\u00f1edo y pueblos para entender el territorio y planificar una visita con criterio.\",\"breadcrumb\":{\"@id\":\"https:\\\/\\\/dosterraswinegarden.com\\\/news\\\/descobrir-el-montsant-mes-enlla-del-parc-natural\\\/#breadcrumb\"},\"inLanguage\":\"es\",\"potentialAction\":[{\"@type\":\"ReadAction\",\"target\":[\"https:\\\/\\\/dosterraswinegarden.com\\\/news\\\/descobrir-el-montsant-mes-enlla-del-parc-natural\\\/\"]}]},{\"@type\":\"ImageObject\",\"inLanguage\":\"es\",\"@id\":\"https:\\\/\\\/dosterraswinegarden.com\\\/news\\\/descobrir-el-montsant-mes-enlla-del-parc-natural\\\/#primaryimage\",\"url\":\"https:\\\/\\\/dosterraswinegarden.com\\\/wp-content\\\/uploads\\\/2026\\\/01\\\/DoMontsant_267-scaled.jpg\",\"contentUrl\":\"https:\\\/\\\/dosterraswinegarden.com\\\/wp-content\\\/uploads\\\/2026\\\/01\\\/DoMontsant_267-scaled.jpg\",\"width\":2560,\"height\":1705},{\"@type\":\"BreadcrumbList\",\"@id\":\"https:\\\/\\\/dosterraswinegarden.com\\\/news\\\/descobrir-el-montsant-mes-enlla-del-parc-natural\\\/#breadcrumb\",\"itemListElement\":[{\"@type\":\"ListItem\",\"position\":1,\"name\":\"Inici\",\"item\":\"https:\\\/\\\/dosterraswinegarden.com\\\/es\\\/\"},{\"@type\":\"ListItem\",\"position\":2,\"name\":\"Descubrir el Montsant: m\u00e1s all\u00e1 del Parque Natural\"}]},{\"@type\":\"WebSite\",\"@id\":\"https:\\\/\\\/dosterraswinegarden.com\\\/#website\",\"url\":\"https:\\\/\\\/dosterraswinegarden.com\\\/\",\"name\":\"Dosterras Wine Garden\",\"description\":\"Bodes, events i vins al Priorat\",\"potentialAction\":[{\"@type\":\"SearchAction\",\"target\":{\"@type\":\"EntryPoint\",\"urlTemplate\":\"https:\\\/\\\/dosterraswinegarden.com\\\/?s={search_term_string}\"},\"query-input\":{\"@type\":\"PropertyValueSpecification\",\"valueRequired\":true,\"valueName\":\"search_term_string\"}}],\"inLanguage\":\"es\"},{\"@type\":\"Person\",\"@id\":\"https:\\\/\\\/dosterraswinegarden.com\\\/#\\\/schema\\\/person\\\/9b0db6716433cba1467004352bb5d610\",\"name\":\"Cl\u00e0udia Grosche\",\"image\":{\"@type\":\"ImageObject\",\"inLanguage\":\"es\",\"@id\":\"https:\\\/\\\/secure.gravatar.com\\\/avatar\\\/36f488403653d8cfee612053ff51945be7e4de4d9a63f92a4a400e47456c2217?s=96&d=blank&r=g\",\"url\":\"https:\\\/\\\/secure.gravatar.com\\\/avatar\\\/36f488403653d8cfee612053ff51945be7e4de4d9a63f92a4a400e47456c2217?s=96&d=blank&r=g\",\"contentUrl\":\"https:\\\/\\\/secure.gravatar.com\\\/avatar\\\/36f488403653d8cfee612053ff51945be7e4de4d9a63f92a4a400e47456c2217?s=96&d=blank&r=g\",\"caption\":\"Cl\u00e0udia Grosche\"},\"url\":\"https:\\\/\\\/dosterraswinegarden.com\\\/es\\\/news\\\/author\\\/claudiagrosche\\\/\"}]}<\/script>\n<!-- \/ Yoast SEO plugin. -->","yoast_head_json":{"title":"Descubrir el Montsant: m\u00e1s all\u00e1 del Parque Natural | Dosterras Wine Garden","description":"Descubre el Montsant m\u00e1s all\u00e1 del Parque Natural: paisaje, vi\u00f1edo y pueblos para entender el territorio y planificar una visita con criterio.","robots":{"index":"index","follow":"follow","max-snippet":"max-snippet:-1","max-image-preview":"max-image-preview:large","max-video-preview":"max-video-preview:-1"},"canonical":"https:\/\/dosterraswinegarden.com\/news\/descobrir-el-montsant-mes-enlla-del-parc-natural\/","og_locale":"es_ES","og_type":"article","og_title":"Descubrir el Montsant: m\u00e1s all\u00e1 del Parque Natural | Dosterras Wine Garden","og_description":"Descubre el Montsant m\u00e1s all\u00e1 del Parque Natural: paisaje, vi\u00f1edo y pueblos para entender el territorio y planificar una visita con criterio.","og_url":"https:\/\/dosterraswinegarden.com\/news\/descobrir-el-montsant-mes-enlla-del-parc-natural\/","og_site_name":"Dosterras Wine Garden","article_published_time":"2026-01-10T15:16:19+00:00","article_modified_time":"2026-01-19T20:06:56+00:00","og_image":[{"width":2560,"height":1705,"url":"https:\/\/dosterraswinegarden.com\/wp-content\/uploads\/2026\/01\/DoMontsant_267-scaled.jpg","type":"image\/jpeg"}],"author":"Cl\u00e0udia Grosche","twitter_card":"summary_large_image","twitter_misc":{"Escrito por":"Cl\u00e0udia Grosche","Tiempo de lectura":"3 minutos"},"schema":{"@context":"https:\/\/schema.org","@graph":[{"@type":"Article","@id":"https:\/\/dosterraswinegarden.com\/news\/descobrir-el-montsant-mes-enlla-del-parc-natural\/#article","isPartOf":{"@id":"https:\/\/dosterraswinegarden.com\/news\/descobrir-el-montsant-mes-enlla-del-parc-natural\/"},"author":{"name":"Cl\u00e0udia Grosche","@id":"https:\/\/dosterraswinegarden.com\/#\/schema\/person\/9b0db6716433cba1467004352bb5d610"},"headline":"Descubrir el Montsant: m\u00e1s all\u00e1 del Parque Natural","datePublished":"2026-01-10T15:16:19+00:00","dateModified":"2026-01-19T20:06:56+00:00","mainEntityOfPage":{"@id":"https:\/\/dosterraswinegarden.com\/news\/descobrir-el-montsant-mes-enlla-del-parc-natural\/"},"wordCount":641,"image":{"@id":"https:\/\/dosterraswinegarden.com\/news\/descobrir-el-montsant-mes-enlla-del-parc-natural\/#primaryimage"},"thumbnailUrl":"https:\/\/dosterraswinegarden.com\/wp-content\/uploads\/2026\/01\/DoMontsant_267-scaled.jpg","articleSection":["Sin categorizar"],"inLanguage":"es"},{"@type":"WebPage","@id":"https:\/\/dosterraswinegarden.com\/news\/descobrir-el-montsant-mes-enlla-del-parc-natural\/","url":"https:\/\/dosterraswinegarden.com\/news\/descobrir-el-montsant-mes-enlla-del-parc-natural\/","name":"Descubrir el Montsant: m\u00e1s all\u00e1 del Parque Natural | Dosterras Wine Garden","isPartOf":{"@id":"https:\/\/dosterraswinegarden.com\/#website"},"primaryImageOfPage":{"@id":"https:\/\/dosterraswinegarden.com\/news\/descobrir-el-montsant-mes-enlla-del-parc-natural\/#primaryimage"},"image":{"@id":"https:\/\/dosterraswinegarden.com\/news\/descobrir-el-montsant-mes-enlla-del-parc-natural\/#primaryimage"},"thumbnailUrl":"https:\/\/dosterraswinegarden.com\/wp-content\/uploads\/2026\/01\/DoMontsant_267-scaled.jpg","datePublished":"2026-01-10T15:16:19+00:00","dateModified":"2026-01-19T20:06:56+00:00","author":{"@id":"https:\/\/dosterraswinegarden.com\/#\/schema\/person\/9b0db6716433cba1467004352bb5d610"},"description":"Descubre el Montsant m\u00e1s all\u00e1 del Parque Natural: paisaje, vi\u00f1edo y pueblos para entender el territorio y planificar una visita con criterio.","breadcrumb":{"@id":"https:\/\/dosterraswinegarden.com\/news\/descobrir-el-montsant-mes-enlla-del-parc-natural\/#breadcrumb"},"inLanguage":"es","potentialAction":[{"@type":"ReadAction","target":["https:\/\/dosterraswinegarden.com\/news\/descobrir-el-montsant-mes-enlla-del-parc-natural\/"]}]},{"@type":"ImageObject","inLanguage":"es","@id":"https:\/\/dosterraswinegarden.com\/news\/descobrir-el-montsant-mes-enlla-del-parc-natural\/#primaryimage","url":"https:\/\/dosterraswinegarden.com\/wp-content\/uploads\/2026\/01\/DoMontsant_267-scaled.jpg","contentUrl":"https:\/\/dosterraswinegarden.com\/wp-content\/uploads\/2026\/01\/DoMontsant_267-scaled.jpg","width":2560,"height":1705},{"@type":"BreadcrumbList","@id":"https:\/\/dosterraswinegarden.com\/news\/descobrir-el-montsant-mes-enlla-del-parc-natural\/#breadcrumb","itemListElement":[{"@type":"ListItem","position":1,"name":"Inici","item":"https:\/\/dosterraswinegarden.com\/es\/"},{"@type":"ListItem","position":2,"name":"Descubrir el Montsant: m\u00e1s all\u00e1 del Parque Natural"}]},{"@type":"WebSite","@id":"https:\/\/dosterraswinegarden.com\/#website","url":"https:\/\/dosterraswinegarden.com\/","name":"Dosterras Wine Garden","description":"Bodes, events i vins al Priorat","potentialAction":[{"@type":"SearchAction","target":{"@type":"EntryPoint","urlTemplate":"https:\/\/dosterraswinegarden.com\/?s={search_term_string}"},"query-input":{"@type":"PropertyValueSpecification","valueRequired":true,"valueName":"search_term_string"}}],"inLanguage":"es"},{"@type":"Person","@id":"https:\/\/dosterraswinegarden.com\/#\/schema\/person\/9b0db6716433cba1467004352bb5d610","name":"Cl\u00e0udia Grosche","image":{"@type":"ImageObject","inLanguage":"es","@id":"https:\/\/secure.gravatar.com\/avatar\/36f488403653d8cfee612053ff51945be7e4de4d9a63f92a4a400e47456c2217?s=96&d=blank&r=g","url":"https:\/\/secure.gravatar.com\/avatar\/36f488403653d8cfee612053ff51945be7e4de4d9a63f92a4a400e47456c2217?s=96&d=blank&r=g","contentUrl":"https:\/\/secure.gravatar.com\/avatar\/36f488403653d8cfee612053ff51945be7e4de4d9a63f92a4a400e47456c2217?s=96&d=blank&r=g","caption":"Cl\u00e0udia Grosche"},"url":"https:\/\/dosterraswinegarden.com\/es\/news\/author\/claudiagrosche\/"}]}},"_links":{"self":[{"href":"https:\/\/dosterraswinegarden.com\/es\/wp-json\/wp\/v2\/posts\/20268","targetHints":{"allow":["GET"]}}],"collection":[{"href":"https:\/\/dosterraswinegarden.com\/es\/wp-json\/wp\/v2\/posts"}],"about":[{"href":"https:\/\/dosterraswinegarden.com\/es\/wp-json\/wp\/v2\/types\/post"}],"author":[{"embeddable":true,"href":"https:\/\/dosterraswinegarden.com\/es\/wp-json\/wp\/v2\/users\/3"}],"replies":[{"embeddable":true,"href":"https:\/\/dosterraswinegarden.com\/es\/wp-json\/wp\/v2\/comments?post=20268"}],"version-history":[{"count":1,"href":"https:\/\/dosterraswinegarden.com\/es\/wp-json\/wp\/v2\/posts\/20268\/revisions"}],"predecessor-version":[{"id":20271,"href":"https:\/\/dosterraswinegarden.com\/es\/wp-json\/wp\/v2\/posts\/20268\/revisions\/20271"}],"wp:featuredmedia":[{"embeddable":true,"href":"https:\/\/dosterraswinegarden.com\/es\/wp-json\/wp\/v2\/media\/20267"}],"wp:attachment":[{"href":"https:\/\/dosterraswinegarden.com\/es\/wp-json\/wp\/v2\/media?parent=20268"}],"wp:term":[{"taxonomy":"category","embeddable":true,"href":"https:\/\/dosterraswinegarden.com\/es\/wp-json\/wp\/v2\/categories?post=20268"},{"taxonomy":"post_tag","embeddable":true,"href":"https:\/\/dosterraswinegarden.com\/es\/wp-json\/wp\/v2\/tags?post=20268"}],"curies":[{"name":"wp","href":"https:\/\/api.w.org\/{rel}","templated":true}]}}