{"id":20396,"date":"2026-02-27T18:18:04","date_gmt":"2026-02-27T18:18:04","guid":{"rendered":"https:\/\/dosterraswinegarden.com\/news\/mejor-epoca-para-organizar-un-evento-de-empresa\/"},"modified":"2026-03-08T18:49:19","modified_gmt":"2026-03-08T18:49:19","slug":"mejor-epoca-para-organizar-un-evento-de-empresa","status":"publish","type":"post","link":"https:\/\/dosterraswinegarden.com\/es\/news\/mejor-epoca-para-organizar-un-evento-de-empresa\/","title":{"rendered":"Mejor \u00e9poca para organizar un evento de empresa"},"content":{"rendered":"\t\t<div data-elementor-type=\"wp-post\" data-elementor-id=\"20396\" class=\"elementor elementor-20396 elementor-20380\">\n\t\t\t\t\t\t<section class=\"elementor-section elementor-top-section elementor-element elementor-element-a43daf1 elementor-section-boxed elementor-section-height-default elementor-section-height-default qodef-elementor-content-no\" data-id=\"a43daf1\" data-element_type=\"section\" data-e-type=\"section\">\n\t\t\t\t\t\t<div class=\"elementor-container elementor-column-gap-default\">\n\t\t\t\t\t<div class=\"elementor-column elementor-col-100 elementor-top-column elementor-element elementor-element-e9c3ebc\" data-id=\"e9c3ebc\" data-element_type=\"column\" data-e-type=\"column\">\n\t\t\t<div class=\"elementor-widget-wrap elementor-element-populated\">\n\t\t\t\t\t\t<div class=\"elementor-element elementor-element-2d3ddb9 elementor-widget elementor-widget-text-editor\" data-id=\"2d3ddb9\" data-element_type=\"widget\" data-e-type=\"widget\" data-widget_type=\"text-editor.default\">\n\t\t\t\t<div class=\"elementor-widget-container\">\n\t\t\t\t\t\t\t\t\t<p data-start=\"91\" data-end=\"226\">Organizar un evento de empresa no es solo una cuesti\u00f3n de lugar o de presupuesto. La fecha tambi\u00e9n tiene un impacto importante en la asistencia, el ambiente del equipo e incluso en el tipo de actividades que se pueden plantear. <\/p><p data-start=\"91\" data-end=\"226\">Por eso, a continuaci\u00f3n analizamos qu\u00e9 \u00e9pocas del a\u00f1o pueden encajar mejor seg\u00fan el tipo de evento.<\/p>\t\t\t\t\t\t\t\t<\/div>\n\t\t\t\t<\/div>\n\t\t\t\t\t<\/div>\n\t\t<\/div>\n\t\t\t\t\t<\/div>\n\t\t<\/section>\n\t\t\t\t<section class=\"elementor-section elementor-top-section elementor-element elementor-element-a7cb134 elementor-section-boxed elementor-section-height-default elementor-section-height-default qodef-elementor-content-no\" data-id=\"a7cb134\" data-element_type=\"section\" data-e-type=\"section\">\n\t\t\t\t\t\t<div class=\"elementor-container elementor-column-gap-default\">\n\t\t\t\t\t<div class=\"elementor-column elementor-col-100 elementor-top-column elementor-element elementor-element-f47ffb7\" data-id=\"f47ffb7\" data-element_type=\"column\" data-e-type=\"column\">\n\t\t\t<div class=\"elementor-widget-wrap elementor-element-populated\">\n\t\t\t\t\t\t<div class=\"elementor-element elementor-element-27c4ee3 elementor-widget elementor-widget-heading\" data-id=\"27c4ee3\" data-element_type=\"widget\" data-e-type=\"widget\" data-widget_type=\"heading.default\">\n\t\t\t\t<div class=\"elementor-widget-container\">\n\t\t\t\t\t<h3 class=\"elementor-heading-title elementor-size-default\">1. Primavera: buen clima y buena disponibilidad<\/h3>\t\t\t\t<\/div>\n\t\t\t\t<\/div>\n\t\t\t\t<div class=\"elementor-element elementor-element-4b541a2 elementor-widget elementor-widget-text-editor\" data-id=\"4b541a2\" data-element_type=\"widget\" data-e-type=\"widget\" data-widget_type=\"text-editor.default\">\n\t\t\t\t<div class=\"elementor-widget-container\">\n\t\t\t\t\t\t\t\t\t<p data-start=\"963\" data-end=\"1197\">Durante los meses de primavera, muchas empresas aprovechan para organizar encuentros o celebraciones de equipo. El clima suele ser agradable y los equipos a\u00fan no est\u00e1n inmersos en periodos de vacaciones. <\/p><p data-start=\"1199\" data-end=\"1393\">En esta \u00e9poca funcionan especialmente bien propuestas como un almuerzo o cena al aire libre, una reuni\u00f3n tipo picnic de empresa o experiencias pensadas para disfrutar del atardecer y alargar la jornada.<\/p>\t\t\t\t\t\t\t\t<\/div>\n\t\t\t\t<\/div>\n\t\t\t\t<div class=\"elementor-element elementor-element-14a30dd elementor-widget elementor-widget-image\" data-id=\"14a30dd\" data-element_type=\"widget\" data-e-type=\"widget\" data-widget_type=\"image.default\">\n\t\t\t\t<div class=\"elementor-widget-container\">\n\t\t\t\t\t\t\t\t\t\t\t\t\t\t\t<img fetchpriority=\"high\" decoding=\"async\" width=\"1024\" height=\"683\" src=\"https:\/\/dosterraswinegarden.com\/wp-content\/uploads\/2026\/02\/top-view-stack-hands-against-green-grass-1024x683.jpg\" class=\"attachment-large size-large wp-image-20394\" alt=\"\" srcset=\"https:\/\/dosterraswinegarden.com\/wp-content\/uploads\/2026\/02\/top-view-stack-hands-against-green-grass-1024x683.jpg 1024w, https:\/\/dosterraswinegarden.com\/wp-content\/uploads\/2026\/02\/top-view-stack-hands-against-green-grass-300x200.jpg 300w, https:\/\/dosterraswinegarden.com\/wp-content\/uploads\/2026\/02\/top-view-stack-hands-against-green-grass-768x512.jpg 768w, https:\/\/dosterraswinegarden.com\/wp-content\/uploads\/2026\/02\/top-view-stack-hands-against-green-grass-1536x1024.jpg 1536w, https:\/\/dosterraswinegarden.com\/wp-content\/uploads\/2026\/02\/top-view-stack-hands-against-green-grass-2048x1365.jpg 2048w\" sizes=\"(max-width: 1024px) 100vw, 1024px\" \/>\t\t\t\t\t\t\t\t\t\t\t\t\t\t\t<\/div>\n\t\t\t\t<\/div>\n\t\t\t\t\t<\/div>\n\t\t<\/div>\n\t\t\t\t\t<\/div>\n\t\t<\/section>\n\t\t\t\t<section class=\"elementor-section elementor-top-section elementor-element elementor-element-2d3cb8a elementor-section-boxed elementor-section-height-default elementor-section-height-default qodef-elementor-content-no\" data-id=\"2d3cb8a\" data-element_type=\"section\" data-e-type=\"section\">\n\t\t\t\t\t\t<div class=\"elementor-container elementor-column-gap-default\">\n\t\t\t\t\t<div class=\"elementor-column elementor-col-100 elementor-top-column elementor-element elementor-element-f45286d\" data-id=\"f45286d\" data-element_type=\"column\" data-e-type=\"column\">\n\t\t\t<div class=\"elementor-widget-wrap elementor-element-populated\">\n\t\t\t\t\t\t<div class=\"elementor-element elementor-element-0c926f3 elementor-widget elementor-widget-heading\" data-id=\"0c926f3\" data-element_type=\"widget\" data-e-type=\"widget\" data-widget_type=\"heading.default\">\n\t\t\t\t<div class=\"elementor-widget-container\">\n\t\t\t\t\t<h3 class=\"elementor-heading-title elementor-size-default\">2. Verano: ideal para eventos m\u00e1s informales<\/h3>\t\t\t\t<\/div>\n\t\t\t\t<\/div>\n\t\t\t\t<div class=\"elementor-element elementor-element-b19de35 elementor-widget elementor-widget-text-editor\" data-id=\"b19de35\" data-element_type=\"widget\" data-e-type=\"widget\" data-widget_type=\"text-editor.default\">\n\t\t\t\t<div class=\"elementor-widget-container\">\n\t\t\t\t\t\t\t\t\t<p data-start=\"400\" data-end=\"646\">Durante los meses de verano muchas empresas aprovechan para organizar encuentros m\u00e1s distendidos o celebraciones de equipo. Aun as\u00ed, conviene tener en cuenta las vacaciones y las altas temperaturas, que pueden condicionar la participaci\u00f3n o el tipo de actividad. <\/p><p data-start=\"998\" data-end=\"1343\">En esta \u00e9poca funcionan especialmente bien los formatos m\u00e1s informales, como un almuerzo o cena al aire libre, un encuentro tipo picnic de empresa, una actividad de networking m\u00e1s relajada o experiencias pensadas para disfrutar del atardecer y alargar la jornada de una forma m\u00e1s distendida.<\/p>\t\t\t\t\t\t\t\t<\/div>\n\t\t\t\t<\/div>\n\t\t\t\t\t<\/div>\n\t\t<\/div>\n\t\t\t\t\t<\/div>\n\t\t<\/section>\n\t\t\t\t<section class=\"elementor-section elementor-top-section elementor-element elementor-element-48a844c elementor-section-boxed elementor-section-height-default elementor-section-height-default qodef-elementor-content-no\" data-id=\"48a844c\" data-element_type=\"section\" data-e-type=\"section\">\n\t\t\t\t\t\t<div class=\"elementor-container elementor-column-gap-default\">\n\t\t\t\t\t<div class=\"elementor-column elementor-col-100 elementor-top-column elementor-element elementor-element-dc5efb9\" data-id=\"dc5efb9\" data-element_type=\"column\" data-e-type=\"column\">\n\t\t\t<div class=\"elementor-widget-wrap elementor-element-populated\">\n\t\t\t\t\t\t<div class=\"elementor-element elementor-element-c35dba6 elementor-widget elementor-widget-heading\" data-id=\"c35dba6\" data-element_type=\"widget\" data-e-type=\"widget\" data-widget_type=\"heading.default\">\n\t\t\t\t<div class=\"elementor-widget-container\">\n\t\t\t\t\t<h3 class=\"elementor-heading-title elementor-size-default\">3. Oto\u00f1o: una de las \u00e9pocas m\u00e1s populares<\/h3>\t\t\t\t<\/div>\n\t\t\t\t<\/div>\n\t\t\t\t<div class=\"elementor-element elementor-element-e1cfce1 elementor-widget elementor-widget-text-editor\" data-id=\"e1cfce1\" data-element_type=\"widget\" data-e-type=\"widget\" data-widget_type=\"text-editor.default\">\n\t\t\t\t<div class=\"elementor-widget-container\">\n\t\t\t\t\t\t\t\t\t<p data-start=\"0\" data-end=\"208\">Despu\u00e9s del verano, muchas empresas retoman la actividad y la planificaci\u00f3n. Por eso, el oto\u00f1o es una \u00e9poca habitual para organizar jornadas de empresa, reuniones estrat\u00e9gicas o actividades de cohesi\u00f3n de equipo. <\/p><p data-start=\"210\" data-end=\"445\" data-is-last-node=\"\" data-is-only-node=\"\">Adem\u00e1s, permite incorporar experiencias m\u00e1s vinculadas al territorio, como catas de vino, maridajes, actividades inspiradas en la vendimia o propuestas gastron\u00f3micas de temporada, que encajan muy bien con el ritmo y el ambiente de estos meses.<\/p>\t\t\t\t\t\t\t\t<\/div>\n\t\t\t\t<\/div>\n\t\t\t\t\t<\/div>\n\t\t<\/div>\n\t\t\t\t\t<\/div>\n\t\t<\/section>\n\t\t\t\t<section class=\"elementor-section elementor-top-section elementor-element elementor-element-0ee2e02 elementor-section-boxed elementor-section-height-default elementor-section-height-default qodef-elementor-content-no\" data-id=\"0ee2e02\" data-element_type=\"section\" data-e-type=\"section\">\n\t\t\t\t\t\t<div class=\"elementor-container elementor-column-gap-default\">\n\t\t\t\t\t<div class=\"elementor-column elementor-col-100 elementor-top-column elementor-element elementor-element-4917e3b\" data-id=\"4917e3b\" data-element_type=\"column\" data-e-type=\"column\">\n\t\t\t<div class=\"elementor-widget-wrap elementor-element-populated\">\n\t\t\t\t\t\t<div class=\"elementor-element elementor-element-9fee164 elementor-widget elementor-widget-heading\" data-id=\"9fee164\" data-element_type=\"widget\" data-e-type=\"widget\" data-widget_type=\"heading.default\">\n\t\t\t\t<div class=\"elementor-widget-container\">\n\t\t\t\t\t<h3 class=\"elementor-heading-title elementor-size-default\">4. Invierno: perfecto para cerrar el a\u00f1o<\/h3>\t\t\t\t<\/div>\n\t\t\t\t<\/div>\n\t\t\t\t<div class=\"elementor-element elementor-element-c64a50a elementor-widget elementor-widget-text-editor\" data-id=\"c64a50a\" data-element_type=\"widget\" data-e-type=\"widget\" data-widget_type=\"text-editor.default\">\n\t\t\t\t<div class=\"elementor-widget-container\">\n\t\t\t\t\t\t\t\t\t<p data-start=\"0\" data-end=\"227\">Los \u00faltimos meses del a\u00f1o suelen reservarse para hacer balance, presentar resultados o celebrar objetivos alcanzados. Por eso, muchas empresas aprovechan este periodo para organizar encuentros internos o eventos de final de a\u00f1o. <\/p><p data-start=\"229\" data-end=\"414\" data-is-last-node=\"\" data-is-only-node=\"\">En esta \u00e9poca suelen encajar mejor actividades de formato interior, como talleres tem\u00e1ticos, din\u00e1micas de reconocimiento del equipo o celebraciones con un componente m\u00e1s festivo y de cohesi\u00f3n.<\/p>\t\t\t\t\t\t\t\t<\/div>\n\t\t\t\t<\/div>\n\t\t\t\t<div class=\"elementor-element elementor-element-2470ede elementor-widget elementor-widget-image\" data-id=\"2470ede\" data-element_type=\"widget\" data-e-type=\"widget\" data-widget_type=\"image.default\">\n\t\t\t\t<div class=\"elementor-widget-container\">\n\t\t\t\t\t\t\t\t\t\t\t\t\t\t\t<img decoding=\"async\" width=\"1024\" height=\"683\" src=\"https:\/\/dosterraswinegarden.com\/wp-content\/uploads\/2026\/03\/happy-friends-park-holding-hands-1024x683.jpg\" class=\"attachment-large size-large wp-image-20395\" alt=\"\" srcset=\"https:\/\/dosterraswinegarden.com\/wp-content\/uploads\/2026\/03\/happy-friends-park-holding-hands-1024x683.jpg 1024w, https:\/\/dosterraswinegarden.com\/wp-content\/uploads\/2026\/03\/happy-friends-park-holding-hands-300x200.jpg 300w, https:\/\/dosterraswinegarden.com\/wp-content\/uploads\/2026\/03\/happy-friends-park-holding-hands-768x512.jpg 768w, https:\/\/dosterraswinegarden.com\/wp-content\/uploads\/2026\/03\/happy-friends-park-holding-hands-1536x1024.jpg 1536w, https:\/\/dosterraswinegarden.com\/wp-content\/uploads\/2026\/03\/happy-friends-park-holding-hands-2048x1365.jpg 2048w\" sizes=\"(max-width: 1024px) 100vw, 1024px\" \/>\t\t\t\t\t\t\t\t\t\t\t\t\t\t\t<\/div>\n\t\t\t\t<\/div>\n\t\t\t\t\t<\/div>\n\t\t<\/div>\n\t\t\t\t\t<\/div>\n\t\t<\/section>\n\t\t\t\t<section class=\"elementor-section elementor-top-section elementor-element elementor-element-ebdf5f1 elementor-section-boxed elementor-section-height-default elementor-section-height-default qodef-elementor-content-no\" data-id=\"ebdf5f1\" data-element_type=\"section\" data-e-type=\"section\">\n\t\t\t\t\t\t<div class=\"elementor-container elementor-column-gap-default\">\n\t\t\t\t\t<div class=\"elementor-column elementor-col-100 elementor-top-column elementor-element elementor-element-2310be1\" data-id=\"2310be1\" data-element_type=\"column\" data-e-type=\"column\">\n\t\t\t<div class=\"elementor-widget-wrap elementor-element-populated\">\n\t\t\t\t\t\t<div class=\"elementor-element elementor-element-4eee984 elementor-widget elementor-widget-heading\" data-id=\"4eee984\" data-element_type=\"widget\" data-e-type=\"widget\" data-widget_type=\"heading.default\">\n\t\t\t\t<div class=\"elementor-widget-container\">\n\t\t\t\t\t<h3 class=\"elementor-heading-title elementor-size-default\">5. La \u00e9poca ideal depender\u00e1 de los objetivos<\/h3>\t\t\t\t<\/div>\n\t\t\t\t<\/div>\n\t\t\t\t<div class=\"elementor-element elementor-element-17e3cbe elementor-widget elementor-widget-text-editor\" data-id=\"17e3cbe\" data-element_type=\"widget\" data-e-type=\"widget\" data-widget_type=\"text-editor.default\">\n\t\t\t\t<div class=\"elementor-widget-container\">\n\t\t\t\t\t\t\t\t\t<p data-start=\"21\" data-end=\"224\">En realidad, no hay una \u00fanica respuesta. La mejor \u00e9poca para organizar un evento de empresa depender\u00e1 del tipo de jornada que se quiera hacer, del calendario de la empresa y de los objetivos del equipo. <\/p><p data-start=\"226\" data-end=\"484\" data-is-last-node=\"\" data-is-only-node=\"\">Por ejemplo, si se busca cohesi\u00f3n y desconexi\u00f3n, suelen funcionar mejor las \u00e9pocas que permiten actividades al aire libre; en cambio, si el objetivo es hacer balance o poner en valor el trabajo realizado durante el a\u00f1o, suelen encajar mejor formatos m\u00e1s tranquilos, como reuniones de equipo o encuentros de final de a\u00f1o.<\/p><p data-start=\"226\" data-end=\"484\" data-is-last-node=\"\" data-is-only-node=\"\">Si est\u00e1s valorando organizar un evento de empresa, <strong><a href=\"http:\/\/dosterraswinegarden.com\/contacto\">contacta con nosotros<\/a><\/strong> y te ayudaremos a encontrar el formato y el momento que mejor encajen con tu equipo.<\/p>\t\t\t\t\t\t\t\t<\/div>\n\t\t\t\t<\/div>\n\t\t\t\t\t<\/div>\n\t\t<\/div>\n\t\t\t\t\t<\/div>\n\t\t<\/section>\n\t\t\t\t<\/div>\n\t\t","protected":false},"excerpt":{"rendered":"<p>Organizar un evento de empresa no es solo una cuesti\u00f3n de lugar o de presupuesto. La fecha tambi\u00e9n tiene un impacto importante en la asistencia, el ambiente del equipo e [&hellip;]<\/p>\n","protected":false},"author":3,"featured_media":20394,"comment_status":"closed","ping_status":"closed","sticky":false,"template":"","format":"standard","meta":{"_themeisle_gutenberg_block_has_review":false,"_joinchat":[],"footnotes":""},"categories":[140,66],"tags":[],"class_list":["post-20396","post","type-post","status-publish","format-standard","has-post-thumbnail","hentry","category-eventos-es","category-sin-categorizar"],"yoast_head":"<!-- This site is optimized with the Yoast SEO plugin v27.5 - https:\/\/yoast.com\/product\/yoast-seo-wordpress\/ -->\n<title>Mejor \u00e9poca para organizar un evento de empresa | Dosterras Wine Garden<\/title>\n<meta name=\"description\" content=\"Mejor \u00e9poca para organizar un evento de empresa: analizamos qu\u00e9 meses funcionan mejor seg\u00fan el tipo de evento.\" \/>\n<meta name=\"robots\" content=\"index, follow, max-snippet:-1, max-image-preview:large, max-video-preview:-1\" \/>\n<link rel=\"canonical\" href=\"https:\/\/dosterraswinegarden.com\/es\/news\/mejor-epoca-para-organizar-un-evento-de-empresa\/\" \/>\n<meta property=\"og:locale\" content=\"es_ES\" \/>\n<meta property=\"og:type\" content=\"article\" \/>\n<meta property=\"og:title\" content=\"Mejor \u00e9poca para organizar un evento de empresa | Dosterras Wine Garden\" \/>\n<meta property=\"og:description\" content=\"Mejor \u00e9poca para organizar un evento de empresa: analizamos qu\u00e9 meses funcionan mejor seg\u00fan el tipo de evento.\" \/>\n<meta property=\"og:url\" content=\"https:\/\/dosterraswinegarden.com\/es\/news\/mejor-epoca-para-organizar-un-evento-de-empresa\/\" \/>\n<meta property=\"og:site_name\" content=\"Dosterras Wine Garden\" \/>\n<meta property=\"article:published_time\" content=\"2026-02-27T18:18:04+00:00\" \/>\n<meta property=\"article:modified_time\" content=\"2026-03-08T18:49:19+00:00\" \/>\n<meta property=\"og:image\" content=\"https:\/\/dosterraswinegarden.com\/wp-content\/uploads\/2026\/02\/top-view-stack-hands-against-green-grass-scaled.jpg\" \/>\n\t<meta property=\"og:image:width\" content=\"2560\" \/>\n\t<meta property=\"og:image:height\" content=\"1707\" \/>\n\t<meta property=\"og:image:type\" content=\"image\/jpeg\" \/>\n<meta name=\"author\" content=\"Cl\u00e0udia Grosche\" \/>\n<meta name=\"twitter:card\" content=\"summary_large_image\" \/>\n<meta name=\"twitter:label1\" content=\"Escrito por\" \/>\n\t<meta name=\"twitter:data1\" content=\"Cl\u00e0udia Grosche\" \/>\n\t<meta name=\"twitter:label2\" content=\"Tiempo de lectura\" \/>\n\t<meta name=\"twitter:data2\" content=\"3 minutos\" \/>\n<script type=\"application\/ld+json\" class=\"yoast-schema-graph\">{\"@context\":\"https:\\\/\\\/schema.org\",\"@graph\":[{\"@type\":\"Article\",\"@id\":\"https:\\\/\\\/dosterraswinegarden.com\\\/es\\\/news\\\/mejor-epoca-para-organizar-un-evento-de-empresa\\\/#article\",\"isPartOf\":{\"@id\":\"https:\\\/\\\/dosterraswinegarden.com\\\/es\\\/news\\\/mejor-epoca-para-organizar-un-evento-de-empresa\\\/\"},\"author\":{\"name\":\"Cl\u00e0udia Grosche\",\"@id\":\"https:\\\/\\\/dosterraswinegarden.com\\\/#\\\/schema\\\/person\\\/9b0db6716433cba1467004352bb5d610\"},\"headline\":\"Mejor \u00e9poca para organizar un evento de empresa\",\"datePublished\":\"2026-02-27T18:18:04+00:00\",\"dateModified\":\"2026-03-08T18:49:19+00:00\",\"mainEntityOfPage\":{\"@id\":\"https:\\\/\\\/dosterraswinegarden.com\\\/es\\\/news\\\/mejor-epoca-para-organizar-un-evento-de-empresa\\\/\"},\"wordCount\":527,\"image\":{\"@id\":\"https:\\\/\\\/dosterraswinegarden.com\\\/es\\\/news\\\/mejor-epoca-para-organizar-un-evento-de-empresa\\\/#primaryimage\"},\"thumbnailUrl\":\"https:\\\/\\\/dosterraswinegarden.com\\\/wp-content\\\/uploads\\\/2026\\\/02\\\/top-view-stack-hands-against-green-grass-scaled.jpg\",\"articleSection\":[\"Eventos\",\"Sin categorizar\"],\"inLanguage\":\"es\"},{\"@type\":\"WebPage\",\"@id\":\"https:\\\/\\\/dosterraswinegarden.com\\\/es\\\/news\\\/mejor-epoca-para-organizar-un-evento-de-empresa\\\/\",\"url\":\"https:\\\/\\\/dosterraswinegarden.com\\\/es\\\/news\\\/mejor-epoca-para-organizar-un-evento-de-empresa\\\/\",\"name\":\"Mejor \u00e9poca para organizar un evento de empresa | Dosterras Wine Garden\",\"isPartOf\":{\"@id\":\"https:\\\/\\\/dosterraswinegarden.com\\\/#website\"},\"primaryImageOfPage\":{\"@id\":\"https:\\\/\\\/dosterraswinegarden.com\\\/es\\\/news\\\/mejor-epoca-para-organizar-un-evento-de-empresa\\\/#primaryimage\"},\"image\":{\"@id\":\"https:\\\/\\\/dosterraswinegarden.com\\\/es\\\/news\\\/mejor-epoca-para-organizar-un-evento-de-empresa\\\/#primaryimage\"},\"thumbnailUrl\":\"https:\\\/\\\/dosterraswinegarden.com\\\/wp-content\\\/uploads\\\/2026\\\/02\\\/top-view-stack-hands-against-green-grass-scaled.jpg\",\"datePublished\":\"2026-02-27T18:18:04+00:00\",\"dateModified\":\"2026-03-08T18:49:19+00:00\",\"author\":{\"@id\":\"https:\\\/\\\/dosterraswinegarden.com\\\/#\\\/schema\\\/person\\\/9b0db6716433cba1467004352bb5d610\"},\"description\":\"Mejor \u00e9poca para organizar un evento de empresa: analizamos qu\u00e9 meses funcionan mejor seg\u00fan el tipo de evento.\",\"breadcrumb\":{\"@id\":\"https:\\\/\\\/dosterraswinegarden.com\\\/es\\\/news\\\/mejor-epoca-para-organizar-un-evento-de-empresa\\\/#breadcrumb\"},\"inLanguage\":\"es\",\"potentialAction\":[{\"@type\":\"ReadAction\",\"target\":[\"https:\\\/\\\/dosterraswinegarden.com\\\/es\\\/news\\\/mejor-epoca-para-organizar-un-evento-de-empresa\\\/\"]}]},{\"@type\":\"ImageObject\",\"inLanguage\":\"es\",\"@id\":\"https:\\\/\\\/dosterraswinegarden.com\\\/es\\\/news\\\/mejor-epoca-para-organizar-un-evento-de-empresa\\\/#primaryimage\",\"url\":\"https:\\\/\\\/dosterraswinegarden.com\\\/wp-content\\\/uploads\\\/2026\\\/02\\\/top-view-stack-hands-against-green-grass-scaled.jpg\",\"contentUrl\":\"https:\\\/\\\/dosterraswinegarden.com\\\/wp-content\\\/uploads\\\/2026\\\/02\\\/top-view-stack-hands-against-green-grass-scaled.jpg\",\"width\":2560,\"height\":1707,\"caption\":\"Top view of stack of hands against green grass. Friendship, teamwork or community gesture. Unity or team concept\"},{\"@type\":\"BreadcrumbList\",\"@id\":\"https:\\\/\\\/dosterraswinegarden.com\\\/es\\\/news\\\/mejor-epoca-para-organizar-un-evento-de-empresa\\\/#breadcrumb\",\"itemListElement\":[{\"@type\":\"ListItem\",\"position\":1,\"name\":\"Inici\",\"item\":\"https:\\\/\\\/dosterraswinegarden.com\\\/es\\\/\"},{\"@type\":\"ListItem\",\"position\":2,\"name\":\"Mejor \u00e9poca para organizar un evento de empresa\"}]},{\"@type\":\"WebSite\",\"@id\":\"https:\\\/\\\/dosterraswinegarden.com\\\/#website\",\"url\":\"https:\\\/\\\/dosterraswinegarden.com\\\/\",\"name\":\"Dosterras Wine Garden\",\"description\":\"Bodes, events i vins al Priorat\",\"potentialAction\":[{\"@type\":\"SearchAction\",\"target\":{\"@type\":\"EntryPoint\",\"urlTemplate\":\"https:\\\/\\\/dosterraswinegarden.com\\\/?s={search_term_string}\"},\"query-input\":{\"@type\":\"PropertyValueSpecification\",\"valueRequired\":true,\"valueName\":\"search_term_string\"}}],\"inLanguage\":\"es\"},{\"@type\":\"Person\",\"@id\":\"https:\\\/\\\/dosterraswinegarden.com\\\/#\\\/schema\\\/person\\\/9b0db6716433cba1467004352bb5d610\",\"name\":\"Cl\u00e0udia Grosche\",\"image\":{\"@type\":\"ImageObject\",\"inLanguage\":\"es\",\"@id\":\"https:\\\/\\\/secure.gravatar.com\\\/avatar\\\/36f488403653d8cfee612053ff51945be7e4de4d9a63f92a4a400e47456c2217?s=96&d=blank&r=g\",\"url\":\"https:\\\/\\\/secure.gravatar.com\\\/avatar\\\/36f488403653d8cfee612053ff51945be7e4de4d9a63f92a4a400e47456c2217?s=96&d=blank&r=g\",\"contentUrl\":\"https:\\\/\\\/secure.gravatar.com\\\/avatar\\\/36f488403653d8cfee612053ff51945be7e4de4d9a63f92a4a400e47456c2217?s=96&d=blank&r=g\",\"caption\":\"Cl\u00e0udia Grosche\"},\"url\":\"https:\\\/\\\/dosterraswinegarden.com\\\/es\\\/news\\\/author\\\/claudiagrosche\\\/\"}]}<\/script>\n<!-- \/ Yoast SEO plugin. -->","yoast_head_json":{"title":"Mejor \u00e9poca para organizar un evento de empresa | Dosterras Wine Garden","description":"Mejor \u00e9poca para organizar un evento de empresa: analizamos qu\u00e9 meses funcionan mejor seg\u00fan el tipo de evento.","robots":{"index":"index","follow":"follow","max-snippet":"max-snippet:-1","max-image-preview":"max-image-preview:large","max-video-preview":"max-video-preview:-1"},"canonical":"https:\/\/dosterraswinegarden.com\/es\/news\/mejor-epoca-para-organizar-un-evento-de-empresa\/","og_locale":"es_ES","og_type":"article","og_title":"Mejor \u00e9poca para organizar un evento de empresa | Dosterras Wine Garden","og_description":"Mejor \u00e9poca para organizar un evento de empresa: analizamos qu\u00e9 meses funcionan mejor seg\u00fan el tipo de evento.","og_url":"https:\/\/dosterraswinegarden.com\/es\/news\/mejor-epoca-para-organizar-un-evento-de-empresa\/","og_site_name":"Dosterras Wine Garden","article_published_time":"2026-02-27T18:18:04+00:00","article_modified_time":"2026-03-08T18:49:19+00:00","og_image":[{"width":2560,"height":1707,"url":"https:\/\/dosterraswinegarden.com\/wp-content\/uploads\/2026\/02\/top-view-stack-hands-against-green-grass-scaled.jpg","type":"image\/jpeg"}],"author":"Cl\u00e0udia Grosche","twitter_card":"summary_large_image","twitter_misc":{"Escrito por":"Cl\u00e0udia Grosche","Tiempo de lectura":"3 minutos"},"schema":{"@context":"https:\/\/schema.org","@graph":[{"@type":"Article","@id":"https:\/\/dosterraswinegarden.com\/es\/news\/mejor-epoca-para-organizar-un-evento-de-empresa\/#article","isPartOf":{"@id":"https:\/\/dosterraswinegarden.com\/es\/news\/mejor-epoca-para-organizar-un-evento-de-empresa\/"},"author":{"name":"Cl\u00e0udia Grosche","@id":"https:\/\/dosterraswinegarden.com\/#\/schema\/person\/9b0db6716433cba1467004352bb5d610"},"headline":"Mejor \u00e9poca para organizar un evento de empresa","datePublished":"2026-02-27T18:18:04+00:00","dateModified":"2026-03-08T18:49:19+00:00","mainEntityOfPage":{"@id":"https:\/\/dosterraswinegarden.com\/es\/news\/mejor-epoca-para-organizar-un-evento-de-empresa\/"},"wordCount":527,"image":{"@id":"https:\/\/dosterraswinegarden.com\/es\/news\/mejor-epoca-para-organizar-un-evento-de-empresa\/#primaryimage"},"thumbnailUrl":"https:\/\/dosterraswinegarden.com\/wp-content\/uploads\/2026\/02\/top-view-stack-hands-against-green-grass-scaled.jpg","articleSection":["Eventos","Sin categorizar"],"inLanguage":"es"},{"@type":"WebPage","@id":"https:\/\/dosterraswinegarden.com\/es\/news\/mejor-epoca-para-organizar-un-evento-de-empresa\/","url":"https:\/\/dosterraswinegarden.com\/es\/news\/mejor-epoca-para-organizar-un-evento-de-empresa\/","name":"Mejor \u00e9poca para organizar un evento de empresa | Dosterras Wine Garden","isPartOf":{"@id":"https:\/\/dosterraswinegarden.com\/#website"},"primaryImageOfPage":{"@id":"https:\/\/dosterraswinegarden.com\/es\/news\/mejor-epoca-para-organizar-un-evento-de-empresa\/#primaryimage"},"image":{"@id":"https:\/\/dosterraswinegarden.com\/es\/news\/mejor-epoca-para-organizar-un-evento-de-empresa\/#primaryimage"},"thumbnailUrl":"https:\/\/dosterraswinegarden.com\/wp-content\/uploads\/2026\/02\/top-view-stack-hands-against-green-grass-scaled.jpg","datePublished":"2026-02-27T18:18:04+00:00","dateModified":"2026-03-08T18:49:19+00:00","author":{"@id":"https:\/\/dosterraswinegarden.com\/#\/schema\/person\/9b0db6716433cba1467004352bb5d610"},"description":"Mejor \u00e9poca para organizar un evento de empresa: analizamos qu\u00e9 meses funcionan mejor seg\u00fan el tipo de evento.","breadcrumb":{"@id":"https:\/\/dosterraswinegarden.com\/es\/news\/mejor-epoca-para-organizar-un-evento-de-empresa\/#breadcrumb"},"inLanguage":"es","potentialAction":[{"@type":"ReadAction","target":["https:\/\/dosterraswinegarden.com\/es\/news\/mejor-epoca-para-organizar-un-evento-de-empresa\/"]}]},{"@type":"ImageObject","inLanguage":"es","@id":"https:\/\/dosterraswinegarden.com\/es\/news\/mejor-epoca-para-organizar-un-evento-de-empresa\/#primaryimage","url":"https:\/\/dosterraswinegarden.com\/wp-content\/uploads\/2026\/02\/top-view-stack-hands-against-green-grass-scaled.jpg","contentUrl":"https:\/\/dosterraswinegarden.com\/wp-content\/uploads\/2026\/02\/top-view-stack-hands-against-green-grass-scaled.jpg","width":2560,"height":1707,"caption":"Top view of stack of hands against green grass. Friendship, teamwork or community gesture. Unity or team concept"},{"@type":"BreadcrumbList","@id":"https:\/\/dosterraswinegarden.com\/es\/news\/mejor-epoca-para-organizar-un-evento-de-empresa\/#breadcrumb","itemListElement":[{"@type":"ListItem","position":1,"name":"Inici","item":"https:\/\/dosterraswinegarden.com\/es\/"},{"@type":"ListItem","position":2,"name":"Mejor \u00e9poca para organizar un evento de empresa"}]},{"@type":"WebSite","@id":"https:\/\/dosterraswinegarden.com\/#website","url":"https:\/\/dosterraswinegarden.com\/","name":"Dosterras Wine Garden","description":"Bodes, events i vins al Priorat","potentialAction":[{"@type":"SearchAction","target":{"@type":"EntryPoint","urlTemplate":"https:\/\/dosterraswinegarden.com\/?s={search_term_string}"},"query-input":{"@type":"PropertyValueSpecification","valueRequired":true,"valueName":"search_term_string"}}],"inLanguage":"es"},{"@type":"Person","@id":"https:\/\/dosterraswinegarden.com\/#\/schema\/person\/9b0db6716433cba1467004352bb5d610","name":"Cl\u00e0udia Grosche","image":{"@type":"ImageObject","inLanguage":"es","@id":"https:\/\/secure.gravatar.com\/avatar\/36f488403653d8cfee612053ff51945be7e4de4d9a63f92a4a400e47456c2217?s=96&d=blank&r=g","url":"https:\/\/secure.gravatar.com\/avatar\/36f488403653d8cfee612053ff51945be7e4de4d9a63f92a4a400e47456c2217?s=96&d=blank&r=g","contentUrl":"https:\/\/secure.gravatar.com\/avatar\/36f488403653d8cfee612053ff51945be7e4de4d9a63f92a4a400e47456c2217?s=96&d=blank&r=g","caption":"Cl\u00e0udia Grosche"},"url":"https:\/\/dosterraswinegarden.com\/es\/news\/author\/claudiagrosche\/"}]}},"_links":{"self":[{"href":"https:\/\/dosterraswinegarden.com\/es\/wp-json\/wp\/v2\/posts\/20396","targetHints":{"allow":["GET"]}}],"collection":[{"href":"https:\/\/dosterraswinegarden.com\/es\/wp-json\/wp\/v2\/posts"}],"about":[{"href":"https:\/\/dosterraswinegarden.com\/es\/wp-json\/wp\/v2\/types\/post"}],"author":[{"embeddable":true,"href":"https:\/\/dosterraswinegarden.com\/es\/wp-json\/wp\/v2\/users\/3"}],"replies":[{"embeddable":true,"href":"https:\/\/dosterraswinegarden.com\/es\/wp-json\/wp\/v2\/comments?post=20396"}],"version-history":[{"count":1,"href":"https:\/\/dosterraswinegarden.com\/es\/wp-json\/wp\/v2\/posts\/20396\/revisions"}],"predecessor-version":[{"id":20398,"href":"https:\/\/dosterraswinegarden.com\/es\/wp-json\/wp\/v2\/posts\/20396\/revisions\/20398"}],"wp:featuredmedia":[{"embeddable":true,"href":"https:\/\/dosterraswinegarden.com\/es\/wp-json\/wp\/v2\/media\/20394"}],"wp:attachment":[{"href":"https:\/\/dosterraswinegarden.com\/es\/wp-json\/wp\/v2\/media?parent=20396"}],"wp:term":[{"taxonomy":"category","embeddable":true,"href":"https:\/\/dosterraswinegarden.com\/es\/wp-json\/wp\/v2\/categories?post=20396"},{"taxonomy":"post_tag","embeddable":true,"href":"https:\/\/dosterraswinegarden.com\/es\/wp-json\/wp\/v2\/tags?post=20396"}],"curies":[{"name":"wp","href":"https:\/\/api.w.org\/{rel}","templated":true}]}}