{"id":20489,"date":"2026-03-23T13:22:41","date_gmt":"2026-03-23T13:22:41","guid":{"rendered":"https:\/\/dosterraswinegarden.com\/news\/como-elegir-al-fotografo-de-boda\/"},"modified":"2026-04-13T16:04:27","modified_gmt":"2026-04-13T16:04:27","slug":"como-elegir-al-fotografo-de-boda","status":"publish","type":"post","link":"https:\/\/dosterraswinegarden.com\/es\/news\/como-elegir-al-fotografo-de-boda\/","title":{"rendered":"C\u00f3mo elegir al fot\u00f3grafo de boda"},"content":{"rendered":"\t\t<div data-elementor-type=\"wp-post\" data-elementor-id=\"20489\" class=\"elementor elementor-20489 elementor-20464\">\n\t\t\t\t\t\t<section class=\"elementor-section elementor-top-section elementor-element elementor-element-253e2cf elementor-section-boxed elementor-section-height-default elementor-section-height-default qodef-elementor-content-no\" data-id=\"253e2cf\" data-element_type=\"section\" data-e-type=\"section\">\n\t\t\t\t\t\t<div class=\"elementor-container elementor-column-gap-default\">\n\t\t\t\t\t<div class=\"elementor-column elementor-col-100 elementor-top-column elementor-element elementor-element-9932ae4\" data-id=\"9932ae4\" data-element_type=\"column\" data-e-type=\"column\">\n\t\t\t<div class=\"elementor-widget-wrap elementor-element-populated\">\n\t\t\t\t\t\t<div class=\"elementor-element elementor-element-443aff6 elementor-widget elementor-widget-text-editor\" data-id=\"443aff6\" data-element_type=\"widget\" data-e-type=\"widget\" data-widget_type=\"text-editor.default\">\n\t\t\t\t<div class=\"elementor-widget-container\">\n\t\t\t\t\t\t\t\t\t<p data-start=\"91\" data-end=\"226\">Elegir al fot\u00f3grafo de boda no es solo una cuesti\u00f3n de estilo o de presupuesto. Al fin y al cabo, ser\u00e1 la persona encargada de documentar <strong>un d\u00eda que no se repetir\u00e1<\/strong>, y por eso conviene tomar la decisi\u00f3n con tiempo y criterio. <\/p><p data-start=\"91\" data-end=\"226\">Hay parejas que tienen claro desde el principio qu\u00e9 tipo de fotograf\u00eda buscan, y otras que empiezan a mirar opciones sin saber muy bien qu\u00e9 les gusta. En ambos casos, hay algunos puntos clave que os pueden ayudar a elegir mejor. <\/p>\t\t\t\t\t\t\t\t<\/div>\n\t\t\t\t<\/div>\n\t\t\t\t\t<\/div>\n\t\t<\/div>\n\t\t\t\t\t<\/div>\n\t\t<\/section>\n\t\t\t\t<section class=\"elementor-section elementor-top-section elementor-element elementor-element-035c083 elementor-section-boxed elementor-section-height-default elementor-section-height-default qodef-elementor-content-no\" data-id=\"035c083\" data-element_type=\"section\" data-e-type=\"section\">\n\t\t\t\t\t\t<div class=\"elementor-container elementor-column-gap-default\">\n\t\t\t\t\t<div class=\"elementor-column elementor-col-100 elementor-top-column elementor-element elementor-element-6a1d89e\" data-id=\"6a1d89e\" data-element_type=\"column\" data-e-type=\"column\">\n\t\t\t<div class=\"elementor-widget-wrap elementor-element-populated\">\n\t\t\t\t\t\t<div class=\"elementor-element elementor-element-d66632e elementor-widget elementor-widget-heading\" data-id=\"d66632e\" data-element_type=\"widget\" data-e-type=\"widget\" data-widget_type=\"heading.default\">\n\t\t\t\t<div class=\"elementor-widget-container\">\n\t\t\t\t\t<h3 class=\"elementor-heading-title elementor-size-default\">1. Antes de buscar, tened claro qu\u00e9 estilo os gusta<\/h3>\t\t\t\t<\/div>\n\t\t\t\t<\/div>\n\t\t\t\t<div class=\"elementor-element elementor-element-49f743b elementor-widget elementor-widget-text-editor\" data-id=\"49f743b\" data-element_type=\"widget\" data-e-type=\"widget\" data-widget_type=\"text-editor.default\">\n\t\t\t\t<div class=\"elementor-widget-container\">\n\t\t\t\t\t\t\t\t\t<p data-start=\"963\" data-end=\"1197\">Antes de comparar profesionales, vale la pena dedicar un rato a ver qu\u00e9 tipo de fotograf\u00eda os encaja. Hay fot\u00f3grafos con un estilo m\u00e1s natural y documental, otros que trabajan im\u00e1genes m\u00e1s editoriales o m\u00e1s dirigidas, y otros que buscan un punto m\u00e1s cl\u00e1sico. <\/p><p data-start=\"963\" data-end=\"1197\">Por eso, antes de contactar con nadie, os puede ayudar <strong>buscar referencias<\/strong> (en Pinterest, por ejemplo) y ver qu\u00e9 os atrae m\u00e1s: fotos espont\u00e1neas o m\u00e1s posadas, im\u00e1genes luminosas o m\u00e1s contrastadas, momentos muy emocionales o una mirada m\u00e1s discreta. Cuanto m\u00e1s claro teng\u00e1is esto, m\u00e1s f\u00e1cil ser\u00e1 filtrar.<br> <\/p>\t\t\t\t\t\t\t\t<\/div>\n\t\t\t\t<\/div>\n\t\t\t\t<div class=\"elementor-element elementor-element-686815f elementor-widget elementor-widget-image\" data-id=\"686815f\" data-element_type=\"widget\" data-e-type=\"widget\" data-widget_type=\"image.default\">\n\t\t\t\t<div class=\"elementor-widget-container\">\n\t\t\t\t\t\t\t\t\t\t\t\t<figure class=\"wp-caption\">\n\t\t\t\t\t\t\t\t\t\t<img fetchpriority=\"high\" decoding=\"async\" width=\"1024\" height=\"731\" src=\"https:\/\/dosterraswinegarden.com\/wp-content\/uploads\/2026\/04\/IdoyaPau_0453_@Lifetime.weddings-1024x731.jpg\" class=\"attachment-large size-large wp-image-20486\" alt=\"\" srcset=\"https:\/\/dosterraswinegarden.com\/wp-content\/uploads\/2026\/04\/IdoyaPau_0453_@Lifetime.weddings-1024x731.jpg 1024w, https:\/\/dosterraswinegarden.com\/wp-content\/uploads\/2026\/04\/IdoyaPau_0453_@Lifetime.weddings-300x214.jpg 300w, https:\/\/dosterraswinegarden.com\/wp-content\/uploads\/2026\/04\/IdoyaPau_0453_@Lifetime.weddings-768x549.jpg 768w, https:\/\/dosterraswinegarden.com\/wp-content\/uploads\/2026\/04\/IdoyaPau_0453_@Lifetime.weddings-1536x1097.jpg 1536w, https:\/\/dosterraswinegarden.com\/wp-content\/uploads\/2026\/04\/IdoyaPau_0453_@Lifetime.weddings-2048x1463.jpg 2048w\" sizes=\"(max-width: 1024px) 100vw, 1024px\" \/>\t\t\t\t\t\t\t\t\t\t\t<figcaption class=\"widget-image-caption wp-caption-text\">Foto: Lifetime Weddings<\/figcaption>\n\t\t\t\t\t\t\t\t\t\t<\/figure>\n\t\t\t\t\t\t\t\t\t<\/div>\n\t\t\t\t<\/div>\n\t\t\t\t\t<\/div>\n\t\t<\/div>\n\t\t\t\t\t<\/div>\n\t\t<\/section>\n\t\t\t\t<section class=\"elementor-section elementor-top-section elementor-element elementor-element-1320bb2 elementor-section-boxed elementor-section-height-default elementor-section-height-default qodef-elementor-content-no\" data-id=\"1320bb2\" data-element_type=\"section\" data-e-type=\"section\">\n\t\t\t\t\t\t<div class=\"elementor-container elementor-column-gap-default\">\n\t\t\t\t\t<div class=\"elementor-column elementor-col-100 elementor-top-column elementor-element elementor-element-485ecce\" data-id=\"485ecce\" data-element_type=\"column\" data-e-type=\"column\">\n\t\t\t<div class=\"elementor-widget-wrap elementor-element-populated\">\n\t\t\t\t\t\t<div class=\"elementor-element elementor-element-d409be2 elementor-widget elementor-widget-heading\" data-id=\"d409be2\" data-element_type=\"widget\" data-e-type=\"widget\" data-widget_type=\"heading.default\">\n\t\t\t\t<div class=\"elementor-widget-container\">\n\t\t\t\t\t<h3 class=\"elementor-heading-title elementor-size-default\">2. No os qued\u00e9is solo con Instagram<\/h3>\t\t\t\t<\/div>\n\t\t\t\t<\/div>\n\t\t\t\t<div class=\"elementor-element elementor-element-6fbb23e elementor-widget elementor-widget-text-editor\" data-id=\"6fbb23e\" data-element_type=\"widget\" data-e-type=\"widget\" data-widget_type=\"text-editor.default\">\n\t\t\t\t<div class=\"elementor-widget-container\">\n\t\t\t\t\t\t\t\t\t<p data-start=\"1290\" data-end=\"1538\">Instagram puede servir para hacer una primera criba, pero no es suficiente para decidir. El feed suele ense\u00f1ar solo una selecci\u00f3n de las im\u00e1genes m\u00e1s potentes, y eso no siempre refleja c\u00f3mo trabaja realmente un profesional a lo largo de toda una boda. <\/p><p data-start=\"1540\" data-end=\"1800\">Por eso, es importante pedir o <strong>consultar galer\u00edas completas<\/strong>. As\u00ed os permitir\u00e1 ver si mantiene el nivel durante todo el d\u00eda, c\u00f3mo resuelve distintos momentos \u2014preparativos, ceremonia, banquete, fiesta\u2014 y si el resultado es consistente m\u00e1s all\u00e1 de las fotos m\u00e1s espectaculares.<br> <\/p>\t\t\t\t\t\t\t\t<\/div>\n\t\t\t\t<\/div>\n\t\t\t\t\t<\/div>\n\t\t<\/div>\n\t\t\t\t\t<\/div>\n\t\t<\/section>\n\t\t\t\t<section class=\"elementor-section elementor-top-section elementor-element elementor-element-540ea3b elementor-section-boxed elementor-section-height-default elementor-section-height-default qodef-elementor-content-no\" data-id=\"540ea3b\" data-element_type=\"section\" data-e-type=\"section\">\n\t\t\t\t\t\t<div class=\"elementor-container elementor-column-gap-default\">\n\t\t\t\t\t<div class=\"elementor-column elementor-col-100 elementor-top-column elementor-element elementor-element-d63a064\" data-id=\"d63a064\" data-element_type=\"column\" data-e-type=\"column\">\n\t\t\t<div class=\"elementor-widget-wrap elementor-element-populated\">\n\t\t\t\t\t\t<div class=\"elementor-element elementor-element-c413388 elementor-widget elementor-widget-heading\" data-id=\"c413388\" data-element_type=\"widget\" data-e-type=\"widget\" data-widget_type=\"heading.default\">\n\t\t\t\t<div class=\"elementor-widget-container\">\n\t\t\t\t\t<h3 class=\"elementor-heading-title elementor-size-default\">3. Fijaos en la experiencia y en la manera de trabajar<\/h3>\t\t\t\t<\/div>\n\t\t\t\t<\/div>\n\t\t\t\t<div class=\"elementor-element elementor-element-693d6b0 elementor-widget elementor-widget-text-editor\" data-id=\"693d6b0\" data-element_type=\"widget\" data-e-type=\"widget\" data-widget_type=\"text-editor.default\">\n\t\t\t\t<div class=\"elementor-widget-container\">\n\t\t\t\t\t\t\t\t\t<p data-start=\"1861\" data-end=\"2043\">No se trata solo de hacer fotos bonitas. Tambi\u00e9n es importante saber si esa persona est\u00e1 acostumbrada a cubrir bodas, si sabe moverse bien en una jornada larga y si os transmite la suficiente seguridad para que pod\u00e1is estar tranquilos con su trabajo. <\/p><p data-start=\"2045\" data-end=\"2302\">Adem\u00e1s, conviene <strong>entender c\u00f3mo trabaja<\/strong>: si pasa desapercibido o interviene m\u00e1s, si os acompa\u00f1a desde los preparativos hasta la fiesta, si trabaja solo o con segundo fot\u00f3grafo, y c\u00f3mo resuelve los imprevistos. En una boda, la experiencia tambi\u00e9n se nota en todo lo que no se ve. <\/p>\t\t\t\t\t\t\t\t<\/div>\n\t\t\t\t<\/div>\n\t\t\t\t\t<\/div>\n\t\t<\/div>\n\t\t\t\t\t<\/div>\n\t\t<\/section>\n\t\t\t\t<section class=\"elementor-section elementor-top-section elementor-element elementor-element-e4e39f4 elementor-section-boxed elementor-section-height-default elementor-section-height-default qodef-elementor-content-no\" data-id=\"e4e39f4\" data-element_type=\"section\" data-e-type=\"section\">\n\t\t\t\t\t\t<div class=\"elementor-container elementor-column-gap-default\">\n\t\t\t\t\t<div class=\"elementor-column elementor-col-100 elementor-top-column elementor-element elementor-element-d5d282b\" data-id=\"d5d282b\" data-element_type=\"column\" data-e-type=\"column\">\n\t\t\t<div class=\"elementor-widget-wrap elementor-element-populated\">\n\t\t\t\t\t\t<div class=\"elementor-element elementor-element-1957c8c elementor-widget elementor-widget-heading\" data-id=\"1957c8c\" data-element_type=\"widget\" data-e-type=\"widget\" data-widget_type=\"heading.default\">\n\t\t\t\t<div class=\"elementor-widget-container\">\n\t\t\t\t\t<h3 class=\"elementor-heading-title elementor-size-default\">4. Sentiros c\u00f3modos con el fot\u00f3grafo<\/h3>\t\t\t\t<\/div>\n\t\t\t\t<\/div>\n\t\t\t\t<div class=\"elementor-element elementor-element-65cdf1c elementor-widget elementor-widget-text-editor\" data-id=\"65cdf1c\" data-element_type=\"widget\" data-e-type=\"widget\" data-widget_type=\"text-editor.default\">\n\t\t\t\t<div class=\"elementor-widget-container\">\n\t\t\t\t\t\t\t\t\t<p data-start=\"2332\" data-end=\"2560\">El d\u00eda de la boda pasar\u00e9is muchas horas con el fot\u00f3grafo. Por eso, m\u00e1s all\u00e1 del porfolio, es importante que os sint\u00e1is c\u00f3modos con \u00e9l o con ella. Si la comunicaci\u00f3n es f\u00e1cil y hay confianza, eso tambi\u00e9n se reflejar\u00e1 en las im\u00e1genes.   <\/p><p data-start=\"2332\" data-end=\"2560\">En cambio, si desde el principio la conversaci\u00f3n es forzada, si no acaba de entenderos o si sent\u00eds que no conect\u00e1is con su manera de trabajar, probablemente no sea la mejor opci\u00f3n. <\/p>\t\t\t\t\t\t\t\t<\/div>\n\t\t\t\t<\/div>\n\t\t\t\t\t<\/div>\n\t\t<\/div>\n\t\t\t\t\t<\/div>\n\t\t<\/section>\n\t\t\t\t<section class=\"elementor-section elementor-top-section elementor-element elementor-element-46b4066 elementor-section-boxed elementor-section-height-default elementor-section-height-default qodef-elementor-content-no\" data-id=\"46b4066\" data-element_type=\"section\" data-e-type=\"section\">\n\t\t\t\t\t\t<div class=\"elementor-container elementor-column-gap-default\">\n\t\t\t\t\t<div class=\"elementor-column elementor-col-100 elementor-top-column elementor-element elementor-element-0a4448f\" data-id=\"0a4448f\" data-element_type=\"column\" data-e-type=\"column\">\n\t\t\t<div class=\"elementor-widget-wrap elementor-element-populated\">\n\t\t\t\t\t\t<div class=\"elementor-element elementor-element-a1a6c9b elementor-widget elementor-widget-heading\" data-id=\"a1a6c9b\" data-element_type=\"widget\" data-e-type=\"widget\" data-widget_type=\"heading.default\">\n\t\t\t\t<div class=\"elementor-widget-container\">\n\t\t\t\t\t<h3 class=\"elementor-heading-title elementor-size-default\">5. Preguntas importantes que hacer antes de reservar<\/h3>\t\t\t\t<\/div>\n\t\t\t\t<\/div>\n\t\t\t\t<div class=\"elementor-element elementor-element-fedb584 elementor-widget__width-initial elementor-widget elementor-widget-text-editor\" data-id=\"fedb584\" data-element_type=\"widget\" data-e-type=\"widget\" data-widget_type=\"text-editor.default\">\n\t\t\t\t<div class=\"elementor-widget-container\">\n\t\t\t\t\t\t\t\t\t<p data-start=\"2908\" data-end=\"3075\">Una vez teng\u00e1is una opci\u00f3n que os gusta, conviene aclarar bien <strong>qu\u00e9 incluye el servicio y qu\u00e9 condiciones hay<\/strong> antes de confirmar nada.<\/p><p data-start=\"79\" data-end=\"446\">Por ejemplo, es importante saber cu\u00e1ntas horas de cobertura incluye, cu\u00e1ntas fotos entregar\u00e1, en qu\u00e9 plazo las entregar\u00e1, si hay desplazamientos incluidos o si, si quer\u00e9is una sesi\u00f3n previa o posterior a la boda, conviene aclarar si entra dentro del servicio o si tiene un coste adicional. Tambi\u00e9n os puede ayudar preguntar c\u00f3mo organiza el d\u00eda y qu\u00e9 necesita para trabajar con comodidad. <\/p><p data-start=\"448\" data-end=\"612\">Tener claros estos detalles os permitir\u00e1 ver si est\u00e1is eligiendo a la persona que mejor encaja con vuestra idea y, al mismo tiempo, vivir esta parte con m\u00e1s tranquilidad.<\/p>\t\t\t\t\t\t\t\t<\/div>\n\t\t\t\t<\/div>\n\t\t\t\t<div class=\"elementor-element elementor-element-a470a74 elementor-widget elementor-widget-image\" data-id=\"a470a74\" data-element_type=\"widget\" data-e-type=\"widget\" data-widget_type=\"image.default\">\n\t\t\t\t<div class=\"elementor-widget-container\">\n\t\t\t\t\t\t\t\t\t\t\t\t<figure class=\"wp-caption\">\n\t\t\t\t\t\t\t\t\t\t<img decoding=\"async\" width=\"1024\" height=\"683\" src=\"https:\/\/dosterraswinegarden.com\/wp-content\/uploads\/2026\/04\/Laia-David-Ball-adri_abb-4-1024x683.jpg\" class=\"attachment-large size-large wp-image-20487\" alt=\"\" srcset=\"https:\/\/dosterraswinegarden.com\/wp-content\/uploads\/2026\/04\/Laia-David-Ball-adri_abb-4-1024x683.jpg 1024w, https:\/\/dosterraswinegarden.com\/wp-content\/uploads\/2026\/04\/Laia-David-Ball-adri_abb-4-300x200.jpg 300w, https:\/\/dosterraswinegarden.com\/wp-content\/uploads\/2026\/04\/Laia-David-Ball-adri_abb-4-768x512.jpg 768w, https:\/\/dosterraswinegarden.com\/wp-content\/uploads\/2026\/04\/Laia-David-Ball-adri_abb-4-1536x1024.jpg 1536w, https:\/\/dosterraswinegarden.com\/wp-content\/uploads\/2026\/04\/Laia-David-Ball-adri_abb-4-2048x1365.jpg 2048w\" sizes=\"(max-width: 1024px) 100vw, 1024px\" \/>\t\t\t\t\t\t\t\t\t\t\t<figcaption class=\"widget-image-caption wp-caption-text\">Foto: Wisconsin Weddings<\/figcaption>\n\t\t\t\t\t\t\t\t\t\t<\/figure>\n\t\t\t\t\t\t\t\t\t<\/div>\n\t\t\t\t<\/div>\n\t\t\t\t\t<\/div>\n\t\t<\/div>\n\t\t\t\t\t<\/div>\n\t\t<\/section>\n\t\t\t\t<section class=\"elementor-section elementor-top-section elementor-element elementor-element-6611055 elementor-section-boxed elementor-section-height-default elementor-section-height-default qodef-elementor-content-no\" data-id=\"6611055\" data-element_type=\"section\" data-e-type=\"section\">\n\t\t\t\t\t\t<div class=\"elementor-container elementor-column-gap-default\">\n\t\t\t\t\t<div class=\"elementor-column elementor-col-100 elementor-top-column elementor-element elementor-element-994b49c\" data-id=\"994b49c\" data-element_type=\"column\" data-e-type=\"column\">\n\t\t\t<div class=\"elementor-widget-wrap elementor-element-populated\">\n\t\t\t\t\t\t<div class=\"elementor-element elementor-element-a377007 elementor-widget elementor-widget-text-editor\" data-id=\"a377007\" data-element_type=\"widget\" data-e-type=\"widget\" data-widget_type=\"text-editor.default\">\n\t\t\t\t<div class=\"elementor-widget-container\">\n\t\t\t\t\t\t\t\t\t<p data-start=\"3399\" data-end=\"3598\">En definitiva, elegir al fot\u00f3grafo de boda no va solo de encontrar un estilo que os guste, sino de sentir que hay coherencia entre la parte visual, la manera de trabajar y la confianza que os transmite.<\/p><p data-start=\"3600\" data-end=\"3759\" data-is-last-node=\"\" data-is-only-node=\"\">Si est\u00e1is organizando vuestra boda y quer\u00e9is seguir tomando decisiones con criterio, en Dosterras Wine Garden os podemos ayudar. <strong><a href=\"https:\/\/dosterraswinegarden.com\/contacto\">Contactad con nosotros<\/a><\/strong> y os acompa\u00f1aremos en el proceso.<\/p>\t\t\t\t\t\t\t\t<\/div>\n\t\t\t\t<\/div>\n\t\t\t\t\t<\/div>\n\t\t<\/div>\n\t\t\t\t\t<\/div>\n\t\t<\/section>\n\t\t\t\t<\/div>\n\t\t","protected":false},"excerpt":{"rendered":"<p>Elegir al fot\u00f3grafo de boda no es solo una cuesti\u00f3n de estilo o de presupuesto. Al fin y al cabo, ser\u00e1 la persona encargada de documentar un d\u00eda que no [&hellip;]<\/p>\n","protected":false},"author":3,"featured_media":20488,"comment_status":"closed","ping_status":"closed","sticky":false,"template":"","format":"standard","meta":{"_themeisle_gutenberg_block_has_review":false,"_joinchat":[],"footnotes":""},"categories":[136],"tags":[],"class_list":["post-20489","post","type-post","status-publish","format-standard","has-post-thumbnail","hentry","category-bodas"],"yoast_head":"<!-- This site is optimized with the Yoast SEO plugin v27.5 - https:\/\/yoast.com\/product\/yoast-seo-wordpress\/ -->\n<title>C\u00f3mo elegir al fot\u00f3grafo de boda | Dosterras Wine Garden<\/title>\n<meta name=\"description\" content=\"\u00bfC\u00f3mo elegir al fot\u00f3grafo de boda? Te explicamos en qu\u00e9 fijarte, qu\u00e9 preguntas hacer y qu\u00e9 revisar antes de reservar.\" \/>\n<meta name=\"robots\" content=\"index, follow, max-snippet:-1, max-image-preview:large, max-video-preview:-1\" \/>\n<link rel=\"canonical\" href=\"https:\/\/dosterraswinegarden.com\/es\/news\/como-elegir-al-fotografo-de-boda\/\" \/>\n<meta property=\"og:locale\" content=\"es_ES\" \/>\n<meta property=\"og:type\" content=\"article\" \/>\n<meta property=\"og:title\" content=\"C\u00f3mo elegir al fot\u00f3grafo de boda | Dosterras Wine Garden\" \/>\n<meta property=\"og:description\" content=\"\u00bfC\u00f3mo elegir al fot\u00f3grafo de boda? Te explicamos en qu\u00e9 fijarte, qu\u00e9 preguntas hacer y qu\u00e9 revisar antes de reservar.\" \/>\n<meta property=\"og:url\" content=\"https:\/\/dosterraswinegarden.com\/es\/news\/como-elegir-al-fotografo-de-boda\/\" \/>\n<meta property=\"og:site_name\" content=\"Dosterras Wine Garden\" \/>\n<meta property=\"article:published_time\" content=\"2026-03-23T13:22:41+00:00\" \/>\n<meta property=\"article:modified_time\" content=\"2026-04-13T16:04:27+00:00\" \/>\n<meta property=\"og:image\" content=\"https:\/\/dosterraswinegarden.com\/wp-content\/uploads\/2026\/04\/natilyn-hicks-photography-abPrOvbLdAw-unsplash-scaled.jpg\" \/>\n\t<meta property=\"og:image:width\" content=\"2560\" \/>\n\t<meta property=\"og:image:height\" content=\"1707\" \/>\n\t<meta property=\"og:image:type\" content=\"image\/jpeg\" \/>\n<meta name=\"author\" content=\"Cl\u00e0udia Grosche\" \/>\n<meta name=\"twitter:card\" content=\"summary_large_image\" \/>\n<meta name=\"twitter:label1\" content=\"Escrito por\" \/>\n\t<meta name=\"twitter:data1\" content=\"Cl\u00e0udia Grosche\" \/>\n\t<meta name=\"twitter:label2\" content=\"Tiempo de lectura\" \/>\n\t<meta name=\"twitter:data2\" content=\"4 minutos\" \/>\n<script type=\"application\/ld+json\" class=\"yoast-schema-graph\">{\"@context\":\"https:\\\/\\\/schema.org\",\"@graph\":[{\"@type\":\"Article\",\"@id\":\"https:\\\/\\\/dosterraswinegarden.com\\\/es\\\/news\\\/como-elegir-al-fotografo-de-boda\\\/#article\",\"isPartOf\":{\"@id\":\"https:\\\/\\\/dosterraswinegarden.com\\\/es\\\/news\\\/como-elegir-al-fotografo-de-boda\\\/\"},\"author\":{\"name\":\"Cl\u00e0udia Grosche\",\"@id\":\"https:\\\/\\\/dosterraswinegarden.com\\\/#\\\/schema\\\/person\\\/9b0db6716433cba1467004352bb5d610\"},\"headline\":\"C\u00f3mo elegir al fot\u00f3grafo de boda\",\"datePublished\":\"2026-03-23T13:22:41+00:00\",\"dateModified\":\"2026-04-13T16:04:27+00:00\",\"mainEntityOfPage\":{\"@id\":\"https:\\\/\\\/dosterraswinegarden.com\\\/es\\\/news\\\/como-elegir-al-fotografo-de-boda\\\/\"},\"wordCount\":732,\"image\":{\"@id\":\"https:\\\/\\\/dosterraswinegarden.com\\\/es\\\/news\\\/como-elegir-al-fotografo-de-boda\\\/#primaryimage\"},\"thumbnailUrl\":\"https:\\\/\\\/dosterraswinegarden.com\\\/wp-content\\\/uploads\\\/2026\\\/04\\\/natilyn-hicks-photography-abPrOvbLdAw-unsplash-scaled.jpg\",\"articleSection\":[\"Bodas\"],\"inLanguage\":\"es\"},{\"@type\":\"WebPage\",\"@id\":\"https:\\\/\\\/dosterraswinegarden.com\\\/es\\\/news\\\/como-elegir-al-fotografo-de-boda\\\/\",\"url\":\"https:\\\/\\\/dosterraswinegarden.com\\\/es\\\/news\\\/como-elegir-al-fotografo-de-boda\\\/\",\"name\":\"C\u00f3mo elegir al fot\u00f3grafo de boda | Dosterras Wine Garden\",\"isPartOf\":{\"@id\":\"https:\\\/\\\/dosterraswinegarden.com\\\/#website\"},\"primaryImageOfPage\":{\"@id\":\"https:\\\/\\\/dosterraswinegarden.com\\\/es\\\/news\\\/como-elegir-al-fotografo-de-boda\\\/#primaryimage\"},\"image\":{\"@id\":\"https:\\\/\\\/dosterraswinegarden.com\\\/es\\\/news\\\/como-elegir-al-fotografo-de-boda\\\/#primaryimage\"},\"thumbnailUrl\":\"https:\\\/\\\/dosterraswinegarden.com\\\/wp-content\\\/uploads\\\/2026\\\/04\\\/natilyn-hicks-photography-abPrOvbLdAw-unsplash-scaled.jpg\",\"datePublished\":\"2026-03-23T13:22:41+00:00\",\"dateModified\":\"2026-04-13T16:04:27+00:00\",\"author\":{\"@id\":\"https:\\\/\\\/dosterraswinegarden.com\\\/#\\\/schema\\\/person\\\/9b0db6716433cba1467004352bb5d610\"},\"description\":\"\u00bfC\u00f3mo elegir al fot\u00f3grafo de boda? Te explicamos en qu\u00e9 fijarte, qu\u00e9 preguntas hacer y qu\u00e9 revisar antes de reservar.\",\"breadcrumb\":{\"@id\":\"https:\\\/\\\/dosterraswinegarden.com\\\/es\\\/news\\\/como-elegir-al-fotografo-de-boda\\\/#breadcrumb\"},\"inLanguage\":\"es\",\"potentialAction\":[{\"@type\":\"ReadAction\",\"target\":[\"https:\\\/\\\/dosterraswinegarden.com\\\/es\\\/news\\\/como-elegir-al-fotografo-de-boda\\\/\"]}]},{\"@type\":\"ImageObject\",\"inLanguage\":\"es\",\"@id\":\"https:\\\/\\\/dosterraswinegarden.com\\\/es\\\/news\\\/como-elegir-al-fotografo-de-boda\\\/#primaryimage\",\"url\":\"https:\\\/\\\/dosterraswinegarden.com\\\/wp-content\\\/uploads\\\/2026\\\/04\\\/natilyn-hicks-photography-abPrOvbLdAw-unsplash-scaled.jpg\",\"contentUrl\":\"https:\\\/\\\/dosterraswinegarden.com\\\/wp-content\\\/uploads\\\/2026\\\/04\\\/natilyn-hicks-photography-abPrOvbLdAw-unsplash-scaled.jpg\",\"width\":2560,\"height\":1707},{\"@type\":\"BreadcrumbList\",\"@id\":\"https:\\\/\\\/dosterraswinegarden.com\\\/es\\\/news\\\/como-elegir-al-fotografo-de-boda\\\/#breadcrumb\",\"itemListElement\":[{\"@type\":\"ListItem\",\"position\":1,\"name\":\"Inici\",\"item\":\"https:\\\/\\\/dosterraswinegarden.com\\\/es\\\/\"},{\"@type\":\"ListItem\",\"position\":2,\"name\":\"C\u00f3mo elegir al fot\u00f3grafo de boda\"}]},{\"@type\":\"WebSite\",\"@id\":\"https:\\\/\\\/dosterraswinegarden.com\\\/#website\",\"url\":\"https:\\\/\\\/dosterraswinegarden.com\\\/\",\"name\":\"Dosterras Wine Garden\",\"description\":\"Bodes, events i vins al Priorat\",\"potentialAction\":[{\"@type\":\"SearchAction\",\"target\":{\"@type\":\"EntryPoint\",\"urlTemplate\":\"https:\\\/\\\/dosterraswinegarden.com\\\/?s={search_term_string}\"},\"query-input\":{\"@type\":\"PropertyValueSpecification\",\"valueRequired\":true,\"valueName\":\"search_term_string\"}}],\"inLanguage\":\"es\"},{\"@type\":\"Person\",\"@id\":\"https:\\\/\\\/dosterraswinegarden.com\\\/#\\\/schema\\\/person\\\/9b0db6716433cba1467004352bb5d610\",\"name\":\"Cl\u00e0udia Grosche\",\"image\":{\"@type\":\"ImageObject\",\"inLanguage\":\"es\",\"@id\":\"https:\\\/\\\/secure.gravatar.com\\\/avatar\\\/36f488403653d8cfee612053ff51945be7e4de4d9a63f92a4a400e47456c2217?s=96&d=blank&r=g\",\"url\":\"https:\\\/\\\/secure.gravatar.com\\\/avatar\\\/36f488403653d8cfee612053ff51945be7e4de4d9a63f92a4a400e47456c2217?s=96&d=blank&r=g\",\"contentUrl\":\"https:\\\/\\\/secure.gravatar.com\\\/avatar\\\/36f488403653d8cfee612053ff51945be7e4de4d9a63f92a4a400e47456c2217?s=96&d=blank&r=g\",\"caption\":\"Cl\u00e0udia Grosche\"},\"url\":\"https:\\\/\\\/dosterraswinegarden.com\\\/es\\\/news\\\/author\\\/claudiagrosche\\\/\"}]}<\/script>\n<!-- \/ Yoast SEO plugin. -->","yoast_head_json":{"title":"C\u00f3mo elegir al fot\u00f3grafo de boda | Dosterras Wine Garden","description":"\u00bfC\u00f3mo elegir al fot\u00f3grafo de boda? Te explicamos en qu\u00e9 fijarte, qu\u00e9 preguntas hacer y qu\u00e9 revisar antes de reservar.","robots":{"index":"index","follow":"follow","max-snippet":"max-snippet:-1","max-image-preview":"max-image-preview:large","max-video-preview":"max-video-preview:-1"},"canonical":"https:\/\/dosterraswinegarden.com\/es\/news\/como-elegir-al-fotografo-de-boda\/","og_locale":"es_ES","og_type":"article","og_title":"C\u00f3mo elegir al fot\u00f3grafo de boda | Dosterras Wine Garden","og_description":"\u00bfC\u00f3mo elegir al fot\u00f3grafo de boda? Te explicamos en qu\u00e9 fijarte, qu\u00e9 preguntas hacer y qu\u00e9 revisar antes de reservar.","og_url":"https:\/\/dosterraswinegarden.com\/es\/news\/como-elegir-al-fotografo-de-boda\/","og_site_name":"Dosterras Wine Garden","article_published_time":"2026-03-23T13:22:41+00:00","article_modified_time":"2026-04-13T16:04:27+00:00","og_image":[{"width":2560,"height":1707,"url":"https:\/\/dosterraswinegarden.com\/wp-content\/uploads\/2026\/04\/natilyn-hicks-photography-abPrOvbLdAw-unsplash-scaled.jpg","type":"image\/jpeg"}],"author":"Cl\u00e0udia Grosche","twitter_card":"summary_large_image","twitter_misc":{"Escrito por":"Cl\u00e0udia Grosche","Tiempo de lectura":"4 minutos"},"schema":{"@context":"https:\/\/schema.org","@graph":[{"@type":"Article","@id":"https:\/\/dosterraswinegarden.com\/es\/news\/como-elegir-al-fotografo-de-boda\/#article","isPartOf":{"@id":"https:\/\/dosterraswinegarden.com\/es\/news\/como-elegir-al-fotografo-de-boda\/"},"author":{"name":"Cl\u00e0udia Grosche","@id":"https:\/\/dosterraswinegarden.com\/#\/schema\/person\/9b0db6716433cba1467004352bb5d610"},"headline":"C\u00f3mo elegir al fot\u00f3grafo de boda","datePublished":"2026-03-23T13:22:41+00:00","dateModified":"2026-04-13T16:04:27+00:00","mainEntityOfPage":{"@id":"https:\/\/dosterraswinegarden.com\/es\/news\/como-elegir-al-fotografo-de-boda\/"},"wordCount":732,"image":{"@id":"https:\/\/dosterraswinegarden.com\/es\/news\/como-elegir-al-fotografo-de-boda\/#primaryimage"},"thumbnailUrl":"https:\/\/dosterraswinegarden.com\/wp-content\/uploads\/2026\/04\/natilyn-hicks-photography-abPrOvbLdAw-unsplash-scaled.jpg","articleSection":["Bodas"],"inLanguage":"es"},{"@type":"WebPage","@id":"https:\/\/dosterraswinegarden.com\/es\/news\/como-elegir-al-fotografo-de-boda\/","url":"https:\/\/dosterraswinegarden.com\/es\/news\/como-elegir-al-fotografo-de-boda\/","name":"C\u00f3mo elegir al fot\u00f3grafo de boda | Dosterras Wine Garden","isPartOf":{"@id":"https:\/\/dosterraswinegarden.com\/#website"},"primaryImageOfPage":{"@id":"https:\/\/dosterraswinegarden.com\/es\/news\/como-elegir-al-fotografo-de-boda\/#primaryimage"},"image":{"@id":"https:\/\/dosterraswinegarden.com\/es\/news\/como-elegir-al-fotografo-de-boda\/#primaryimage"},"thumbnailUrl":"https:\/\/dosterraswinegarden.com\/wp-content\/uploads\/2026\/04\/natilyn-hicks-photography-abPrOvbLdAw-unsplash-scaled.jpg","datePublished":"2026-03-23T13:22:41+00:00","dateModified":"2026-04-13T16:04:27+00:00","author":{"@id":"https:\/\/dosterraswinegarden.com\/#\/schema\/person\/9b0db6716433cba1467004352bb5d610"},"description":"\u00bfC\u00f3mo elegir al fot\u00f3grafo de boda? Te explicamos en qu\u00e9 fijarte, qu\u00e9 preguntas hacer y qu\u00e9 revisar antes de reservar.","breadcrumb":{"@id":"https:\/\/dosterraswinegarden.com\/es\/news\/como-elegir-al-fotografo-de-boda\/#breadcrumb"},"inLanguage":"es","potentialAction":[{"@type":"ReadAction","target":["https:\/\/dosterraswinegarden.com\/es\/news\/como-elegir-al-fotografo-de-boda\/"]}]},{"@type":"ImageObject","inLanguage":"es","@id":"https:\/\/dosterraswinegarden.com\/es\/news\/como-elegir-al-fotografo-de-boda\/#primaryimage","url":"https:\/\/dosterraswinegarden.com\/wp-content\/uploads\/2026\/04\/natilyn-hicks-photography-abPrOvbLdAw-unsplash-scaled.jpg","contentUrl":"https:\/\/dosterraswinegarden.com\/wp-content\/uploads\/2026\/04\/natilyn-hicks-photography-abPrOvbLdAw-unsplash-scaled.jpg","width":2560,"height":1707},{"@type":"BreadcrumbList","@id":"https:\/\/dosterraswinegarden.com\/es\/news\/como-elegir-al-fotografo-de-boda\/#breadcrumb","itemListElement":[{"@type":"ListItem","position":1,"name":"Inici","item":"https:\/\/dosterraswinegarden.com\/es\/"},{"@type":"ListItem","position":2,"name":"C\u00f3mo elegir al fot\u00f3grafo de boda"}]},{"@type":"WebSite","@id":"https:\/\/dosterraswinegarden.com\/#website","url":"https:\/\/dosterraswinegarden.com\/","name":"Dosterras Wine Garden","description":"Bodes, events i vins al Priorat","potentialAction":[{"@type":"SearchAction","target":{"@type":"EntryPoint","urlTemplate":"https:\/\/dosterraswinegarden.com\/?s={search_term_string}"},"query-input":{"@type":"PropertyValueSpecification","valueRequired":true,"valueName":"search_term_string"}}],"inLanguage":"es"},{"@type":"Person","@id":"https:\/\/dosterraswinegarden.com\/#\/schema\/person\/9b0db6716433cba1467004352bb5d610","name":"Cl\u00e0udia Grosche","image":{"@type":"ImageObject","inLanguage":"es","@id":"https:\/\/secure.gravatar.com\/avatar\/36f488403653d8cfee612053ff51945be7e4de4d9a63f92a4a400e47456c2217?s=96&d=blank&r=g","url":"https:\/\/secure.gravatar.com\/avatar\/36f488403653d8cfee612053ff51945be7e4de4d9a63f92a4a400e47456c2217?s=96&d=blank&r=g","contentUrl":"https:\/\/secure.gravatar.com\/avatar\/36f488403653d8cfee612053ff51945be7e4de4d9a63f92a4a400e47456c2217?s=96&d=blank&r=g","caption":"Cl\u00e0udia Grosche"},"url":"https:\/\/dosterraswinegarden.com\/es\/news\/author\/claudiagrosche\/"}]}},"_links":{"self":[{"href":"https:\/\/dosterraswinegarden.com\/es\/wp-json\/wp\/v2\/posts\/20489","targetHints":{"allow":["GET"]}}],"collection":[{"href":"https:\/\/dosterraswinegarden.com\/es\/wp-json\/wp\/v2\/posts"}],"about":[{"href":"https:\/\/dosterraswinegarden.com\/es\/wp-json\/wp\/v2\/types\/post"}],"author":[{"embeddable":true,"href":"https:\/\/dosterraswinegarden.com\/es\/wp-json\/wp\/v2\/users\/3"}],"replies":[{"embeddable":true,"href":"https:\/\/dosterraswinegarden.com\/es\/wp-json\/wp\/v2\/comments?post=20489"}],"version-history":[{"count":1,"href":"https:\/\/dosterraswinegarden.com\/es\/wp-json\/wp\/v2\/posts\/20489\/revisions"}],"predecessor-version":[{"id":20490,"href":"https:\/\/dosterraswinegarden.com\/es\/wp-json\/wp\/v2\/posts\/20489\/revisions\/20490"}],"wp:featuredmedia":[{"embeddable":true,"href":"https:\/\/dosterraswinegarden.com\/es\/wp-json\/wp\/v2\/media\/20488"}],"wp:attachment":[{"href":"https:\/\/dosterraswinegarden.com\/es\/wp-json\/wp\/v2\/media?parent=20489"}],"wp:term":[{"taxonomy":"category","embeddable":true,"href":"https:\/\/dosterraswinegarden.com\/es\/wp-json\/wp\/v2\/categories?post=20489"},{"taxonomy":"post_tag","embeddable":true,"href":"https:\/\/dosterraswinegarden.com\/es\/wp-json\/wp\/v2\/tags?post=20489"}],"curies":[{"name":"wp","href":"https:\/\/api.w.org\/{rel}","templated":true}]}}