{"id":20498,"date":"2026-03-10T14:58:39","date_gmt":"2026-03-10T14:58:39","guid":{"rendered":"https:\/\/dosterraswinegarden.com\/news\/boda-de-dia-tarde-o-noche-que-tener-en-cuenta\/"},"modified":"2026-04-13T16:21:16","modified_gmt":"2026-04-13T16:21:16","slug":"boda-de-dia-tarde-o-noche-que-tener-en-cuenta","status":"publish","type":"post","link":"https:\/\/dosterraswinegarden.com\/es\/news\/boda-de-dia-tarde-o-noche-que-tener-en-cuenta\/","title":{"rendered":"Boda de d\u00eda, tarde o noche: qu\u00e9 tener en cuenta<br>"},"content":{"rendered":"\t\t<div data-elementor-type=\"wp-post\" data-elementor-id=\"20498\" class=\"elementor elementor-20498 elementor-20475\">\n\t\t\t\t\t\t<section class=\"elementor-section elementor-top-section elementor-element elementor-element-a89786f elementor-section-boxed elementor-section-height-default elementor-section-height-default qodef-elementor-content-no\" data-id=\"a89786f\" data-element_type=\"section\" data-e-type=\"section\">\n\t\t\t\t\t\t<div class=\"elementor-container elementor-column-gap-default\">\n\t\t\t\t\t<div class=\"elementor-column elementor-col-100 elementor-top-column elementor-element elementor-element-bf4cf96\" data-id=\"bf4cf96\" data-element_type=\"column\" data-e-type=\"column\">\n\t\t\t<div class=\"elementor-widget-wrap elementor-element-populated\">\n\t\t\t\t\t\t<div class=\"elementor-element elementor-element-41f152a elementor-widget elementor-widget-text-editor\" data-id=\"41f152a\" data-element_type=\"widget\" data-e-type=\"widget\" data-widget_type=\"text-editor.default\">\n\t\t\t\t<div class=\"elementor-widget-container\">\n\t\t\t\t\t\t\t\t\t<p data-start=\"51\" data-end=\"286\">Elegir si quer\u00e9is una boda de d\u00eda, de tarde o de noche no es solo una cuesti\u00f3n de horario. Cada formato cambia el ritmo de la celebraci\u00f3n, el tipo de ambiente, la luz, el peso de la comida e incluso la manera en que vivir\u00e1n el d\u00eda los invitados.<br> <\/p><p data-start=\"288\" data-end=\"457\">Por eso, antes de decidir, vale la pena pensar no solo en qu\u00e9 os gusta m\u00e1s, sino tambi\u00e9n en qu\u00e9 tipo de boda os imagin\u00e1is y en c\u00f3mo responde el espacio en cada momento del d\u00eda.<br><\/p>\t\t\t\t\t\t\t\t<\/div>\n\t\t\t\t<\/div>\n\t\t\t\t\t<\/div>\n\t\t<\/div>\n\t\t\t\t\t<\/div>\n\t\t<\/section>\n\t\t\t\t<section class=\"elementor-section elementor-top-section elementor-element elementor-element-48b3a7d elementor-section-boxed elementor-section-height-default elementor-section-height-default qodef-elementor-content-no\" data-id=\"48b3a7d\" data-element_type=\"section\" data-e-type=\"section\">\n\t\t\t\t\t\t<div class=\"elementor-container elementor-column-gap-default\">\n\t\t\t\t\t<div class=\"elementor-column elementor-col-100 elementor-top-column elementor-element elementor-element-6364cb9\" data-id=\"6364cb9\" data-element_type=\"column\" data-e-type=\"column\">\n\t\t\t<div class=\"elementor-widget-wrap elementor-element-populated\">\n\t\t\t\t\t\t<div class=\"elementor-element elementor-element-df0c368 elementor-widget elementor-widget-heading\" data-id=\"df0c368\" data-element_type=\"widget\" data-e-type=\"widget\" data-widget_type=\"heading.default\">\n\t\t\t\t<div class=\"elementor-widget-container\">\n\t\t\t\t\t<h3 class=\"elementor-heading-title elementor-size-default\">1. Boda de d\u00eda: m\u00e1s calma, m\u00e1s luz y m\u00e1s peso de la comida<br><\/h3>\t\t\t\t<\/div>\n\t\t\t\t<\/div>\n\t\t\t\t<div class=\"elementor-element elementor-element-2049323 elementor-widget elementor-widget-text-editor\" data-id=\"2049323\" data-element_type=\"widget\" data-e-type=\"widget\" data-widget_type=\"text-editor.default\">\n\t\t\t\t<div class=\"elementor-widget-container\">\n\t\t\t\t\t\t\t\t\t<p data-start=\"516\" data-end=\"692\">Las bodas de d\u00eda suelen tener un ritmo m\u00e1s pausado. Los espacios exteriores ganan protagonismo, hay m\u00e1s luz durante toda la celebraci\u00f3n y la comida suele tener m\u00e1s peso.<br> <\/p><p data-start=\"694\" data-end=\"919\">Este formato suele encajar bien con parejas que buscan una boda relajada, larga y muy vinculada al paisaje. Tambi\u00e9n es una buena opci\u00f3n si quer\u00e9is aprovechar bien los espacios exteriores y dar importancia al momento de la comida.<br> <\/p><p data-start=\"921\" data-end=\"1229\">Ahora bien, si la boda es al aire libre, hay que tener en cuenta aspectos pr\u00e1cticos como el calor o la comodidad de los invitados en las horas centrales del d\u00eda. En este caso, conviene revisar bien c\u00f3mo se distribuyen los espacios y si hay zonas m\u00e1s frescas donde mover la celebraci\u00f3n a medida que avanza la jornada.<br> <\/p>\t\t\t\t\t\t\t\t<\/div>\n\t\t\t\t<\/div>\n\t\t\t\t<div class=\"elementor-element elementor-element-1571a15 elementor-widget elementor-widget-image\" data-id=\"1571a15\" data-element_type=\"widget\" data-e-type=\"widget\" data-widget_type=\"image.default\">\n\t\t\t\t<div class=\"elementor-widget-container\">\n\t\t\t\t\t\t\t\t\t\t\t\t\t\t\t<img fetchpriority=\"high\" decoding=\"async\" width=\"1024\" height=\"683\" src=\"https:\/\/dosterraswinegarden.com\/wp-content\/uploads\/2025\/06\/DSC_0063-1024x683.jpg\" class=\"attachment-large size-large wp-image-19021\" alt=\"\" srcset=\"https:\/\/dosterraswinegarden.com\/wp-content\/uploads\/2025\/06\/DSC_0063-1024x683.jpg 1024w, https:\/\/dosterraswinegarden.com\/wp-content\/uploads\/2025\/06\/DSC_0063-300x200.jpg 300w, https:\/\/dosterraswinegarden.com\/wp-content\/uploads\/2025\/06\/DSC_0063-768x512.jpg 768w, https:\/\/dosterraswinegarden.com\/wp-content\/uploads\/2025\/06\/DSC_0063-1536x1024.jpg 1536w, https:\/\/dosterraswinegarden.com\/wp-content\/uploads\/2025\/06\/DSC_0063-2048x1365.jpg 2048w\" sizes=\"(max-width: 1024px) 100vw, 1024px\" \/>\t\t\t\t\t\t\t\t\t\t\t\t\t\t\t<\/div>\n\t\t\t\t<\/div>\n\t\t\t\t\t<\/div>\n\t\t<\/div>\n\t\t\t\t\t<\/div>\n\t\t<\/section>\n\t\t\t\t<section class=\"elementor-section elementor-top-section elementor-element elementor-element-bd0cb80 elementor-section-boxed elementor-section-height-default elementor-section-height-default qodef-elementor-content-no\" data-id=\"bd0cb80\" data-element_type=\"section\" data-e-type=\"section\">\n\t\t\t\t\t\t<div class=\"elementor-container elementor-column-gap-default\">\n\t\t\t\t\t<div class=\"elementor-column elementor-col-100 elementor-top-column elementor-element elementor-element-10cf4ba\" data-id=\"10cf4ba\" data-element_type=\"column\" data-e-type=\"column\">\n\t\t\t<div class=\"elementor-widget-wrap elementor-element-populated\">\n\t\t\t\t\t\t<div class=\"elementor-element elementor-element-c8a072c elementor-widget elementor-widget-heading\" data-id=\"c8a072c\" data-element_type=\"widget\" data-e-type=\"widget\" data-widget_type=\"heading.default\">\n\t\t\t\t<div class=\"elementor-widget-container\">\n\t\t\t\t\t<h3 class=\"elementor-heading-title elementor-size-default\">2. Boda de tarde: la opci\u00f3n m\u00e1s equilibrada<br><\/h3>\t\t\t\t<\/div>\n\t\t\t\t<\/div>\n\t\t\t\t<div class=\"elementor-element elementor-element-7571c97 elementor-widget elementor-widget-text-editor\" data-id=\"7571c97\" data-element_type=\"widget\" data-e-type=\"widget\" data-widget_type=\"text-editor.default\">\n\t\t\t\t<div class=\"elementor-widget-container\">\n\t\t\t\t\t\t\t\t\t<p data-start=\"1274\" data-end=\"1471\">La boda de tarde suele ser la f\u00f3rmula m\u00e1s vers\u00e1til. Permite hacer una ceremonia con buena luz, aprovechar el atardecer, alargar el c\u00f3ctel y llegar a la cena y a la fiesta con una progresi\u00f3n muy natural.<br> <\/p><p data-start=\"1473\" data-end=\"1690\">Por eso, a menudo es el formato que mejor combina ambiente, ritmo y comodidad. No empieza tan pronto como una boda de d\u00eda, pero tampoco concentra toda la experiencia en pocas horas, como puede pasar en algunas bodas de noche.<br> <\/p><p data-start=\"1692\" data-end=\"1973\">A nivel pr\u00e1ctico, aqu\u00ed es especialmente importante ajustar bien los tiempos. Si la ceremonia empieza demasiado tarde, todo puede acabar desplaz\u00e1ndose. En cambio, si el timing est\u00e1 bien pensado, es un formato que permite aprovechar momentos muy distintos del d\u00eda sin que la celebraci\u00f3n se haga pesada.<br>  <\/p>\t\t\t\t\t\t\t\t<\/div>\n\t\t\t\t<\/div>\n\t\t\t\t<div class=\"elementor-element elementor-element-44bc223 elementor-widget elementor-widget-image\" data-id=\"44bc223\" data-element_type=\"widget\" data-e-type=\"widget\" data-widget_type=\"image.default\">\n\t\t\t\t<div class=\"elementor-widget-container\">\n\t\t\t\t\t\t\t\t\t\t\t\t\t\t\t<img decoding=\"async\" width=\"1024\" height=\"683\" src=\"https:\/\/dosterraswinegarden.com\/wp-content\/uploads\/2026\/04\/EstudiTardet_DWG50-1024x683.jpg\" class=\"attachment-large size-large wp-image-20496\" alt=\"\" srcset=\"https:\/\/dosterraswinegarden.com\/wp-content\/uploads\/2026\/04\/EstudiTardet_DWG50-1024x683.jpg 1024w, https:\/\/dosterraswinegarden.com\/wp-content\/uploads\/2026\/04\/EstudiTardet_DWG50-300x200.jpg 300w, https:\/\/dosterraswinegarden.com\/wp-content\/uploads\/2026\/04\/EstudiTardet_DWG50-768x512.jpg 768w, https:\/\/dosterraswinegarden.com\/wp-content\/uploads\/2026\/04\/EstudiTardet_DWG50-1536x1024.jpg 1536w, https:\/\/dosterraswinegarden.com\/wp-content\/uploads\/2026\/04\/EstudiTardet_DWG50-2048x1365.jpg 2048w\" sizes=\"(max-width: 1024px) 100vw, 1024px\" \/>\t\t\t\t\t\t\t\t\t\t\t\t\t\t\t<\/div>\n\t\t\t\t<\/div>\n\t\t\t\t\t<\/div>\n\t\t<\/div>\n\t\t\t\t\t<\/div>\n\t\t<\/section>\n\t\t\t\t<section class=\"elementor-section elementor-top-section elementor-element elementor-element-4244f95 elementor-section-boxed elementor-section-height-default elementor-section-height-default qodef-elementor-content-no\" data-id=\"4244f95\" data-element_type=\"section\" data-e-type=\"section\">\n\t\t\t\t\t\t<div class=\"elementor-container elementor-column-gap-default\">\n\t\t\t\t\t<div class=\"elementor-column elementor-col-100 elementor-top-column elementor-element elementor-element-9c27ad7\" data-id=\"9c27ad7\" data-element_type=\"column\" data-e-type=\"column\">\n\t\t\t<div class=\"elementor-widget-wrap elementor-element-populated\">\n\t\t\t\t\t\t<div class=\"elementor-element elementor-element-e4f1bd1 elementor-widget elementor-widget-heading\" data-id=\"e4f1bd1\" data-element_type=\"widget\" data-e-type=\"widget\" data-widget_type=\"heading.default\">\n\t\t\t\t<div class=\"elementor-widget-container\">\n\t\t\t\t\t<h3 class=\"elementor-heading-title elementor-size-default\">3. Boda de noche: m\u00e1s atm\u00f3sfera, pero tambi\u00e9n m\u00e1s planificaci\u00f3n<br><\/h3>\t\t\t\t<\/div>\n\t\t\t\t<\/div>\n\t\t\t\t<div class=\"elementor-element elementor-element-6e1be24 elementor-widget elementor-widget-text-editor\" data-id=\"6e1be24\" data-element_type=\"widget\" data-e-type=\"widget\" data-widget_type=\"text-editor.default\">\n\t\t\t\t<div class=\"elementor-widget-container\">\n\t\t\t\t\t\t\t\t\t<p data-start=\"2035\" data-end=\"2230\">Las bodas de noche tienen un punto m\u00e1s \u00edntimo y m\u00e1s festivo. La iluminaci\u00f3n, el ambiente y la m\u00fasica tienen mucho m\u00e1s peso, y eso hace que la experiencia sea diferente desde el principio.<br> <\/p><p data-start=\"2232\" data-end=\"2608\">Ahora bien, para que una boda de noche funcione bien, hay que planificar algunos aspectos con m\u00e1s detalle. Por ejemplo, conviene revisar qu\u00e9 iluminaci\u00f3n ofrece el espacio y valorar si es suficiente para la ceremonia, la cena o determinadas zonas de paso. Si hace falta reforzarla, es mejor hablarlo con tiempo y ver si lo asume el propio espacio o si hay que coordinarlo con alg\u00fan proveedor externo.<br>  <\/p><p data-start=\"2610\" data-end=\"2859\">Tambi\u00e9n es importante pensar en la comodidad de los invitados, sobre todo si hay espacios exteriores, cambios de temperatura o zonas con menos visibilidad. De noche, la atm\u00f3sfera puede ser muy especial, pero para que todo fluya bien hay que tener m\u00e1s cosas controladas. <\/p>\t\t\t\t\t\t\t\t<\/div>\n\t\t\t\t<\/div>\n\t\t\t\t<div class=\"elementor-element elementor-element-64a249a elementor-widget elementor-widget-image\" data-id=\"64a249a\" data-element_type=\"widget\" data-e-type=\"widget\" data-widget_type=\"image.default\">\n\t\t\t\t<div class=\"elementor-widget-container\">\n\t\t\t\t\t\t\t\t\t\t\t\t\t\t\t<img decoding=\"async\" width=\"1024\" height=\"683\" src=\"https:\/\/dosterraswinegarden.com\/wp-content\/uploads\/2026\/04\/EstudiTardet_DWG89-1024x683.jpg\" class=\"attachment-large size-large wp-image-20497\" alt=\"\" srcset=\"https:\/\/dosterraswinegarden.com\/wp-content\/uploads\/2026\/04\/EstudiTardet_DWG89-1024x683.jpg 1024w, https:\/\/dosterraswinegarden.com\/wp-content\/uploads\/2026\/04\/EstudiTardet_DWG89-300x200.jpg 300w, https:\/\/dosterraswinegarden.com\/wp-content\/uploads\/2026\/04\/EstudiTardet_DWG89-768x512.jpg 768w, https:\/\/dosterraswinegarden.com\/wp-content\/uploads\/2026\/04\/EstudiTardet_DWG89-1536x1024.jpg 1536w, https:\/\/dosterraswinegarden.com\/wp-content\/uploads\/2026\/04\/EstudiTardet_DWG89-2048x1365.jpg 2048w\" sizes=\"(max-width: 1024px) 100vw, 1024px\" \/>\t\t\t\t\t\t\t\t\t\t\t\t\t\t\t<\/div>\n\t\t\t\t<\/div>\n\t\t\t\t\t<\/div>\n\t\t<\/div>\n\t\t\t\t\t<\/div>\n\t\t<\/section>\n\t\t\t\t<section class=\"elementor-section elementor-top-section elementor-element elementor-element-fb6162c elementor-section-boxed elementor-section-height-default elementor-section-height-default qodef-elementor-content-no\" data-id=\"fb6162c\" data-element_type=\"section\" data-e-type=\"section\">\n\t\t\t\t\t\t<div class=\"elementor-container elementor-column-gap-default\">\n\t\t\t\t\t<div class=\"elementor-column elementor-col-100 elementor-top-column elementor-element elementor-element-291c041\" data-id=\"291c041\" data-element_type=\"column\" data-e-type=\"column\">\n\t\t\t<div class=\"elementor-widget-wrap elementor-element-populated\">\n\t\t\t\t\t\t<div class=\"elementor-element elementor-element-fe767fa elementor-widget elementor-widget-heading\" data-id=\"fe767fa\" data-element_type=\"widget\" data-e-type=\"widget\" data-widget_type=\"heading.default\">\n\t\t\t\t<div class=\"elementor-widget-container\">\n\t\t\t\t\t<h3 class=\"elementor-heading-title elementor-size-default\">4. C\u00f3mo saber qu\u00e9 horario encaja mejor con vuestra boda<\/h3>\t\t\t\t<\/div>\n\t\t\t\t<\/div>\n\t\t\t\t<div class=\"elementor-element elementor-element-c6b8e41 elementor-widget elementor-widget-text-editor\" data-id=\"c6b8e41\" data-element_type=\"widget\" data-e-type=\"widget\" data-widget_type=\"text-editor.default\">\n\t\t\t\t<div class=\"elementor-widget-container\">\n\t\t\t\t\t\t\t\t\t<p data-start=\"95\" data-end=\"233\">No hay una opci\u00f3n que sea mejor que otra. Lo m\u00e1s importante es entender qu\u00e9 tipo de celebraci\u00f3n quer\u00e9is y qu\u00e9 ritmo os imagin\u00e1is para ese d\u00eda.<br> <\/p><p data-start=\"235\" data-end=\"567\">Si os atrae una boda larga, relajada y con mucho peso del paisaje y de la comida, probablemente os encajar\u00e1 m\u00e1s una boda de d\u00eda. Si busc\u00e1is equilibrio entre ceremonia, c\u00f3ctel, cena y fiesta, la tarde suele funcionar muy bien. En cambio, si os imagin\u00e1is una celebraci\u00f3n en la que el ambiente, la iluminaci\u00f3n y la fiesta tengan m\u00e1s protagonismo, la noche puede tener m\u00e1s sentido.<br>  <\/p><p data-start=\"569\" data-end=\"862\">Tambi\u00e9n conviene pensar en c\u00f3mo responde el espacio en cada momento del d\u00eda. La luz, la temperatura, el ambiente y la manera en que se har\u00e1n servir los exteriores pueden cambiar mucho seg\u00fan la hora. Por eso, cuando visit\u00e9is un espacio, es \u00fatil preguntar qu\u00e9 momentos se aprovechan mejor y qu\u00e9 formato encaja m\u00e1s.<br>  <\/p>\t\t\t\t\t\t\t\t<\/div>\n\t\t\t\t<\/div>\n\t\t\t\t\t<\/div>\n\t\t<\/div>\n\t\t\t\t\t<\/div>\n\t\t<\/section>\n\t\t\t\t<section class=\"elementor-section elementor-top-section elementor-element elementor-element-6ee4ea4 elementor-section-boxed elementor-section-height-default elementor-section-height-default qodef-elementor-content-no\" data-id=\"6ee4ea4\" data-element_type=\"section\" data-e-type=\"section\">\n\t\t\t\t\t\t<div class=\"elementor-container elementor-column-gap-default\">\n\t\t\t\t\t<div class=\"elementor-column elementor-col-100 elementor-top-column elementor-element elementor-element-70a8005\" data-id=\"70a8005\" data-element_type=\"column\" data-e-type=\"column\">\n\t\t\t<div class=\"elementor-widget-wrap elementor-element-populated\">\n\t\t\t\t\t\t<div class=\"elementor-element elementor-element-12bddc2 elementor-widget elementor-widget-text-editor\" data-id=\"12bddc2\" data-element_type=\"widget\" data-e-type=\"widget\" data-widget_type=\"text-editor.default\">\n\t\t\t\t<div class=\"elementor-widget-container\">\n\t\t\t\t\t\t\t\t\t<p data-start=\"91\" data-end=\"226\">Si est\u00e1is pensando en organizar vuestra boda y ten\u00e9is dudas sobre qu\u00e9 horario puede encajar mejor con el tipo de celebraci\u00f3n que quer\u00e9is hacer, <strong><a href=\"http:\/\/dosterraswinegarden.com\/contacto\">contactad con nosotros<\/a><\/strong>. Os ayudaremos a valorar qu\u00e9 formato tiene m\u00e1s sentido seg\u00fan el espacio, el ritmo del d\u00eda y la experiencia que busc\u00e1is. <\/p>\t\t\t\t\t\t\t\t<\/div>\n\t\t\t\t<\/div>\n\t\t\t\t\t<\/div>\n\t\t<\/div>\n\t\t\t\t\t<\/div>\n\t\t<\/section>\n\t\t\t\t<\/div>\n\t\t","protected":false},"excerpt":{"rendered":"<p>Elegir si quer\u00e9is una boda de d\u00eda, de tarde o de noche no es solo una cuesti\u00f3n de horario. Cada formato cambia el ritmo de la celebraci\u00f3n, el tipo de [&hellip;]<\/p>\n","protected":false},"author":3,"featured_media":20059,"comment_status":"closed","ping_status":"closed","sticky":false,"template":"","format":"standard","meta":{"_themeisle_gutenberg_block_has_review":false,"_joinchat":[],"footnotes":""},"categories":[136],"tags":[],"class_list":["post-20498","post","type-post","status-publish","format-standard","has-post-thumbnail","hentry","category-bodas"],"yoast_head":"<!-- This site is optimized with the Yoast SEO plugin v27.5 - https:\/\/yoast.com\/product\/yoast-seo-wordpress\/ -->\n<title>Boda de d\u00eda, tarde o noche: qu\u00e9 tener en cuenta | Dosterras Wine Garden<\/title>\n<meta name=\"description\" content=\"Boda de d\u00eda, tarde o noche? Te explicamos qu\u00e9 cambia en cada formato y qu\u00e9 hay que tener en cuenta antes de decidir.\" \/>\n<meta name=\"robots\" content=\"index, follow, max-snippet:-1, max-image-preview:large, max-video-preview:-1\" \/>\n<link rel=\"canonical\" href=\"https:\/\/dosterraswinegarden.com\/es\/news\/boda-de-dia-tarde-o-noche-que-tener-en-cuenta\/\" \/>\n<meta property=\"og:locale\" content=\"es_ES\" \/>\n<meta property=\"og:type\" content=\"article\" \/>\n<meta property=\"og:title\" content=\"Boda de d\u00eda, tarde o noche: qu\u00e9 tener en cuenta | Dosterras Wine Garden\" \/>\n<meta property=\"og:description\" content=\"Boda de d\u00eda, tarde o noche? Te explicamos qu\u00e9 cambia en cada formato y qu\u00e9 hay que tener en cuenta antes de decidir.\" \/>\n<meta property=\"og:url\" content=\"https:\/\/dosterraswinegarden.com\/es\/news\/boda-de-dia-tarde-o-noche-que-tener-en-cuenta\/\" \/>\n<meta property=\"og:site_name\" content=\"Dosterras Wine Garden\" \/>\n<meta property=\"article:published_time\" content=\"2026-03-10T14:58:39+00:00\" \/>\n<meta property=\"article:modified_time\" content=\"2026-04-13T16:21:16+00:00\" \/>\n<meta property=\"og:image\" content=\"https:\/\/dosterraswinegarden.com\/wp-content\/uploads\/2025\/10\/DSC0054-scaled.jpg\" \/>\n\t<meta property=\"og:image:width\" content=\"2560\" \/>\n\t<meta property=\"og:image:height\" content=\"1707\" \/>\n\t<meta property=\"og:image:type\" content=\"image\/jpeg\" \/>\n<meta name=\"author\" content=\"Cl\u00e0udia Grosche\" \/>\n<meta name=\"twitter:card\" content=\"summary_large_image\" \/>\n<meta name=\"twitter:label1\" content=\"Escrito por\" \/>\n\t<meta name=\"twitter:data1\" content=\"Cl\u00e0udia Grosche\" \/>\n\t<meta name=\"twitter:label2\" content=\"Tiempo de lectura\" \/>\n\t<meta name=\"twitter:data2\" content=\"4 minutos\" \/>\n<script type=\"application\/ld+json\" class=\"yoast-schema-graph\">{\"@context\":\"https:\\\/\\\/schema.org\",\"@graph\":[{\"@type\":\"Article\",\"@id\":\"https:\\\/\\\/dosterraswinegarden.com\\\/es\\\/news\\\/boda-de-dia-tarde-o-noche-que-tener-en-cuenta\\\/#article\",\"isPartOf\":{\"@id\":\"https:\\\/\\\/dosterraswinegarden.com\\\/es\\\/news\\\/boda-de-dia-tarde-o-noche-que-tener-en-cuenta\\\/\"},\"author\":{\"name\":\"Cl\u00e0udia Grosche\",\"@id\":\"https:\\\/\\\/dosterraswinegarden.com\\\/#\\\/schema\\\/person\\\/9b0db6716433cba1467004352bb5d610\"},\"headline\":\"Boda de d\u00eda, tarde o noche: qu\u00e9 tener en cuenta\",\"datePublished\":\"2026-03-10T14:58:39+00:00\",\"dateModified\":\"2026-04-13T16:21:16+00:00\",\"mainEntityOfPage\":{\"@id\":\"https:\\\/\\\/dosterraswinegarden.com\\\/es\\\/news\\\/boda-de-dia-tarde-o-noche-que-tener-en-cuenta\\\/\"},\"wordCount\":811,\"image\":{\"@id\":\"https:\\\/\\\/dosterraswinegarden.com\\\/es\\\/news\\\/boda-de-dia-tarde-o-noche-que-tener-en-cuenta\\\/#primaryimage\"},\"thumbnailUrl\":\"https:\\\/\\\/dosterraswinegarden.com\\\/wp-content\\\/uploads\\\/2025\\\/10\\\/DSC0054-scaled.jpg\",\"articleSection\":[\"Bodas\"],\"inLanguage\":\"es\"},{\"@type\":\"WebPage\",\"@id\":\"https:\\\/\\\/dosterraswinegarden.com\\\/es\\\/news\\\/boda-de-dia-tarde-o-noche-que-tener-en-cuenta\\\/\",\"url\":\"https:\\\/\\\/dosterraswinegarden.com\\\/es\\\/news\\\/boda-de-dia-tarde-o-noche-que-tener-en-cuenta\\\/\",\"name\":\"Boda de d\u00eda, tarde o noche: qu\u00e9 tener en cuenta | Dosterras Wine Garden\",\"isPartOf\":{\"@id\":\"https:\\\/\\\/dosterraswinegarden.com\\\/#website\"},\"primaryImageOfPage\":{\"@id\":\"https:\\\/\\\/dosterraswinegarden.com\\\/es\\\/news\\\/boda-de-dia-tarde-o-noche-que-tener-en-cuenta\\\/#primaryimage\"},\"image\":{\"@id\":\"https:\\\/\\\/dosterraswinegarden.com\\\/es\\\/news\\\/boda-de-dia-tarde-o-noche-que-tener-en-cuenta\\\/#primaryimage\"},\"thumbnailUrl\":\"https:\\\/\\\/dosterraswinegarden.com\\\/wp-content\\\/uploads\\\/2025\\\/10\\\/DSC0054-scaled.jpg\",\"datePublished\":\"2026-03-10T14:58:39+00:00\",\"dateModified\":\"2026-04-13T16:21:16+00:00\",\"author\":{\"@id\":\"https:\\\/\\\/dosterraswinegarden.com\\\/#\\\/schema\\\/person\\\/9b0db6716433cba1467004352bb5d610\"},\"description\":\"Boda de d\u00eda, tarde o noche? Te explicamos qu\u00e9 cambia en cada formato y qu\u00e9 hay que tener en cuenta antes de decidir.\",\"breadcrumb\":{\"@id\":\"https:\\\/\\\/dosterraswinegarden.com\\\/es\\\/news\\\/boda-de-dia-tarde-o-noche-que-tener-en-cuenta\\\/#breadcrumb\"},\"inLanguage\":\"es\",\"potentialAction\":[{\"@type\":\"ReadAction\",\"target\":[\"https:\\\/\\\/dosterraswinegarden.com\\\/es\\\/news\\\/boda-de-dia-tarde-o-noche-que-tener-en-cuenta\\\/\"]}]},{\"@type\":\"ImageObject\",\"inLanguage\":\"es\",\"@id\":\"https:\\\/\\\/dosterraswinegarden.com\\\/es\\\/news\\\/boda-de-dia-tarde-o-noche-que-tener-en-cuenta\\\/#primaryimage\",\"url\":\"https:\\\/\\\/dosterraswinegarden.com\\\/wp-content\\\/uploads\\\/2025\\\/10\\\/DSC0054-scaled.jpg\",\"contentUrl\":\"https:\\\/\\\/dosterraswinegarden.com\\\/wp-content\\\/uploads\\\/2025\\\/10\\\/DSC0054-scaled.jpg\",\"width\":2560,\"height\":1707},{\"@type\":\"BreadcrumbList\",\"@id\":\"https:\\\/\\\/dosterraswinegarden.com\\\/es\\\/news\\\/boda-de-dia-tarde-o-noche-que-tener-en-cuenta\\\/#breadcrumb\",\"itemListElement\":[{\"@type\":\"ListItem\",\"position\":1,\"name\":\"Inici\",\"item\":\"https:\\\/\\\/dosterraswinegarden.com\\\/es\\\/\"},{\"@type\":\"ListItem\",\"position\":2,\"name\":\"Boda de d\u00eda, tarde o noche: qu\u00e9 tener en cuenta\"}]},{\"@type\":\"WebSite\",\"@id\":\"https:\\\/\\\/dosterraswinegarden.com\\\/#website\",\"url\":\"https:\\\/\\\/dosterraswinegarden.com\\\/\",\"name\":\"Dosterras Wine Garden\",\"description\":\"Bodes, events i vins al Priorat\",\"potentialAction\":[{\"@type\":\"SearchAction\",\"target\":{\"@type\":\"EntryPoint\",\"urlTemplate\":\"https:\\\/\\\/dosterraswinegarden.com\\\/?s={search_term_string}\"},\"query-input\":{\"@type\":\"PropertyValueSpecification\",\"valueRequired\":true,\"valueName\":\"search_term_string\"}}],\"inLanguage\":\"es\"},{\"@type\":\"Person\",\"@id\":\"https:\\\/\\\/dosterraswinegarden.com\\\/#\\\/schema\\\/person\\\/9b0db6716433cba1467004352bb5d610\",\"name\":\"Cl\u00e0udia Grosche\",\"image\":{\"@type\":\"ImageObject\",\"inLanguage\":\"es\",\"@id\":\"https:\\\/\\\/secure.gravatar.com\\\/avatar\\\/36f488403653d8cfee612053ff51945be7e4de4d9a63f92a4a400e47456c2217?s=96&d=blank&r=g\",\"url\":\"https:\\\/\\\/secure.gravatar.com\\\/avatar\\\/36f488403653d8cfee612053ff51945be7e4de4d9a63f92a4a400e47456c2217?s=96&d=blank&r=g\",\"contentUrl\":\"https:\\\/\\\/secure.gravatar.com\\\/avatar\\\/36f488403653d8cfee612053ff51945be7e4de4d9a63f92a4a400e47456c2217?s=96&d=blank&r=g\",\"caption\":\"Cl\u00e0udia Grosche\"},\"url\":\"https:\\\/\\\/dosterraswinegarden.com\\\/es\\\/news\\\/author\\\/claudiagrosche\\\/\"}]}<\/script>\n<!-- \/ Yoast SEO plugin. -->","yoast_head_json":{"title":"Boda de d\u00eda, tarde o noche: qu\u00e9 tener en cuenta | Dosterras Wine Garden","description":"Boda de d\u00eda, tarde o noche? Te explicamos qu\u00e9 cambia en cada formato y qu\u00e9 hay que tener en cuenta antes de decidir.","robots":{"index":"index","follow":"follow","max-snippet":"max-snippet:-1","max-image-preview":"max-image-preview:large","max-video-preview":"max-video-preview:-1"},"canonical":"https:\/\/dosterraswinegarden.com\/es\/news\/boda-de-dia-tarde-o-noche-que-tener-en-cuenta\/","og_locale":"es_ES","og_type":"article","og_title":"Boda de d\u00eda, tarde o noche: qu\u00e9 tener en cuenta | Dosterras Wine Garden","og_description":"Boda de d\u00eda, tarde o noche? Te explicamos qu\u00e9 cambia en cada formato y qu\u00e9 hay que tener en cuenta antes de decidir.","og_url":"https:\/\/dosterraswinegarden.com\/es\/news\/boda-de-dia-tarde-o-noche-que-tener-en-cuenta\/","og_site_name":"Dosterras Wine Garden","article_published_time":"2026-03-10T14:58:39+00:00","article_modified_time":"2026-04-13T16:21:16+00:00","og_image":[{"width":2560,"height":1707,"url":"https:\/\/dosterraswinegarden.com\/wp-content\/uploads\/2025\/10\/DSC0054-scaled.jpg","type":"image\/jpeg"}],"author":"Cl\u00e0udia Grosche","twitter_card":"summary_large_image","twitter_misc":{"Escrito por":"Cl\u00e0udia Grosche","Tiempo de lectura":"4 minutos"},"schema":{"@context":"https:\/\/schema.org","@graph":[{"@type":"Article","@id":"https:\/\/dosterraswinegarden.com\/es\/news\/boda-de-dia-tarde-o-noche-que-tener-en-cuenta\/#article","isPartOf":{"@id":"https:\/\/dosterraswinegarden.com\/es\/news\/boda-de-dia-tarde-o-noche-que-tener-en-cuenta\/"},"author":{"name":"Cl\u00e0udia Grosche","@id":"https:\/\/dosterraswinegarden.com\/#\/schema\/person\/9b0db6716433cba1467004352bb5d610"},"headline":"Boda de d\u00eda, tarde o noche: qu\u00e9 tener en cuenta","datePublished":"2026-03-10T14:58:39+00:00","dateModified":"2026-04-13T16:21:16+00:00","mainEntityOfPage":{"@id":"https:\/\/dosterraswinegarden.com\/es\/news\/boda-de-dia-tarde-o-noche-que-tener-en-cuenta\/"},"wordCount":811,"image":{"@id":"https:\/\/dosterraswinegarden.com\/es\/news\/boda-de-dia-tarde-o-noche-que-tener-en-cuenta\/#primaryimage"},"thumbnailUrl":"https:\/\/dosterraswinegarden.com\/wp-content\/uploads\/2025\/10\/DSC0054-scaled.jpg","articleSection":["Bodas"],"inLanguage":"es"},{"@type":"WebPage","@id":"https:\/\/dosterraswinegarden.com\/es\/news\/boda-de-dia-tarde-o-noche-que-tener-en-cuenta\/","url":"https:\/\/dosterraswinegarden.com\/es\/news\/boda-de-dia-tarde-o-noche-que-tener-en-cuenta\/","name":"Boda de d\u00eda, tarde o noche: qu\u00e9 tener en cuenta | Dosterras Wine Garden","isPartOf":{"@id":"https:\/\/dosterraswinegarden.com\/#website"},"primaryImageOfPage":{"@id":"https:\/\/dosterraswinegarden.com\/es\/news\/boda-de-dia-tarde-o-noche-que-tener-en-cuenta\/#primaryimage"},"image":{"@id":"https:\/\/dosterraswinegarden.com\/es\/news\/boda-de-dia-tarde-o-noche-que-tener-en-cuenta\/#primaryimage"},"thumbnailUrl":"https:\/\/dosterraswinegarden.com\/wp-content\/uploads\/2025\/10\/DSC0054-scaled.jpg","datePublished":"2026-03-10T14:58:39+00:00","dateModified":"2026-04-13T16:21:16+00:00","author":{"@id":"https:\/\/dosterraswinegarden.com\/#\/schema\/person\/9b0db6716433cba1467004352bb5d610"},"description":"Boda de d\u00eda, tarde o noche? Te explicamos qu\u00e9 cambia en cada formato y qu\u00e9 hay que tener en cuenta antes de decidir.","breadcrumb":{"@id":"https:\/\/dosterraswinegarden.com\/es\/news\/boda-de-dia-tarde-o-noche-que-tener-en-cuenta\/#breadcrumb"},"inLanguage":"es","potentialAction":[{"@type":"ReadAction","target":["https:\/\/dosterraswinegarden.com\/es\/news\/boda-de-dia-tarde-o-noche-que-tener-en-cuenta\/"]}]},{"@type":"ImageObject","inLanguage":"es","@id":"https:\/\/dosterraswinegarden.com\/es\/news\/boda-de-dia-tarde-o-noche-que-tener-en-cuenta\/#primaryimage","url":"https:\/\/dosterraswinegarden.com\/wp-content\/uploads\/2025\/10\/DSC0054-scaled.jpg","contentUrl":"https:\/\/dosterraswinegarden.com\/wp-content\/uploads\/2025\/10\/DSC0054-scaled.jpg","width":2560,"height":1707},{"@type":"BreadcrumbList","@id":"https:\/\/dosterraswinegarden.com\/es\/news\/boda-de-dia-tarde-o-noche-que-tener-en-cuenta\/#breadcrumb","itemListElement":[{"@type":"ListItem","position":1,"name":"Inici","item":"https:\/\/dosterraswinegarden.com\/es\/"},{"@type":"ListItem","position":2,"name":"Boda de d\u00eda, tarde o noche: qu\u00e9 tener en cuenta"}]},{"@type":"WebSite","@id":"https:\/\/dosterraswinegarden.com\/#website","url":"https:\/\/dosterraswinegarden.com\/","name":"Dosterras Wine Garden","description":"Bodes, events i vins al Priorat","potentialAction":[{"@type":"SearchAction","target":{"@type":"EntryPoint","urlTemplate":"https:\/\/dosterraswinegarden.com\/?s={search_term_string}"},"query-input":{"@type":"PropertyValueSpecification","valueRequired":true,"valueName":"search_term_string"}}],"inLanguage":"es"},{"@type":"Person","@id":"https:\/\/dosterraswinegarden.com\/#\/schema\/person\/9b0db6716433cba1467004352bb5d610","name":"Cl\u00e0udia Grosche","image":{"@type":"ImageObject","inLanguage":"es","@id":"https:\/\/secure.gravatar.com\/avatar\/36f488403653d8cfee612053ff51945be7e4de4d9a63f92a4a400e47456c2217?s=96&d=blank&r=g","url":"https:\/\/secure.gravatar.com\/avatar\/36f488403653d8cfee612053ff51945be7e4de4d9a63f92a4a400e47456c2217?s=96&d=blank&r=g","contentUrl":"https:\/\/secure.gravatar.com\/avatar\/36f488403653d8cfee612053ff51945be7e4de4d9a63f92a4a400e47456c2217?s=96&d=blank&r=g","caption":"Cl\u00e0udia Grosche"},"url":"https:\/\/dosterraswinegarden.com\/es\/news\/author\/claudiagrosche\/"}]}},"_links":{"self":[{"href":"https:\/\/dosterraswinegarden.com\/es\/wp-json\/wp\/v2\/posts\/20498","targetHints":{"allow":["GET"]}}],"collection":[{"href":"https:\/\/dosterraswinegarden.com\/es\/wp-json\/wp\/v2\/posts"}],"about":[{"href":"https:\/\/dosterraswinegarden.com\/es\/wp-json\/wp\/v2\/types\/post"}],"author":[{"embeddable":true,"href":"https:\/\/dosterraswinegarden.com\/es\/wp-json\/wp\/v2\/users\/3"}],"replies":[{"embeddable":true,"href":"https:\/\/dosterraswinegarden.com\/es\/wp-json\/wp\/v2\/comments?post=20498"}],"version-history":[{"count":1,"href":"https:\/\/dosterraswinegarden.com\/es\/wp-json\/wp\/v2\/posts\/20498\/revisions"}],"predecessor-version":[{"id":20499,"href":"https:\/\/dosterraswinegarden.com\/es\/wp-json\/wp\/v2\/posts\/20498\/revisions\/20499"}],"wp:featuredmedia":[{"embeddable":true,"href":"https:\/\/dosterraswinegarden.com\/es\/wp-json\/wp\/v2\/media\/20059"}],"wp:attachment":[{"href":"https:\/\/dosterraswinegarden.com\/es\/wp-json\/wp\/v2\/media?parent=20498"}],"wp:term":[{"taxonomy":"category","embeddable":true,"href":"https:\/\/dosterraswinegarden.com\/es\/wp-json\/wp\/v2\/categories?post=20498"},{"taxonomy":"post_tag","embeddable":true,"href":"https:\/\/dosterraswinegarden.com\/es\/wp-json\/wp\/v2\/tags?post=20498"}],"curies":[{"name":"wp","href":"https:\/\/api.w.org\/{rel}","templated":true}]}}